{"id":3223,"date":"2026-02-15T08:08:02","date_gmt":"2026-02-15T07:08:02","guid":{"rendered":"https:\/\/www.locansol.fr\/guinguette-hivernale-les-angles-2\/"},"modified":"2026-02-15T12:06:18","modified_gmt":"2026-02-15T11:06:18","slug":"guinguette-hivernale-les-angles-2","status":"publish","type":"post","link":"https:\/\/www.locansol.fr\/en\/guinguette-hivernale-les-angles-2\/","title":{"rendered":"Les Angles &#8211; 15 f\u00e9vrier &#8211; La Guinguette Hivernale : artisanat et gourmandises en ambiance festive"},"content":{"rendered":"<p>Laissez-vous s\u00e9duire par la magie de l&rsquo;hiver en participant \u00e0 La Guinguette Hivernale, un \u00e9v\u00e9nement convivial et authentique, qui aura lieu le dimanche 15 f\u00e9vrier, de 15h \u00e0 19h, dans le charmant cadre des Angles. Situ\u00e9e au c\u0153ur des Pyr\u00e9n\u00e9es-Orientales, cette manifestation promet un apr\u00e8s-midi chaleureux sous le signe de la gastronomie, de l\u2019artisanat et de la musique festive.<\/p>\n<p>Dans le cadre unique du vieux ch\u00e2teau, vous pourrez fl\u00e2ner entre de nombreux chalets o\u00f9 des artisans et cr\u00e9ateurs locaux exposeront fi\u00e8rement leurs \u0153uvres et produits. Que vous soyez \u00e0 la recherche d\u2019un cadeau original, d\u2019une cr\u00e9ation artisanale ou d\u2019une gourmandise locale, vous trouverez de quoi ravir vos pupilles et vos papilles.<\/p>\n<p>Les plus gourmands appr\u00e9cieront une pause sucr\u00e9e ou un go\u00fbter pour d\u00e9guster des sp\u00e9cialit\u00e9s locales dans une atmosph\u00e8re conviviale. Mais ce n\u2019est pas tout : d\u00e8s 17h15, l\u2019animation musicale battra son plein gr\u00e2ce \u00e0 la fanfare La Frontale. Ce groupe saura vous transporter dans une ambiance festive et joyeuse avec des morceaux dynamiques qui invitent \u00e0 l\u2019amusement et \u00e0 la danse. \u00c0 17h30, ne manquez pas le pot d\u2019accueil : vin chaud et chocolat seront offerts pour r\u00e9chauffer petits et grands et prolonger ce moment unique.<\/p>\n<p>Organis\u00e9e dans un cadre authentique, La Guinguette Hivernale est une v\u00e9ritable bulle d&rsquo;\u00e9vasion qui vous invite \u00e0 d\u00e9couvrir un village-station familial tout en profitant de l\u2019hiver et de la nature environnante. C\u2019est une occasion parfaite pour se retrouver en famille ou entre amis, dans une ambiance o\u00f9 tradition, gourmandise et convivialit\u00e9 se m\u00ealent harmonieusement.<\/p>\n<p>Alors, pourquoi ne pas saisir cette opportunit\u00e9 de red\u00e9couvrir la montagne et ses charmes sous un angle festif et accueillant ? Rendez-vous le 15 f\u00e9vrier \u00e0 Les Angles pour une apr\u00e8s-midi m\u00e9morable.<\/p>\n<h3>Practical information<\/h3>\n<p>\ud83d\udcc5 QUAND ? Dimanche 15 f\u00e9vrier de 15:00 \u00e0 19:00<br \/>\ud83d\udccd O\u00d9 ? Les Angles, cours du vieux ch\u00e2teau<br \/>\ud83d\udcb6 COMBIEN ? Entr\u00e9e gratuite<\/p>","protected":false},"excerpt":{"rendered":"<p>Profitez de La Guinguette Hivernale aux Angles le 15 f\u00e9vrier : artisanat, gourmandises et fanfare dans une ambiance festive et conviviale.<\/p>","protected":false},"author":5,"featured_media":3222,"comment_status":"closed","ping_status":"open","sticky":false,"template":"","format":"standard","meta":{"_yoast_wpseo_focuskw":"La Guinguette Hivernale Les Angles","_yoast_wpseo_title":"La Guinguette Hivernale Les Angles : artisanat et gourmandises","_yoast_wpseo_metadesc":"La Guingue\u0435\u0442te Hivernale Les Angles dans les Pyr\u00e9n\u00e9es-Orientales: rendez-vous le 15 f\u00e9vrier pour un apr\u00e8s-midi convivial avec artisans, sp\u00e9cialit\u00e9s locales et musique festive en plein c\u0153ur du vieux ch\u00e2teau.","_yoast_wpseo_canonical":"","_yoast_wpseo_opengraph-title":"Magie hivernale : rendez-vous \u00e0 La Guinguette Hivernale aux Angles \u2014 tradition et convivialit\u00e9","_yoast_wpseo_opengraph-description":"Plongez dans une ambiance festive aux Angles avec artisans cr\u00e9ateurs, saveurs locales et fanfare au c\u0153ur du ch\u00e2teau. Gratuit et accueillant, un moment inoubliable.","_yoast_wpseo_opengraph-image":"https:\/\/www.locansol.fr\/wp-content\/uploads\/2026\/02\/guinguette-hivernale-les-angles-1.webp","_yoast_wpseo_opengraph-image-id":"","_yoast_wpseo_twitter-title":"La Guinguette Hivernale : f\u00eate artisanale et gourmandise aux Angles","_yoast_wpseo_twitter-description":"15 f\u00e9vrier aux Angles: explorez les cr\u00e9ations d'artisans, d\u00e9gustez sp\u00e9cialit\u00e9s locales et dansez sur les rythmes de la fanfare. Gratuit et convivial!","_yoast_wpseo_twitter-image":"https:\/\/www.locansol.fr\/wp-content\/uploads\/2026\/02\/guinguette-hivernale-les-angles-1.webp","_yoast_wpseo_twitter-image-id":"","yoast_primary_category":"March\u00e9","footnotes":""},"categories":[29,50],"tags":[67,68,76],"class_list":["post-3223","post","type-post","status-publish","format-standard","has-post-thumbnail","hentry","category-agenda-pyrenees-orientales","category-marche","tag-loisirs","tag-manifestation-commerciale","tag-pyrenees-orientales"],"yoast_head":"<!-- This site is optimized with the Yoast SEO Premium plugin v23.3 (Yoast SEO v26.9) - https:\/\/yoast.com\/product\/yoast-seo-premium-wordpress\/ -->\n<title>La Guinguette Hivernale Les Angles : artisanat et gourmandises<\/title>\n<meta name=\"description\" content=\"La Guingue\u0435\u0442te Hivernale Les Angles dans les Pyr\u00e9n\u00e9es-Orientales: rendez-vous le 15 f\u00e9vrier pour un apr\u00e8s-midi convivial avec artisans, sp\u00e9cialit\u00e9s locales et musique festive en plein c\u0153ur du vieux ch\u00e2teau.\" \/>\n<meta name=\"robots\" content=\"index, follow, max-snippet:-1, max-image-preview:large, max-video-preview:-1\" \/>\n<link rel=\"canonical\" href=\"https:\/\/www.locansol.fr\/en\/guinguette-hivernale-les-angles-2\/\" \/>\n<meta property=\"og:locale\" content=\"en_GB\" \/>\n<meta property=\"og:type\" content=\"article\" \/>\n<meta property=\"og:title\" content=\"Magie hivernale : rendez-vous \u00e0 La Guinguette Hivernale aux Angles \u2014 tradition et convivialit\u00e9\" \/>\n<meta property=\"og:description\" content=\"Plongez dans une ambiance festive aux Angles avec artisans cr\u00e9ateurs, saveurs locales et fanfare au c\u0153ur du ch\u00e2teau. Gratuit et accueillant, un moment inoubliable.\" \/>\n<meta property=\"og:url\" content=\"https:\/\/www.locansol.fr\/en\/guinguette-hivernale-les-angles-2\/\" \/>\n<meta property=\"og:site_name\" content=\"Locansol, louer un h\u00e9bergement dans les Pyr\u00e9n\u00e9es Orientales\" \/>\n<meta property=\"article:published_time\" content=\"2026-02-15T07:08:02+00:00\" \/>\n<meta property=\"article:modified_time\" content=\"2026-02-15T11:06:18+00:00\" \/>\n<meta property=\"og:image\" content=\"https:\/\/www.locansol.fr\/wp-content\/uploads\/2026\/02\/guinguette-hivernale-les-angles-1.webp\" \/>\n<meta name=\"author\" content=\"H\u00e9bergements Locansol\" \/>\n<meta name=\"twitter:card\" content=\"summary_large_image\" \/>\n<meta name=\"twitter:title\" content=\"La Guinguette Hivernale : f\u00eate artisanale et gourmandise aux Angles\" \/>\n<meta name=\"twitter:description\" content=\"15 f\u00e9vrier aux Angles: explorez les cr\u00e9ations d&#039;artisans, d\u00e9gustez sp\u00e9cialit\u00e9s locales et dansez sur les rythmes de la fanfare. Gratuit et convivial!\" \/>\n<meta name=\"twitter:image\" content=\"https:\/\/www.locansol.fr\/wp-content\/uploads\/2026\/02\/guinguette-hivernale-les-angles-1.webp\" \/>\n<meta name=\"twitter:label1\" content=\"Written by\" \/>\n\t<meta name=\"twitter:data1\" content=\"H\u00e9bergements Locansol\" \/>\n\t<meta name=\"twitter:label2\" content=\"Estimated reading time\" \/>\n\t<meta name=\"twitter:data2\" content=\"2 minutes\" \/>\n<script type=\"application\/ld+json\" class=\"yoast-schema-graph\">{\"@context\":\"https:\/\/schema.org\",\"@graph\":[{\"@type\":\"Article\",\"@id\":\"https:\/\/www.locansol.fr\/guinguette-hivernale-les-angles-2\/#article\",\"isPartOf\":{\"@id\":\"https:\/\/www.locansol.fr\/guinguette-hivernale-les-angles-2\/\"},\"author\":{\"name\":\"H\u00e9bergements Locansol\",\"@id\":\"https:\/\/www.locansol.fr\/#\/schema\/person\/0b08d440f1ac44674c6d498107de351d\"},\"headline\":\"Les Angles &#8211; 15 f\u00e9vrier &#8211; La Guinguette Hivernale : artisanat et gourmandises en ambiance festive\",\"datePublished\":\"2026-02-15T07:08:02+00:00\",\"dateModified\":\"2026-02-15T11:06:18+00:00\",\"mainEntityOfPage\":{\"@id\":\"https:\/\/www.locansol.fr\/guinguette-hivernale-les-angles-2\/\"},\"wordCount\":346,\"publisher\":{\"@id\":\"https:\/\/www.locansol.fr\/#organization\"},\"image\":{\"@id\":\"https:\/\/www.locansol.fr\/guinguette-hivernale-les-angles-2\/#primaryimage\"},\"thumbnailUrl\":\"https:\/\/www.locansol.fr\/wp-content\/uploads\/2026\/02\/guinguette-hivernale-les-angles-1.webp\",\"keywords\":[\"Loisirs\",\"Manifestation commerciale\",\"Pyr\u00e9n\u00e9es-Orientales\"],\"articleSection\":[\"Agenda\",\"March\u00e9\"],\"inLanguage\":\"en-GB\"},{\"@type\":\"WebPage\",\"@id\":\"https:\/\/www.locansol.fr\/guinguette-hivernale-les-angles-2\/\",\"url\":\"https:\/\/www.locansol.fr\/guinguette-hivernale-les-angles-2\/\",\"name\":\"La Guinguette Hivernale Les Angles : artisanat et gourmandises\",\"isPartOf\":{\"@id\":\"https:\/\/www.locansol.fr\/#website\"},\"primaryImageOfPage\":{\"@id\":\"https:\/\/www.locansol.fr\/guinguette-hivernale-les-angles-2\/#primaryimage\"},\"image\":{\"@id\":\"https:\/\/www.locansol.fr\/guinguette-hivernale-les-angles-2\/#primaryimage\"},\"thumbnailUrl\":\"https:\/\/www.locansol.fr\/wp-content\/uploads\/2026\/02\/guinguette-hivernale-les-angles-1.webp\",\"datePublished\":\"2026-02-15T07:08:02+00:00\",\"dateModified\":\"2026-02-15T11:06:18+00:00\",\"description\":\"La Guingue\u0435\u0442te Hivernale Les Angles dans les Pyr\u00e9n\u00e9es-Orientales: rendez-vous le 15 f\u00e9vrier pour un apr\u00e8s-midi convivial avec artisans, sp\u00e9cialit\u00e9s locales et musique festive en plein c\u0153ur du vieux ch\u00e2teau.\",\"breadcrumb\":{\"@id\":\"https:\/\/www.locansol.fr\/guinguette-hivernale-les-angles-2\/#breadcrumb\"},\"inLanguage\":\"en-GB\",\"potentialAction\":[{\"@type\":\"ReadAction\",\"target\":[\"https:\/\/www.locansol.fr\/guinguette-hivernale-les-angles-2\/\"]}]},{\"@type\":\"ImageObject\",\"inLanguage\":\"en-GB\",\"@id\":\"https:\/\/www.locansol.fr\/guinguette-hivernale-les-angles-2\/#primaryimage\",\"url\":\"https:\/\/www.locansol.fr\/wp-content\/uploads\/2026\/02\/guinguette-hivernale-les-angles-1.webp\",\"contentUrl\":\"https:\/\/www.locansol.fr\/wp-content\/uploads\/2026\/02\/guinguette-hivernale-les-angles-1.webp\",\"width\":1357,\"height\":1920,\"caption\":\"La Guinguette Hivernale se tiendra le dimanche 15 f\u00e9vrier de 15h \u00e0 19h au cours du vieux ch\u00e2teau \u00e0 Les Angles, dans les Pyr\u00e9n\u00e9es-Orientales. Cet \u00e9v\u00e9nement gratuit propose une ambiance conviviale autour de chalets d\u00e9di\u00e9s aux cr\u00e9ateurs et artisans locaux, offrant une s\u00e9lection d\u2019objets uniques, de produits artisanaux et de petites sp\u00e9cialit\u00e9s culinaires. L\u2019apr\u00e8s-midi, une pause gourmande ou un go\u00fbter est l\u2019occasion de d\u00e9couvrir des cr\u00e9ations originales, tout en profitant du cadre typique d\u2019un village station. \u00c0 partir de 17h15, une animation musicale aura lieu, anim\u00e9e par la fanfare La Frontale, qui apportera une touche festive \u00e0 l\u2019apr\u00e8s-midi. Le groupe interpr\u00e9tera des morceaux en pleine forme, dans une ambiance chaleureuse et dynamique, id\u00e9ale pour se d\u00e9tendre ou partager un moment avec la famille. Le pot d\u2019accueil offert \u00e0 17h30, avec du vin chaud et du chocolat, compl\u00e8te l\u2019exp\u00e9rience. Organis\u00e9e dans un cadre authentique et en pleine nature, cette manifestation est une invitation \u00e0 profiter d\u2019un moment de d\u00e9tente hors des sentiers battus, au c\u0153ur d\u2019un hiver authentique et festif.\"},{\"@type\":\"BreadcrumbList\",\"@id\":\"https:\/\/www.locansol.fr\/guinguette-hivernale-les-angles-2\/#breadcrumb\",\"itemListElement\":[{\"@type\":\"ListItem\",\"position\":1,\"name\":\"Accueil\",\"item\":\"https:\/\/www.locansol.fr\/\"},{\"@type\":\"ListItem\",\"position\":2,\"name\":\"Les Angles &#8211; 15 f\u00e9vrier &#8211; La Guinguette Hivernale : artisanat et gourmandises en ambiance festive\"}]},{\"@type\":\"WebSite\",\"@id\":\"https:\/\/www.locansol.fr\/#website\",\"url\":\"https:\/\/www.locansol.fr\/\",\"name\":\"Locansol, louer un h\u00e9bergement dans les Pyr\u00e9n\u00e9es-Orientales\",\"description\":\"Location Mobil-home Mer M\u00e9diterran\u00e9e &amp; Chalet de Montagne dans les Pyr\u00e9n\u00e9es Orientales (Occitanie, 66). Weekend, s\u00e9jour &amp; vacances en famille et entre amis.\",\"publisher\":{\"@id\":\"https:\/\/www.locansol.fr\/#organization\"},\"alternateName\":\"Louer un h\u00e9bergement dans les Pyr\u00e9n\u00e9es Orientales, chalet & mobil-home en Occitanie\",\"potentialAction\":[{\"@type\":\"SearchAction\",\"target\":{\"@type\":\"EntryPoint\",\"urlTemplate\":\"https:\/\/www.locansol.fr\/?s={search_term_string}\"},\"query-input\":{\"@type\":\"PropertyValueSpecification\",\"valueRequired\":true,\"valueName\":\"search_term_string\"}}],\"inLanguage\":\"en-GB\"},{\"@type\":\"Organization\",\"@id\":\"https:\/\/www.locansol.fr\/#organization\",\"name\":\"Location MobilHome & chalet dans les Pyr\u00e9n\u00e9es Orientales\",\"alternateName\":\"Louer un h\u00e9bergement dans les Pyr\u00e9n\u00e9es Orientales en Occitanie\",\"url\":\"https:\/\/www.locansol.fr\/\",\"logo\":{\"@type\":\"ImageObject\",\"inLanguage\":\"en-GB\",\"@id\":\"https:\/\/www.locansol.fr\/#\/schema\/logo\/image\/\",\"url\":\"https:\/\/www.locansol.fr\/wp-content\/uploads\/2024\/04\/AdobeStock_303324767-scaled.jpeg\",\"contentUrl\":\"https:\/\/www.locansol.fr\/wp-content\/uploads\/2024\/04\/AdobeStock_303324767-scaled.jpeg\",\"width\":2560,\"height\":1707,\"caption\":\"Location MobilHome & chalet dans les Pyr\u00e9n\u00e9es Orientales\"},\"image\":{\"@id\":\"https:\/\/www.locansol.fr\/#\/schema\/logo\/image\/\"}},{\"@type\":\"Person\",\"@id\":\"https:\/\/www.locansol.fr\/#\/schema\/person\/0b08d440f1ac44674c6d498107de351d\",\"name\":\"H\u00e9bergements Locansol\",\"image\":{\"@type\":\"ImageObject\",\"inLanguage\":\"en-GB\",\"@id\":\"https:\/\/www.locansol.fr\/#\/schema\/person\/image\/\",\"url\":\"https:\/\/secure.gravatar.com\/avatar\/444436b93284204f8116b6e0eb964cd3fcb811519c737232bde6dd5743c37ee5?s=96&d=mm&r=g\",\"contentUrl\":\"https:\/\/secure.gravatar.com\/avatar\/444436b93284204f8116b6e0eb964cd3fcb811519c737232bde6dd5743c37ee5?s=96&d=mm&r=g\",\"caption\":\"H\u00e9bergements Locansol\"},\"sameAs\":[\"https:\/\/www.locansol.fr\/\"],\"url\":\"https:\/\/www.locansol.fr\/en\/author\/locansol\/\"}]}<\/script>\n<!-- \/ Yoast SEO Premium plugin. -->","yoast_head_json":{"title":"La Guinguette Hivernale Les Angles : artisanat et gourmandises","description":"La Guingue\u0435\u0442te Hivernale Les Angles dans les Pyr\u00e9n\u00e9es-Orientales: rendez-vous le 15 f\u00e9vrier pour un apr\u00e8s-midi convivial avec artisans, sp\u00e9cialit\u00e9s locales et musique festive en plein c\u0153ur du vieux ch\u00e2teau.","robots":{"index":"index","follow":"follow","max-snippet":"max-snippet:-1","max-image-preview":"max-image-preview:large","max-video-preview":"max-video-preview:-1"},"canonical":"https:\/\/www.locansol.fr\/en\/guinguette-hivernale-les-angles-2\/","og_locale":"en_GB","og_type":"article","og_title":"Magie hivernale : rendez-vous \u00e0 La Guinguette Hivernale aux Angles \u2014 tradition et convivialit\u00e9","og_description":"Plongez dans une ambiance festive aux Angles avec artisans cr\u00e9ateurs, saveurs locales et fanfare au c\u0153ur du ch\u00e2teau. Gratuit et accueillant, un moment inoubliable.","og_url":"https:\/\/www.locansol.fr\/en\/guinguette-hivernale-les-angles-2\/","og_site_name":"Locansol, louer un h\u00e9bergement dans les Pyr\u00e9n\u00e9es Orientales","article_published_time":"2026-02-15T07:08:02+00:00","article_modified_time":"2026-02-15T11:06:18+00:00","og_image":[{"url":"https:\/\/www.locansol.fr\/wp-content\/uploads\/2026\/02\/guinguette-hivernale-les-angles-1.webp","type":"","width":"","height":""}],"author":"H\u00e9bergements Locansol","twitter_card":"summary_large_image","twitter_title":"La Guinguette Hivernale : f\u00eate artisanale et gourmandise aux Angles","twitter_description":"15 f\u00e9vrier aux Angles: explorez les cr\u00e9ations d'artisans, d\u00e9gustez sp\u00e9cialit\u00e9s locales et dansez sur les rythmes de la fanfare. Gratuit et convivial!","twitter_image":"https:\/\/www.locansol.fr\/wp-content\/uploads\/2026\/02\/guinguette-hivernale-les-angles-1.webp","twitter_misc":{"Written by":"H\u00e9bergements Locansol","Estimated reading time":"2 minutes"},"schema":{"@context":"https:\/\/schema.org","@graph":[{"@type":"Article","@id":"https:\/\/www.locansol.fr\/guinguette-hivernale-les-angles-2\/#article","isPartOf":{"@id":"https:\/\/www.locansol.fr\/guinguette-hivernale-les-angles-2\/"},"author":{"name":"H\u00e9bergements Locansol","@id":"https:\/\/www.locansol.fr\/#\/schema\/person\/0b08d440f1ac44674c6d498107de351d"},"headline":"Les Angles &#8211; 15 f\u00e9vrier &#8211; La Guinguette Hivernale : artisanat et gourmandises en ambiance festive","datePublished":"2026-02-15T07:08:02+00:00","dateModified":"2026-02-15T11:06:18+00:00","mainEntityOfPage":{"@id":"https:\/\/www.locansol.fr\/guinguette-hivernale-les-angles-2\/"},"wordCount":346,"publisher":{"@id":"https:\/\/www.locansol.fr\/#organization"},"image":{"@id":"https:\/\/www.locansol.fr\/guinguette-hivernale-les-angles-2\/#primaryimage"},"thumbnailUrl":"https:\/\/www.locansol.fr\/wp-content\/uploads\/2026\/02\/guinguette-hivernale-les-angles-1.webp","keywords":["Loisirs","Manifestation commerciale","Pyr\u00e9n\u00e9es-Orientales"],"articleSection":["Agenda","March\u00e9"],"inLanguage":"en-GB"},{"@type":"WebPage","@id":"https:\/\/www.locansol.fr\/guinguette-hivernale-les-angles-2\/","url":"https:\/\/www.locansol.fr\/guinguette-hivernale-les-angles-2\/","name":"La Guinguette Hivernale Les Angles : artisanat et gourmandises","isPartOf":{"@id":"https:\/\/www.locansol.fr\/#website"},"primaryImageOfPage":{"@id":"https:\/\/www.locansol.fr\/guinguette-hivernale-les-angles-2\/#primaryimage"},"image":{"@id":"https:\/\/www.locansol.fr\/guinguette-hivernale-les-angles-2\/#primaryimage"},"thumbnailUrl":"https:\/\/www.locansol.fr\/wp-content\/uploads\/2026\/02\/guinguette-hivernale-les-angles-1.webp","datePublished":"2026-02-15T07:08:02+00:00","dateModified":"2026-02-15T11:06:18+00:00","description":"La Guingue\u0435\u0442te Hivernale Les Angles dans les Pyr\u00e9n\u00e9es-Orientales: rendez-vous le 15 f\u00e9vrier pour un apr\u00e8s-midi convivial avec artisans, sp\u00e9cialit\u00e9s locales et musique festive en plein c\u0153ur du vieux ch\u00e2teau.","breadcrumb":{"@id":"https:\/\/www.locansol.fr\/guinguette-hivernale-les-angles-2\/#breadcrumb"},"inLanguage":"en-GB","potentialAction":[{"@type":"ReadAction","target":["https:\/\/www.locansol.fr\/guinguette-hivernale-les-angles-2\/"]}]},{"@type":"ImageObject","inLanguage":"en-GB","@id":"https:\/\/www.locansol.fr\/guinguette-hivernale-les-angles-2\/#primaryimage","url":"https:\/\/www.locansol.fr\/wp-content\/uploads\/2026\/02\/guinguette-hivernale-les-angles-1.webp","contentUrl":"https:\/\/www.locansol.fr\/wp-content\/uploads\/2026\/02\/guinguette-hivernale-les-angles-1.webp","width":1357,"height":1920,"caption":"La Guinguette Hivernale se tiendra le dimanche 15 f\u00e9vrier de 15h \u00e0 19h au cours du vieux ch\u00e2teau \u00e0 Les Angles, dans les Pyr\u00e9n\u00e9es-Orientales. Cet \u00e9v\u00e9nement gratuit propose une ambiance conviviale autour de chalets d\u00e9di\u00e9s aux cr\u00e9ateurs et artisans locaux, offrant une s\u00e9lection d\u2019objets uniques, de produits artisanaux et de petites sp\u00e9cialit\u00e9s culinaires. L\u2019apr\u00e8s-midi, une pause gourmande ou un go\u00fbter est l\u2019occasion de d\u00e9couvrir des cr\u00e9ations originales, tout en profitant du cadre typique d\u2019un village station. \u00c0 partir de 17h15, une animation musicale aura lieu, anim\u00e9e par la fanfare La Frontale, qui apportera une touche festive \u00e0 l\u2019apr\u00e8s-midi. Le groupe interpr\u00e9tera des morceaux en pleine forme, dans une ambiance chaleureuse et dynamique, id\u00e9ale pour se d\u00e9tendre ou partager un moment avec la famille. Le pot d\u2019accueil offert \u00e0 17h30, avec du vin chaud et du chocolat, compl\u00e8te l\u2019exp\u00e9rience. Organis\u00e9e dans un cadre authentique et en pleine nature, cette manifestation est une invitation \u00e0 profiter d\u2019un moment de d\u00e9tente hors des sentiers battus, au c\u0153ur d\u2019un hiver authentique et festif."},{"@type":"BreadcrumbList","@id":"https:\/\/www.locansol.fr\/guinguette-hivernale-les-angles-2\/#breadcrumb","itemListElement":[{"@type":"ListItem","position":1,"name":"Accueil","item":"https:\/\/www.locansol.fr\/"},{"@type":"ListItem","position":2,"name":"Les Angles &#8211; 15 f\u00e9vrier &#8211; La Guinguette Hivernale : artisanat et gourmandises en ambiance festive"}]},{"@type":"WebSite","@id":"https:\/\/www.locansol.fr\/#website","url":"https:\/\/www.locansol.fr\/","name":"Locansol, louer un h\u00e9bergement dans les Pyr\u00e9n\u00e9es-Orientales","description":"Location Mobil-home Mer M\u00e9diterran\u00e9e &amp; Chalet de Montagne dans les Pyr\u00e9n\u00e9es Orientales (Occitanie, 66). Weekend, s\u00e9jour &amp; vacances en famille et entre amis.","publisher":{"@id":"https:\/\/www.locansol.fr\/#organization"},"alternateName":"Louer un h\u00e9bergement dans les Pyr\u00e9n\u00e9es Orientales, chalet & mobil-home en Occitanie","potentialAction":[{"@type":"SearchAction","target":{"@type":"EntryPoint","urlTemplate":"https:\/\/www.locansol.fr\/?s={search_term_string}"},"query-input":{"@type":"PropertyValueSpecification","valueRequired":true,"valueName":"search_term_string"}}],"inLanguage":"en-GB"},{"@type":"Organization","@id":"https:\/\/www.locansol.fr\/#organization","name":"Location MobilHome & chalet dans les Pyr\u00e9n\u00e9es Orientales","alternateName":"Louer un h\u00e9bergement dans les Pyr\u00e9n\u00e9es Orientales en Occitanie","url":"https:\/\/www.locansol.fr\/","logo":{"@type":"ImageObject","inLanguage":"en-GB","@id":"https:\/\/www.locansol.fr\/#\/schema\/logo\/image\/","url":"https:\/\/www.locansol.fr\/wp-content\/uploads\/2024\/04\/AdobeStock_303324767-scaled.jpeg","contentUrl":"https:\/\/www.locansol.fr\/wp-content\/uploads\/2024\/04\/AdobeStock_303324767-scaled.jpeg","width":2560,"height":1707,"caption":"Location MobilHome & chalet dans les Pyr\u00e9n\u00e9es Orientales"},"image":{"@id":"https:\/\/www.locansol.fr\/#\/schema\/logo\/image\/"}},{"@type":"Person","@id":"https:\/\/www.locansol.fr\/#\/schema\/person\/0b08d440f1ac44674c6d498107de351d","name":"H\u00e9bergements Locansol","image":{"@type":"ImageObject","inLanguage":"en-GB","@id":"https:\/\/www.locansol.fr\/#\/schema\/person\/image\/","url":"https:\/\/secure.gravatar.com\/avatar\/444436b93284204f8116b6e0eb964cd3fcb811519c737232bde6dd5743c37ee5?s=96&d=mm&r=g","contentUrl":"https:\/\/secure.gravatar.com\/avatar\/444436b93284204f8116b6e0eb964cd3fcb811519c737232bde6dd5743c37ee5?s=96&d=mm&r=g","caption":"H\u00e9bergements Locansol"},"sameAs":["https:\/\/www.locansol.fr\/"],"url":"https:\/\/www.locansol.fr\/en\/author\/locansol\/"}]}},"_links":{"self":[{"href":"https:\/\/www.locansol.fr\/en\/wp-json\/wp\/v2\/posts\/3223","targetHints":{"allow":["GET"]}}],"collection":[{"href":"https:\/\/www.locansol.fr\/en\/wp-json\/wp\/v2\/posts"}],"about":[{"href":"https:\/\/www.locansol.fr\/en\/wp-json\/wp\/v2\/types\/post"}],"author":[{"embeddable":true,"href":"https:\/\/www.locansol.fr\/en\/wp-json\/wp\/v2\/users\/5"}],"replies":[{"embeddable":true,"href":"https:\/\/www.locansol.fr\/en\/wp-json\/wp\/v2\/comments?post=3223"}],"version-history":[{"count":1,"href":"https:\/\/www.locansol.fr\/en\/wp-json\/wp\/v2\/posts\/3223\/revisions"}],"predecessor-version":[{"id":3224,"href":"https:\/\/www.locansol.fr\/en\/wp-json\/wp\/v2\/posts\/3223\/revisions\/3224"}],"wp:featuredmedia":[{"embeddable":true,"href":"https:\/\/www.locansol.fr\/en\/wp-json\/wp\/v2\/media\/3222"}],"wp:attachment":[{"href":"https:\/\/www.locansol.fr\/en\/wp-json\/wp\/v2\/media?parent=3223"}],"wp:term":[{"taxonomy":"category","embeddable":true,"href":"https:\/\/www.locansol.fr\/en\/wp-json\/wp\/v2\/categories?post=3223"},{"taxonomy":"post_tag","embeddable":true,"href":"https:\/\/www.locansol.fr\/en\/wp-json\/wp\/v2\/tags?post=3223"}],"curies":[{"name":"wp","href":"https:\/\/api.w.org\/{rel}","templated":true}]}}