{"id":3350,"date":"2026-02-15T14:17:24","date_gmt":"2026-02-15T13:17:24","guid":{"rendered":"https:\/\/www.locansol.fr\/randonnee-pic-belmaig-vallespir\/"},"modified":"2026-02-15T14:17:27","modified_gmt":"2026-02-15T13:17:27","slug":"randonnee-pic-belmaig-vallespir","status":"publish","type":"post","link":"https:\/\/www.locansol.fr\/en\/randonnee-pic-belmaig-vallespir\/","title":{"rendered":"Randonn\u00e9e au Pic du Belmaig depuis Le Boulou : D\u00e9couvrez un sommet unique le 15 f\u00e9vrier !"},"content":{"rendered":"<p>Laissez-vous s\u00e9duire par la beaut\u00e9 des Pyr\u00e9n\u00e9es-Orientales le dimanche 15 f\u00e9vrier, \u00e0 l\u2019occasion d\u2019une randonn\u00e9e au Pic du Belmaig. Organis\u00e9e par la commune du Boulou dans le cadre de ses animations sportives, cette excursion promet une journ\u00e9e active et riche en d\u00e9couvertes naturelles. Le d\u00e9part est fix\u00e9 au parking de la mairie, Avenue L\u00e9on-Jean Gr\u00e9gory, \u00e0 9h pr\u00e9cises.<\/p>\n<p>Le Pic du Belmaig, avec son sommet culminant \u00e0 environ 1 280 m\u00e8tres, offre un itin\u00e9raire de 17 km pens\u00e9 pour tous les amateurs de nature et de marche \u00e0 pied. Cette ascension progressive d\u2019un d\u00e9nivel\u00e9 de 800 m\u00e8tres traverse des paysages typiques de la r\u00e9gion du Vallespir. Les sentiers serpentent au c\u0153ur de reliefs pr\u00e9serv\u00e9s, alternant entre sous-bois ombrag\u00e9s et points de vue d\u00e9gag\u00e9s.<\/p>\n<p>Arriv\u00e9s au sommet, les randonneurs pourront profiter d\u2019une vue panoramique exceptionnelle \u00e0 360 degr\u00e9s, d\u00e9voilant les reliefs montagneux embl\u00e9matiques des Pyr\u00e9n\u00e9es et une nature \u00e0 couper le souffle. Ce cadre enchanteur est une invitation \u00e0 la contemplation et \u00e0 la d\u00e9tente, tout en profitant d\u2019un moment d\u2019\u00e9vasion.<\/p>\n<p>Cette sortie s\u2019inscrit dans la continuit\u00e9 des actions locales pour promouvoir le sport et les activit\u00e9s de plein air. Que vous soyez un marcheur aguerri ou simplement un amateur de balades, il vous suffira d\u2019une condition physique moyenne pour relever ce d\u00e9fi. L\u2019ambiance se veut conviviale et f\u00e9d\u00e9ratrice, id\u00e9ale pour partager un moment agr\u00e9able entre amis, en famille, ou m\u00eame entre inconnus amoureux de la nature. N\u2019oubliez pas vos chaussures de marche, de l\u2019eau, des v\u00eatements adapt\u00e9s aux conditions climatiques et, bien s\u00fbr, votre bonne humeur !<\/p>\n<p>Pour assurer votre participation, pensez \u00e0 vous inscrire au pr\u00e9alable en t\u00e9l\u00e9phonant au 06 23 26 57 15. L\u2019\u00e9v\u00e9nement est ouvert \u00e0 tous, sans frais d\u2019entr\u00e9e. De plus, Le Boulou est id\u00e9alement situ\u00e9 et facile d\u2019acc\u00e8s, avec une altitude variant entre 55 et 363 m\u00e8tres, permettant un d\u00e9part en douceur avant de s\u2019\u00e9lever vers le Pic.<\/p>\n<p>Ne manquez pas cette belle opportunit\u00e9 de d\u00e9couvrir ou red\u00e9couvrir le patrimoine naturel des Pyr\u00e9n\u00e9es-Orientales. Le rendez-vous est donn\u00e9 : enfilez vos chaussures, respirez l\u2019air pur et offrez-vous une randonn\u00e9e vivifiante en ce dimanche de f\u00e9vrier !<\/p>\n<h3>Practical information<\/h3>\n<p>\ud83d\udcc5 QUAND ? Dimanche 15 f\u00e9vrier \u00e0 09:00<br \/>\ud83d\udccd O\u00d9 ? Avenue L\u00e9on-Jean Gr\u00e9gory, Le Boulou<br \/>\ud83d\udcb6 COMBIEN ? Plein tarif \u2014<\/p>","protected":false},"excerpt":{"rendered":"<p>Participez \u00e0 une randonn\u00e9e conviviale et ressour\u00e7ante jusqu\u2019au Pic du Belmaig (1 280 m) le 15 f\u00e9vrier depuis Le Boulou.<\/p>","protected":false},"author":5,"featured_media":3349,"comment_status":"closed","ping_status":"open","sticky":false,"template":"","format":"standard","meta":{"_yoast_wpseo_focuskw":"randonn\u00e9e pic belmaig vallespir","_yoast_wpseo_title":"Randonn\u00e9e Pic du Belmaig Le Boulou 15 f\u00e9vrier","_yoast_wpseo_metadesc":"Randonn\u00e9e Pic du Belmaig Le Boulou le 15 f\u00e9vrier : ascension de 17 km, 800m de d\u00e9nivel\u00e9e pour une vue panoramique 360\u00b0 des Pyr\u00e9n\u00e9es-Orientales. Inscription gratuite.","_yoast_wpseo_canonical":"","_yoast_wpseo_opengraph-title":"\u00c9vasion pur : Pic du Belmaig Le Boulou \u2014 Vue panoramique unique","_yoast_wpseo_opengraph-description":"Randonnez au sommet du Pic du Belmaig le 15 f\u00e9vrier pour d\u00e9couvrir un\u7f8e\u666f 360\u00b0 sur les Pyr\u00e9n\u00e9es. Traversez sentiers ombrag\u00e9s et points de vue d\u00e9gag\u00e9s pour une journ\u00e9e d'aventure.","_yoast_wpseo_opengraph-image":"https:\/\/www.locansol.fr\/wp-content\/uploads\/2026\/02\/randonnee-pic-belmaig-vallespir.webp","_yoast_wpseo_opengraph-image-id":"","_yoast_wpseo_twitter-title":"Randonn\u00e9e Belmaig Le Boulou : Vue panoramique \u00e0 360\u00b0 le 15 f\u00e9vrier !","_yoast_wpseo_twitter-description":"Partez \u00e0 la d\u00e9couverte du Pic du Belmaig pour une randonn\u00e9e de 17km avec vue exceptionnelle sur les Pyr\u00e9n\u00e9es. Exp\u00e9rience accessible \u00e0 tous ! Inscription : 06 23 26 57 15","_yoast_wpseo_twitter-image":"https:\/\/www.locansol.fr\/wp-content\/uploads\/2026\/02\/randonnee-pic-belmaig-vallespir.webp","_yoast_wpseo_twitter-image-id":"","yoast_primary_category":"Randonn\u00e9e","footnotes":""},"categories":[29],"tags":[70,76,73],"class_list":["post-3350","post","type-post","status-publish","format-standard","has-post-thumbnail","hentry","category-agenda-pyrenees-orientales","tag-nature","tag-pyrenees-orientales","tag-sports"],"yoast_head":"<!-- This site is optimized with the Yoast SEO Premium plugin v23.3 (Yoast SEO v26.9) - https:\/\/yoast.com\/product\/yoast-seo-premium-wordpress\/ -->\n<title>Randonn\u00e9e Pic du Belmaig Le Boulou 15 f\u00e9vrier<\/title>\n<meta name=\"description\" content=\"Randonn\u00e9e Pic du Belmaig Le Boulou le 15 f\u00e9vrier : ascension de 17 km, 800m de d\u00e9nivel\u00e9e pour une vue panoramique 360\u00b0 des Pyr\u00e9n\u00e9es-Orientales. Inscription gratuite.\" \/>\n<meta name=\"robots\" content=\"index, follow, max-snippet:-1, max-image-preview:large, max-video-preview:-1\" \/>\n<link rel=\"canonical\" href=\"https:\/\/www.locansol.fr\/en\/randonnee-pic-belmaig-vallespir\/\" \/>\n<meta property=\"og:locale\" content=\"en_GB\" \/>\n<meta property=\"og:type\" content=\"article\" \/>\n<meta property=\"og:title\" content=\"\u00c9vasion pur : Pic du Belmaig Le Boulou \u2014 Vue panoramique unique\" \/>\n<meta property=\"og:description\" content=\"Randonnez au sommet du Pic du Belmaig le 15 f\u00e9vrier pour d\u00e9couvrir un\u7f8e\u666f 360\u00b0 sur les Pyr\u00e9n\u00e9es. Traversez sentiers ombrag\u00e9s et points de vue d\u00e9gag\u00e9s pour une journ\u00e9e d&#039;aventure.\" \/>\n<meta property=\"og:url\" content=\"https:\/\/www.locansol.fr\/en\/randonnee-pic-belmaig-vallespir\/\" \/>\n<meta property=\"og:site_name\" content=\"Locansol, louer un h\u00e9bergement dans les Pyr\u00e9n\u00e9es Orientales\" \/>\n<meta property=\"article:published_time\" content=\"2026-02-15T13:17:24+00:00\" \/>\n<meta property=\"article:modified_time\" content=\"2026-02-15T13:17:27+00:00\" \/>\n<meta property=\"og:image\" content=\"https:\/\/www.locansol.fr\/wp-content\/uploads\/2026\/02\/randonnee-pic-belmaig-vallespir.webp\" \/>\n<meta name=\"author\" content=\"H\u00e9bergements Locansol\" \/>\n<meta name=\"twitter:card\" content=\"summary_large_image\" \/>\n<meta name=\"twitter:title\" content=\"Randonn\u00e9e Belmaig Le Boulou : Vue panoramique \u00e0 360\u00b0 le 15 f\u00e9vrier !\" \/>\n<meta name=\"twitter:description\" content=\"Partez \u00e0 la d\u00e9couverte du Pic du Belmaig pour une randonn\u00e9e de 17km avec vue exceptionnelle sur les Pyr\u00e9n\u00e9es. Exp\u00e9rience accessible \u00e0 tous ! Inscription : 06 23 26 57 15\" \/>\n<meta name=\"twitter:image\" content=\"https:\/\/www.locansol.fr\/wp-content\/uploads\/2026\/02\/randonnee-pic-belmaig-vallespir.webp\" \/>\n<meta name=\"twitter:label1\" content=\"Written by\" \/>\n\t<meta name=\"twitter:data1\" content=\"H\u00e9bergements Locansol\" \/>\n\t<meta name=\"twitter:label2\" content=\"Estimated reading time\" \/>\n\t<meta name=\"twitter:data2\" content=\"2 minutes\" \/>\n<script type=\"application\/ld+json\" class=\"yoast-schema-graph\">{\"@context\":\"https:\/\/schema.org\",\"@graph\":[{\"@type\":\"Article\",\"@id\":\"https:\/\/www.locansol.fr\/randonnee-pic-belmaig-vallespir\/#article\",\"isPartOf\":{\"@id\":\"https:\/\/www.locansol.fr\/randonnee-pic-belmaig-vallespir\/\"},\"author\":{\"name\":\"H\u00e9bergements Locansol\",\"@id\":\"https:\/\/www.locansol.fr\/#\/schema\/person\/0b08d440f1ac44674c6d498107de351d\"},\"headline\":\"Randonn\u00e9e au Pic du Belmaig depuis Le Boulou : D\u00e9couvrez un sommet unique le 15 f\u00e9vrier !\",\"datePublished\":\"2026-02-15T13:17:24+00:00\",\"dateModified\":\"2026-02-15T13:17:27+00:00\",\"mainEntityOfPage\":{\"@id\":\"https:\/\/www.locansol.fr\/randonnee-pic-belmaig-vallespir\/\"},\"wordCount\":429,\"publisher\":{\"@id\":\"https:\/\/www.locansol.fr\/#organization\"},\"image\":{\"@id\":\"https:\/\/www.locansol.fr\/randonnee-pic-belmaig-vallespir\/#primaryimage\"},\"thumbnailUrl\":\"https:\/\/www.locansol.fr\/wp-content\/uploads\/2026\/02\/randonnee-pic-belmaig-vallespir.webp\",\"keywords\":[\"Nature\",\"Pyr\u00e9n\u00e9es-Orientales\",\"Sports\"],\"articleSection\":[\"Agenda\"],\"inLanguage\":\"en-GB\"},{\"@type\":\"WebPage\",\"@id\":\"https:\/\/www.locansol.fr\/randonnee-pic-belmaig-vallespir\/\",\"url\":\"https:\/\/www.locansol.fr\/randonnee-pic-belmaig-vallespir\/\",\"name\":\"Randonn\u00e9e Pic du Belmaig Le Boulou 15 f\u00e9vrier\",\"isPartOf\":{\"@id\":\"https:\/\/www.locansol.fr\/#website\"},\"primaryImageOfPage\":{\"@id\":\"https:\/\/www.locansol.fr\/randonnee-pic-belmaig-vallespir\/#primaryimage\"},\"image\":{\"@id\":\"https:\/\/www.locansol.fr\/randonnee-pic-belmaig-vallespir\/#primaryimage\"},\"thumbnailUrl\":\"https:\/\/www.locansol.fr\/wp-content\/uploads\/2026\/02\/randonnee-pic-belmaig-vallespir.webp\",\"datePublished\":\"2026-02-15T13:17:24+00:00\",\"dateModified\":\"2026-02-15T13:17:27+00:00\",\"description\":\"Randonn\u00e9e Pic du Belmaig Le Boulou le 15 f\u00e9vrier : ascension de 17 km, 800m de d\u00e9nivel\u00e9e pour une vue panoramique 360\u00b0 des Pyr\u00e9n\u00e9es-Orientales. Inscription gratuite.\",\"breadcrumb\":{\"@id\":\"https:\/\/www.locansol.fr\/randonnee-pic-belmaig-vallespir\/#breadcrumb\"},\"inLanguage\":\"en-GB\",\"potentialAction\":[{\"@type\":\"ReadAction\",\"target\":[\"https:\/\/www.locansol.fr\/randonnee-pic-belmaig-vallespir\/\"]}]},{\"@type\":\"ImageObject\",\"inLanguage\":\"en-GB\",\"@id\":\"https:\/\/www.locansol.fr\/randonnee-pic-belmaig-vallespir\/#primaryimage\",\"url\":\"https:\/\/www.locansol.fr\/wp-content\/uploads\/2026\/02\/randonnee-pic-belmaig-vallespir.webp\",\"contentUrl\":\"https:\/\/www.locansol.fr\/wp-content\/uploads\/2026\/02\/randonnee-pic-belmaig-vallespir.webp\",\"width\":1357,\"height\":1920,\"caption\":\"Randonn\u00e9e Pic du Belmaig Le Boulou 15 f\u00e9vrier\"},{\"@type\":\"BreadcrumbList\",\"@id\":\"https:\/\/www.locansol.fr\/randonnee-pic-belmaig-vallespir\/#breadcrumb\",\"itemListElement\":[{\"@type\":\"ListItem\",\"position\":1,\"name\":\"Accueil\",\"item\":\"https:\/\/www.locansol.fr\/\"},{\"@type\":\"ListItem\",\"position\":2,\"name\":\"Randonn\u00e9e au Pic du Belmaig depuis Le Boulou : D\u00e9couvrez un sommet unique le 15 f\u00e9vrier !\"}]},{\"@type\":\"WebSite\",\"@id\":\"https:\/\/www.locansol.fr\/#website\",\"url\":\"https:\/\/www.locansol.fr\/\",\"name\":\"Locansol, louer un h\u00e9bergement dans les Pyr\u00e9n\u00e9es-Orientales\",\"description\":\"Location Mobil-home Mer M\u00e9diterran\u00e9e &amp; Chalet de Montagne dans les Pyr\u00e9n\u00e9es Orientales (Occitanie, 66). Weekend, s\u00e9jour &amp; vacances en famille et entre amis.\",\"publisher\":{\"@id\":\"https:\/\/www.locansol.fr\/#organization\"},\"alternateName\":\"Louer un h\u00e9bergement dans les Pyr\u00e9n\u00e9es Orientales, chalet & mobil-home en Occitanie\",\"potentialAction\":[{\"@type\":\"SearchAction\",\"target\":{\"@type\":\"EntryPoint\",\"urlTemplate\":\"https:\/\/www.locansol.fr\/?s={search_term_string}\"},\"query-input\":{\"@type\":\"PropertyValueSpecification\",\"valueRequired\":true,\"valueName\":\"search_term_string\"}}],\"inLanguage\":\"en-GB\"},{\"@type\":\"Organization\",\"@id\":\"https:\/\/www.locansol.fr\/#organization\",\"name\":\"Location MobilHome & chalet dans les Pyr\u00e9n\u00e9es Orientales\",\"alternateName\":\"Louer un h\u00e9bergement dans les Pyr\u00e9n\u00e9es Orientales en Occitanie\",\"url\":\"https:\/\/www.locansol.fr\/\",\"logo\":{\"@type\":\"ImageObject\",\"inLanguage\":\"en-GB\",\"@id\":\"https:\/\/www.locansol.fr\/#\/schema\/logo\/image\/\",\"url\":\"https:\/\/www.locansol.fr\/wp-content\/uploads\/2024\/04\/AdobeStock_303324767-scaled.jpeg\",\"contentUrl\":\"https:\/\/www.locansol.fr\/wp-content\/uploads\/2024\/04\/AdobeStock_303324767-scaled.jpeg\",\"width\":2560,\"height\":1707,\"caption\":\"Location MobilHome & chalet dans les Pyr\u00e9n\u00e9es Orientales\"},\"image\":{\"@id\":\"https:\/\/www.locansol.fr\/#\/schema\/logo\/image\/\"}},{\"@type\":\"Person\",\"@id\":\"https:\/\/www.locansol.fr\/#\/schema\/person\/0b08d440f1ac44674c6d498107de351d\",\"name\":\"H\u00e9bergements Locansol\",\"image\":{\"@type\":\"ImageObject\",\"inLanguage\":\"en-GB\",\"@id\":\"https:\/\/www.locansol.fr\/#\/schema\/person\/image\/\",\"url\":\"https:\/\/secure.gravatar.com\/avatar\/444436b93284204f8116b6e0eb964cd3fcb811519c737232bde6dd5743c37ee5?s=96&d=mm&r=g\",\"contentUrl\":\"https:\/\/secure.gravatar.com\/avatar\/444436b93284204f8116b6e0eb964cd3fcb811519c737232bde6dd5743c37ee5?s=96&d=mm&r=g\",\"caption\":\"H\u00e9bergements Locansol\"},\"sameAs\":[\"https:\/\/www.locansol.fr\/\"],\"url\":\"https:\/\/www.locansol.fr\/en\/author\/locansol\/\"}]}<\/script>\n<!-- \/ Yoast SEO Premium plugin. -->","yoast_head_json":{"title":"Randonn\u00e9e Pic du Belmaig Le Boulou 15 f\u00e9vrier","description":"Randonn\u00e9e Pic du Belmaig Le Boulou le 15 f\u00e9vrier : ascension de 17 km, 800m de d\u00e9nivel\u00e9e pour une vue panoramique 360\u00b0 des Pyr\u00e9n\u00e9es-Orientales. Inscription gratuite.","robots":{"index":"index","follow":"follow","max-snippet":"max-snippet:-1","max-image-preview":"max-image-preview:large","max-video-preview":"max-video-preview:-1"},"canonical":"https:\/\/www.locansol.fr\/en\/randonnee-pic-belmaig-vallespir\/","og_locale":"en_GB","og_type":"article","og_title":"\u00c9vasion pur : Pic du Belmaig Le Boulou \u2014 Vue panoramique unique","og_description":"Randonnez au sommet du Pic du Belmaig le 15 f\u00e9vrier pour d\u00e9couvrir un\u7f8e\u666f 360\u00b0 sur les Pyr\u00e9n\u00e9es. Traversez sentiers ombrag\u00e9s et points de vue d\u00e9gag\u00e9s pour une journ\u00e9e d'aventure.","og_url":"https:\/\/www.locansol.fr\/en\/randonnee-pic-belmaig-vallespir\/","og_site_name":"Locansol, louer un h\u00e9bergement dans les Pyr\u00e9n\u00e9es Orientales","article_published_time":"2026-02-15T13:17:24+00:00","article_modified_time":"2026-02-15T13:17:27+00:00","og_image":[{"url":"https:\/\/www.locansol.fr\/wp-content\/uploads\/2026\/02\/randonnee-pic-belmaig-vallespir.webp","type":"","width":"","height":""}],"author":"H\u00e9bergements Locansol","twitter_card":"summary_large_image","twitter_title":"Randonn\u00e9e Belmaig Le Boulou : Vue panoramique \u00e0 360\u00b0 le 15 f\u00e9vrier !","twitter_description":"Partez \u00e0 la d\u00e9couverte du Pic du Belmaig pour une randonn\u00e9e de 17km avec vue exceptionnelle sur les Pyr\u00e9n\u00e9es. Exp\u00e9rience accessible \u00e0 tous ! Inscription : 06 23 26 57 15","twitter_image":"https:\/\/www.locansol.fr\/wp-content\/uploads\/2026\/02\/randonnee-pic-belmaig-vallespir.webp","twitter_misc":{"Written by":"H\u00e9bergements Locansol","Estimated reading time":"2 minutes"},"schema":{"@context":"https:\/\/schema.org","@graph":[{"@type":"Article","@id":"https:\/\/www.locansol.fr\/randonnee-pic-belmaig-vallespir\/#article","isPartOf":{"@id":"https:\/\/www.locansol.fr\/randonnee-pic-belmaig-vallespir\/"},"author":{"name":"H\u00e9bergements Locansol","@id":"https:\/\/www.locansol.fr\/#\/schema\/person\/0b08d440f1ac44674c6d498107de351d"},"headline":"Randonn\u00e9e au Pic du Belmaig depuis Le Boulou : D\u00e9couvrez un sommet unique le 15 f\u00e9vrier !","datePublished":"2026-02-15T13:17:24+00:00","dateModified":"2026-02-15T13:17:27+00:00","mainEntityOfPage":{"@id":"https:\/\/www.locansol.fr\/randonnee-pic-belmaig-vallespir\/"},"wordCount":429,"publisher":{"@id":"https:\/\/www.locansol.fr\/#organization"},"image":{"@id":"https:\/\/www.locansol.fr\/randonnee-pic-belmaig-vallespir\/#primaryimage"},"thumbnailUrl":"https:\/\/www.locansol.fr\/wp-content\/uploads\/2026\/02\/randonnee-pic-belmaig-vallespir.webp","keywords":["Nature","Pyr\u00e9n\u00e9es-Orientales","Sports"],"articleSection":["Agenda"],"inLanguage":"en-GB"},{"@type":"WebPage","@id":"https:\/\/www.locansol.fr\/randonnee-pic-belmaig-vallespir\/","url":"https:\/\/www.locansol.fr\/randonnee-pic-belmaig-vallespir\/","name":"Randonn\u00e9e Pic du Belmaig Le Boulou 15 f\u00e9vrier","isPartOf":{"@id":"https:\/\/www.locansol.fr\/#website"},"primaryImageOfPage":{"@id":"https:\/\/www.locansol.fr\/randonnee-pic-belmaig-vallespir\/#primaryimage"},"image":{"@id":"https:\/\/www.locansol.fr\/randonnee-pic-belmaig-vallespir\/#primaryimage"},"thumbnailUrl":"https:\/\/www.locansol.fr\/wp-content\/uploads\/2026\/02\/randonnee-pic-belmaig-vallespir.webp","datePublished":"2026-02-15T13:17:24+00:00","dateModified":"2026-02-15T13:17:27+00:00","description":"Randonn\u00e9e Pic du Belmaig Le Boulou le 15 f\u00e9vrier : ascension de 17 km, 800m de d\u00e9nivel\u00e9e pour une vue panoramique 360\u00b0 des Pyr\u00e9n\u00e9es-Orientales. Inscription gratuite.","breadcrumb":{"@id":"https:\/\/www.locansol.fr\/randonnee-pic-belmaig-vallespir\/#breadcrumb"},"inLanguage":"en-GB","potentialAction":[{"@type":"ReadAction","target":["https:\/\/www.locansol.fr\/randonnee-pic-belmaig-vallespir\/"]}]},{"@type":"ImageObject","inLanguage":"en-GB","@id":"https:\/\/www.locansol.fr\/randonnee-pic-belmaig-vallespir\/#primaryimage","url":"https:\/\/www.locansol.fr\/wp-content\/uploads\/2026\/02\/randonnee-pic-belmaig-vallespir.webp","contentUrl":"https:\/\/www.locansol.fr\/wp-content\/uploads\/2026\/02\/randonnee-pic-belmaig-vallespir.webp","width":1357,"height":1920,"caption":"Randonn\u00e9e Pic du Belmaig Le Boulou 15 f\u00e9vrier"},{"@type":"BreadcrumbList","@id":"https:\/\/www.locansol.fr\/randonnee-pic-belmaig-vallespir\/#breadcrumb","itemListElement":[{"@type":"ListItem","position":1,"name":"Accueil","item":"https:\/\/www.locansol.fr\/"},{"@type":"ListItem","position":2,"name":"Randonn\u00e9e au Pic du Belmaig depuis Le Boulou : D\u00e9couvrez un sommet unique le 15 f\u00e9vrier !"}]},{"@type":"WebSite","@id":"https:\/\/www.locansol.fr\/#website","url":"https:\/\/www.locansol.fr\/","name":"Locansol, louer un h\u00e9bergement dans les Pyr\u00e9n\u00e9es-Orientales","description":"Location Mobil-home Mer M\u00e9diterran\u00e9e &amp; Chalet de Montagne dans les Pyr\u00e9n\u00e9es Orientales (Occitanie, 66). Weekend, s\u00e9jour &amp; vacances en famille et entre amis.","publisher":{"@id":"https:\/\/www.locansol.fr\/#organization"},"alternateName":"Louer un h\u00e9bergement dans les Pyr\u00e9n\u00e9es Orientales, chalet & mobil-home en Occitanie","potentialAction":[{"@type":"SearchAction","target":{"@type":"EntryPoint","urlTemplate":"https:\/\/www.locansol.fr\/?s={search_term_string}"},"query-input":{"@type":"PropertyValueSpecification","valueRequired":true,"valueName":"search_term_string"}}],"inLanguage":"en-GB"},{"@type":"Organization","@id":"https:\/\/www.locansol.fr\/#organization","name":"Location MobilHome & chalet dans les Pyr\u00e9n\u00e9es Orientales","alternateName":"Louer un h\u00e9bergement dans les Pyr\u00e9n\u00e9es Orientales en Occitanie","url":"https:\/\/www.locansol.fr\/","logo":{"@type":"ImageObject","inLanguage":"en-GB","@id":"https:\/\/www.locansol.fr\/#\/schema\/logo\/image\/","url":"https:\/\/www.locansol.fr\/wp-content\/uploads\/2024\/04\/AdobeStock_303324767-scaled.jpeg","contentUrl":"https:\/\/www.locansol.fr\/wp-content\/uploads\/2024\/04\/AdobeStock_303324767-scaled.jpeg","width":2560,"height":1707,"caption":"Location MobilHome & chalet dans les Pyr\u00e9n\u00e9es Orientales"},"image":{"@id":"https:\/\/www.locansol.fr\/#\/schema\/logo\/image\/"}},{"@type":"Person","@id":"https:\/\/www.locansol.fr\/#\/schema\/person\/0b08d440f1ac44674c6d498107de351d","name":"H\u00e9bergements Locansol","image":{"@type":"ImageObject","inLanguage":"en-GB","@id":"https:\/\/www.locansol.fr\/#\/schema\/person\/image\/","url":"https:\/\/secure.gravatar.com\/avatar\/444436b93284204f8116b6e0eb964cd3fcb811519c737232bde6dd5743c37ee5?s=96&d=mm&r=g","contentUrl":"https:\/\/secure.gravatar.com\/avatar\/444436b93284204f8116b6e0eb964cd3fcb811519c737232bde6dd5743c37ee5?s=96&d=mm&r=g","caption":"H\u00e9bergements Locansol"},"sameAs":["https:\/\/www.locansol.fr\/"],"url":"https:\/\/www.locansol.fr\/en\/author\/locansol\/"}]}},"_links":{"self":[{"href":"https:\/\/www.locansol.fr\/en\/wp-json\/wp\/v2\/posts\/3350","targetHints":{"allow":["GET"]}}],"collection":[{"href":"https:\/\/www.locansol.fr\/en\/wp-json\/wp\/v2\/posts"}],"about":[{"href":"https:\/\/www.locansol.fr\/en\/wp-json\/wp\/v2\/types\/post"}],"author":[{"embeddable":true,"href":"https:\/\/www.locansol.fr\/en\/wp-json\/wp\/v2\/users\/5"}],"replies":[{"embeddable":true,"href":"https:\/\/www.locansol.fr\/en\/wp-json\/wp\/v2\/comments?post=3350"}],"version-history":[{"count":1,"href":"https:\/\/www.locansol.fr\/en\/wp-json\/wp\/v2\/posts\/3350\/revisions"}],"predecessor-version":[{"id":3351,"href":"https:\/\/www.locansol.fr\/en\/wp-json\/wp\/v2\/posts\/3350\/revisions\/3351"}],"wp:featuredmedia":[{"embeddable":true,"href":"https:\/\/www.locansol.fr\/en\/wp-json\/wp\/v2\/media\/3349"}],"wp:attachment":[{"href":"https:\/\/www.locansol.fr\/en\/wp-json\/wp\/v2\/media?parent=3350"}],"wp:term":[{"taxonomy":"category","embeddable":true,"href":"https:\/\/www.locansol.fr\/en\/wp-json\/wp\/v2\/categories?post=3350"},{"taxonomy":"post_tag","embeddable":true,"href":"https:\/\/www.locansol.fr\/en\/wp-json\/wp\/v2\/tags?post=3350"}],"curies":[{"name":"wp","href":"https:\/\/api.w.org\/{rel}","templated":true}]}}