{"id":3606,"date":"2026-02-18T08:07:18","date_gmt":"2026-02-18T07:07:18","guid":{"rendered":"https:\/\/www.locansol.fr\/mercat-aqui-angles-pyrenees\/"},"modified":"2026-02-18T08:07:24","modified_gmt":"2026-02-18T07:07:24","slug":"mercat-aqui-angles-pyrenees","status":"publish","type":"post","link":"https:\/\/www.locansol.fr\/en\/mercat-aqui-angles-pyrenees\/","title":{"rendered":"Les Angles &#8211; 18 f\u00e9vrier 2025 &#8211; Mercat d&rsquo;Aqui : Concert, gastronomie et artisanat local"},"content":{"rendered":"<p>Le Mercat d&rsquo;Aqui, \u00e9v\u00e9nement incontournable aux Angles, revient cette ann\u00e9e pour une soir\u00e9e festive et gourmande. Rendez-vous le mercredi 18 f\u00e9vrier 2025 de 17h \u00e0 22h sur l&rsquo;Avenue de Mont-Louis, au c\u0153ur de cette charmante station de ski des Pyr\u00e9n\u00e9es-Orientales. L&rsquo;entr\u00e9e est enti\u00e8rement gratuite, alors ne manquez pas cette belle occasion de d\u00e9couvrir les saveurs du terroir et le savoir-faire des artisans locaux.<\/p>\n<p>Dans une ambiance conviviale, le Mercat d&rsquo;Aqui met \u00e0 l&rsquo;honneur les traditions et richesses de la r\u00e9gion. Ce march\u00e9 chaleureux regroupe producteurs, cr\u00e9ateurs et commer\u00e7ants, proposant une diversit\u00e9 de produits artisanaux et gastronomiques. Que vous soyez amateur de bons vins, de fromages locaux ou encore de cr\u00e9ations faites main, vous trouverez forc\u00e9ment de quoi ravir vos papilles ou vous faire plaisir.<\/p>\n<p>Et pour rendre cette exp\u00e9rience encore plus m\u00e9morable, le groupe mythique \u00ab Duo \u00e0 deux \u00bb assurera l\u2019animation musicale de la soir\u00e9e. Leur r\u00e9pertoire vari\u00e9, m\u00ealant diff\u00e9rents styles et \u00e9poques, viendra apporter une atmosph\u00e8re festive et dynamique. Petits et grands seront conquis par leur \u00e9nergie communicative !<\/p>\n<p>Le Mercat d&rsquo;Aqui ne se limite pas \u00e0 un simple march\u00e9, c\u2019est une immersion totale dans l\u2019identit\u00e9 culturelle des Angles. Situ\u00e9e dans un cadre exceptionnel, la commune conjugue avec harmonie son h\u00e9ritage m\u00e9di\u00e9val et son r\u00f4le de station de ski pris\u00e9e. Le Mercat d&rsquo;Aqui refl\u00e8te cette dualit\u00e9 : des traditions revisit\u00e9es pour le plus grand plaisir des visiteurs.<\/p>\n<p>En plus de profiter des \u00e9tals et de la musique, cette soir\u00e9e festive est une opportunit\u00e9 parfaite pour soutenir l&rsquo;\u00e9conomie locale et partager un bon moment en famille ou entre amis. Les plus jeunes y trouveront \u00e9galement leur bonheur, gr\u00e2ce \u00e0 une ambiance pens\u00e9e pour petits et grands.<\/p>\n<p>Alors, laissez-vous tenter et plongez dans cette f\u00eate qui c\u00e9l\u00e8bre les plaisirs simples : la musique, la gastronomie et l\u2019\u00e9change. Les Angles vous attend pour un moment que vous n\u2019\u00eates pas pr\u00e8s d\u2019oublier !<\/p>\n<h3>Practical information<\/h3>\n<p>\ud83d\udcc5 QUAND ? Mercredi 18 f\u00e9vrier 2025 de 17:00 \u00e0 22:00<br \/>\ud83d\udccd O\u00d9 ? Avenue de Mont-Louis, Les Angles<br \/>\ud83d\udcb6 COMBIEN ? Entr\u00e9e gratuite<\/p>","protected":false},"excerpt":{"rendered":"<p>Venez d\u00e9couvrir le Mercat d&rsquo;Aqui aux Angles le 18 f\u00e9vrier 2025 : march\u00e9 gourmand, concert live et ambiance conviviale au c\u0153ur des Pyr\u00e9n\u00e9es-Orientales.<\/p>","protected":false},"author":5,"featured_media":3605,"comment_status":"closed","ping_status":"open","sticky":false,"template":"","format":"standard","meta":{"_yoast_wpseo_focuskw":"Mercat d'Aqui Les Angles","_yoast_wpseo_title":"Mercat d'Aqui Les Angles : Concert et gastronomie locale","_yoast_wpseo_metadesc":"Mercat d'Aqui Les Angles : D\u00e9couvrez une soir\u00e9e festive avec concert, gastronomie et artisanat local. \u00c9v\u00e9nement gratuit en Pyr\u00e9n\u00e9es-Orientales.","_yoast_wpseo_canonical":"","_yoast_wpseo_opengraph-title":"Plongez dans la f\u00eate : Mercat d'Aqui aux Angles \u2014 Concert et saveurs locales","_yoast_wpseo_opengraph-description":"Imaginez une soir\u00e9e hivernale aux Angles, remplie de musique entra\u00eenante, de saveurs locales et d'artisanat unique. Rejoignez-nous pour une exp\u00e9rience inoubliable !","_yoast_wpseo_opengraph-image":"https:\/\/www.locansol.fr\/wp-content\/uploads\/2026\/02\/mercat-aqui-angles-pyrenees.webp","_yoast_wpseo_opengraph-image-id":"","_yoast_wpseo_twitter-title":"Mercat d'Aqui aux Angles : Une soir\u00e9e festive \u00e0 ne pas manquer !","_yoast_wpseo_twitter-description":"Rejoignez-nous pour une soir\u00e9e magique de musique, gastronomie et artisanat local aux Angles. Entr\u00e9e gratuite, ambiance garantie !","_yoast_wpseo_twitter-image":"https:\/\/www.locansol.fr\/wp-content\/uploads\/2026\/02\/mercat-aqui-angles-pyrenees.webp","_yoast_wpseo_twitter-image-id":"","yoast_primary_category":"Concert","footnotes":""},"categories":[45],"tags":[68,76],"class_list":["post-3606","post","type-post","status-publish","format-standard","has-post-thumbnail","hentry","category-festival","tag-manifestation-commerciale","tag-pyrenees-orientales"],"yoast_head":"<!-- This site is optimized with the Yoast SEO Premium plugin v23.3 (Yoast SEO v26.9) - https:\/\/yoast.com\/product\/yoast-seo-premium-wordpress\/ -->\n<title>Mercat d&#039;Aqui Les Angles : Concert et gastronomie locale<\/title>\n<meta name=\"description\" content=\"Mercat d&#039;Aqui Les Angles : D\u00e9couvrez une soir\u00e9e festive avec concert, gastronomie et artisanat local. \u00c9v\u00e9nement gratuit en Pyr\u00e9n\u00e9es-Orientales.\" \/>\n<meta name=\"robots\" content=\"index, follow, max-snippet:-1, max-image-preview:large, max-video-preview:-1\" \/>\n<link rel=\"canonical\" href=\"https:\/\/www.locansol.fr\/en\/mercat-aqui-angles-pyrenees\/\" \/>\n<meta property=\"og:locale\" content=\"en_GB\" \/>\n<meta property=\"og:type\" content=\"article\" \/>\n<meta property=\"og:title\" content=\"Plongez dans la f\u00eate : Mercat d&#039;Aqui aux Angles \u2014 Concert et saveurs locales\" \/>\n<meta property=\"og:description\" content=\"Imaginez une soir\u00e9e hivernale aux Angles, remplie de musique entra\u00eenante, de saveurs locales et d&#039;artisanat unique. Rejoignez-nous pour une exp\u00e9rience inoubliable !\" \/>\n<meta property=\"og:url\" content=\"https:\/\/www.locansol.fr\/en\/mercat-aqui-angles-pyrenees\/\" \/>\n<meta property=\"og:site_name\" content=\"Locansol, louer un h\u00e9bergement dans les Pyr\u00e9n\u00e9es Orientales\" \/>\n<meta property=\"article:published_time\" content=\"2026-02-18T07:07:18+00:00\" \/>\n<meta property=\"article:modified_time\" content=\"2026-02-18T07:07:24+00:00\" \/>\n<meta property=\"og:image\" content=\"https:\/\/www.locansol.fr\/wp-content\/uploads\/2026\/02\/mercat-aqui-angles-pyrenees.webp\" \/>\n<meta name=\"author\" content=\"H\u00e9bergements Locansol\" \/>\n<meta name=\"twitter:card\" content=\"summary_large_image\" \/>\n<meta name=\"twitter:title\" content=\"Mercat d&#039;Aqui aux Angles : Une soir\u00e9e festive \u00e0 ne pas manquer !\" \/>\n<meta name=\"twitter:description\" content=\"Rejoignez-nous pour une soir\u00e9e magique de musique, gastronomie et artisanat local aux Angles. Entr\u00e9e gratuite, ambiance garantie !\" \/>\n<meta name=\"twitter:image\" content=\"https:\/\/www.locansol.fr\/wp-content\/uploads\/2026\/02\/mercat-aqui-angles-pyrenees.webp\" \/>\n<meta name=\"twitter:label1\" content=\"Written by\" \/>\n\t<meta name=\"twitter:data1\" content=\"H\u00e9bergements Locansol\" \/>\n\t<meta name=\"twitter:label2\" content=\"Estimated reading time\" \/>\n\t<meta name=\"twitter:data2\" content=\"2 minutes\" \/>\n<script type=\"application\/ld+json\" class=\"yoast-schema-graph\">{\"@context\":\"https:\/\/schema.org\",\"@graph\":[{\"@type\":\"Article\",\"@id\":\"https:\/\/www.locansol.fr\/mercat-aqui-angles-pyrenees\/#article\",\"isPartOf\":{\"@id\":\"https:\/\/www.locansol.fr\/mercat-aqui-angles-pyrenees\/\"},\"author\":{\"name\":\"H\u00e9bergements Locansol\",\"@id\":\"https:\/\/www.locansol.fr\/#\/schema\/person\/0b08d440f1ac44674c6d498107de351d\"},\"headline\":\"Les Angles &#8211; 18 f\u00e9vrier 2025 &#8211; Mercat d&rsquo;Aqui : Concert, gastronomie et artisanat local\",\"datePublished\":\"2026-02-18T07:07:18+00:00\",\"dateModified\":\"2026-02-18T07:07:24+00:00\",\"mainEntityOfPage\":{\"@id\":\"https:\/\/www.locansol.fr\/mercat-aqui-angles-pyrenees\/\"},\"wordCount\":380,\"publisher\":{\"@id\":\"https:\/\/www.locansol.fr\/#organization\"},\"image\":{\"@id\":\"https:\/\/www.locansol.fr\/mercat-aqui-angles-pyrenees\/#primaryimage\"},\"thumbnailUrl\":\"https:\/\/www.locansol.fr\/wp-content\/uploads\/2026\/02\/mercat-aqui-angles-pyrenees.webp\",\"keywords\":[\"Manifestation commerciale\",\"Pyr\u00e9n\u00e9es-Orientales\"],\"articleSection\":[\"Festival\"],\"inLanguage\":\"en-GB\"},{\"@type\":\"WebPage\",\"@id\":\"https:\/\/www.locansol.fr\/mercat-aqui-angles-pyrenees\/\",\"url\":\"https:\/\/www.locansol.fr\/mercat-aqui-angles-pyrenees\/\",\"name\":\"Mercat d'Aqui Les Angles : Concert et gastronomie locale\",\"isPartOf\":{\"@id\":\"https:\/\/www.locansol.fr\/#website\"},\"primaryImageOfPage\":{\"@id\":\"https:\/\/www.locansol.fr\/mercat-aqui-angles-pyrenees\/#primaryimage\"},\"image\":{\"@id\":\"https:\/\/www.locansol.fr\/mercat-aqui-angles-pyrenees\/#primaryimage\"},\"thumbnailUrl\":\"https:\/\/www.locansol.fr\/wp-content\/uploads\/2026\/02\/mercat-aqui-angles-pyrenees.webp\",\"datePublished\":\"2026-02-18T07:07:18+00:00\",\"dateModified\":\"2026-02-18T07:07:24+00:00\",\"description\":\"Mercat d'Aqui Les Angles : D\u00e9couvrez une soir\u00e9e festive avec concert, gastronomie et artisanat local. \u00c9v\u00e9nement gratuit en Pyr\u00e9n\u00e9es-Orientales.\",\"breadcrumb\":{\"@id\":\"https:\/\/www.locansol.fr\/mercat-aqui-angles-pyrenees\/#breadcrumb\"},\"inLanguage\":\"en-GB\",\"potentialAction\":[{\"@type\":\"ReadAction\",\"target\":[\"https:\/\/www.locansol.fr\/mercat-aqui-angles-pyrenees\/\"]}]},{\"@type\":\"ImageObject\",\"inLanguage\":\"en-GB\",\"@id\":\"https:\/\/www.locansol.fr\/mercat-aqui-angles-pyrenees\/#primaryimage\",\"url\":\"https:\/\/www.locansol.fr\/wp-content\/uploads\/2026\/02\/mercat-aqui-angles-pyrenees.webp\",\"contentUrl\":\"https:\/\/www.locansol.fr\/wp-content\/uploads\/2026\/02\/mercat-aqui-angles-pyrenees.webp\",\"width\":1357,\"height\":1920,\"caption\":\"Mercat d'Aqui Les Angles : Concert et gastronomie locale\"},{\"@type\":\"BreadcrumbList\",\"@id\":\"https:\/\/www.locansol.fr\/mercat-aqui-angles-pyrenees\/#breadcrumb\",\"itemListElement\":[{\"@type\":\"ListItem\",\"position\":1,\"name\":\"Accueil\",\"item\":\"https:\/\/www.locansol.fr\/\"},{\"@type\":\"ListItem\",\"position\":2,\"name\":\"Les Angles &#8211; 18 f\u00e9vrier 2025 &#8211; Mercat d&rsquo;Aqui : Concert, gastronomie et artisanat local\"}]},{\"@type\":\"WebSite\",\"@id\":\"https:\/\/www.locansol.fr\/#website\",\"url\":\"https:\/\/www.locansol.fr\/\",\"name\":\"Locansol, louer un h\u00e9bergement dans les Pyr\u00e9n\u00e9es-Orientales\",\"description\":\"Location Mobil-home Mer M\u00e9diterran\u00e9e &amp; Chalet de Montagne dans les Pyr\u00e9n\u00e9es Orientales (Occitanie, 66). Weekend, s\u00e9jour &amp; vacances en famille et entre amis.\",\"publisher\":{\"@id\":\"https:\/\/www.locansol.fr\/#organization\"},\"alternateName\":\"Louer un h\u00e9bergement dans les Pyr\u00e9n\u00e9es Orientales, chalet & mobil-home en Occitanie\",\"potentialAction\":[{\"@type\":\"SearchAction\",\"target\":{\"@type\":\"EntryPoint\",\"urlTemplate\":\"https:\/\/www.locansol.fr\/?s={search_term_string}\"},\"query-input\":{\"@type\":\"PropertyValueSpecification\",\"valueRequired\":true,\"valueName\":\"search_term_string\"}}],\"inLanguage\":\"en-GB\"},{\"@type\":\"Organization\",\"@id\":\"https:\/\/www.locansol.fr\/#organization\",\"name\":\"Location MobilHome & chalet dans les Pyr\u00e9n\u00e9es Orientales\",\"alternateName\":\"Louer un h\u00e9bergement dans les Pyr\u00e9n\u00e9es Orientales en Occitanie\",\"url\":\"https:\/\/www.locansol.fr\/\",\"logo\":{\"@type\":\"ImageObject\",\"inLanguage\":\"en-GB\",\"@id\":\"https:\/\/www.locansol.fr\/#\/schema\/logo\/image\/\",\"url\":\"https:\/\/www.locansol.fr\/wp-content\/uploads\/2024\/04\/AdobeStock_303324767-scaled.jpeg\",\"contentUrl\":\"https:\/\/www.locansol.fr\/wp-content\/uploads\/2024\/04\/AdobeStock_303324767-scaled.jpeg\",\"width\":2560,\"height\":1707,\"caption\":\"Location MobilHome & chalet dans les Pyr\u00e9n\u00e9es Orientales\"},\"image\":{\"@id\":\"https:\/\/www.locansol.fr\/#\/schema\/logo\/image\/\"}},{\"@type\":\"Person\",\"@id\":\"https:\/\/www.locansol.fr\/#\/schema\/person\/0b08d440f1ac44674c6d498107de351d\",\"name\":\"H\u00e9bergements Locansol\",\"image\":{\"@type\":\"ImageObject\",\"inLanguage\":\"en-GB\",\"@id\":\"https:\/\/www.locansol.fr\/#\/schema\/person\/image\/\",\"url\":\"https:\/\/secure.gravatar.com\/avatar\/444436b93284204f8116b6e0eb964cd3fcb811519c737232bde6dd5743c37ee5?s=96&d=mm&r=g\",\"contentUrl\":\"https:\/\/secure.gravatar.com\/avatar\/444436b93284204f8116b6e0eb964cd3fcb811519c737232bde6dd5743c37ee5?s=96&d=mm&r=g\",\"caption\":\"H\u00e9bergements Locansol\"},\"sameAs\":[\"https:\/\/www.locansol.fr\/\"],\"url\":\"https:\/\/www.locansol.fr\/en\/author\/locansol\/\"}]}<\/script>\n<!-- \/ Yoast SEO Premium plugin. -->","yoast_head_json":{"title":"Mercat d'Aqui Les Angles : Concert et gastronomie locale","description":"Mercat d'Aqui Les Angles : D\u00e9couvrez une soir\u00e9e festive avec concert, gastronomie et artisanat local. \u00c9v\u00e9nement gratuit en Pyr\u00e9n\u00e9es-Orientales.","robots":{"index":"index","follow":"follow","max-snippet":"max-snippet:-1","max-image-preview":"max-image-preview:large","max-video-preview":"max-video-preview:-1"},"canonical":"https:\/\/www.locansol.fr\/en\/mercat-aqui-angles-pyrenees\/","og_locale":"en_GB","og_type":"article","og_title":"Plongez dans la f\u00eate : Mercat d'Aqui aux Angles \u2014 Concert et saveurs locales","og_description":"Imaginez une soir\u00e9e hivernale aux Angles, remplie de musique entra\u00eenante, de saveurs locales et d'artisanat unique. Rejoignez-nous pour une exp\u00e9rience inoubliable !","og_url":"https:\/\/www.locansol.fr\/en\/mercat-aqui-angles-pyrenees\/","og_site_name":"Locansol, louer un h\u00e9bergement dans les Pyr\u00e9n\u00e9es Orientales","article_published_time":"2026-02-18T07:07:18+00:00","article_modified_time":"2026-02-18T07:07:24+00:00","og_image":[{"url":"https:\/\/www.locansol.fr\/wp-content\/uploads\/2026\/02\/mercat-aqui-angles-pyrenees.webp","type":"","width":"","height":""}],"author":"H\u00e9bergements Locansol","twitter_card":"summary_large_image","twitter_title":"Mercat d'Aqui aux Angles : Une soir\u00e9e festive \u00e0 ne pas manquer !","twitter_description":"Rejoignez-nous pour une soir\u00e9e magique de musique, gastronomie et artisanat local aux Angles. Entr\u00e9e gratuite, ambiance garantie !","twitter_image":"https:\/\/www.locansol.fr\/wp-content\/uploads\/2026\/02\/mercat-aqui-angles-pyrenees.webp","twitter_misc":{"Written by":"H\u00e9bergements Locansol","Estimated reading time":"2 minutes"},"schema":{"@context":"https:\/\/schema.org","@graph":[{"@type":"Article","@id":"https:\/\/www.locansol.fr\/mercat-aqui-angles-pyrenees\/#article","isPartOf":{"@id":"https:\/\/www.locansol.fr\/mercat-aqui-angles-pyrenees\/"},"author":{"name":"H\u00e9bergements Locansol","@id":"https:\/\/www.locansol.fr\/#\/schema\/person\/0b08d440f1ac44674c6d498107de351d"},"headline":"Les Angles &#8211; 18 f\u00e9vrier 2025 &#8211; Mercat d&rsquo;Aqui : Concert, gastronomie et artisanat local","datePublished":"2026-02-18T07:07:18+00:00","dateModified":"2026-02-18T07:07:24+00:00","mainEntityOfPage":{"@id":"https:\/\/www.locansol.fr\/mercat-aqui-angles-pyrenees\/"},"wordCount":380,"publisher":{"@id":"https:\/\/www.locansol.fr\/#organization"},"image":{"@id":"https:\/\/www.locansol.fr\/mercat-aqui-angles-pyrenees\/#primaryimage"},"thumbnailUrl":"https:\/\/www.locansol.fr\/wp-content\/uploads\/2026\/02\/mercat-aqui-angles-pyrenees.webp","keywords":["Manifestation commerciale","Pyr\u00e9n\u00e9es-Orientales"],"articleSection":["Festival"],"inLanguage":"en-GB"},{"@type":"WebPage","@id":"https:\/\/www.locansol.fr\/mercat-aqui-angles-pyrenees\/","url":"https:\/\/www.locansol.fr\/mercat-aqui-angles-pyrenees\/","name":"Mercat d'Aqui Les Angles : Concert et gastronomie locale","isPartOf":{"@id":"https:\/\/www.locansol.fr\/#website"},"primaryImageOfPage":{"@id":"https:\/\/www.locansol.fr\/mercat-aqui-angles-pyrenees\/#primaryimage"},"image":{"@id":"https:\/\/www.locansol.fr\/mercat-aqui-angles-pyrenees\/#primaryimage"},"thumbnailUrl":"https:\/\/www.locansol.fr\/wp-content\/uploads\/2026\/02\/mercat-aqui-angles-pyrenees.webp","datePublished":"2026-02-18T07:07:18+00:00","dateModified":"2026-02-18T07:07:24+00:00","description":"Mercat d'Aqui Les Angles : D\u00e9couvrez une soir\u00e9e festive avec concert, gastronomie et artisanat local. \u00c9v\u00e9nement gratuit en Pyr\u00e9n\u00e9es-Orientales.","breadcrumb":{"@id":"https:\/\/www.locansol.fr\/mercat-aqui-angles-pyrenees\/#breadcrumb"},"inLanguage":"en-GB","potentialAction":[{"@type":"ReadAction","target":["https:\/\/www.locansol.fr\/mercat-aqui-angles-pyrenees\/"]}]},{"@type":"ImageObject","inLanguage":"en-GB","@id":"https:\/\/www.locansol.fr\/mercat-aqui-angles-pyrenees\/#primaryimage","url":"https:\/\/www.locansol.fr\/wp-content\/uploads\/2026\/02\/mercat-aqui-angles-pyrenees.webp","contentUrl":"https:\/\/www.locansol.fr\/wp-content\/uploads\/2026\/02\/mercat-aqui-angles-pyrenees.webp","width":1357,"height":1920,"caption":"Mercat d'Aqui Les Angles : Concert et gastronomie locale"},{"@type":"BreadcrumbList","@id":"https:\/\/www.locansol.fr\/mercat-aqui-angles-pyrenees\/#breadcrumb","itemListElement":[{"@type":"ListItem","position":1,"name":"Accueil","item":"https:\/\/www.locansol.fr\/"},{"@type":"ListItem","position":2,"name":"Les Angles &#8211; 18 f\u00e9vrier 2025 &#8211; Mercat d&rsquo;Aqui : Concert, gastronomie et artisanat local"}]},{"@type":"WebSite","@id":"https:\/\/www.locansol.fr\/#website","url":"https:\/\/www.locansol.fr\/","name":"Locansol, louer un h\u00e9bergement dans les Pyr\u00e9n\u00e9es-Orientales","description":"Location Mobil-home Mer M\u00e9diterran\u00e9e &amp; Chalet de Montagne dans les Pyr\u00e9n\u00e9es Orientales (Occitanie, 66). Weekend, s\u00e9jour &amp; vacances en famille et entre amis.","publisher":{"@id":"https:\/\/www.locansol.fr\/#organization"},"alternateName":"Louer un h\u00e9bergement dans les Pyr\u00e9n\u00e9es Orientales, chalet & mobil-home en Occitanie","potentialAction":[{"@type":"SearchAction","target":{"@type":"EntryPoint","urlTemplate":"https:\/\/www.locansol.fr\/?s={search_term_string}"},"query-input":{"@type":"PropertyValueSpecification","valueRequired":true,"valueName":"search_term_string"}}],"inLanguage":"en-GB"},{"@type":"Organization","@id":"https:\/\/www.locansol.fr\/#organization","name":"Location MobilHome & chalet dans les Pyr\u00e9n\u00e9es Orientales","alternateName":"Louer un h\u00e9bergement dans les Pyr\u00e9n\u00e9es Orientales en Occitanie","url":"https:\/\/www.locansol.fr\/","logo":{"@type":"ImageObject","inLanguage":"en-GB","@id":"https:\/\/www.locansol.fr\/#\/schema\/logo\/image\/","url":"https:\/\/www.locansol.fr\/wp-content\/uploads\/2024\/04\/AdobeStock_303324767-scaled.jpeg","contentUrl":"https:\/\/www.locansol.fr\/wp-content\/uploads\/2024\/04\/AdobeStock_303324767-scaled.jpeg","width":2560,"height":1707,"caption":"Location MobilHome & chalet dans les Pyr\u00e9n\u00e9es Orientales"},"image":{"@id":"https:\/\/www.locansol.fr\/#\/schema\/logo\/image\/"}},{"@type":"Person","@id":"https:\/\/www.locansol.fr\/#\/schema\/person\/0b08d440f1ac44674c6d498107de351d","name":"H\u00e9bergements Locansol","image":{"@type":"ImageObject","inLanguage":"en-GB","@id":"https:\/\/www.locansol.fr\/#\/schema\/person\/image\/","url":"https:\/\/secure.gravatar.com\/avatar\/444436b93284204f8116b6e0eb964cd3fcb811519c737232bde6dd5743c37ee5?s=96&d=mm&r=g","contentUrl":"https:\/\/secure.gravatar.com\/avatar\/444436b93284204f8116b6e0eb964cd3fcb811519c737232bde6dd5743c37ee5?s=96&d=mm&r=g","caption":"H\u00e9bergements Locansol"},"sameAs":["https:\/\/www.locansol.fr\/"],"url":"https:\/\/www.locansol.fr\/en\/author\/locansol\/"}]}},"_links":{"self":[{"href":"https:\/\/www.locansol.fr\/en\/wp-json\/wp\/v2\/posts\/3606","targetHints":{"allow":["GET"]}}],"collection":[{"href":"https:\/\/www.locansol.fr\/en\/wp-json\/wp\/v2\/posts"}],"about":[{"href":"https:\/\/www.locansol.fr\/en\/wp-json\/wp\/v2\/types\/post"}],"author":[{"embeddable":true,"href":"https:\/\/www.locansol.fr\/en\/wp-json\/wp\/v2\/users\/5"}],"replies":[{"embeddable":true,"href":"https:\/\/www.locansol.fr\/en\/wp-json\/wp\/v2\/comments?post=3606"}],"version-history":[{"count":1,"href":"https:\/\/www.locansol.fr\/en\/wp-json\/wp\/v2\/posts\/3606\/revisions"}],"predecessor-version":[{"id":3607,"href":"https:\/\/www.locansol.fr\/en\/wp-json\/wp\/v2\/posts\/3606\/revisions\/3607"}],"wp:featuredmedia":[{"embeddable":true,"href":"https:\/\/www.locansol.fr\/en\/wp-json\/wp\/v2\/media\/3605"}],"wp:attachment":[{"href":"https:\/\/www.locansol.fr\/en\/wp-json\/wp\/v2\/media?parent=3606"}],"wp:term":[{"taxonomy":"category","embeddable":true,"href":"https:\/\/www.locansol.fr\/en\/wp-json\/wp\/v2\/categories?post=3606"},{"taxonomy":"post_tag","embeddable":true,"href":"https:\/\/www.locansol.fr\/en\/wp-json\/wp\/v2\/tags?post=3606"}],"curies":[{"name":"wp","href":"https:\/\/api.w.org\/{rel}","templated":true}]}}