{"id":3800,"date":"2026-02-21T12:11:30","date_gmt":"2026-02-21T11:11:30","guid":{"rendered":"https:\/\/www.locansol.fr\/carnaval-colore-barcares-familial\/"},"modified":"2026-02-21T12:11:34","modified_gmt":"2026-02-21T11:11:34","slug":"carnaval-colore-barcares-familial","status":"publish","type":"post","link":"https:\/\/www.locansol.fr\/en\/carnaval-colore-barcares-familial\/","title":{"rendered":"Carnaval du Barcar\u00e8s 2024 : F\u00eate color\u00e9e et animation pour tous"},"content":{"rendered":"<p>Le Carnaval du Barcar\u00e8s revient le samedi 21 f\u00e9vrier \u00e0 15h30 dans le quartier embl\u00e9matique du Lido, pr\u00e9cis\u00e9ment sur le Boulevard des Rois de Majorque. Ce rendez-vous festif incontournable promet une explosion de couleurs, de musique et de bonne humeur sur cette commune du littoral des Pyr\u00e9n\u00e9es-Orientales.<\/p>\n<p>Chaque ann\u00e9e, cet \u00e9v\u00e9nement est l&rsquo;occasion de c\u00e9l\u00e9brer la cr\u00e9ativit\u00e9 et la culture locale. Si vous aimez les d\u00e9fil\u00e9s enjou\u00e9s, les chars spectaculaires et les costumes haut en couleur, ce carnaval est fait pour vous ! Dans une ambiance chaleureuse et conviviale, les associations locales et compagnies de rue se sont pr\u00e9par\u00e9es pour offrir un spectacle inoubliable. Les rues de Le Barcar\u00e8s se m\u00e9tamorphoseront en une sc\u00e8ne de f\u00eate o\u00f9 petits et grands trouveront leur bonheur.<\/p>\n<p>Le point culminant de cette journ\u00e9e festive ? Le d\u00e9fil\u00e9 du carnaval, bien s\u00fbr ! Imaginez des chars m\u00e9ticuleusement d\u00e9cor\u00e9s traversant la foule, des artistes costum\u00e9s incarnant l\u2019esprit du carnaval et des animations captivantes tout au long du parcours. Vous pourrez admirer l\u2019inventivit\u00e9 des d\u00e9corations et sentir l&rsquo;\u00e9nergie communicative des participants d\u00e9ployant leurs talents artistiques pour \u00e9merveiller les visiteurs.<\/p>\n<p>Mais ce n\u2019est pas tout ! Le Carnaval du Barcar\u00e8s, c\u2019est \u00e9galement une belle opportunit\u00e9 pour se d\u00e9guiser et s&rsquo;immerger pleinement dans la f\u00eate. Que vous veniez en famille, entre amis ou m\u00eame en solo, le plaisir sera au rendez-vous. Des ateliers et animations vari\u00e9s seront au programme afin que chacun y trouve de quoi s\u2019amuser, quel que soit son \u00e2ge.<\/p>\n<p>Le Carnaval du Barcar\u00e8s, organis\u00e9 par la municipalit\u00e9 en partenariat avec les associations locales, est plus qu\u2019une simple f\u00eate : c\u2019est un hommage \u00e0 la joie de vivre et \u00e0 l\u2019esprit communautaire qui anime cette destination. De plus, cet \u00e9v\u00e9nement est compl\u00e8tement gratuit, une raison de plus pour ne pas manquer cette belle journ\u00e9e !<\/p>\n<p>Ne laissez pas passer cette occasion de d\u00e9couvrir ou red\u00e9couvrir le Barcar\u00e8s sous un jour festif et chaleureux. Pr\u00e9parez vos masques, invitez vos proches et laissez-vous emporter par le tourbillon de ce moment magique et color\u00e9.<\/p>\n<h3>Practical information<\/h3>\n<p>\ud83d\udcc5 QUAND ? Samedi 21 f\u00e9vrier \u00e0 15h30<br \/>\ud83d\udccd O\u00d9 ? Boulevard des Rois de Majorque, Quartier le Lido, Le Barcar\u00e8s<br \/>\ud83d\udcb6 COMBIEN ? Entr\u00e9e gratuite<\/p>","protected":false},"excerpt":{"rendered":"<p>Plongez dans l&rsquo;ambiance festive du Carnaval du Barcar\u00e8s ce samedi 21 f\u00e9vrier \u00e0 15h30, avec ses chars color\u00e9s, costumes \u00e9clatants et animations gratuites pour tous.<\/p>","protected":false},"author":5,"featured_media":3799,"comment_status":"closed","ping_status":"open","sticky":false,"template":"","format":"standard","meta":{"_yoast_wpseo_focuskw":"Carnaval color\u00e9 Barcar\u00e8s familial","_yoast_wpseo_title":"Carnaval du Barcar\u00e8s Pyr\u00e9n\u00e9es-Orientales : f\u00eate color\u00e9e","_yoast_wpseo_metadesc":"Carnaval du Barcar\u00e8s Pyr\u00e9n\u00e9es-Orientales : d\u00e9couvrez une explosion de couleurs et de musique dans les Pyr\u00e9n\u00e9es-Orientales. D\u00e9fil\u00e9s, chars spectaculaires et animations pour tous.","_yoast_wpseo_canonical":"","_yoast_wpseo_opengraph-title":"Vivez la magie du Carnaval du Barcar\u00e8s \u2014 une explosion de couleurs !","_yoast_wpseo_opengraph-description":"Plongez dans un tourbillon de couleurs et de musique au Carnaval du Barcar\u00e8s. Une journ\u00e9e festive inoubliable pour toute la famille !","_yoast_wpseo_opengraph-image":"https:\/\/www.locansol.fr\/wp-content\/uploads\/2026\/02\/carnaval-colory-barcares-familial.webp","_yoast_wpseo_opengraph-image-id":"","_yoast_wpseo_twitter-title":"Carnaval du Barcar\u00e8s : une f\u00eate color\u00e9e \u00e0 ne pas manquer !","_yoast_wpseo_twitter-description":"Rejoignez le Carnaval du Barcar\u00e8s pour des d\u00e9fil\u00e9s spectaculaires, des costumes color\u00e9s et une ambiance festive. Entr\u00e9e gratuite !","_yoast_wpseo_twitter-image":"https:\/\/www.locansol.fr\/wp-content\/uploads\/2026\/02\/carnaval-colory-barcares-familial.webp","_yoast_wpseo_twitter-image-id":"","yoast_primary_category":"Carnaval","footnotes":""},"categories":[42],"tags":[66,67,76],"class_list":["post-3800","post","type-post","status-publish","format-standard","has-post-thumbnail","hentry","category-excursion","tag-evenement-culturel","tag-loisirs","tag-pyrenees-orientales"],"yoast_head":"<!-- This site is optimized with the Yoast SEO Premium plugin v23.3 (Yoast SEO v26.9) - https:\/\/yoast.com\/product\/yoast-seo-premium-wordpress\/ -->\n<title>Carnaval du Barcar\u00e8s Pyr\u00e9n\u00e9es-Orientales : f\u00eate color\u00e9e<\/title>\n<meta name=\"description\" content=\"Carnaval du Barcar\u00e8s Pyr\u00e9n\u00e9es-Orientales : d\u00e9couvrez une explosion de couleurs et de musique dans les Pyr\u00e9n\u00e9es-Orientales. D\u00e9fil\u00e9s, chars spectaculaires et animations pour tous.\" \/>\n<meta name=\"robots\" content=\"index, follow, max-snippet:-1, max-image-preview:large, max-video-preview:-1\" \/>\n<link rel=\"canonical\" href=\"https:\/\/www.locansol.fr\/en\/carnaval-colore-barcares-familial\/\" \/>\n<meta property=\"og:locale\" content=\"en_GB\" \/>\n<meta property=\"og:type\" content=\"article\" \/>\n<meta property=\"og:title\" content=\"Vivez la magie du Carnaval du Barcar\u00e8s \u2014 une explosion de couleurs !\" \/>\n<meta property=\"og:description\" content=\"Plongez dans un tourbillon de couleurs et de musique au Carnaval du Barcar\u00e8s. Une journ\u00e9e festive inoubliable pour toute la famille !\" \/>\n<meta property=\"og:url\" content=\"https:\/\/www.locansol.fr\/en\/carnaval-colore-barcares-familial\/\" \/>\n<meta property=\"og:site_name\" content=\"Locansol, louer un h\u00e9bergement dans les Pyr\u00e9n\u00e9es Orientales\" \/>\n<meta property=\"article:published_time\" content=\"2026-02-21T11:11:30+00:00\" \/>\n<meta property=\"article:modified_time\" content=\"2026-02-21T11:11:34+00:00\" \/>\n<meta property=\"og:image\" content=\"https:\/\/www.locansol.fr\/wp-content\/uploads\/2026\/02\/carnaval-colory-barcares-familial.webp\" \/>\n<meta name=\"author\" content=\"H\u00e9bergements Locansol\" \/>\n<meta name=\"twitter:card\" content=\"summary_large_image\" \/>\n<meta name=\"twitter:title\" content=\"Carnaval du Barcar\u00e8s : une f\u00eate color\u00e9e \u00e0 ne pas manquer !\" \/>\n<meta name=\"twitter:description\" content=\"Rejoignez le Carnaval du Barcar\u00e8s pour des d\u00e9fil\u00e9s spectaculaires, des costumes color\u00e9s et une ambiance festive. Entr\u00e9e gratuite !\" \/>\n<meta name=\"twitter:image\" content=\"https:\/\/www.locansol.fr\/wp-content\/uploads\/2026\/02\/carnaval-colory-barcares-familial.webp\" \/>\n<meta name=\"twitter:label1\" content=\"Written by\" \/>\n\t<meta name=\"twitter:data1\" content=\"H\u00e9bergements Locansol\" \/>\n\t<meta name=\"twitter:label2\" content=\"Estimated reading time\" \/>\n\t<meta name=\"twitter:data2\" content=\"2 minutes\" \/>\n<script type=\"application\/ld+json\" class=\"yoast-schema-graph\">{\"@context\":\"https:\/\/schema.org\",\"@graph\":[{\"@type\":\"Article\",\"@id\":\"https:\/\/www.locansol.fr\/carnaval-colore-barcares-familial\/#article\",\"isPartOf\":{\"@id\":\"https:\/\/www.locansol.fr\/carnaval-colore-barcares-familial\/\"},\"author\":{\"name\":\"H\u00e9bergements Locansol\",\"@id\":\"https:\/\/www.locansol.fr\/#\/schema\/person\/0b08d440f1ac44674c6d498107de351d\"},\"headline\":\"Carnaval du Barcar\u00e8s 2024 : F\u00eate color\u00e9e et animation pour tous\",\"datePublished\":\"2026-02-21T11:11:30+00:00\",\"dateModified\":\"2026-02-21T11:11:34+00:00\",\"mainEntityOfPage\":{\"@id\":\"https:\/\/www.locansol.fr\/carnaval-colore-barcares-familial\/\"},\"wordCount\":414,\"publisher\":{\"@id\":\"https:\/\/www.locansol.fr\/#organization\"},\"image\":{\"@id\":\"https:\/\/www.locansol.fr\/carnaval-colore-barcares-familial\/#primaryimage\"},\"thumbnailUrl\":\"https:\/\/www.locansol.fr\/wp-content\/uploads\/2026\/02\/carnaval-colory-barcares-familial.webp\",\"keywords\":[\"\u00c9v\u00e8nement culturel\",\"Loisirs\",\"Pyr\u00e9n\u00e9es-Orientales\"],\"articleSection\":[\"Excursion\"],\"inLanguage\":\"en-GB\"},{\"@type\":\"WebPage\",\"@id\":\"https:\/\/www.locansol.fr\/carnaval-colore-barcares-familial\/\",\"url\":\"https:\/\/www.locansol.fr\/carnaval-colore-barcares-familial\/\",\"name\":\"Carnaval du Barcar\u00e8s Pyr\u00e9n\u00e9es-Orientales : f\u00eate color\u00e9e\",\"isPartOf\":{\"@id\":\"https:\/\/www.locansol.fr\/#website\"},\"primaryImageOfPage\":{\"@id\":\"https:\/\/www.locansol.fr\/carnaval-colore-barcares-familial\/#primaryimage\"},\"image\":{\"@id\":\"https:\/\/www.locansol.fr\/carnaval-colore-barcares-familial\/#primaryimage\"},\"thumbnailUrl\":\"https:\/\/www.locansol.fr\/wp-content\/uploads\/2026\/02\/carnaval-colory-barcares-familial.webp\",\"datePublished\":\"2026-02-21T11:11:30+00:00\",\"dateModified\":\"2026-02-21T11:11:34+00:00\",\"description\":\"Carnaval du Barcar\u00e8s Pyr\u00e9n\u00e9es-Orientales : d\u00e9couvrez une explosion de couleurs et de musique dans les Pyr\u00e9n\u00e9es-Orientales. D\u00e9fil\u00e9s, chars spectaculaires et animations pour tous.\",\"breadcrumb\":{\"@id\":\"https:\/\/www.locansol.fr\/carnaval-colore-barcares-familial\/#breadcrumb\"},\"inLanguage\":\"en-GB\",\"potentialAction\":[{\"@type\":\"ReadAction\",\"target\":[\"https:\/\/www.locansol.fr\/carnaval-colore-barcares-familial\/\"]}]},{\"@type\":\"ImageObject\",\"inLanguage\":\"en-GB\",\"@id\":\"https:\/\/www.locansol.fr\/carnaval-colore-barcares-familial\/#primaryimage\",\"url\":\"https:\/\/www.locansol.fr\/wp-content\/uploads\/2026\/02\/carnaval-colory-barcares-familial.webp\",\"contentUrl\":\"https:\/\/www.locansol.fr\/wp-content\/uploads\/2026\/02\/carnaval-colory-barcares-familial.webp\",\"width\":1024,\"height\":768,\"caption\":\"Carnaval du Barcar\u00e8s Pyr\u00e9n\u00e9es-Orientales : f\u00eate color\u00e9e\"},{\"@type\":\"BreadcrumbList\",\"@id\":\"https:\/\/www.locansol.fr\/carnaval-colore-barcares-familial\/#breadcrumb\",\"itemListElement\":[{\"@type\":\"ListItem\",\"position\":1,\"name\":\"Accueil\",\"item\":\"https:\/\/www.locansol.fr\/\"},{\"@type\":\"ListItem\",\"position\":2,\"name\":\"Carnaval du Barcar\u00e8s 2024 : F\u00eate color\u00e9e et animation pour tous\"}]},{\"@type\":\"WebSite\",\"@id\":\"https:\/\/www.locansol.fr\/#website\",\"url\":\"https:\/\/www.locansol.fr\/\",\"name\":\"Locansol, louer un h\u00e9bergement dans les Pyr\u00e9n\u00e9es-Orientales\",\"description\":\"Location Mobil-home Mer M\u00e9diterran\u00e9e &amp; Chalet de Montagne dans les Pyr\u00e9n\u00e9es Orientales (Occitanie, 66). Weekend, s\u00e9jour &amp; vacances en famille et entre amis.\",\"publisher\":{\"@id\":\"https:\/\/www.locansol.fr\/#organization\"},\"alternateName\":\"Louer un h\u00e9bergement dans les Pyr\u00e9n\u00e9es Orientales, chalet & mobil-home en Occitanie\",\"potentialAction\":[{\"@type\":\"SearchAction\",\"target\":{\"@type\":\"EntryPoint\",\"urlTemplate\":\"https:\/\/www.locansol.fr\/?s={search_term_string}\"},\"query-input\":{\"@type\":\"PropertyValueSpecification\",\"valueRequired\":true,\"valueName\":\"search_term_string\"}}],\"inLanguage\":\"en-GB\"},{\"@type\":\"Organization\",\"@id\":\"https:\/\/www.locansol.fr\/#organization\",\"name\":\"Location MobilHome & chalet dans les Pyr\u00e9n\u00e9es Orientales\",\"alternateName\":\"Louer un h\u00e9bergement dans les Pyr\u00e9n\u00e9es Orientales en Occitanie\",\"url\":\"https:\/\/www.locansol.fr\/\",\"logo\":{\"@type\":\"ImageObject\",\"inLanguage\":\"en-GB\",\"@id\":\"https:\/\/www.locansol.fr\/#\/schema\/logo\/image\/\",\"url\":\"https:\/\/www.locansol.fr\/wp-content\/uploads\/2024\/04\/AdobeStock_303324767-scaled.jpeg\",\"contentUrl\":\"https:\/\/www.locansol.fr\/wp-content\/uploads\/2024\/04\/AdobeStock_303324767-scaled.jpeg\",\"width\":2560,\"height\":1707,\"caption\":\"Location MobilHome & chalet dans les Pyr\u00e9n\u00e9es Orientales\"},\"image\":{\"@id\":\"https:\/\/www.locansol.fr\/#\/schema\/logo\/image\/\"}},{\"@type\":\"Person\",\"@id\":\"https:\/\/www.locansol.fr\/#\/schema\/person\/0b08d440f1ac44674c6d498107de351d\",\"name\":\"H\u00e9bergements Locansol\",\"image\":{\"@type\":\"ImageObject\",\"inLanguage\":\"en-GB\",\"@id\":\"https:\/\/www.locansol.fr\/#\/schema\/person\/image\/\",\"url\":\"https:\/\/secure.gravatar.com\/avatar\/444436b93284204f8116b6e0eb964cd3fcb811519c737232bde6dd5743c37ee5?s=96&d=mm&r=g\",\"contentUrl\":\"https:\/\/secure.gravatar.com\/avatar\/444436b93284204f8116b6e0eb964cd3fcb811519c737232bde6dd5743c37ee5?s=96&d=mm&r=g\",\"caption\":\"H\u00e9bergements Locansol\"},\"sameAs\":[\"https:\/\/www.locansol.fr\/\"],\"url\":\"https:\/\/www.locansol.fr\/en\/author\/locansol\/\"}]}<\/script>\n<!-- \/ Yoast SEO Premium plugin. -->","yoast_head_json":{"title":"Carnaval du Barcar\u00e8s Pyr\u00e9n\u00e9es-Orientales : f\u00eate color\u00e9e","description":"Carnaval du Barcar\u00e8s Pyr\u00e9n\u00e9es-Orientales : d\u00e9couvrez une explosion de couleurs et de musique dans les Pyr\u00e9n\u00e9es-Orientales. D\u00e9fil\u00e9s, chars spectaculaires et animations pour tous.","robots":{"index":"index","follow":"follow","max-snippet":"max-snippet:-1","max-image-preview":"max-image-preview:large","max-video-preview":"max-video-preview:-1"},"canonical":"https:\/\/www.locansol.fr\/en\/carnaval-colore-barcares-familial\/","og_locale":"en_GB","og_type":"article","og_title":"Vivez la magie du Carnaval du Barcar\u00e8s \u2014 une explosion de couleurs !","og_description":"Plongez dans un tourbillon de couleurs et de musique au Carnaval du Barcar\u00e8s. Une journ\u00e9e festive inoubliable pour toute la famille !","og_url":"https:\/\/www.locansol.fr\/en\/carnaval-colore-barcares-familial\/","og_site_name":"Locansol, louer un h\u00e9bergement dans les Pyr\u00e9n\u00e9es Orientales","article_published_time":"2026-02-21T11:11:30+00:00","article_modified_time":"2026-02-21T11:11:34+00:00","og_image":[{"url":"https:\/\/www.locansol.fr\/wp-content\/uploads\/2026\/02\/carnaval-colory-barcares-familial.webp","type":"","width":"","height":""}],"author":"H\u00e9bergements Locansol","twitter_card":"summary_large_image","twitter_title":"Carnaval du Barcar\u00e8s : une f\u00eate color\u00e9e \u00e0 ne pas manquer !","twitter_description":"Rejoignez le Carnaval du Barcar\u00e8s pour des d\u00e9fil\u00e9s spectaculaires, des costumes color\u00e9s et une ambiance festive. Entr\u00e9e gratuite !","twitter_image":"https:\/\/www.locansol.fr\/wp-content\/uploads\/2026\/02\/carnaval-colory-barcares-familial.webp","twitter_misc":{"Written by":"H\u00e9bergements Locansol","Estimated reading time":"2 minutes"},"schema":{"@context":"https:\/\/schema.org","@graph":[{"@type":"Article","@id":"https:\/\/www.locansol.fr\/carnaval-colore-barcares-familial\/#article","isPartOf":{"@id":"https:\/\/www.locansol.fr\/carnaval-colore-barcares-familial\/"},"author":{"name":"H\u00e9bergements Locansol","@id":"https:\/\/www.locansol.fr\/#\/schema\/person\/0b08d440f1ac44674c6d498107de351d"},"headline":"Carnaval du Barcar\u00e8s 2024 : F\u00eate color\u00e9e et animation pour tous","datePublished":"2026-02-21T11:11:30+00:00","dateModified":"2026-02-21T11:11:34+00:00","mainEntityOfPage":{"@id":"https:\/\/www.locansol.fr\/carnaval-colore-barcares-familial\/"},"wordCount":414,"publisher":{"@id":"https:\/\/www.locansol.fr\/#organization"},"image":{"@id":"https:\/\/www.locansol.fr\/carnaval-colore-barcares-familial\/#primaryimage"},"thumbnailUrl":"https:\/\/www.locansol.fr\/wp-content\/uploads\/2026\/02\/carnaval-colory-barcares-familial.webp","keywords":["\u00c9v\u00e8nement culturel","Loisirs","Pyr\u00e9n\u00e9es-Orientales"],"articleSection":["Excursion"],"inLanguage":"en-GB"},{"@type":"WebPage","@id":"https:\/\/www.locansol.fr\/carnaval-colore-barcares-familial\/","url":"https:\/\/www.locansol.fr\/carnaval-colore-barcares-familial\/","name":"Carnaval du Barcar\u00e8s Pyr\u00e9n\u00e9es-Orientales : f\u00eate color\u00e9e","isPartOf":{"@id":"https:\/\/www.locansol.fr\/#website"},"primaryImageOfPage":{"@id":"https:\/\/www.locansol.fr\/carnaval-colore-barcares-familial\/#primaryimage"},"image":{"@id":"https:\/\/www.locansol.fr\/carnaval-colore-barcares-familial\/#primaryimage"},"thumbnailUrl":"https:\/\/www.locansol.fr\/wp-content\/uploads\/2026\/02\/carnaval-colory-barcares-familial.webp","datePublished":"2026-02-21T11:11:30+00:00","dateModified":"2026-02-21T11:11:34+00:00","description":"Carnaval du Barcar\u00e8s Pyr\u00e9n\u00e9es-Orientales : d\u00e9couvrez une explosion de couleurs et de musique dans les Pyr\u00e9n\u00e9es-Orientales. D\u00e9fil\u00e9s, chars spectaculaires et animations pour tous.","breadcrumb":{"@id":"https:\/\/www.locansol.fr\/carnaval-colore-barcares-familial\/#breadcrumb"},"inLanguage":"en-GB","potentialAction":[{"@type":"ReadAction","target":["https:\/\/www.locansol.fr\/carnaval-colore-barcares-familial\/"]}]},{"@type":"ImageObject","inLanguage":"en-GB","@id":"https:\/\/www.locansol.fr\/carnaval-colore-barcares-familial\/#primaryimage","url":"https:\/\/www.locansol.fr\/wp-content\/uploads\/2026\/02\/carnaval-colory-barcares-familial.webp","contentUrl":"https:\/\/www.locansol.fr\/wp-content\/uploads\/2026\/02\/carnaval-colory-barcares-familial.webp","width":1024,"height":768,"caption":"Carnaval du Barcar\u00e8s Pyr\u00e9n\u00e9es-Orientales : f\u00eate color\u00e9e"},{"@type":"BreadcrumbList","@id":"https:\/\/www.locansol.fr\/carnaval-colore-barcares-familial\/#breadcrumb","itemListElement":[{"@type":"ListItem","position":1,"name":"Accueil","item":"https:\/\/www.locansol.fr\/"},{"@type":"ListItem","position":2,"name":"Carnaval du Barcar\u00e8s 2024 : F\u00eate color\u00e9e et animation pour tous"}]},{"@type":"WebSite","@id":"https:\/\/www.locansol.fr\/#website","url":"https:\/\/www.locansol.fr\/","name":"Locansol, louer un h\u00e9bergement dans les Pyr\u00e9n\u00e9es-Orientales","description":"Location Mobil-home Mer M\u00e9diterran\u00e9e &amp; Chalet de Montagne dans les Pyr\u00e9n\u00e9es Orientales (Occitanie, 66). Weekend, s\u00e9jour &amp; vacances en famille et entre amis.","publisher":{"@id":"https:\/\/www.locansol.fr\/#organization"},"alternateName":"Louer un h\u00e9bergement dans les Pyr\u00e9n\u00e9es Orientales, chalet & mobil-home en Occitanie","potentialAction":[{"@type":"SearchAction","target":{"@type":"EntryPoint","urlTemplate":"https:\/\/www.locansol.fr\/?s={search_term_string}"},"query-input":{"@type":"PropertyValueSpecification","valueRequired":true,"valueName":"search_term_string"}}],"inLanguage":"en-GB"},{"@type":"Organization","@id":"https:\/\/www.locansol.fr\/#organization","name":"Location MobilHome & chalet dans les Pyr\u00e9n\u00e9es Orientales","alternateName":"Louer un h\u00e9bergement dans les Pyr\u00e9n\u00e9es Orientales en Occitanie","url":"https:\/\/www.locansol.fr\/","logo":{"@type":"ImageObject","inLanguage":"en-GB","@id":"https:\/\/www.locansol.fr\/#\/schema\/logo\/image\/","url":"https:\/\/www.locansol.fr\/wp-content\/uploads\/2024\/04\/AdobeStock_303324767-scaled.jpeg","contentUrl":"https:\/\/www.locansol.fr\/wp-content\/uploads\/2024\/04\/AdobeStock_303324767-scaled.jpeg","width":2560,"height":1707,"caption":"Location MobilHome & chalet dans les Pyr\u00e9n\u00e9es Orientales"},"image":{"@id":"https:\/\/www.locansol.fr\/#\/schema\/logo\/image\/"}},{"@type":"Person","@id":"https:\/\/www.locansol.fr\/#\/schema\/person\/0b08d440f1ac44674c6d498107de351d","name":"H\u00e9bergements Locansol","image":{"@type":"ImageObject","inLanguage":"en-GB","@id":"https:\/\/www.locansol.fr\/#\/schema\/person\/image\/","url":"https:\/\/secure.gravatar.com\/avatar\/444436b93284204f8116b6e0eb964cd3fcb811519c737232bde6dd5743c37ee5?s=96&d=mm&r=g","contentUrl":"https:\/\/secure.gravatar.com\/avatar\/444436b93284204f8116b6e0eb964cd3fcb811519c737232bde6dd5743c37ee5?s=96&d=mm&r=g","caption":"H\u00e9bergements Locansol"},"sameAs":["https:\/\/www.locansol.fr\/"],"url":"https:\/\/www.locansol.fr\/en\/author\/locansol\/"}]}},"_links":{"self":[{"href":"https:\/\/www.locansol.fr\/en\/wp-json\/wp\/v2\/posts\/3800","targetHints":{"allow":["GET"]}}],"collection":[{"href":"https:\/\/www.locansol.fr\/en\/wp-json\/wp\/v2\/posts"}],"about":[{"href":"https:\/\/www.locansol.fr\/en\/wp-json\/wp\/v2\/types\/post"}],"author":[{"embeddable":true,"href":"https:\/\/www.locansol.fr\/en\/wp-json\/wp\/v2\/users\/5"}],"replies":[{"embeddable":true,"href":"https:\/\/www.locansol.fr\/en\/wp-json\/wp\/v2\/comments?post=3800"}],"version-history":[{"count":1,"href":"https:\/\/www.locansol.fr\/en\/wp-json\/wp\/v2\/posts\/3800\/revisions"}],"predecessor-version":[{"id":3801,"href":"https:\/\/www.locansol.fr\/en\/wp-json\/wp\/v2\/posts\/3800\/revisions\/3801"}],"wp:featuredmedia":[{"embeddable":true,"href":"https:\/\/www.locansol.fr\/en\/wp-json\/wp\/v2\/media\/3799"}],"wp:attachment":[{"href":"https:\/\/www.locansol.fr\/en\/wp-json\/wp\/v2\/media?parent=3800"}],"wp:term":[{"taxonomy":"category","embeddable":true,"href":"https:\/\/www.locansol.fr\/en\/wp-json\/wp\/v2\/categories?post=3800"},{"taxonomy":"post_tag","embeddable":true,"href":"https:\/\/www.locansol.fr\/en\/wp-json\/wp\/v2\/tags?post=3800"}],"curies":[{"name":"wp","href":"https:\/\/api.w.org\/{rel}","templated":true}]}}