{"id":3823,"date":"2026-02-21T16:05:14","date_gmt":"2026-02-21T15:05:14","guid":{"rendered":"https:\/\/www.locansol.fr\/carnaval-port-vendres-fete-costume\/"},"modified":"2026-02-21T16:05:18","modified_gmt":"2026-02-21T15:05:18","slug":"carnaval-port-vendres-fete-costume","status":"publish","type":"post","link":"https:\/\/www.locansol.fr\/en\/carnaval-port-vendres-fete-costume\/","title":{"rendered":"Port-Vendres &#8211; 21 f\u00e9vrier &#8211; Carnaval 2024 &#8211; Plongez dans l&rsquo;ambiance festive !"},"content":{"rendered":"<p>Le Carnaval de Port-Vendres revient ce samedi 21 f\u00e9vrier \u00e0 15h00 pour une apr\u00e8s-midi plac\u00e9e sous le signe de la joie et des festivit\u00e9s. Cet \u00e9v\u00e9nement gratuit et ouvert \u00e0 tous se d\u00e9roulera au gymnase Thierry Gonzalvez, id\u00e9alement situ\u00e9 au 12 D114, Port-Vendres. Alors, pourquoi ne pas sortir vos plus beaux costumes et rejoindre cette f\u00eate locale incontournable ?<\/p>\n<p>### Une f\u00eate haute en couleurs \u00e0 ne pas manquer<br \/>Le Carnaval est l&rsquo;occasion parfaite pour se d\u00e9guiser, l\u00e2cher prise et profiter de l&rsquo;\u00e9nergie contagieuse des c\u00e9l\u00e9brations. \u00c0 Port-Vendres, la tradition est respect\u00e9e avec un programme riche en animations et une ambiance conviviale qui r\u00e9unit petits et grands. Le gymnase Thierry Gonzalvez offrira l&rsquo;espace id\u00e9al pour accueillir toutes les g\u00e9n\u00e9rations dans des d\u00e9cors festifs et color\u00e9s.<\/p>\n<p>Les participants sont invit\u00e9s \u00e0 se plonger dans cet univers en arborant leurs costumes les plus cr\u00e9atifs. Que vous soyez super-h\u00e9ros, princesse, pirate ou personnage fantastique, l&rsquo;important est de participer et de laisser votre imagination s&rsquo;exprimer. Le Carnaval de Port-Vendres se positionne comme un \u00e9v\u00e9nement interg\u00e9n\u00e9rationnel, o\u00f9 chacun trouve sa place et peut s\u2019amuser sans r\u00e9serve !<\/p>\n<p>### Un acc\u00e8s libre et une ambiance locale<br \/>Avec son entr\u00e9e gratuite, le Carnaval de Port-Vendres est une sortie id\u00e9ale pour toute la famille ou pour un apr\u00e8s-midi entre amis. Cette accessibilit\u00e9 traduit l&rsquo;esprit d&rsquo;accueil qui caract\u00e9rise les traditions locales et permet \u00e0 chacun de profiter pleinement des festivit\u00e9s sans contrainte.<\/p>\n<p>Le programme, bien que centr\u00e9 principalement sur les costumes et l&rsquo;animation, r\u00e9serve quelques surprises qui raviront les visiteurs tout au long de l&rsquo;apr\u00e8s-midi. Et bien s\u00fbr, au-del\u00e0 des activit\u00e9s propos\u00e9es, c&rsquo;est l&rsquo;atmosph\u00e8re chaleureuse et festive de Port-Vendres qui rend ce carnaval si sp\u00e9cial. En plein c\u0153ur du territoire des Pyr\u00e9n\u00e9es-Orientales, cette f\u00eate traduit l&rsquo;\u00e9nergie locale et l&rsquo;attachement aux traditions, tout en offrant un moment de d\u00e9tente et de plaisir partag\u00e9.<\/p>\n<p>### Une date \u00e0 inscrire sur votre agenda<br \/>En r\u00e9sum\u00e9, le Carnaval de Port-Vendres est une parenth\u00e8se joyeuse \u00e0 s&rsquo;offrir pour faire le plein de rires, de rencontres et de souvenirs. Que vous soyez originaire de la r\u00e9gion ou de passage dans les Pyr\u00e9n\u00e9es-Orientales, ne manquez pas ce rendez-vous exceptionnel. Venez nombreux pour vivre ce moment festif qui rime avec bonne humeur et cr\u00e9ativit\u00e9 !<\/p>\n<h3>Practical information<\/h3>\n<p>\ud83d\udcc5 QUAND ? Samedi 21 f\u00e9vrier \u00e0 15h00<br \/>\ud83d\udccd O\u00d9 ? 12 D114, Port-Vendres<br \/>\ud83d\udcb6 COMBIEN ? Entr\u00e9e gratuite<\/p>","protected":false},"excerpt":{"rendered":"<p>F\u00eatez le Carnaval \u00e0 Port-Vendres avec animations, costumes et ambiance festive le 21 f\u00e9vrier au gymnase Thierry Gonzalvez !<\/p>","protected":false},"author":5,"featured_media":3822,"comment_status":"closed","ping_status":"open","sticky":false,"template":"","format":"standard","meta":{"_yoast_wpseo_focuskw":"Carnaval Port-Vendres festif familial","_yoast_wpseo_title":"Carnaval de Port-Vendres : F\u00eate color\u00e9e et gratuite !","_yoast_wpseo_metadesc":"Carnaval de Port-Vendres : Profitez d'une apr\u00e8s-midi festive et gratuite en famille. D\u00e9cors color\u00e9s, costumes et ambiance conviviale aux Pyr\u00e9n\u00e9es-Orientales.","_yoast_wpseo_canonical":"","_yoast_wpseo_opengraph-title":"Joie et couleurs : Carnaval de Port-Vendres \u2013 F\u00eate inoubliable !","_yoast_wpseo_opengraph-description":"Plongez dans une mer de couleurs et de rires au Carnaval de Port-Vendres. Une apr\u00e8s-midi magique pour toute la famille !","_yoast_wpseo_opengraph-image":"https:\/\/www.locansol.fr\/wp-content\/uploads\/2026\/02\/carnaval-port-vendres-fete-costume.webp","_yoast_wpseo_opengraph-image-id":"","_yoast_wpseo_twitter-title":"Carnaval de Port-Vendres : Soyez l\u00e0 pour la f\u00eate !","_yoast_wpseo_twitter-description":"Rejoignez le Carnaval de Port-Vendres pour une apr\u00e8s-midi de joie, de costumes et de surprises. Entr\u00e9e gratuite, ambiance garantie !","_yoast_wpseo_twitter-image":"https:\/\/www.locansol.fr\/wp-content\/uploads\/2026\/02\/carnaval-port-vendres-fete-costume.webp","_yoast_wpseo_twitter-image-id":"","yoast_primary_category":"Carnaval","footnotes":""},"categories":[42],"tags":[76,75],"class_list":["post-3823","post","type-post","status-publish","format-standard","has-post-thumbnail","hentry","category-excursion","tag-pyrenees-orientales","tag-traditions-et-folklore"],"yoast_head":"<!-- This site is optimized with the Yoast SEO Premium plugin v23.3 (Yoast SEO v26.9) - https:\/\/yoast.com\/product\/yoast-seo-premium-wordpress\/ -->\n<title>Carnaval de Port-Vendres : F\u00eate color\u00e9e et gratuite !<\/title>\n<meta name=\"description\" content=\"Carnaval de Port-Vendres : Profitez d&#039;une apr\u00e8s-midi festive et gratuite en famille. D\u00e9cors color\u00e9s, costumes et ambiance conviviale aux Pyr\u00e9n\u00e9es-Orientales.\" \/>\n<meta name=\"robots\" content=\"index, follow, max-snippet:-1, max-image-preview:large, max-video-preview:-1\" \/>\n<link rel=\"canonical\" href=\"https:\/\/www.locansol.fr\/en\/carnaval-port-vendres-fete-costume\/\" \/>\n<meta property=\"og:locale\" content=\"en_GB\" \/>\n<meta property=\"og:type\" content=\"article\" \/>\n<meta property=\"og:title\" content=\"Joie et couleurs : Carnaval de Port-Vendres \u2013 F\u00eate inoubliable !\" \/>\n<meta property=\"og:description\" content=\"Plongez dans une mer de couleurs et de rires au Carnaval de Port-Vendres. Une apr\u00e8s-midi magique pour toute la famille !\" \/>\n<meta property=\"og:url\" content=\"https:\/\/www.locansol.fr\/en\/carnaval-port-vendres-fete-costume\/\" \/>\n<meta property=\"og:site_name\" content=\"Locansol, louer un h\u00e9bergement dans les Pyr\u00e9n\u00e9es Orientales\" \/>\n<meta property=\"article:published_time\" content=\"2026-02-21T15:05:14+00:00\" \/>\n<meta property=\"article:modified_time\" content=\"2026-02-21T15:05:18+00:00\" \/>\n<meta property=\"og:image\" content=\"https:\/\/www.locansol.fr\/wp-content\/uploads\/2026\/02\/carnaval-port-vendres-fete-costume.webp\" \/>\n<meta name=\"author\" content=\"H\u00e9bergements Locansol\" \/>\n<meta name=\"twitter:card\" content=\"summary_large_image\" \/>\n<meta name=\"twitter:title\" content=\"Carnaval de Port-Vendres : Soyez l\u00e0 pour la f\u00eate !\" \/>\n<meta name=\"twitter:description\" content=\"Rejoignez le Carnaval de Port-Vendres pour une apr\u00e8s-midi de joie, de costumes et de surprises. Entr\u00e9e gratuite, ambiance garantie !\" \/>\n<meta name=\"twitter:image\" content=\"https:\/\/www.locansol.fr\/wp-content\/uploads\/2026\/02\/carnaval-port-vendres-fete-costume.webp\" \/>\n<meta name=\"twitter:label1\" content=\"Written by\" \/>\n\t<meta name=\"twitter:data1\" content=\"H\u00e9bergements Locansol\" \/>\n\t<meta name=\"twitter:label2\" content=\"Estimated reading time\" \/>\n\t<meta name=\"twitter:data2\" content=\"2 minutes\" \/>\n<script type=\"application\/ld+json\" class=\"yoast-schema-graph\">{\"@context\":\"https:\/\/schema.org\",\"@graph\":[{\"@type\":\"Article\",\"@id\":\"https:\/\/www.locansol.fr\/carnaval-port-vendres-fete-costume\/#article\",\"isPartOf\":{\"@id\":\"https:\/\/www.locansol.fr\/carnaval-port-vendres-fete-costume\/\"},\"author\":{\"name\":\"H\u00e9bergements Locansol\",\"@id\":\"https:\/\/www.locansol.fr\/#\/schema\/person\/0b08d440f1ac44674c6d498107de351d\"},\"headline\":\"Port-Vendres &#8211; 21 f\u00e9vrier &#8211; Carnaval 2024 &#8211; Plongez dans l&rsquo;ambiance festive !\",\"datePublished\":\"2026-02-21T15:05:14+00:00\",\"dateModified\":\"2026-02-21T15:05:18+00:00\",\"mainEntityOfPage\":{\"@id\":\"https:\/\/www.locansol.fr\/carnaval-port-vendres-fete-costume\/\"},\"wordCount\":441,\"publisher\":{\"@id\":\"https:\/\/www.locansol.fr\/#organization\"},\"image\":{\"@id\":\"https:\/\/www.locansol.fr\/carnaval-port-vendres-fete-costume\/#primaryimage\"},\"thumbnailUrl\":\"https:\/\/www.locansol.fr\/wp-content\/uploads\/2026\/02\/carnaval-port-vendres-fete-costume.webp\",\"keywords\":[\"Pyr\u00e9n\u00e9es-Orientales\",\"Traditions et folklore\"],\"articleSection\":[\"Excursion\"],\"inLanguage\":\"en-GB\"},{\"@type\":\"WebPage\",\"@id\":\"https:\/\/www.locansol.fr\/carnaval-port-vendres-fete-costume\/\",\"url\":\"https:\/\/www.locansol.fr\/carnaval-port-vendres-fete-costume\/\",\"name\":\"Carnaval de Port-Vendres : F\u00eate color\u00e9e et gratuite !\",\"isPartOf\":{\"@id\":\"https:\/\/www.locansol.fr\/#website\"},\"primaryImageOfPage\":{\"@id\":\"https:\/\/www.locansol.fr\/carnaval-port-vendres-fete-costume\/#primaryimage\"},\"image\":{\"@id\":\"https:\/\/www.locansol.fr\/carnaval-port-vendres-fete-costume\/#primaryimage\"},\"thumbnailUrl\":\"https:\/\/www.locansol.fr\/wp-content\/uploads\/2026\/02\/carnaval-port-vendres-fete-costume.webp\",\"datePublished\":\"2026-02-21T15:05:14+00:00\",\"dateModified\":\"2026-02-21T15:05:18+00:00\",\"description\":\"Carnaval de Port-Vendres : Profitez d'une apr\u00e8s-midi festive et gratuite en famille. D\u00e9cors color\u00e9s, costumes et ambiance conviviale aux Pyr\u00e9n\u00e9es-Orientales.\",\"breadcrumb\":{\"@id\":\"https:\/\/www.locansol.fr\/carnaval-port-vendres-fete-costume\/#breadcrumb\"},\"inLanguage\":\"en-GB\",\"potentialAction\":[{\"@type\":\"ReadAction\",\"target\":[\"https:\/\/www.locansol.fr\/carnaval-port-vendres-fete-costume\/\"]}]},{\"@type\":\"ImageObject\",\"inLanguage\":\"en-GB\",\"@id\":\"https:\/\/www.locansol.fr\/carnaval-port-vendres-fete-costume\/#primaryimage\",\"url\":\"https:\/\/www.locansol.fr\/wp-content\/uploads\/2026\/02\/carnaval-port-vendres-fete-costume.webp\",\"contentUrl\":\"https:\/\/www.locansol.fr\/wp-content\/uploads\/2026\/02\/carnaval-port-vendres-fete-costume.webp\",\"width\":1280,\"height\":960,\"caption\":\"Carnaval de Port-Vendres : F\u00eate color\u00e9e et gratuite !\"},{\"@type\":\"BreadcrumbList\",\"@id\":\"https:\/\/www.locansol.fr\/carnaval-port-vendres-fete-costume\/#breadcrumb\",\"itemListElement\":[{\"@type\":\"ListItem\",\"position\":1,\"name\":\"Accueil\",\"item\":\"https:\/\/www.locansol.fr\/\"},{\"@type\":\"ListItem\",\"position\":2,\"name\":\"Port-Vendres &#8211; 21 f\u00e9vrier &#8211; Carnaval 2024 &#8211; Plongez dans l&rsquo;ambiance festive !\"}]},{\"@type\":\"WebSite\",\"@id\":\"https:\/\/www.locansol.fr\/#website\",\"url\":\"https:\/\/www.locansol.fr\/\",\"name\":\"Locansol, louer un h\u00e9bergement dans les Pyr\u00e9n\u00e9es-Orientales\",\"description\":\"Location Mobil-home Mer M\u00e9diterran\u00e9e &amp; Chalet de Montagne dans les Pyr\u00e9n\u00e9es Orientales (Occitanie, 66). Weekend, s\u00e9jour &amp; vacances en famille et entre amis.\",\"publisher\":{\"@id\":\"https:\/\/www.locansol.fr\/#organization\"},\"alternateName\":\"Louer un h\u00e9bergement dans les Pyr\u00e9n\u00e9es Orientales, chalet & mobil-home en Occitanie\",\"potentialAction\":[{\"@type\":\"SearchAction\",\"target\":{\"@type\":\"EntryPoint\",\"urlTemplate\":\"https:\/\/www.locansol.fr\/?s={search_term_string}\"},\"query-input\":{\"@type\":\"PropertyValueSpecification\",\"valueRequired\":true,\"valueName\":\"search_term_string\"}}],\"inLanguage\":\"en-GB\"},{\"@type\":\"Organization\",\"@id\":\"https:\/\/www.locansol.fr\/#organization\",\"name\":\"Location MobilHome & chalet dans les Pyr\u00e9n\u00e9es Orientales\",\"alternateName\":\"Louer un h\u00e9bergement dans les Pyr\u00e9n\u00e9es Orientales en Occitanie\",\"url\":\"https:\/\/www.locansol.fr\/\",\"logo\":{\"@type\":\"ImageObject\",\"inLanguage\":\"en-GB\",\"@id\":\"https:\/\/www.locansol.fr\/#\/schema\/logo\/image\/\",\"url\":\"https:\/\/www.locansol.fr\/wp-content\/uploads\/2024\/04\/AdobeStock_303324767-scaled.jpeg\",\"contentUrl\":\"https:\/\/www.locansol.fr\/wp-content\/uploads\/2024\/04\/AdobeStock_303324767-scaled.jpeg\",\"width\":2560,\"height\":1707,\"caption\":\"Location MobilHome & chalet dans les Pyr\u00e9n\u00e9es Orientales\"},\"image\":{\"@id\":\"https:\/\/www.locansol.fr\/#\/schema\/logo\/image\/\"}},{\"@type\":\"Person\",\"@id\":\"https:\/\/www.locansol.fr\/#\/schema\/person\/0b08d440f1ac44674c6d498107de351d\",\"name\":\"H\u00e9bergements Locansol\",\"image\":{\"@type\":\"ImageObject\",\"inLanguage\":\"en-GB\",\"@id\":\"https:\/\/www.locansol.fr\/#\/schema\/person\/image\/\",\"url\":\"https:\/\/secure.gravatar.com\/avatar\/444436b93284204f8116b6e0eb964cd3fcb811519c737232bde6dd5743c37ee5?s=96&d=mm&r=g\",\"contentUrl\":\"https:\/\/secure.gravatar.com\/avatar\/444436b93284204f8116b6e0eb964cd3fcb811519c737232bde6dd5743c37ee5?s=96&d=mm&r=g\",\"caption\":\"H\u00e9bergements Locansol\"},\"sameAs\":[\"https:\/\/www.locansol.fr\/\"],\"url\":\"https:\/\/www.locansol.fr\/en\/author\/locansol\/\"}]}<\/script>\n<!-- \/ Yoast SEO Premium plugin. -->","yoast_head_json":{"title":"Carnaval de Port-Vendres : F\u00eate color\u00e9e et gratuite !","description":"Carnaval de Port-Vendres : Profitez d'une apr\u00e8s-midi festive et gratuite en famille. D\u00e9cors color\u00e9s, costumes et ambiance conviviale aux Pyr\u00e9n\u00e9es-Orientales.","robots":{"index":"index","follow":"follow","max-snippet":"max-snippet:-1","max-image-preview":"max-image-preview:large","max-video-preview":"max-video-preview:-1"},"canonical":"https:\/\/www.locansol.fr\/en\/carnaval-port-vendres-fete-costume\/","og_locale":"en_GB","og_type":"article","og_title":"Joie et couleurs : Carnaval de Port-Vendres \u2013 F\u00eate inoubliable !","og_description":"Plongez dans une mer de couleurs et de rires au Carnaval de Port-Vendres. Une apr\u00e8s-midi magique pour toute la famille !","og_url":"https:\/\/www.locansol.fr\/en\/carnaval-port-vendres-fete-costume\/","og_site_name":"Locansol, louer un h\u00e9bergement dans les Pyr\u00e9n\u00e9es Orientales","article_published_time":"2026-02-21T15:05:14+00:00","article_modified_time":"2026-02-21T15:05:18+00:00","og_image":[{"url":"https:\/\/www.locansol.fr\/wp-content\/uploads\/2026\/02\/carnaval-port-vendres-fete-costume.webp","type":"","width":"","height":""}],"author":"H\u00e9bergements Locansol","twitter_card":"summary_large_image","twitter_title":"Carnaval de Port-Vendres : Soyez l\u00e0 pour la f\u00eate !","twitter_description":"Rejoignez le Carnaval de Port-Vendres pour une apr\u00e8s-midi de joie, de costumes et de surprises. Entr\u00e9e gratuite, ambiance garantie !","twitter_image":"https:\/\/www.locansol.fr\/wp-content\/uploads\/2026\/02\/carnaval-port-vendres-fete-costume.webp","twitter_misc":{"Written by":"H\u00e9bergements Locansol","Estimated reading time":"2 minutes"},"schema":{"@context":"https:\/\/schema.org","@graph":[{"@type":"Article","@id":"https:\/\/www.locansol.fr\/carnaval-port-vendres-fete-costume\/#article","isPartOf":{"@id":"https:\/\/www.locansol.fr\/carnaval-port-vendres-fete-costume\/"},"author":{"name":"H\u00e9bergements Locansol","@id":"https:\/\/www.locansol.fr\/#\/schema\/person\/0b08d440f1ac44674c6d498107de351d"},"headline":"Port-Vendres &#8211; 21 f\u00e9vrier &#8211; Carnaval 2024 &#8211; Plongez dans l&rsquo;ambiance festive !","datePublished":"2026-02-21T15:05:14+00:00","dateModified":"2026-02-21T15:05:18+00:00","mainEntityOfPage":{"@id":"https:\/\/www.locansol.fr\/carnaval-port-vendres-fete-costume\/"},"wordCount":441,"publisher":{"@id":"https:\/\/www.locansol.fr\/#organization"},"image":{"@id":"https:\/\/www.locansol.fr\/carnaval-port-vendres-fete-costume\/#primaryimage"},"thumbnailUrl":"https:\/\/www.locansol.fr\/wp-content\/uploads\/2026\/02\/carnaval-port-vendres-fete-costume.webp","keywords":["Pyr\u00e9n\u00e9es-Orientales","Traditions et folklore"],"articleSection":["Excursion"],"inLanguage":"en-GB"},{"@type":"WebPage","@id":"https:\/\/www.locansol.fr\/carnaval-port-vendres-fete-costume\/","url":"https:\/\/www.locansol.fr\/carnaval-port-vendres-fete-costume\/","name":"Carnaval de Port-Vendres : F\u00eate color\u00e9e et gratuite !","isPartOf":{"@id":"https:\/\/www.locansol.fr\/#website"},"primaryImageOfPage":{"@id":"https:\/\/www.locansol.fr\/carnaval-port-vendres-fete-costume\/#primaryimage"},"image":{"@id":"https:\/\/www.locansol.fr\/carnaval-port-vendres-fete-costume\/#primaryimage"},"thumbnailUrl":"https:\/\/www.locansol.fr\/wp-content\/uploads\/2026\/02\/carnaval-port-vendres-fete-costume.webp","datePublished":"2026-02-21T15:05:14+00:00","dateModified":"2026-02-21T15:05:18+00:00","description":"Carnaval de Port-Vendres : Profitez d'une apr\u00e8s-midi festive et gratuite en famille. D\u00e9cors color\u00e9s, costumes et ambiance conviviale aux Pyr\u00e9n\u00e9es-Orientales.","breadcrumb":{"@id":"https:\/\/www.locansol.fr\/carnaval-port-vendres-fete-costume\/#breadcrumb"},"inLanguage":"en-GB","potentialAction":[{"@type":"ReadAction","target":["https:\/\/www.locansol.fr\/carnaval-port-vendres-fete-costume\/"]}]},{"@type":"ImageObject","inLanguage":"en-GB","@id":"https:\/\/www.locansol.fr\/carnaval-port-vendres-fete-costume\/#primaryimage","url":"https:\/\/www.locansol.fr\/wp-content\/uploads\/2026\/02\/carnaval-port-vendres-fete-costume.webp","contentUrl":"https:\/\/www.locansol.fr\/wp-content\/uploads\/2026\/02\/carnaval-port-vendres-fete-costume.webp","width":1280,"height":960,"caption":"Carnaval de Port-Vendres : F\u00eate color\u00e9e et gratuite !"},{"@type":"BreadcrumbList","@id":"https:\/\/www.locansol.fr\/carnaval-port-vendres-fete-costume\/#breadcrumb","itemListElement":[{"@type":"ListItem","position":1,"name":"Accueil","item":"https:\/\/www.locansol.fr\/"},{"@type":"ListItem","position":2,"name":"Port-Vendres &#8211; 21 f\u00e9vrier &#8211; Carnaval 2024 &#8211; Plongez dans l&rsquo;ambiance festive !"}]},{"@type":"WebSite","@id":"https:\/\/www.locansol.fr\/#website","url":"https:\/\/www.locansol.fr\/","name":"Locansol, louer un h\u00e9bergement dans les Pyr\u00e9n\u00e9es-Orientales","description":"Location Mobil-home Mer M\u00e9diterran\u00e9e &amp; Chalet de Montagne dans les Pyr\u00e9n\u00e9es Orientales (Occitanie, 66). Weekend, s\u00e9jour &amp; vacances en famille et entre amis.","publisher":{"@id":"https:\/\/www.locansol.fr\/#organization"},"alternateName":"Louer un h\u00e9bergement dans les Pyr\u00e9n\u00e9es Orientales, chalet & mobil-home en Occitanie","potentialAction":[{"@type":"SearchAction","target":{"@type":"EntryPoint","urlTemplate":"https:\/\/www.locansol.fr\/?s={search_term_string}"},"query-input":{"@type":"PropertyValueSpecification","valueRequired":true,"valueName":"search_term_string"}}],"inLanguage":"en-GB"},{"@type":"Organization","@id":"https:\/\/www.locansol.fr\/#organization","name":"Location MobilHome & chalet dans les Pyr\u00e9n\u00e9es Orientales","alternateName":"Louer un h\u00e9bergement dans les Pyr\u00e9n\u00e9es Orientales en Occitanie","url":"https:\/\/www.locansol.fr\/","logo":{"@type":"ImageObject","inLanguage":"en-GB","@id":"https:\/\/www.locansol.fr\/#\/schema\/logo\/image\/","url":"https:\/\/www.locansol.fr\/wp-content\/uploads\/2024\/04\/AdobeStock_303324767-scaled.jpeg","contentUrl":"https:\/\/www.locansol.fr\/wp-content\/uploads\/2024\/04\/AdobeStock_303324767-scaled.jpeg","width":2560,"height":1707,"caption":"Location MobilHome & chalet dans les Pyr\u00e9n\u00e9es Orientales"},"image":{"@id":"https:\/\/www.locansol.fr\/#\/schema\/logo\/image\/"}},{"@type":"Person","@id":"https:\/\/www.locansol.fr\/#\/schema\/person\/0b08d440f1ac44674c6d498107de351d","name":"H\u00e9bergements Locansol","image":{"@type":"ImageObject","inLanguage":"en-GB","@id":"https:\/\/www.locansol.fr\/#\/schema\/person\/image\/","url":"https:\/\/secure.gravatar.com\/avatar\/444436b93284204f8116b6e0eb964cd3fcb811519c737232bde6dd5743c37ee5?s=96&d=mm&r=g","contentUrl":"https:\/\/secure.gravatar.com\/avatar\/444436b93284204f8116b6e0eb964cd3fcb811519c737232bde6dd5743c37ee5?s=96&d=mm&r=g","caption":"H\u00e9bergements Locansol"},"sameAs":["https:\/\/www.locansol.fr\/"],"url":"https:\/\/www.locansol.fr\/en\/author\/locansol\/"}]}},"_links":{"self":[{"href":"https:\/\/www.locansol.fr\/en\/wp-json\/wp\/v2\/posts\/3823","targetHints":{"allow":["GET"]}}],"collection":[{"href":"https:\/\/www.locansol.fr\/en\/wp-json\/wp\/v2\/posts"}],"about":[{"href":"https:\/\/www.locansol.fr\/en\/wp-json\/wp\/v2\/types\/post"}],"author":[{"embeddable":true,"href":"https:\/\/www.locansol.fr\/en\/wp-json\/wp\/v2\/users\/5"}],"replies":[{"embeddable":true,"href":"https:\/\/www.locansol.fr\/en\/wp-json\/wp\/v2\/comments?post=3823"}],"version-history":[{"count":1,"href":"https:\/\/www.locansol.fr\/en\/wp-json\/wp\/v2\/posts\/3823\/revisions"}],"predecessor-version":[{"id":3824,"href":"https:\/\/www.locansol.fr\/en\/wp-json\/wp\/v2\/posts\/3823\/revisions\/3824"}],"wp:featuredmedia":[{"embeddable":true,"href":"https:\/\/www.locansol.fr\/en\/wp-json\/wp\/v2\/media\/3822"}],"wp:attachment":[{"href":"https:\/\/www.locansol.fr\/en\/wp-json\/wp\/v2\/media?parent=3823"}],"wp:term":[{"taxonomy":"category","embeddable":true,"href":"https:\/\/www.locansol.fr\/en\/wp-json\/wp\/v2\/categories?post=3823"},{"taxonomy":"post_tag","embeddable":true,"href":"https:\/\/www.locansol.fr\/en\/wp-json\/wp\/v2\/tags?post=3823"}],"curies":[{"name":"wp","href":"https:\/\/api.w.org\/{rel}","templated":true}]}}