{"id":4197,"date":"2026-02-26T22:17:23","date_gmt":"2026-02-26T21:17:23","guid":{"rendered":"https:\/\/www.locansol.fr\/vacances-hiver-musee-prehistoire\/"},"modified":"2026-02-26T22:17:28","modified_gmt":"2026-02-26T21:17:28","slug":"vacances-hiver-musee-prehistoire","status":"publish","type":"post","link":"https:\/\/www.locansol.fr\/en\/vacances-hiver-musee-prehistoire\/","title":{"rendered":"Tautavel, 21 f\u00e9vrier &#8211; 6 mars : Vacances d&rsquo;hiver au Mus\u00e9e de Pr\u00e9histoire &#8211; Activit\u00e9s culturelles pour tous"},"content":{"rendered":"<p>Si vous \u00eates \u00e0 la recherche d&rsquo;une activit\u00e9 divertissante, \u00e9ducative et enrichissante pour les vacances d&rsquo;hiver, le Mus\u00e9e de Pr\u00e9histoire de Tautavel est la destination id\u00e9ale ! Entre le 21 f\u00e9vrier et le 6 mars, le mus\u00e9e propose une programmation exceptionnelle qui s\u00e9duira petits et grands autour des th\u00e9matiques de l&rsquo;histoire, de la science, et du patrimoine. Plongeons ensemble dans le programme des activit\u00e9s propos\u00e9es et dans l&rsquo;histoire fascinante de ce lieu embl\u00e9matique.<\/p>\n<p>En plein c\u0153ur de Tautavel, sur l&rsquo;avenue L\u00e9on Jean Gr\u00e9gory, cet \u00e9tablissement d\u00e9di\u00e9 \u00e0 nos lointains anc\u00eatres promet des journ\u00e9es riches en d\u00e9couvertes. Le mus\u00e9e vous invite \u00e0 explorer l&rsquo;univers de la Pr\u00e9histoire par des ateliers cr\u00e9atifs, des conf\u00e9rences captivantes, ainsi que des visites guid\u00e9es qui vous feront voyager dans le temps de mani\u00e8re interactive et ludique.<\/p>\n<p>La programmation se distingue par une vari\u00e9t\u00e9 d&rsquo;activit\u00e9s con\u00e7ues pour tous les \u00e2ges. Entre sessions d&rsquo;initiation \u00e0 la g\u00e9ologie, ateliers artistiques en lien direct avec les d\u00e9couvertes historiques, et d\u00e9bats pour les passionn\u00e9s de sciences et d&rsquo;arch\u00e9ologie, l&rsquo;exp\u00e9rience promet d&rsquo;\u00eatre aussi stimulante qu&rsquo;inoubliable. Ces animations permettront aux visiteurs de d\u00e9velopper leur imagination tout en apprenant davantage sur notre pass\u00e9. Le Mus\u00e9e de Pr\u00e9histoire travaille \u00e9galement \u00e0 d\u00e9mocratiser l&rsquo;acc\u00e8s \u00e0 la culture scientifique en rendant les sujets complexes accessibles \u00e0 tous.<\/p>\n<p>Petits et grands pourront vivre une immersion interactive gr\u00e2ce aux visites guid\u00e9es encadr\u00e9es par des experts en pr\u00e9histoire. Ces moments sont parfaits pour poser des questions, partager et \u00e9changer sur des th\u00e9matiques vari\u00e9es, ou m\u00eame pour initier vos enfants \u00e0 une passionnante aventure culturelle et scientifique. \u00c7a tombe bien : avec un tarif d&rsquo;entr\u00e9e accessible \u00e0 seulement 8 euros en plein tarif, le mus\u00e9e est un lieu familial et id\u00e9alement pens\u00e9 pour des sorties instructives.<\/p>\n<p>Tautavel, situ\u00e9 au c\u0153ur des Pyr\u00e9n\u00e9es-Orientales, est aussi une destination remplie des charmes de ses paysages environnants. Profitez de votre visite pour fl\u00e2ner dans ce village au riche patrimoine ou m\u00eame d\u00e9couvrir les environs tout en associant histoire et nature.<\/p>\n<p>Vous l\u2019aurez compris, que vous soyez un amateur d\u2019histoire, un passionn\u00e9 de sciences ou tout simplement \u00e0 la recherche d\u2019une activit\u00e9 originale \u00e0 partager en famille, le Mus\u00e9e de Pr\u00e9histoire de Tautavel saura vous s\u00e9duire. Ne manquez pas cette belle occasion de rendre vos vacances d\u2019hiver inoubliables !<\/p>\n<h3>Practical information<\/h3>\n<p>\ud83d\udcc5 QUAND ? Du 21 f\u00e9vrier au 6 mars<br \/>\ud83d\udccd O\u00d9 ? Avenue L\u00e9on Jean Gr\u00e9gory, Tautavel<br \/>\ud83d\udcb6 COMBIEN ? Plein tarif : 8,00 \u20ac<\/p>","protected":false},"excerpt":{"rendered":"<p>Explorez la Pr\u00e9histoire \u00e0 Tautavel du 21 f\u00e9vrier au 6 mars avec des ateliers, visites guid\u00e9es et conf\u00e9rences pour petits et grands.<\/p>","protected":false},"author":5,"featured_media":4196,"comment_status":"closed","ping_status":"open","sticky":false,"template":"","format":"standard","meta":{"_yoast_wpseo_focuskw":"Vacances hiver Mus\u00e9e Pr\u00e9histoire","_yoast_wpseo_title":"Vacances d'hiver au Mus\u00e9e de Pr\u00e9histoire Tautavel \u2013 Activit\u00e9s culturelles","_yoast_wpseo_metadesc":"Vacances d'hiver au Mus\u00e9e de Pr\u00e9histoire Tautavel. D\u00e9couvrez des activit\u00e9s \u00e9ducatives pour tous les \u00e2ges. Explorez l'histoire et la science dans les Pyr\u00e9n\u00e9es-Orientales.","_yoast_wpseo_canonical":"","_yoast_wpseo_opengraph-title":"D\u00e9couvrez l'histoire vivante : Tautavel \u2014 Vacances d'hiver inoubliables au Mus\u00e9e de Pr\u00e9histoire","_yoast_wpseo_opengraph-description":"Plongez dans l'univers fascinant de la pr\u00e9histoire \u00e0 Tautavel. Des ateliers cr\u00e9atifs et des visites guid\u00e9es pour toute la famille. Une exp\u00e9rience immersive unique !","_yoast_wpseo_opengraph-image":"https:\/\/www.locansol.fr\/wp-content\/uploads\/2026\/02\/vacances-hiver-musee-prehistoire.webp","_yoast_wpseo_opengraph-image-id":"","_yoast_wpseo_twitter-title":"Vacances d'hiver magiques au Mus\u00e9e de Pr\u00e9histoire de Tautavel !","_yoast_wpseo_twitter-description":"D\u00e9couvrez des activit\u00e9s \u00e9ducatives et ludiques pour toute la famille au Mus\u00e9e de Pr\u00e9histoire de Tautavel. Une exp\u00e9rience inoubliable vous attend !","_yoast_wpseo_twitter-image":"https:\/\/www.locansol.fr\/wp-content\/uploads\/2026\/02\/vacances-hiver-musee-prehistoire.webp","_yoast_wpseo_twitter-image-id":"","yoast_primary_category":"Stage \/ Atelier","footnotes":""},"categories":[62],"tags":[67,70,76],"class_list":["post-4197","post","type-post","status-publish","format-standard","has-post-thumbnail","hentry","category-stage-atelier","tag-loisirs","tag-nature","tag-pyrenees-orientales"],"yoast_head":"<!-- This site is optimized with the Yoast SEO Premium plugin v23.3 (Yoast SEO v26.9) - https:\/\/yoast.com\/product\/yoast-seo-premium-wordpress\/ -->\n<title>Vacances d&#039;hiver au Mus\u00e9e de Pr\u00e9histoire Tautavel \u2013 Activit\u00e9s culturelles<\/title>\n<meta name=\"description\" content=\"Vacances d&#039;hiver au Mus\u00e9e de Pr\u00e9histoire Tautavel. D\u00e9couvrez des activit\u00e9s \u00e9ducatives pour tous les \u00e2ges. Explorez l&#039;histoire et la science dans les Pyr\u00e9n\u00e9es-Orientales.\" \/>\n<meta name=\"robots\" content=\"index, follow, max-snippet:-1, max-image-preview:large, max-video-preview:-1\" \/>\n<link rel=\"canonical\" href=\"https:\/\/www.locansol.fr\/en\/vacances-hiver-musee-prehistoire\/\" \/>\n<meta property=\"og:locale\" content=\"en_GB\" \/>\n<meta property=\"og:type\" content=\"article\" \/>\n<meta property=\"og:title\" content=\"D\u00e9couvrez l&#039;histoire vivante : Tautavel \u2014 Vacances d&#039;hiver inoubliables au Mus\u00e9e de Pr\u00e9histoire\" \/>\n<meta property=\"og:description\" content=\"Plongez dans l&#039;univers fascinant de la pr\u00e9histoire \u00e0 Tautavel. Des ateliers cr\u00e9atifs et des visites guid\u00e9es pour toute la famille. Une exp\u00e9rience immersive unique !\" \/>\n<meta property=\"og:url\" content=\"https:\/\/www.locansol.fr\/en\/vacances-hiver-musee-prehistoire\/\" \/>\n<meta property=\"og:site_name\" content=\"Locansol, louer un h\u00e9bergement dans les Pyr\u00e9n\u00e9es Orientales\" \/>\n<meta property=\"article:published_time\" content=\"2026-02-26T21:17:23+00:00\" \/>\n<meta property=\"article:modified_time\" content=\"2026-02-26T21:17:28+00:00\" \/>\n<meta property=\"og:image\" content=\"https:\/\/www.locansol.fr\/wp-content\/uploads\/2026\/02\/vacances-hiver-musee-prehistoire.webp\" \/>\n<meta name=\"author\" content=\"H\u00e9bergements Locansol\" \/>\n<meta name=\"twitter:card\" content=\"summary_large_image\" \/>\n<meta name=\"twitter:title\" content=\"Vacances d&#039;hiver magiques au Mus\u00e9e de Pr\u00e9histoire de Tautavel !\" \/>\n<meta name=\"twitter:description\" content=\"D\u00e9couvrez des activit\u00e9s \u00e9ducatives et ludiques pour toute la famille au Mus\u00e9e de Pr\u00e9histoire de Tautavel. Une exp\u00e9rience inoubliable vous attend !\" \/>\n<meta name=\"twitter:image\" content=\"https:\/\/www.locansol.fr\/wp-content\/uploads\/2026\/02\/vacances-hiver-musee-prehistoire.webp\" \/>\n<meta name=\"twitter:label1\" content=\"Written by\" \/>\n\t<meta name=\"twitter:data1\" content=\"H\u00e9bergements Locansol\" \/>\n\t<meta name=\"twitter:label2\" content=\"Estimated reading time\" \/>\n\t<meta name=\"twitter:data2\" content=\"2 minutes\" \/>\n<script type=\"application\/ld+json\" class=\"yoast-schema-graph\">{\"@context\":\"https:\/\/schema.org\",\"@graph\":[{\"@type\":\"Article\",\"@id\":\"https:\/\/www.locansol.fr\/vacances-hiver-musee-prehistoire\/#article\",\"isPartOf\":{\"@id\":\"https:\/\/www.locansol.fr\/vacances-hiver-musee-prehistoire\/\"},\"author\":{\"name\":\"H\u00e9bergements Locansol\",\"@id\":\"https:\/\/www.locansol.fr\/#\/schema\/person\/0b08d440f1ac44674c6d498107de351d\"},\"headline\":\"Tautavel, 21 f\u00e9vrier &#8211; 6 mars : Vacances d&rsquo;hiver au Mus\u00e9e de Pr\u00e9histoire &#8211; Activit\u00e9s culturelles pour tous\",\"datePublished\":\"2026-02-26T21:17:23+00:00\",\"dateModified\":\"2026-02-26T21:17:28+00:00\",\"mainEntityOfPage\":{\"@id\":\"https:\/\/www.locansol.fr\/vacances-hiver-musee-prehistoire\/\"},\"wordCount\":469,\"publisher\":{\"@id\":\"https:\/\/www.locansol.fr\/#organization\"},\"image\":{\"@id\":\"https:\/\/www.locansol.fr\/vacances-hiver-musee-prehistoire\/#primaryimage\"},\"thumbnailUrl\":\"https:\/\/www.locansol.fr\/wp-content\/uploads\/2026\/02\/vacances-hiver-musee-prehistoire.webp\",\"keywords\":[\"Loisirs\",\"Nature\",\"Pyr\u00e9n\u00e9es-Orientales\"],\"articleSection\":[\"Stage \/ Atelier\"],\"inLanguage\":\"en-GB\"},{\"@type\":\"WebPage\",\"@id\":\"https:\/\/www.locansol.fr\/vacances-hiver-musee-prehistoire\/\",\"url\":\"https:\/\/www.locansol.fr\/vacances-hiver-musee-prehistoire\/\",\"name\":\"Vacances d'hiver au Mus\u00e9e de Pr\u00e9histoire Tautavel \u2013 Activit\u00e9s culturelles\",\"isPartOf\":{\"@id\":\"https:\/\/www.locansol.fr\/#website\"},\"primaryImageOfPage\":{\"@id\":\"https:\/\/www.locansol.fr\/vacances-hiver-musee-prehistoire\/#primaryimage\"},\"image\":{\"@id\":\"https:\/\/www.locansol.fr\/vacances-hiver-musee-prehistoire\/#primaryimage\"},\"thumbnailUrl\":\"https:\/\/www.locansol.fr\/wp-content\/uploads\/2026\/02\/vacances-hiver-musee-prehistoire.webp\",\"datePublished\":\"2026-02-26T21:17:23+00:00\",\"dateModified\":\"2026-02-26T21:17:28+00:00\",\"description\":\"Vacances d'hiver au Mus\u00e9e de Pr\u00e9histoire Tautavel. D\u00e9couvrez des activit\u00e9s \u00e9ducatives pour tous les \u00e2ges. Explorez l'histoire et la science dans les Pyr\u00e9n\u00e9es-Orientales.\",\"breadcrumb\":{\"@id\":\"https:\/\/www.locansol.fr\/vacances-hiver-musee-prehistoire\/#breadcrumb\"},\"inLanguage\":\"en-GB\",\"potentialAction\":[{\"@type\":\"ReadAction\",\"target\":[\"https:\/\/www.locansol.fr\/vacances-hiver-musee-prehistoire\/\"]}]},{\"@type\":\"ImageObject\",\"inLanguage\":\"en-GB\",\"@id\":\"https:\/\/www.locansol.fr\/vacances-hiver-musee-prehistoire\/#primaryimage\",\"url\":\"https:\/\/www.locansol.fr\/wp-content\/uploads\/2026\/02\/vacances-hiver-musee-prehistoire.webp\",\"contentUrl\":\"https:\/\/www.locansol.fr\/wp-content\/uploads\/2026\/02\/vacances-hiver-musee-prehistoire.webp\",\"width\":1024,\"height\":767,\"caption\":\"Vacances d'hiver au Mus\u00e9e de Pr\u00e9histoire Tautavel \u2013 Activit\u00e9s culturelles\"},{\"@type\":\"BreadcrumbList\",\"@id\":\"https:\/\/www.locansol.fr\/vacances-hiver-musee-prehistoire\/#breadcrumb\",\"itemListElement\":[{\"@type\":\"ListItem\",\"position\":1,\"name\":\"Accueil\",\"item\":\"https:\/\/www.locansol.fr\/\"},{\"@type\":\"ListItem\",\"position\":2,\"name\":\"Tautavel, 21 f\u00e9vrier &#8211; 6 mars : Vacances d&rsquo;hiver au Mus\u00e9e de Pr\u00e9histoire &#8211; Activit\u00e9s culturelles pour tous\"}]},{\"@type\":\"WebSite\",\"@id\":\"https:\/\/www.locansol.fr\/#website\",\"url\":\"https:\/\/www.locansol.fr\/\",\"name\":\"Locansol, louer un h\u00e9bergement dans les Pyr\u00e9n\u00e9es-Orientales\",\"description\":\"Location Mobil-home Mer M\u00e9diterran\u00e9e &amp; Chalet de Montagne dans les Pyr\u00e9n\u00e9es Orientales (Occitanie, 66). Weekend, s\u00e9jour &amp; vacances en famille et entre amis.\",\"publisher\":{\"@id\":\"https:\/\/www.locansol.fr\/#organization\"},\"alternateName\":\"Louer un h\u00e9bergement dans les Pyr\u00e9n\u00e9es Orientales, chalet & mobil-home en Occitanie\",\"potentialAction\":[{\"@type\":\"SearchAction\",\"target\":{\"@type\":\"EntryPoint\",\"urlTemplate\":\"https:\/\/www.locansol.fr\/?s={search_term_string}\"},\"query-input\":{\"@type\":\"PropertyValueSpecification\",\"valueRequired\":true,\"valueName\":\"search_term_string\"}}],\"inLanguage\":\"en-GB\"},{\"@type\":\"Organization\",\"@id\":\"https:\/\/www.locansol.fr\/#organization\",\"name\":\"Location MobilHome & chalet dans les Pyr\u00e9n\u00e9es Orientales\",\"alternateName\":\"Louer un h\u00e9bergement dans les Pyr\u00e9n\u00e9es Orientales en Occitanie\",\"url\":\"https:\/\/www.locansol.fr\/\",\"logo\":{\"@type\":\"ImageObject\",\"inLanguage\":\"en-GB\",\"@id\":\"https:\/\/www.locansol.fr\/#\/schema\/logo\/image\/\",\"url\":\"https:\/\/www.locansol.fr\/wp-content\/uploads\/2024\/04\/AdobeStock_303324767-scaled.jpeg\",\"contentUrl\":\"https:\/\/www.locansol.fr\/wp-content\/uploads\/2024\/04\/AdobeStock_303324767-scaled.jpeg\",\"width\":2560,\"height\":1707,\"caption\":\"Location MobilHome & chalet dans les Pyr\u00e9n\u00e9es Orientales\"},\"image\":{\"@id\":\"https:\/\/www.locansol.fr\/#\/schema\/logo\/image\/\"}},{\"@type\":\"Person\",\"@id\":\"https:\/\/www.locansol.fr\/#\/schema\/person\/0b08d440f1ac44674c6d498107de351d\",\"name\":\"H\u00e9bergements Locansol\",\"image\":{\"@type\":\"ImageObject\",\"inLanguage\":\"en-GB\",\"@id\":\"https:\/\/www.locansol.fr\/#\/schema\/person\/image\/\",\"url\":\"https:\/\/secure.gravatar.com\/avatar\/444436b93284204f8116b6e0eb964cd3fcb811519c737232bde6dd5743c37ee5?s=96&d=mm&r=g\",\"contentUrl\":\"https:\/\/secure.gravatar.com\/avatar\/444436b93284204f8116b6e0eb964cd3fcb811519c737232bde6dd5743c37ee5?s=96&d=mm&r=g\",\"caption\":\"H\u00e9bergements Locansol\"},\"sameAs\":[\"https:\/\/www.locansol.fr\/\"],\"url\":\"https:\/\/www.locansol.fr\/en\/author\/locansol\/\"}]}<\/script>\n<!-- \/ Yoast SEO Premium plugin. -->","yoast_head_json":{"title":"Vacances d'hiver au Mus\u00e9e de Pr\u00e9histoire Tautavel \u2013 Activit\u00e9s culturelles","description":"Vacances d'hiver au Mus\u00e9e de Pr\u00e9histoire Tautavel. D\u00e9couvrez des activit\u00e9s \u00e9ducatives pour tous les \u00e2ges. Explorez l'histoire et la science dans les Pyr\u00e9n\u00e9es-Orientales.","robots":{"index":"index","follow":"follow","max-snippet":"max-snippet:-1","max-image-preview":"max-image-preview:large","max-video-preview":"max-video-preview:-1"},"canonical":"https:\/\/www.locansol.fr\/en\/vacances-hiver-musee-prehistoire\/","og_locale":"en_GB","og_type":"article","og_title":"D\u00e9couvrez l'histoire vivante : Tautavel \u2014 Vacances d'hiver inoubliables au Mus\u00e9e de Pr\u00e9histoire","og_description":"Plongez dans l'univers fascinant de la pr\u00e9histoire \u00e0 Tautavel. Des ateliers cr\u00e9atifs et des visites guid\u00e9es pour toute la famille. Une exp\u00e9rience immersive unique !","og_url":"https:\/\/www.locansol.fr\/en\/vacances-hiver-musee-prehistoire\/","og_site_name":"Locansol, louer un h\u00e9bergement dans les Pyr\u00e9n\u00e9es Orientales","article_published_time":"2026-02-26T21:17:23+00:00","article_modified_time":"2026-02-26T21:17:28+00:00","og_image":[{"url":"https:\/\/www.locansol.fr\/wp-content\/uploads\/2026\/02\/vacances-hiver-musee-prehistoire.webp","type":"","width":"","height":""}],"author":"H\u00e9bergements Locansol","twitter_card":"summary_large_image","twitter_title":"Vacances d'hiver magiques au Mus\u00e9e de Pr\u00e9histoire de Tautavel !","twitter_description":"D\u00e9couvrez des activit\u00e9s \u00e9ducatives et ludiques pour toute la famille au Mus\u00e9e de Pr\u00e9histoire de Tautavel. Une exp\u00e9rience inoubliable vous attend !","twitter_image":"https:\/\/www.locansol.fr\/wp-content\/uploads\/2026\/02\/vacances-hiver-musee-prehistoire.webp","twitter_misc":{"Written by":"H\u00e9bergements Locansol","Estimated reading time":"2 minutes"},"schema":{"@context":"https:\/\/schema.org","@graph":[{"@type":"Article","@id":"https:\/\/www.locansol.fr\/vacances-hiver-musee-prehistoire\/#article","isPartOf":{"@id":"https:\/\/www.locansol.fr\/vacances-hiver-musee-prehistoire\/"},"author":{"name":"H\u00e9bergements Locansol","@id":"https:\/\/www.locansol.fr\/#\/schema\/person\/0b08d440f1ac44674c6d498107de351d"},"headline":"Tautavel, 21 f\u00e9vrier &#8211; 6 mars : Vacances d&rsquo;hiver au Mus\u00e9e de Pr\u00e9histoire &#8211; Activit\u00e9s culturelles pour tous","datePublished":"2026-02-26T21:17:23+00:00","dateModified":"2026-02-26T21:17:28+00:00","mainEntityOfPage":{"@id":"https:\/\/www.locansol.fr\/vacances-hiver-musee-prehistoire\/"},"wordCount":469,"publisher":{"@id":"https:\/\/www.locansol.fr\/#organization"},"image":{"@id":"https:\/\/www.locansol.fr\/vacances-hiver-musee-prehistoire\/#primaryimage"},"thumbnailUrl":"https:\/\/www.locansol.fr\/wp-content\/uploads\/2026\/02\/vacances-hiver-musee-prehistoire.webp","keywords":["Loisirs","Nature","Pyr\u00e9n\u00e9es-Orientales"],"articleSection":["Stage \/ Atelier"],"inLanguage":"en-GB"},{"@type":"WebPage","@id":"https:\/\/www.locansol.fr\/vacances-hiver-musee-prehistoire\/","url":"https:\/\/www.locansol.fr\/vacances-hiver-musee-prehistoire\/","name":"Vacances d'hiver au Mus\u00e9e de Pr\u00e9histoire Tautavel \u2013 Activit\u00e9s culturelles","isPartOf":{"@id":"https:\/\/www.locansol.fr\/#website"},"primaryImageOfPage":{"@id":"https:\/\/www.locansol.fr\/vacances-hiver-musee-prehistoire\/#primaryimage"},"image":{"@id":"https:\/\/www.locansol.fr\/vacances-hiver-musee-prehistoire\/#primaryimage"},"thumbnailUrl":"https:\/\/www.locansol.fr\/wp-content\/uploads\/2026\/02\/vacances-hiver-musee-prehistoire.webp","datePublished":"2026-02-26T21:17:23+00:00","dateModified":"2026-02-26T21:17:28+00:00","description":"Vacances d'hiver au Mus\u00e9e de Pr\u00e9histoire Tautavel. D\u00e9couvrez des activit\u00e9s \u00e9ducatives pour tous les \u00e2ges. Explorez l'histoire et la science dans les Pyr\u00e9n\u00e9es-Orientales.","breadcrumb":{"@id":"https:\/\/www.locansol.fr\/vacances-hiver-musee-prehistoire\/#breadcrumb"},"inLanguage":"en-GB","potentialAction":[{"@type":"ReadAction","target":["https:\/\/www.locansol.fr\/vacances-hiver-musee-prehistoire\/"]}]},{"@type":"ImageObject","inLanguage":"en-GB","@id":"https:\/\/www.locansol.fr\/vacances-hiver-musee-prehistoire\/#primaryimage","url":"https:\/\/www.locansol.fr\/wp-content\/uploads\/2026\/02\/vacances-hiver-musee-prehistoire.webp","contentUrl":"https:\/\/www.locansol.fr\/wp-content\/uploads\/2026\/02\/vacances-hiver-musee-prehistoire.webp","width":1024,"height":767,"caption":"Vacances d'hiver au Mus\u00e9e de Pr\u00e9histoire Tautavel \u2013 Activit\u00e9s culturelles"},{"@type":"BreadcrumbList","@id":"https:\/\/www.locansol.fr\/vacances-hiver-musee-prehistoire\/#breadcrumb","itemListElement":[{"@type":"ListItem","position":1,"name":"Accueil","item":"https:\/\/www.locansol.fr\/"},{"@type":"ListItem","position":2,"name":"Tautavel, 21 f\u00e9vrier &#8211; 6 mars : Vacances d&rsquo;hiver au Mus\u00e9e de Pr\u00e9histoire &#8211; Activit\u00e9s culturelles pour tous"}]},{"@type":"WebSite","@id":"https:\/\/www.locansol.fr\/#website","url":"https:\/\/www.locansol.fr\/","name":"Locansol, louer un h\u00e9bergement dans les Pyr\u00e9n\u00e9es-Orientales","description":"Location Mobil-home Mer M\u00e9diterran\u00e9e &amp; Chalet de Montagne dans les Pyr\u00e9n\u00e9es Orientales (Occitanie, 66). Weekend, s\u00e9jour &amp; vacances en famille et entre amis.","publisher":{"@id":"https:\/\/www.locansol.fr\/#organization"},"alternateName":"Louer un h\u00e9bergement dans les Pyr\u00e9n\u00e9es Orientales, chalet & mobil-home en Occitanie","potentialAction":[{"@type":"SearchAction","target":{"@type":"EntryPoint","urlTemplate":"https:\/\/www.locansol.fr\/?s={search_term_string}"},"query-input":{"@type":"PropertyValueSpecification","valueRequired":true,"valueName":"search_term_string"}}],"inLanguage":"en-GB"},{"@type":"Organization","@id":"https:\/\/www.locansol.fr\/#organization","name":"Location MobilHome & chalet dans les Pyr\u00e9n\u00e9es Orientales","alternateName":"Louer un h\u00e9bergement dans les Pyr\u00e9n\u00e9es Orientales en Occitanie","url":"https:\/\/www.locansol.fr\/","logo":{"@type":"ImageObject","inLanguage":"en-GB","@id":"https:\/\/www.locansol.fr\/#\/schema\/logo\/image\/","url":"https:\/\/www.locansol.fr\/wp-content\/uploads\/2024\/04\/AdobeStock_303324767-scaled.jpeg","contentUrl":"https:\/\/www.locansol.fr\/wp-content\/uploads\/2024\/04\/AdobeStock_303324767-scaled.jpeg","width":2560,"height":1707,"caption":"Location MobilHome & chalet dans les Pyr\u00e9n\u00e9es Orientales"},"image":{"@id":"https:\/\/www.locansol.fr\/#\/schema\/logo\/image\/"}},{"@type":"Person","@id":"https:\/\/www.locansol.fr\/#\/schema\/person\/0b08d440f1ac44674c6d498107de351d","name":"H\u00e9bergements Locansol","image":{"@type":"ImageObject","inLanguage":"en-GB","@id":"https:\/\/www.locansol.fr\/#\/schema\/person\/image\/","url":"https:\/\/secure.gravatar.com\/avatar\/444436b93284204f8116b6e0eb964cd3fcb811519c737232bde6dd5743c37ee5?s=96&d=mm&r=g","contentUrl":"https:\/\/secure.gravatar.com\/avatar\/444436b93284204f8116b6e0eb964cd3fcb811519c737232bde6dd5743c37ee5?s=96&d=mm&r=g","caption":"H\u00e9bergements Locansol"},"sameAs":["https:\/\/www.locansol.fr\/"],"url":"https:\/\/www.locansol.fr\/en\/author\/locansol\/"}]}},"_links":{"self":[{"href":"https:\/\/www.locansol.fr\/en\/wp-json\/wp\/v2\/posts\/4197","targetHints":{"allow":["GET"]}}],"collection":[{"href":"https:\/\/www.locansol.fr\/en\/wp-json\/wp\/v2\/posts"}],"about":[{"href":"https:\/\/www.locansol.fr\/en\/wp-json\/wp\/v2\/types\/post"}],"author":[{"embeddable":true,"href":"https:\/\/www.locansol.fr\/en\/wp-json\/wp\/v2\/users\/5"}],"replies":[{"embeddable":true,"href":"https:\/\/www.locansol.fr\/en\/wp-json\/wp\/v2\/comments?post=4197"}],"version-history":[{"count":1,"href":"https:\/\/www.locansol.fr\/en\/wp-json\/wp\/v2\/posts\/4197\/revisions"}],"predecessor-version":[{"id":4198,"href":"https:\/\/www.locansol.fr\/en\/wp-json\/wp\/v2\/posts\/4197\/revisions\/4198"}],"wp:featuredmedia":[{"embeddable":true,"href":"https:\/\/www.locansol.fr\/en\/wp-json\/wp\/v2\/media\/4196"}],"wp:attachment":[{"href":"https:\/\/www.locansol.fr\/en\/wp-json\/wp\/v2\/media?parent=4197"}],"wp:term":[{"taxonomy":"category","embeddable":true,"href":"https:\/\/www.locansol.fr\/en\/wp-json\/wp\/v2\/categories?post=4197"},{"taxonomy":"post_tag","embeddable":true,"href":"https:\/\/www.locansol.fr\/en\/wp-json\/wp\/v2\/tags?post=4197"}],"curies":[{"name":"wp","href":"https:\/\/api.w.org\/{rel}","templated":true}]}}