{"id":4591,"date":"2026-03-06T00:03:45","date_gmt":"2026-03-05T23:03:45","guid":{"rendered":"https:\/\/www.locansol.fr\/exposition-peinture-coloree-maureillas\/"},"modified":"2026-03-06T00:03:57","modified_gmt":"2026-03-05T23:03:57","slug":"exposition-peinture-coloree-maureillas","status":"publish","type":"post","link":"https:\/\/www.locansol.fr\/en\/exposition-peinture-coloree-maureillas\/","title":{"rendered":"Maureillas-las-Illas, mars : Exposition de peinture par Lizzy, une immersion color\u00e9e"},"content":{"rendered":"<p>Nich\u00e9e au c\u0153ur des Pyr\u00e9n\u00e9es-Orientales, la charmante commune de Maureillas-las-Illas accueille une exposition de peinture color\u00e9e et dynamique intitul\u00e9e \u00ab Jouant avec les couleurs \u00bb, sign\u00e9e Lizzy. Pr\u00e9parez votre visite, car cet \u00e9v\u00e9nement culturel exceptionnel se tiendra du 6 au 30 mars, avec une ouverture marqu\u00e9e par un vernissage le vendredi 6 mars \u00e0 18h, en pr\u00e9sence de l\u2019artiste elle-m\u00eame.<\/p>\n<p>Lizzy, une artiste d&rsquo;origine anglaise qui r\u00e9side aujourd&rsquo;hui \u00e0 Maureillas-las-Illas, propose pour la premi\u00e8re fois une s\u00e9lection de ses \u0153uvres au public. Son style unique, vibrant et haut en couleur, s\u2019inspire des mouvements de la danse et de sc\u00e8nes tir\u00e9es de la vie quotidienne et du monde qui l\u2019entoure. Chacune de ses peintures refl\u00e8te une approche sensible et pleine d\u2019\u00e9nergie, parfaite pour vous emporter dans un univers artistique hors du commun. L&rsquo;exposition ne manquera pas de s\u00e9duire les amateurs d\u2019art qui cherchent une exp\u00e9rience visuelle vivifiante et pleine de sens.<\/p>\n<p>Outre l\u2019exposition elle-m\u00eame, le vernissage du 6 mars promet un moment privil\u00e9gi\u00e9. Rencontrez Lizzy, d\u00e9couvrez son processus cr\u00e9atif et discutez directement avec elle des inspirations et techniques qui font la singularit\u00e9 de ses \u0153uvres. Cet \u00e9change humain, dans le cadre chaleureux de Maureillas-las-Illas, est une occasion rare d\u2019explorer en profondeur l\u2019univers d\u2019une artiste \u00e9mergente.<\/p>\n<p>L\u2019acc\u00e8s libre \u00e0 cette exposition est une opportunit\u00e9 r\u00eav\u00e9e de s\u2019impr\u00e9gner d\u2019art sans contrainte. L\u2019embl\u00e9matique adresse, situ\u00e9e au 2 Avenue Mar\u00e9chal Joffre, offre un cadre parfait pour cette exploration artistique, \u00e0 la fois intime et conviviale. R\u00e9servez un moment dans votre agenda pour visiter l\u2019exposition et, pourquoi pas, pour partager cet \u00e9v\u00e9nement avec des proches autour de la d\u00e9couverte des talents de Lizzy.<\/p>\n<p>Ne manquez pas cette chance unique de plonger dans l\u2019univers p\u00e9tillant de \u00ab Jouant avec les couleurs \u00bb. Venez nombreux c\u00e9l\u00e9brer l\u2019art et les premi\u00e8res expositions d&rsquo;une artiste prometteuse du territoire !<\/p>\n<h3>Practical information<\/h3>\n<p>\ud83d\udcc5 QUAND ? 6 mars > 30 mars<br \/>\ud83d\udccd O\u00d9 ? 2 Avenue Mar\u00e9chal Joffre, Maureillas-las-Illas<br \/>\ud83d\udcb6 COMBIEN ? Entr\u00e9e gratuite<\/p>","protected":false},"excerpt":{"rendered":"<p>L&rsquo;exposition \u00ab Jouant avec les couleurs \u00bb de Lizzy \u00e0 Maureillas-las-Illas, du 6 au 30 mars, propose une immersion dans des \u0153uvres vibrantes. Vernissage le 6 mars \u00e0 18h.<\/p>","protected":false},"author":5,"featured_media":4590,"comment_status":"closed","ping_status":"open","sticky":false,"template":"","format":"standard","meta":{"_yoast_wpseo_focuskw":"Exposition peinture color\u00e9e Maureillas","_yoast_wpseo_title":"Exposition de peinture Maureillas-las-Illas : immersion color\u00e9e avec Lizzy","_yoast_wpseo_metadesc":"Exposition de peinture Maureillas-las-Illas : d\u00e9couvrez l'univers color\u00e9 de Lizzy du 6 au 30 mars. Une immersion artistique unique dans les Pyr\u00e9n\u00e9es-Orientales.","_yoast_wpseo_canonical":"","_yoast_wpseo_opengraph-title":"Plongez dans un univers color\u00e9 : exposition \u00e0 Maureillas-las-Illas","_yoast_wpseo_opengraph-description":"D\u00e9couvrez les \u0153uvres vibrantes de Lizzy \u00e0 Maureillas-las-Illas. Une immersion artistique inoubliable vous attend.","_yoast_wpseo_opengraph-image":"https:\/\/www.locansol.fr\/wp-content\/uploads\/2026\/03\/exposition-peinture-colorye-maureillas.webp","_yoast_wpseo_opengraph-image-id":"","_yoast_wpseo_twitter-title":"Exposition color\u00e9e \u00e0 Maureillas-las-Illas : ne manquez pas Lizzy !","_yoast_wpseo_twitter-description":"D\u00e9couvrez l'univers artistique de Lizzy \u00e0 Maureillas-las-Illas. Une exposition vibrante et pleine de vie du 6 au 30 mars.","_yoast_wpseo_twitter-image":"https:\/\/www.locansol.fr\/wp-content\/uploads\/2026\/03\/exposition-peinture-colorye-maureillas.webp","_yoast_wpseo_twitter-image-id":"","yoast_primary_category":"Exposition","footnotes":""},"categories":[35],"tags":[66,76],"class_list":["post-4591","post","type-post","status-publish","format-standard","has-post-thumbnail","hentry","category-carnaval","tag-evenement-culturel","tag-pyrenees-orientales"],"yoast_head":"<!-- This site is optimized with the Yoast SEO Premium plugin v23.3 (Yoast SEO v26.9) - https:\/\/yoast.com\/product\/yoast-seo-premium-wordpress\/ -->\n<title>Exposition de peinture Maureillas-las-Illas : immersion color\u00e9e avec Lizzy<\/title>\n<meta name=\"description\" content=\"Exposition de peinture Maureillas-las-Illas : d\u00e9couvrez l&#039;univers color\u00e9 de Lizzy du 6 au 30 mars. Une immersion artistique unique dans les Pyr\u00e9n\u00e9es-Orientales.\" \/>\n<meta name=\"robots\" content=\"index, follow, max-snippet:-1, max-image-preview:large, max-video-preview:-1\" \/>\n<link rel=\"canonical\" href=\"https:\/\/www.locansol.fr\/en\/exposition-peinture-coloree-maureillas\/\" \/>\n<meta property=\"og:locale\" content=\"en_GB\" \/>\n<meta property=\"og:type\" content=\"article\" \/>\n<meta property=\"og:title\" content=\"Plongez dans un univers color\u00e9 : exposition \u00e0 Maureillas-las-Illas\" \/>\n<meta property=\"og:description\" content=\"D\u00e9couvrez les \u0153uvres vibrantes de Lizzy \u00e0 Maureillas-las-Illas. Une immersion artistique inoubliable vous attend.\" \/>\n<meta property=\"og:url\" content=\"https:\/\/www.locansol.fr\/en\/exposition-peinture-coloree-maureillas\/\" \/>\n<meta property=\"og:site_name\" content=\"Locansol, louer un h\u00e9bergement dans les Pyr\u00e9n\u00e9es Orientales\" \/>\n<meta property=\"article:published_time\" content=\"2026-03-05T23:03:45+00:00\" \/>\n<meta property=\"article:modified_time\" content=\"2026-03-05T23:03:57+00:00\" \/>\n<meta property=\"og:image\" content=\"https:\/\/www.locansol.fr\/wp-content\/uploads\/2026\/03\/exposition-peinture-colorye-maureillas.webp\" \/>\n<meta name=\"author\" content=\"H\u00e9bergements Locansol\" \/>\n<meta name=\"twitter:card\" content=\"summary_large_image\" \/>\n<meta name=\"twitter:title\" content=\"Exposition color\u00e9e \u00e0 Maureillas-las-Illas : ne manquez pas Lizzy !\" \/>\n<meta name=\"twitter:description\" content=\"D\u00e9couvrez l&#039;univers artistique de Lizzy \u00e0 Maureillas-las-Illas. Une exposition vibrante et pleine de vie du 6 au 30 mars.\" \/>\n<meta name=\"twitter:image\" content=\"https:\/\/www.locansol.fr\/wp-content\/uploads\/2026\/03\/exposition-peinture-colorye-maureillas.webp\" \/>\n<meta name=\"twitter:label1\" content=\"Written by\" \/>\n\t<meta name=\"twitter:data1\" content=\"H\u00e9bergements Locansol\" \/>\n\t<meta name=\"twitter:label2\" content=\"Estimated reading time\" \/>\n\t<meta name=\"twitter:data2\" content=\"2 minutes\" \/>\n<script type=\"application\/ld+json\" class=\"yoast-schema-graph\">{\"@context\":\"https:\/\/schema.org\",\"@graph\":[{\"@type\":\"Article\",\"@id\":\"https:\/\/www.locansol.fr\/exposition-peinture-coloree-maureillas\/#article\",\"isPartOf\":{\"@id\":\"https:\/\/www.locansol.fr\/exposition-peinture-coloree-maureillas\/\"},\"author\":{\"name\":\"H\u00e9bergements Locansol\",\"@id\":\"https:\/\/www.locansol.fr\/#\/schema\/person\/0b08d440f1ac44674c6d498107de351d\"},\"headline\":\"Maureillas-las-Illas, mars : Exposition de peinture par Lizzy, une immersion color\u00e9e\",\"datePublished\":\"2026-03-05T23:03:45+00:00\",\"dateModified\":\"2026-03-05T23:03:57+00:00\",\"mainEntityOfPage\":{\"@id\":\"https:\/\/www.locansol.fr\/exposition-peinture-coloree-maureillas\/\"},\"wordCount\":369,\"publisher\":{\"@id\":\"https:\/\/www.locansol.fr\/#organization\"},\"image\":{\"@id\":\"https:\/\/www.locansol.fr\/exposition-peinture-coloree-maureillas\/#primaryimage\"},\"thumbnailUrl\":\"https:\/\/www.locansol.fr\/wp-content\/uploads\/2026\/03\/exposition-peinture-colorye-maureillas.webp\",\"keywords\":[\"\u00c9v\u00e8nement culturel\",\"Pyr\u00e9n\u00e9es-Orientales\"],\"articleSection\":[\"Carnaval\"],\"inLanguage\":\"en-GB\"},{\"@type\":\"WebPage\",\"@id\":\"https:\/\/www.locansol.fr\/exposition-peinture-coloree-maureillas\/\",\"url\":\"https:\/\/www.locansol.fr\/exposition-peinture-coloree-maureillas\/\",\"name\":\"Exposition de peinture Maureillas-las-Illas : immersion color\u00e9e avec Lizzy\",\"isPartOf\":{\"@id\":\"https:\/\/www.locansol.fr\/#website\"},\"primaryImageOfPage\":{\"@id\":\"https:\/\/www.locansol.fr\/exposition-peinture-coloree-maureillas\/#primaryimage\"},\"image\":{\"@id\":\"https:\/\/www.locansol.fr\/exposition-peinture-coloree-maureillas\/#primaryimage\"},\"thumbnailUrl\":\"https:\/\/www.locansol.fr\/wp-content\/uploads\/2026\/03\/exposition-peinture-colorye-maureillas.webp\",\"datePublished\":\"2026-03-05T23:03:45+00:00\",\"dateModified\":\"2026-03-05T23:03:57+00:00\",\"description\":\"Exposition de peinture Maureillas-las-Illas : d\u00e9couvrez l'univers color\u00e9 de Lizzy du 6 au 30 mars. Une immersion artistique unique dans les Pyr\u00e9n\u00e9es-Orientales.\",\"breadcrumb\":{\"@id\":\"https:\/\/www.locansol.fr\/exposition-peinture-coloree-maureillas\/#breadcrumb\"},\"inLanguage\":\"en-GB\",\"potentialAction\":[{\"@type\":\"ReadAction\",\"target\":[\"https:\/\/www.locansol.fr\/exposition-peinture-coloree-maureillas\/\"]}]},{\"@type\":\"ImageObject\",\"inLanguage\":\"en-GB\",\"@id\":\"https:\/\/www.locansol.fr\/exposition-peinture-coloree-maureillas\/#primaryimage\",\"url\":\"https:\/\/www.locansol.fr\/wp-content\/uploads\/2026\/03\/exposition-peinture-colorye-maureillas.webp\",\"contentUrl\":\"https:\/\/www.locansol.fr\/wp-content\/uploads\/2026\/03\/exposition-peinture-colorye-maureillas.webp\",\"width\":1357,\"height\":1920,\"caption\":\"Exposition de peinture Maureillas-las-Illas : immersion color\u00e9e avec Lizzy\"},{\"@type\":\"BreadcrumbList\",\"@id\":\"https:\/\/www.locansol.fr\/exposition-peinture-coloree-maureillas\/#breadcrumb\",\"itemListElement\":[{\"@type\":\"ListItem\",\"position\":1,\"name\":\"Accueil\",\"item\":\"https:\/\/www.locansol.fr\/\"},{\"@type\":\"ListItem\",\"position\":2,\"name\":\"Maureillas-las-Illas, mars : Exposition de peinture par Lizzy, une immersion color\u00e9e\"}]},{\"@type\":\"WebSite\",\"@id\":\"https:\/\/www.locansol.fr\/#website\",\"url\":\"https:\/\/www.locansol.fr\/\",\"name\":\"Locansol, louer un h\u00e9bergement dans les Pyr\u00e9n\u00e9es-Orientales\",\"description\":\"Location Mobil-home Mer M\u00e9diterran\u00e9e &amp; Chalet de Montagne dans les Pyr\u00e9n\u00e9es Orientales (Occitanie, 66). Weekend, s\u00e9jour &amp; vacances en famille et entre amis.\",\"publisher\":{\"@id\":\"https:\/\/www.locansol.fr\/#organization\"},\"alternateName\":\"Louer un h\u00e9bergement dans les Pyr\u00e9n\u00e9es Orientales, chalet & mobil-home en Occitanie\",\"potentialAction\":[{\"@type\":\"SearchAction\",\"target\":{\"@type\":\"EntryPoint\",\"urlTemplate\":\"https:\/\/www.locansol.fr\/?s={search_term_string}\"},\"query-input\":{\"@type\":\"PropertyValueSpecification\",\"valueRequired\":true,\"valueName\":\"search_term_string\"}}],\"inLanguage\":\"en-GB\"},{\"@type\":\"Organization\",\"@id\":\"https:\/\/www.locansol.fr\/#organization\",\"name\":\"Location MobilHome & chalet dans les Pyr\u00e9n\u00e9es Orientales\",\"alternateName\":\"Louer un h\u00e9bergement dans les Pyr\u00e9n\u00e9es Orientales en Occitanie\",\"url\":\"https:\/\/www.locansol.fr\/\",\"logo\":{\"@type\":\"ImageObject\",\"inLanguage\":\"en-GB\",\"@id\":\"https:\/\/www.locansol.fr\/#\/schema\/logo\/image\/\",\"url\":\"https:\/\/www.locansol.fr\/wp-content\/uploads\/2024\/04\/AdobeStock_303324767-scaled.jpeg\",\"contentUrl\":\"https:\/\/www.locansol.fr\/wp-content\/uploads\/2024\/04\/AdobeStock_303324767-scaled.jpeg\",\"width\":2560,\"height\":1707,\"caption\":\"Location MobilHome & chalet dans les Pyr\u00e9n\u00e9es Orientales\"},\"image\":{\"@id\":\"https:\/\/www.locansol.fr\/#\/schema\/logo\/image\/\"}},{\"@type\":\"Person\",\"@id\":\"https:\/\/www.locansol.fr\/#\/schema\/person\/0b08d440f1ac44674c6d498107de351d\",\"name\":\"H\u00e9bergements Locansol\",\"image\":{\"@type\":\"ImageObject\",\"inLanguage\":\"en-GB\",\"@id\":\"https:\/\/www.locansol.fr\/#\/schema\/person\/image\/\",\"url\":\"https:\/\/secure.gravatar.com\/avatar\/444436b93284204f8116b6e0eb964cd3fcb811519c737232bde6dd5743c37ee5?s=96&d=mm&r=g\",\"contentUrl\":\"https:\/\/secure.gravatar.com\/avatar\/444436b93284204f8116b6e0eb964cd3fcb811519c737232bde6dd5743c37ee5?s=96&d=mm&r=g\",\"caption\":\"H\u00e9bergements Locansol\"},\"sameAs\":[\"https:\/\/www.locansol.fr\/\"],\"url\":\"https:\/\/www.locansol.fr\/en\/author\/locansol\/\"}]}<\/script>\n<!-- \/ Yoast SEO Premium plugin. -->","yoast_head_json":{"title":"Exposition de peinture Maureillas-las-Illas : immersion color\u00e9e avec Lizzy","description":"Exposition de peinture Maureillas-las-Illas : d\u00e9couvrez l'univers color\u00e9 de Lizzy du 6 au 30 mars. Une immersion artistique unique dans les Pyr\u00e9n\u00e9es-Orientales.","robots":{"index":"index","follow":"follow","max-snippet":"max-snippet:-1","max-image-preview":"max-image-preview:large","max-video-preview":"max-video-preview:-1"},"canonical":"https:\/\/www.locansol.fr\/en\/exposition-peinture-coloree-maureillas\/","og_locale":"en_GB","og_type":"article","og_title":"Plongez dans un univers color\u00e9 : exposition \u00e0 Maureillas-las-Illas","og_description":"D\u00e9couvrez les \u0153uvres vibrantes de Lizzy \u00e0 Maureillas-las-Illas. Une immersion artistique inoubliable vous attend.","og_url":"https:\/\/www.locansol.fr\/en\/exposition-peinture-coloree-maureillas\/","og_site_name":"Locansol, louer un h\u00e9bergement dans les Pyr\u00e9n\u00e9es Orientales","article_published_time":"2026-03-05T23:03:45+00:00","article_modified_time":"2026-03-05T23:03:57+00:00","og_image":[{"url":"https:\/\/www.locansol.fr\/wp-content\/uploads\/2026\/03\/exposition-peinture-colorye-maureillas.webp","type":"","width":"","height":""}],"author":"H\u00e9bergements Locansol","twitter_card":"summary_large_image","twitter_title":"Exposition color\u00e9e \u00e0 Maureillas-las-Illas : ne manquez pas Lizzy !","twitter_description":"D\u00e9couvrez l'univers artistique de Lizzy \u00e0 Maureillas-las-Illas. Une exposition vibrante et pleine de vie du 6 au 30 mars.","twitter_image":"https:\/\/www.locansol.fr\/wp-content\/uploads\/2026\/03\/exposition-peinture-colorye-maureillas.webp","twitter_misc":{"Written by":"H\u00e9bergements Locansol","Estimated reading time":"2 minutes"},"schema":{"@context":"https:\/\/schema.org","@graph":[{"@type":"Article","@id":"https:\/\/www.locansol.fr\/exposition-peinture-coloree-maureillas\/#article","isPartOf":{"@id":"https:\/\/www.locansol.fr\/exposition-peinture-coloree-maureillas\/"},"author":{"name":"H\u00e9bergements Locansol","@id":"https:\/\/www.locansol.fr\/#\/schema\/person\/0b08d440f1ac44674c6d498107de351d"},"headline":"Maureillas-las-Illas, mars : Exposition de peinture par Lizzy, une immersion color\u00e9e","datePublished":"2026-03-05T23:03:45+00:00","dateModified":"2026-03-05T23:03:57+00:00","mainEntityOfPage":{"@id":"https:\/\/www.locansol.fr\/exposition-peinture-coloree-maureillas\/"},"wordCount":369,"publisher":{"@id":"https:\/\/www.locansol.fr\/#organization"},"image":{"@id":"https:\/\/www.locansol.fr\/exposition-peinture-coloree-maureillas\/#primaryimage"},"thumbnailUrl":"https:\/\/www.locansol.fr\/wp-content\/uploads\/2026\/03\/exposition-peinture-colorye-maureillas.webp","keywords":["\u00c9v\u00e8nement culturel","Pyr\u00e9n\u00e9es-Orientales"],"articleSection":["Carnaval"],"inLanguage":"en-GB"},{"@type":"WebPage","@id":"https:\/\/www.locansol.fr\/exposition-peinture-coloree-maureillas\/","url":"https:\/\/www.locansol.fr\/exposition-peinture-coloree-maureillas\/","name":"Exposition de peinture Maureillas-las-Illas : immersion color\u00e9e avec Lizzy","isPartOf":{"@id":"https:\/\/www.locansol.fr\/#website"},"primaryImageOfPage":{"@id":"https:\/\/www.locansol.fr\/exposition-peinture-coloree-maureillas\/#primaryimage"},"image":{"@id":"https:\/\/www.locansol.fr\/exposition-peinture-coloree-maureillas\/#primaryimage"},"thumbnailUrl":"https:\/\/www.locansol.fr\/wp-content\/uploads\/2026\/03\/exposition-peinture-colorye-maureillas.webp","datePublished":"2026-03-05T23:03:45+00:00","dateModified":"2026-03-05T23:03:57+00:00","description":"Exposition de peinture Maureillas-las-Illas : d\u00e9couvrez l'univers color\u00e9 de Lizzy du 6 au 30 mars. Une immersion artistique unique dans les Pyr\u00e9n\u00e9es-Orientales.","breadcrumb":{"@id":"https:\/\/www.locansol.fr\/exposition-peinture-coloree-maureillas\/#breadcrumb"},"inLanguage":"en-GB","potentialAction":[{"@type":"ReadAction","target":["https:\/\/www.locansol.fr\/exposition-peinture-coloree-maureillas\/"]}]},{"@type":"ImageObject","inLanguage":"en-GB","@id":"https:\/\/www.locansol.fr\/exposition-peinture-coloree-maureillas\/#primaryimage","url":"https:\/\/www.locansol.fr\/wp-content\/uploads\/2026\/03\/exposition-peinture-colorye-maureillas.webp","contentUrl":"https:\/\/www.locansol.fr\/wp-content\/uploads\/2026\/03\/exposition-peinture-colorye-maureillas.webp","width":1357,"height":1920,"caption":"Exposition de peinture Maureillas-las-Illas : immersion color\u00e9e avec Lizzy"},{"@type":"BreadcrumbList","@id":"https:\/\/www.locansol.fr\/exposition-peinture-coloree-maureillas\/#breadcrumb","itemListElement":[{"@type":"ListItem","position":1,"name":"Accueil","item":"https:\/\/www.locansol.fr\/"},{"@type":"ListItem","position":2,"name":"Maureillas-las-Illas, mars : Exposition de peinture par Lizzy, une immersion color\u00e9e"}]},{"@type":"WebSite","@id":"https:\/\/www.locansol.fr\/#website","url":"https:\/\/www.locansol.fr\/","name":"Locansol, louer un h\u00e9bergement dans les Pyr\u00e9n\u00e9es-Orientales","description":"Location Mobil-home Mer M\u00e9diterran\u00e9e &amp; Chalet de Montagne dans les Pyr\u00e9n\u00e9es Orientales (Occitanie, 66). Weekend, s\u00e9jour &amp; vacances en famille et entre amis.","publisher":{"@id":"https:\/\/www.locansol.fr\/#organization"},"alternateName":"Louer un h\u00e9bergement dans les Pyr\u00e9n\u00e9es Orientales, chalet & mobil-home en Occitanie","potentialAction":[{"@type":"SearchAction","target":{"@type":"EntryPoint","urlTemplate":"https:\/\/www.locansol.fr\/?s={search_term_string}"},"query-input":{"@type":"PropertyValueSpecification","valueRequired":true,"valueName":"search_term_string"}}],"inLanguage":"en-GB"},{"@type":"Organization","@id":"https:\/\/www.locansol.fr\/#organization","name":"Location MobilHome & chalet dans les Pyr\u00e9n\u00e9es Orientales","alternateName":"Louer un h\u00e9bergement dans les Pyr\u00e9n\u00e9es Orientales en Occitanie","url":"https:\/\/www.locansol.fr\/","logo":{"@type":"ImageObject","inLanguage":"en-GB","@id":"https:\/\/www.locansol.fr\/#\/schema\/logo\/image\/","url":"https:\/\/www.locansol.fr\/wp-content\/uploads\/2024\/04\/AdobeStock_303324767-scaled.jpeg","contentUrl":"https:\/\/www.locansol.fr\/wp-content\/uploads\/2024\/04\/AdobeStock_303324767-scaled.jpeg","width":2560,"height":1707,"caption":"Location MobilHome & chalet dans les Pyr\u00e9n\u00e9es Orientales"},"image":{"@id":"https:\/\/www.locansol.fr\/#\/schema\/logo\/image\/"}},{"@type":"Person","@id":"https:\/\/www.locansol.fr\/#\/schema\/person\/0b08d440f1ac44674c6d498107de351d","name":"H\u00e9bergements Locansol","image":{"@type":"ImageObject","inLanguage":"en-GB","@id":"https:\/\/www.locansol.fr\/#\/schema\/person\/image\/","url":"https:\/\/secure.gravatar.com\/avatar\/444436b93284204f8116b6e0eb964cd3fcb811519c737232bde6dd5743c37ee5?s=96&d=mm&r=g","contentUrl":"https:\/\/secure.gravatar.com\/avatar\/444436b93284204f8116b6e0eb964cd3fcb811519c737232bde6dd5743c37ee5?s=96&d=mm&r=g","caption":"H\u00e9bergements Locansol"},"sameAs":["https:\/\/www.locansol.fr\/"],"url":"https:\/\/www.locansol.fr\/en\/author\/locansol\/"}]}},"_links":{"self":[{"href":"https:\/\/www.locansol.fr\/en\/wp-json\/wp\/v2\/posts\/4591","targetHints":{"allow":["GET"]}}],"collection":[{"href":"https:\/\/www.locansol.fr\/en\/wp-json\/wp\/v2\/posts"}],"about":[{"href":"https:\/\/www.locansol.fr\/en\/wp-json\/wp\/v2\/types\/post"}],"author":[{"embeddable":true,"href":"https:\/\/www.locansol.fr\/en\/wp-json\/wp\/v2\/users\/5"}],"replies":[{"embeddable":true,"href":"https:\/\/www.locansol.fr\/en\/wp-json\/wp\/v2\/comments?post=4591"}],"version-history":[{"count":1,"href":"https:\/\/www.locansol.fr\/en\/wp-json\/wp\/v2\/posts\/4591\/revisions"}],"predecessor-version":[{"id":4592,"href":"https:\/\/www.locansol.fr\/en\/wp-json\/wp\/v2\/posts\/4591\/revisions\/4592"}],"wp:featuredmedia":[{"embeddable":true,"href":"https:\/\/www.locansol.fr\/en\/wp-json\/wp\/v2\/media\/4590"}],"wp:attachment":[{"href":"https:\/\/www.locansol.fr\/en\/wp-json\/wp\/v2\/media?parent=4591"}],"wp:term":[{"taxonomy":"category","embeddable":true,"href":"https:\/\/www.locansol.fr\/en\/wp-json\/wp\/v2\/categories?post=4591"},{"taxonomy":"post_tag","embeddable":true,"href":"https:\/\/www.locansol.fr\/en\/wp-json\/wp\/v2\/tags?post=4591"}],"curies":[{"name":"wp","href":"https:\/\/api.w.org\/{rel}","templated":true}]}}