{"id":4884,"date":"2026-03-15T18:08:24","date_gmt":"2026-03-15T17:08:24","guid":{"rendered":"https:\/\/www.locansol.fr\/trail-escapade-prades-sport\/"},"modified":"2026-03-15T18:08:28","modified_gmt":"2026-03-15T17:08:28","slug":"trail-escapade-prades-sport","status":"publish","type":"post","link":"https:\/\/www.locansol.fr\/en\/trail-escapade-prades-sport\/","title":{"rendered":"Prades \u2013 15 mars 2026 \u2013 Trail de l&rsquo;Escapade : Sport et Valeurs Solidaires"},"content":{"rendered":"<p>Le dimanche 15 mars 2026, la ville de Prades, nich\u00e9e au c\u0153ur des Pyr\u00e9n\u00e9es-Orientales, accueillera un \u00e9v\u00e9nement aussi sportif qu\u2019\u00e9ducatif : le Trail de l\u2019Escapade. Organis\u00e9 par les \u00e9l\u00e8ves du Lyc\u00e9e Charles Renouvier ainsi que leurs enseignants en \u00e9ducation physique, ce trail propose une belle occasion de d\u00e9couvrir les plaisirs de la course \u00e0 pied dans un environnement naturel \u00e0 couper le souffle, tout en participant \u00e0 une initiative solidaire et \u00e9ducative.<\/p>\n<p>### Une journ\u00e9e sportive pour tous<br \/>Le Trail de l\u2019Escapade se distingue par des parcours adapt\u00e9s \u00e0 tous les \u00e2ges et niveaux sportifs. L\u2019\u00e9v\u00e9nement s\u2019articule autour de plusieurs courses vari\u00e9es :<br \/>&#8211; **L\u2019Escapade** : une course embl\u00e9matique pour les adultes, avec un parcours de 14 km et 600 m\u00e8tres de d\u00e9nivel\u00e9 positif. D\u00e9part \u00e0 9h30, cette \u00e9preuve promet un v\u00e9ritable d\u00e9fi aux coureurs exp\u00e9riment\u00e9s en qu\u00eate de sensations.<br \/>&#8211; **Le D\u00e9fi des Nin\u2019s** : destin\u00e9 aux adolescents (12-15 ans), ce d\u00e9fi comprend un trac\u00e9 de 3 km (90 D+) pour les minimes et de 1,7 km (46 D+) pour les benjamins. D\u00e9part pr\u00e9vu \u00e0 9h45.<br \/>&#8211; **Courses enfants** : pour les plus jeunes (5-11 ans), des distances adapt\u00e9es \u00e0 chaque tranche d\u2019\u00e2ge seront propos\u00e9es, allant de 380 m \u00e0 1,3 km. D\u00e9part \u00e9galement fix\u00e9 \u00e0 9h45.<\/p>\n<p>Tarifs accessibles \u00e0 tous : 15 \u20ac pour les adultes, 5 \u20ac pour les courses des adolescents, et 3 \u20ac pour les \u00e9preuves des enfants.<\/p>\n<p>### Un projet \u00e9ducatif et solidaire<br \/>Ce trail n\u2019est pas qu\u2019un simple \u00e9v\u00e9nement sportif. Il est avant tout un projet \u00e9ducatif pens\u00e9 par les \u00e9l\u00e8ves inscrits en sp\u00e9cialit\u00e9 EPPCS (\u00c9ducation Physique, Pratiques et Cultures Sportives) et en option EPS au sein du lyc\u00e9e Charles Renouvier. En s\u2019investissant pleinement dans l\u2019organisation (inscriptions, logistique, communication), ces jeunes apprennent \u00e0 d\u00e9velopper des comp\u00e9tences cl\u00e9s telles que la gestion de projet, le travail en \u00e9quipe et la prise de responsabilit\u00e9.<br \/>En participant, vous soutenez ainsi une initiative qui conjugue sport, apprentissage et valeurs humaines, tout en passant une magnifique journ\u00e9e en pleine nature.<\/p>\n<p>### Un cadre exceptionnel et une ambiance chaleureuse<br \/>Les sentiers de Prades, situ\u00e9s entre montagne et vall\u00e9es, offrent des d\u00e9cors uniques propices \u00e0 l\u2019\u00e9vasion. \u00c0 l\u2019effort sportif s\u2019ajoutera le plaisir des yeux dans une ambiance conviviale et chaleureuse. Loin des grandes comp\u00e9titions anonymes, le Trail de l\u2019Escapade privil\u00e9gie le partage et l\u2019entraide, des valeurs qui unissent petits et grands.<\/p>\n<p>### Pr\u00eats \u00e0 rejoindre l\u2019aventure ?<br \/>Le d\u00e9part se fera depuis le Lyc\u00e9e Charles Renouvier situ\u00e9 Route de Catllar \u00e0 Prades. Les inscriptions sont ouvertes d\u00e8s \u00e0 pr\u00e9sent : en ligne pour plus de simplicit\u00e9, ou directement sur place le jour J. Une \u00e9quipe d\u2019organisateurs d\u00e9vou\u00e9s sera \u00e0 votre disposition pour r\u00e9pondre \u00e0 toutes vos questions via les r\u00e9seaux sociaux ou le site officiel de l\u2019\u00e9v\u00e9nement.<\/p>\n<p>Ne manquez pas cette opportunit\u00e9 unique d\u2019allier sport, solidarit\u00e9 et nature ! Rendez-vous le 15 mars 2026 pour vivre une aventure inoubliable au Trail de l\u2019Escapade de Prades.<\/p>\n<h3>Practical information<\/h3>\n<p>\ud83d\udcc5 QUAND ? Dimanche 15 mars 2026<br \/>\ud83d\udccd O\u00d9 ? Lyc\u00e9e Charles Renouvier, Route de Catllar, Prades<br \/>\ud83d\udcb6 COMBIEN ? \u00c0 partir de 3 \u20ac<\/p>","protected":false},"excerpt":{"rendered":"<p>Le Trail de l&rsquo;Escapade, un \u00e9v\u00e9nement sportif et \u00e9ducatif \u00e0 Prades le 15 mars 2026, combine courses pour tous \u00e2ges et sensibilisation aux valeurs sportives.<\/p>","protected":false},"author":5,"featured_media":4883,"comment_status":"closed","ping_status":"open","sticky":false,"template":"","format":"standard","meta":{"_yoast_wpseo_focuskw":"Trail Escapade Prades 2026","_yoast_wpseo_title":"Trail de l'Escapade Prades \u2013 Course solidaire 2026","_yoast_wpseo_metadesc":"Trail de l'Escapade Prades : participez \u00e0 une course solidaire en pleine nature dans les Pyr\u00e9n\u00e9es-Orientales. Parcours adapt\u00e9s \u00e0 tous, organis\u00e9 par des lyc\u00e9ens. Une aventure sportive et \u00e9ducative unique !","_yoast_wpseo_canonical":"","_yoast_wpseo_opengraph-title":"D\u00e9fiez-vous en nature : Trail de l'Escapade \u00e0 Prades \u2014 Une aventure solidaire !","_yoast_wpseo_opengraph-description":"Plongez dans l'\u00e9nergie du Trail de l'Escapade \u00e0 Prades ! Des sentiers \u00e0 couper le souffle, une ambiance chaleureuse et une initiative \u00e9ducative. Vivez une journ\u00e9e inoubliable alliant sport et solidarit\u00e9.","_yoast_wpseo_opengraph-image":"https:\/\/www.locansol.fr\/wp-content\/uploads\/2026\/03\/trail-escapade-prades-sport.webp","_yoast_wpseo_opengraph-image-id":"","_yoast_wpseo_twitter-title":"Relevez le d\u00e9fi du Trail de l'Escapade \u00e0 Prades !","_yoast_wpseo_twitter-description":"Participez au Trail de l'Escapade \u00e0 Prades pour une journ\u00e9e sportive, solidaire et en pleine nature. Parcours pour tous, ambiance chaleureuse et projet \u00e9ducatif. Inscriptions ouvertes !","_yoast_wpseo_twitter-image":"https:\/\/www.locansol.fr\/wp-content\/uploads\/2026\/03\/trail-escapade-prades-sport.webp","_yoast_wpseo_twitter-image-id":"","yoast_primary_category":"Trail","footnotes":""},"categories":[64],"tags":[76,73],"class_list":["post-4884","post","type-post","status-publish","format-standard","has-post-thumbnail","hentry","category-trail","tag-pyrenees-orientales","tag-sports"],"yoast_head":"<!-- This site is optimized with the Yoast SEO Premium plugin v23.3 (Yoast SEO v26.9) - https:\/\/yoast.com\/product\/yoast-seo-premium-wordpress\/ -->\n<title>Trail de l&#039;Escapade Prades \u2013 Course solidaire 2026<\/title>\n<meta name=\"description\" content=\"Trail de l&#039;Escapade Prades : participez \u00e0 une course solidaire en pleine nature dans les Pyr\u00e9n\u00e9es-Orientales. Parcours adapt\u00e9s \u00e0 tous, organis\u00e9 par des lyc\u00e9ens. Une aventure sportive et \u00e9ducative unique !\" \/>\n<meta name=\"robots\" content=\"index, follow, max-snippet:-1, max-image-preview:large, max-video-preview:-1\" \/>\n<link rel=\"canonical\" href=\"https:\/\/www.locansol.fr\/en\/trail-escapade-prades-sport\/\" \/>\n<meta property=\"og:locale\" content=\"en_GB\" \/>\n<meta property=\"og:type\" content=\"article\" \/>\n<meta property=\"og:title\" content=\"D\u00e9fiez-vous en nature : Trail de l&#039;Escapade \u00e0 Prades \u2014 Une aventure solidaire !\" \/>\n<meta property=\"og:description\" content=\"Plongez dans l&#039;\u00e9nergie du Trail de l&#039;Escapade \u00e0 Prades ! Des sentiers \u00e0 couper le souffle, une ambiance chaleureuse et une initiative \u00e9ducative. Vivez une journ\u00e9e inoubliable alliant sport et solidarit\u00e9.\" \/>\n<meta property=\"og:url\" content=\"https:\/\/www.locansol.fr\/en\/trail-escapade-prades-sport\/\" \/>\n<meta property=\"og:site_name\" content=\"Locansol, louer un h\u00e9bergement dans les Pyr\u00e9n\u00e9es Orientales\" \/>\n<meta property=\"article:published_time\" content=\"2026-03-15T17:08:24+00:00\" \/>\n<meta property=\"article:modified_time\" content=\"2026-03-15T17:08:28+00:00\" \/>\n<meta property=\"og:image\" content=\"https:\/\/www.locansol.fr\/wp-content\/uploads\/2026\/03\/trail-escapade-prades-sport.webp\" \/>\n<meta name=\"author\" content=\"H\u00e9bergements Locansol\" \/>\n<meta name=\"twitter:card\" content=\"summary_large_image\" \/>\n<meta name=\"twitter:title\" content=\"Relevez le d\u00e9fi du Trail de l&#039;Escapade \u00e0 Prades !\" \/>\n<meta name=\"twitter:description\" content=\"Participez au Trail de l&#039;Escapade \u00e0 Prades pour une journ\u00e9e sportive, solidaire et en pleine nature. Parcours pour tous, ambiance chaleureuse et projet \u00e9ducatif. Inscriptions ouvertes !\" \/>\n<meta name=\"twitter:image\" content=\"https:\/\/www.locansol.fr\/wp-content\/uploads\/2026\/03\/trail-escapade-prades-sport.webp\" \/>\n<meta name=\"twitter:label1\" content=\"Written by\" \/>\n\t<meta name=\"twitter:data1\" content=\"H\u00e9bergements Locansol\" \/>\n\t<meta name=\"twitter:label2\" content=\"Estimated reading time\" \/>\n\t<meta name=\"twitter:data2\" content=\"3 minutes\" \/>\n<script type=\"application\/ld+json\" class=\"yoast-schema-graph\">{\"@context\":\"https:\/\/schema.org\",\"@graph\":[{\"@type\":\"Article\",\"@id\":\"https:\/\/www.locansol.fr\/trail-escapade-prades-sport\/#article\",\"isPartOf\":{\"@id\":\"https:\/\/www.locansol.fr\/trail-escapade-prades-sport\/\"},\"author\":{\"name\":\"H\u00e9bergements Locansol\",\"@id\":\"https:\/\/www.locansol.fr\/#\/schema\/person\/0b08d440f1ac44674c6d498107de351d\"},\"headline\":\"Prades \u2013 15 mars 2026 \u2013 Trail de l&rsquo;Escapade : Sport et Valeurs Solidaires\",\"datePublished\":\"2026-03-15T17:08:24+00:00\",\"dateModified\":\"2026-03-15T17:08:28+00:00\",\"mainEntityOfPage\":{\"@id\":\"https:\/\/www.locansol.fr\/trail-escapade-prades-sport\/\"},\"wordCount\":533,\"publisher\":{\"@id\":\"https:\/\/www.locansol.fr\/#organization\"},\"image\":{\"@id\":\"https:\/\/www.locansol.fr\/trail-escapade-prades-sport\/#primaryimage\"},\"thumbnailUrl\":\"https:\/\/www.locansol.fr\/wp-content\/uploads\/2026\/03\/trail-escapade-prades-sport.webp\",\"keywords\":[\"Pyr\u00e9n\u00e9es-Orientales\",\"Sports\"],\"articleSection\":[\"Trail\"],\"inLanguage\":\"en-GB\"},{\"@type\":\"WebPage\",\"@id\":\"https:\/\/www.locansol.fr\/trail-escapade-prades-sport\/\",\"url\":\"https:\/\/www.locansol.fr\/trail-escapade-prades-sport\/\",\"name\":\"Trail de l'Escapade Prades \u2013 Course solidaire 2026\",\"isPartOf\":{\"@id\":\"https:\/\/www.locansol.fr\/#website\"},\"primaryImageOfPage\":{\"@id\":\"https:\/\/www.locansol.fr\/trail-escapade-prades-sport\/#primaryimage\"},\"image\":{\"@id\":\"https:\/\/www.locansol.fr\/trail-escapade-prades-sport\/#primaryimage\"},\"thumbnailUrl\":\"https:\/\/www.locansol.fr\/wp-content\/uploads\/2026\/03\/trail-escapade-prades-sport.webp\",\"datePublished\":\"2026-03-15T17:08:24+00:00\",\"dateModified\":\"2026-03-15T17:08:28+00:00\",\"description\":\"Trail de l'Escapade Prades : participez \u00e0 une course solidaire en pleine nature dans les Pyr\u00e9n\u00e9es-Orientales. Parcours adapt\u00e9s \u00e0 tous, organis\u00e9 par des lyc\u00e9ens. Une aventure sportive et \u00e9ducative unique !\",\"breadcrumb\":{\"@id\":\"https:\/\/www.locansol.fr\/trail-escapade-prades-sport\/#breadcrumb\"},\"inLanguage\":\"en-GB\",\"potentialAction\":[{\"@type\":\"ReadAction\",\"target\":[\"https:\/\/www.locansol.fr\/trail-escapade-prades-sport\/\"]}]},{\"@type\":\"ImageObject\",\"inLanguage\":\"en-GB\",\"@id\":\"https:\/\/www.locansol.fr\/trail-escapade-prades-sport\/#primaryimage\",\"url\":\"https:\/\/www.locansol.fr\/wp-content\/uploads\/2026\/03\/trail-escapade-prades-sport.webp\",\"contentUrl\":\"https:\/\/www.locansol.fr\/wp-content\/uploads\/2026\/03\/trail-escapade-prades-sport.webp\",\"width\":1170,\"height\":1661,\"caption\":\"Trail de l'Escapade Prades \u2013 Course solidaire 2026\"},{\"@type\":\"BreadcrumbList\",\"@id\":\"https:\/\/www.locansol.fr\/trail-escapade-prades-sport\/#breadcrumb\",\"itemListElement\":[{\"@type\":\"ListItem\",\"position\":1,\"name\":\"Accueil\",\"item\":\"https:\/\/www.locansol.fr\/\"},{\"@type\":\"ListItem\",\"position\":2,\"name\":\"Prades \u2013 15 mars 2026 \u2013 Trail de l&rsquo;Escapade : Sport et Valeurs Solidaires\"}]},{\"@type\":\"WebSite\",\"@id\":\"https:\/\/www.locansol.fr\/#website\",\"url\":\"https:\/\/www.locansol.fr\/\",\"name\":\"Locansol, louer un h\u00e9bergement dans les Pyr\u00e9n\u00e9es-Orientales\",\"description\":\"Location Mobil-home Mer M\u00e9diterran\u00e9e &amp; Chalet de Montagne dans les Pyr\u00e9n\u00e9es Orientales (Occitanie, 66). Weekend, s\u00e9jour &amp; vacances en famille et entre amis.\",\"publisher\":{\"@id\":\"https:\/\/www.locansol.fr\/#organization\"},\"alternateName\":\"Louer un h\u00e9bergement dans les Pyr\u00e9n\u00e9es Orientales, chalet & mobil-home en Occitanie\",\"potentialAction\":[{\"@type\":\"SearchAction\",\"target\":{\"@type\":\"EntryPoint\",\"urlTemplate\":\"https:\/\/www.locansol.fr\/?s={search_term_string}\"},\"query-input\":{\"@type\":\"PropertyValueSpecification\",\"valueRequired\":true,\"valueName\":\"search_term_string\"}}],\"inLanguage\":\"en-GB\"},{\"@type\":\"Organization\",\"@id\":\"https:\/\/www.locansol.fr\/#organization\",\"name\":\"Location MobilHome & chalet dans les Pyr\u00e9n\u00e9es Orientales\",\"alternateName\":\"Louer un h\u00e9bergement dans les Pyr\u00e9n\u00e9es Orientales en Occitanie\",\"url\":\"https:\/\/www.locansol.fr\/\",\"logo\":{\"@type\":\"ImageObject\",\"inLanguage\":\"en-GB\",\"@id\":\"https:\/\/www.locansol.fr\/#\/schema\/logo\/image\/\",\"url\":\"https:\/\/www.locansol.fr\/wp-content\/uploads\/2024\/04\/AdobeStock_303324767-scaled.jpeg\",\"contentUrl\":\"https:\/\/www.locansol.fr\/wp-content\/uploads\/2024\/04\/AdobeStock_303324767-scaled.jpeg\",\"width\":2560,\"height\":1707,\"caption\":\"Location MobilHome & chalet dans les Pyr\u00e9n\u00e9es Orientales\"},\"image\":{\"@id\":\"https:\/\/www.locansol.fr\/#\/schema\/logo\/image\/\"}},{\"@type\":\"Person\",\"@id\":\"https:\/\/www.locansol.fr\/#\/schema\/person\/0b08d440f1ac44674c6d498107de351d\",\"name\":\"H\u00e9bergements Locansol\",\"image\":{\"@type\":\"ImageObject\",\"inLanguage\":\"en-GB\",\"@id\":\"https:\/\/www.locansol.fr\/#\/schema\/person\/image\/\",\"url\":\"https:\/\/secure.gravatar.com\/avatar\/444436b93284204f8116b6e0eb964cd3fcb811519c737232bde6dd5743c37ee5?s=96&d=mm&r=g\",\"contentUrl\":\"https:\/\/secure.gravatar.com\/avatar\/444436b93284204f8116b6e0eb964cd3fcb811519c737232bde6dd5743c37ee5?s=96&d=mm&r=g\",\"caption\":\"H\u00e9bergements Locansol\"},\"sameAs\":[\"https:\/\/www.locansol.fr\/\"],\"url\":\"https:\/\/www.locansol.fr\/en\/author\/locansol\/\"}]}<\/script>\n<!-- \/ Yoast SEO Premium plugin. -->","yoast_head_json":{"title":"Trail de l'Escapade Prades \u2013 Course solidaire 2026","description":"Trail de l'Escapade Prades : participez \u00e0 une course solidaire en pleine nature dans les Pyr\u00e9n\u00e9es-Orientales. Parcours adapt\u00e9s \u00e0 tous, organis\u00e9 par des lyc\u00e9ens. Une aventure sportive et \u00e9ducative unique !","robots":{"index":"index","follow":"follow","max-snippet":"max-snippet:-1","max-image-preview":"max-image-preview:large","max-video-preview":"max-video-preview:-1"},"canonical":"https:\/\/www.locansol.fr\/en\/trail-escapade-prades-sport\/","og_locale":"en_GB","og_type":"article","og_title":"D\u00e9fiez-vous en nature : Trail de l'Escapade \u00e0 Prades \u2014 Une aventure solidaire !","og_description":"Plongez dans l'\u00e9nergie du Trail de l'Escapade \u00e0 Prades ! Des sentiers \u00e0 couper le souffle, une ambiance chaleureuse et une initiative \u00e9ducative. Vivez une journ\u00e9e inoubliable alliant sport et solidarit\u00e9.","og_url":"https:\/\/www.locansol.fr\/en\/trail-escapade-prades-sport\/","og_site_name":"Locansol, louer un h\u00e9bergement dans les Pyr\u00e9n\u00e9es Orientales","article_published_time":"2026-03-15T17:08:24+00:00","article_modified_time":"2026-03-15T17:08:28+00:00","og_image":[{"url":"https:\/\/www.locansol.fr\/wp-content\/uploads\/2026\/03\/trail-escapade-prades-sport.webp","type":"","width":"","height":""}],"author":"H\u00e9bergements Locansol","twitter_card":"summary_large_image","twitter_title":"Relevez le d\u00e9fi du Trail de l'Escapade \u00e0 Prades !","twitter_description":"Participez au Trail de l'Escapade \u00e0 Prades pour une journ\u00e9e sportive, solidaire et en pleine nature. Parcours pour tous, ambiance chaleureuse et projet \u00e9ducatif. Inscriptions ouvertes !","twitter_image":"https:\/\/www.locansol.fr\/wp-content\/uploads\/2026\/03\/trail-escapade-prades-sport.webp","twitter_misc":{"Written by":"H\u00e9bergements Locansol","Estimated reading time":"3 minutes"},"schema":{"@context":"https:\/\/schema.org","@graph":[{"@type":"Article","@id":"https:\/\/www.locansol.fr\/trail-escapade-prades-sport\/#article","isPartOf":{"@id":"https:\/\/www.locansol.fr\/trail-escapade-prades-sport\/"},"author":{"name":"H\u00e9bergements Locansol","@id":"https:\/\/www.locansol.fr\/#\/schema\/person\/0b08d440f1ac44674c6d498107de351d"},"headline":"Prades \u2013 15 mars 2026 \u2013 Trail de l&rsquo;Escapade : Sport et Valeurs Solidaires","datePublished":"2026-03-15T17:08:24+00:00","dateModified":"2026-03-15T17:08:28+00:00","mainEntityOfPage":{"@id":"https:\/\/www.locansol.fr\/trail-escapade-prades-sport\/"},"wordCount":533,"publisher":{"@id":"https:\/\/www.locansol.fr\/#organization"},"image":{"@id":"https:\/\/www.locansol.fr\/trail-escapade-prades-sport\/#primaryimage"},"thumbnailUrl":"https:\/\/www.locansol.fr\/wp-content\/uploads\/2026\/03\/trail-escapade-prades-sport.webp","keywords":["Pyr\u00e9n\u00e9es-Orientales","Sports"],"articleSection":["Trail"],"inLanguage":"en-GB"},{"@type":"WebPage","@id":"https:\/\/www.locansol.fr\/trail-escapade-prades-sport\/","url":"https:\/\/www.locansol.fr\/trail-escapade-prades-sport\/","name":"Trail de l'Escapade Prades \u2013 Course solidaire 2026","isPartOf":{"@id":"https:\/\/www.locansol.fr\/#website"},"primaryImageOfPage":{"@id":"https:\/\/www.locansol.fr\/trail-escapade-prades-sport\/#primaryimage"},"image":{"@id":"https:\/\/www.locansol.fr\/trail-escapade-prades-sport\/#primaryimage"},"thumbnailUrl":"https:\/\/www.locansol.fr\/wp-content\/uploads\/2026\/03\/trail-escapade-prades-sport.webp","datePublished":"2026-03-15T17:08:24+00:00","dateModified":"2026-03-15T17:08:28+00:00","description":"Trail de l'Escapade Prades : participez \u00e0 une course solidaire en pleine nature dans les Pyr\u00e9n\u00e9es-Orientales. Parcours adapt\u00e9s \u00e0 tous, organis\u00e9 par des lyc\u00e9ens. Une aventure sportive et \u00e9ducative unique !","breadcrumb":{"@id":"https:\/\/www.locansol.fr\/trail-escapade-prades-sport\/#breadcrumb"},"inLanguage":"en-GB","potentialAction":[{"@type":"ReadAction","target":["https:\/\/www.locansol.fr\/trail-escapade-prades-sport\/"]}]},{"@type":"ImageObject","inLanguage":"en-GB","@id":"https:\/\/www.locansol.fr\/trail-escapade-prades-sport\/#primaryimage","url":"https:\/\/www.locansol.fr\/wp-content\/uploads\/2026\/03\/trail-escapade-prades-sport.webp","contentUrl":"https:\/\/www.locansol.fr\/wp-content\/uploads\/2026\/03\/trail-escapade-prades-sport.webp","width":1170,"height":1661,"caption":"Trail de l'Escapade Prades \u2013 Course solidaire 2026"},{"@type":"BreadcrumbList","@id":"https:\/\/www.locansol.fr\/trail-escapade-prades-sport\/#breadcrumb","itemListElement":[{"@type":"ListItem","position":1,"name":"Accueil","item":"https:\/\/www.locansol.fr\/"},{"@type":"ListItem","position":2,"name":"Prades \u2013 15 mars 2026 \u2013 Trail de l&rsquo;Escapade : Sport et Valeurs Solidaires"}]},{"@type":"WebSite","@id":"https:\/\/www.locansol.fr\/#website","url":"https:\/\/www.locansol.fr\/","name":"Locansol, louer un h\u00e9bergement dans les Pyr\u00e9n\u00e9es-Orientales","description":"Location Mobil-home Mer M\u00e9diterran\u00e9e &amp; Chalet de Montagne dans les Pyr\u00e9n\u00e9es Orientales (Occitanie, 66). Weekend, s\u00e9jour &amp; vacances en famille et entre amis.","publisher":{"@id":"https:\/\/www.locansol.fr\/#organization"},"alternateName":"Louer un h\u00e9bergement dans les Pyr\u00e9n\u00e9es Orientales, chalet & mobil-home en Occitanie","potentialAction":[{"@type":"SearchAction","target":{"@type":"EntryPoint","urlTemplate":"https:\/\/www.locansol.fr\/?s={search_term_string}"},"query-input":{"@type":"PropertyValueSpecification","valueRequired":true,"valueName":"search_term_string"}}],"inLanguage":"en-GB"},{"@type":"Organization","@id":"https:\/\/www.locansol.fr\/#organization","name":"Location MobilHome & chalet dans les Pyr\u00e9n\u00e9es Orientales","alternateName":"Louer un h\u00e9bergement dans les Pyr\u00e9n\u00e9es Orientales en Occitanie","url":"https:\/\/www.locansol.fr\/","logo":{"@type":"ImageObject","inLanguage":"en-GB","@id":"https:\/\/www.locansol.fr\/#\/schema\/logo\/image\/","url":"https:\/\/www.locansol.fr\/wp-content\/uploads\/2024\/04\/AdobeStock_303324767-scaled.jpeg","contentUrl":"https:\/\/www.locansol.fr\/wp-content\/uploads\/2024\/04\/AdobeStock_303324767-scaled.jpeg","width":2560,"height":1707,"caption":"Location MobilHome & chalet dans les Pyr\u00e9n\u00e9es Orientales"},"image":{"@id":"https:\/\/www.locansol.fr\/#\/schema\/logo\/image\/"}},{"@type":"Person","@id":"https:\/\/www.locansol.fr\/#\/schema\/person\/0b08d440f1ac44674c6d498107de351d","name":"H\u00e9bergements Locansol","image":{"@type":"ImageObject","inLanguage":"en-GB","@id":"https:\/\/www.locansol.fr\/#\/schema\/person\/image\/","url":"https:\/\/secure.gravatar.com\/avatar\/444436b93284204f8116b6e0eb964cd3fcb811519c737232bde6dd5743c37ee5?s=96&d=mm&r=g","contentUrl":"https:\/\/secure.gravatar.com\/avatar\/444436b93284204f8116b6e0eb964cd3fcb811519c737232bde6dd5743c37ee5?s=96&d=mm&r=g","caption":"H\u00e9bergements Locansol"},"sameAs":["https:\/\/www.locansol.fr\/"],"url":"https:\/\/www.locansol.fr\/en\/author\/locansol\/"}]}},"_links":{"self":[{"href":"https:\/\/www.locansol.fr\/en\/wp-json\/wp\/v2\/posts\/4884","targetHints":{"allow":["GET"]}}],"collection":[{"href":"https:\/\/www.locansol.fr\/en\/wp-json\/wp\/v2\/posts"}],"about":[{"href":"https:\/\/www.locansol.fr\/en\/wp-json\/wp\/v2\/types\/post"}],"author":[{"embeddable":true,"href":"https:\/\/www.locansol.fr\/en\/wp-json\/wp\/v2\/users\/5"}],"replies":[{"embeddable":true,"href":"https:\/\/www.locansol.fr\/en\/wp-json\/wp\/v2\/comments?post=4884"}],"version-history":[{"count":1,"href":"https:\/\/www.locansol.fr\/en\/wp-json\/wp\/v2\/posts\/4884\/revisions"}],"predecessor-version":[{"id":4885,"href":"https:\/\/www.locansol.fr\/en\/wp-json\/wp\/v2\/posts\/4884\/revisions\/4885"}],"wp:featuredmedia":[{"embeddable":true,"href":"https:\/\/www.locansol.fr\/en\/wp-json\/wp\/v2\/media\/4883"}],"wp:attachment":[{"href":"https:\/\/www.locansol.fr\/en\/wp-json\/wp\/v2\/media?parent=4884"}],"wp:term":[{"taxonomy":"category","embeddable":true,"href":"https:\/\/www.locansol.fr\/en\/wp-json\/wp\/v2\/categories?post=4884"},{"taxonomy":"post_tag","embeddable":true,"href":"https:\/\/www.locansol.fr\/en\/wp-json\/wp\/v2\/tags?post=4884"}],"curies":[{"name":"wp","href":"https:\/\/api.w.org\/{rel}","templated":true}]}}