{"id":5014,"date":"2026-03-20T08:28:03","date_gmt":"2026-03-20T07:28:03","guid":{"rendered":"https:\/\/www.locansol.fr\/printemps-canet-chanson-francaise\/"},"modified":"2026-03-20T08:28:07","modified_gmt":"2026-03-20T07:28:07","slug":"printemps-canet-chanson-francaise","status":"publish","type":"post","link":"https:\/\/www.locansol.fr\/en\/printemps-canet-chanson-francaise\/","title":{"rendered":"2e Printemps de Canet (20-22 mars) : Festival d\u00e9di\u00e9 \u00e0 la chanson fran\u00e7aise"},"content":{"rendered":"<p>Le printemps arrive \u00e0 Canet-en-Roussillon avec une note musicale des plus envo\u00fbtantes. Du 20 au 22 mars, la commune accueille la deuxi\u00e8me \u00e9dition du \u00ab Printemps de Canet \u00bb, un festival enti\u00e8rement d\u00e9di\u00e9 \u00e0 la richesse et \u00e0 l\u2019\u00e9motion de la chanson fran\u00e7aise. Entre concerts et hommages, cet \u00e9v\u00e9nement offre aux amateurs de culture et de musique une parenth\u00e8se conviviale et m\u00e9lodieuse, un v\u00e9ritable hommage aux figures embl\u00e9matiques du patrimoine musical hexagonal.<\/p>\n<p>\u25c6 Une plong\u00e9e au c\u0153ur de la chanson fran\u00e7aise \u25c6<\/p>\n<p>Sous le soleil printanier de Canet-en-Roussillon, le festival r\u00e9sonnera des notes intemporelles de grandes voix de la chanson fran\u00e7aise. Charles Aznavour, \u00c9dith Piaf, Georges Brassens, Barbara, Georges Moustaki ou encore Claude Nougaro seront \u00e0 l\u2019honneur au fil des concerts programm\u00e9s. Ces artistes, qui ont marqu\u00e9 les c\u0153urs par leurs textes po\u00e9tiques et leurs prestations vibrantes, seront revisit\u00e9s par des interpr\u00e8tes talentueux dans un cadre chaleureux et authentique.<\/p>\n<p>Chaque journ\u00e9e propose un programme riche et vari\u00e9 :<\/p>\n<p>&#8211; **Vendredi 20 mars** : Lancement du festival avec un bel hommage \u00e0 Charles Aznavour par JM. Dermesropian \u00e0 18h30, suivi d\u2019un d\u00eener optionnel (18 \u20ac) pour prolonger l\u2019exp\u00e9rience. \u00c0 21h30, St\u00e9phie Paname illuminera la sc\u00e8ne avec une soir\u00e9e d\u00e9di\u00e9e \u00e0 la l\u00e9gendaire \u00c9dith Piaf.<\/p>\n<p>&#8211; **Samedi 21 mars** : D\u00e8s 18h30, le quintet LCB proposera une immersion dans l\u2019univers de Georges Brassens. Apr\u00e8s un d\u00eener convivial, ne manquez pas, \u00e0 21h30, l\u2019irr\u00e9sistible concert crois\u00e9 entre Barbara et Georges Moustaki par Corine Chabaud et Th\u00e9o Farand.<\/p>\n<p>&#8211; **Dimanche 22 mars** : Cette derni\u00e8re journ\u00e9e d\u00e9marrera \u00e0 16h30 avec une \u00ab Carte blanche \u00bb offerte \u00e0 JS. Bressy, Jo Labita et Anne-Marie Brun, et s\u2019ach\u00e8vera en beaut\u00e9 \u00e0 18h avec un concert vibrant en hommage \u00e0 Claude Nougaro. La soir\u00e9e se conclura en apoth\u00e9ose par une belle rencontre musicale entre tous les artistes du festival.<\/p>\n<p>\u25c6 Des artistes talentueux \u00e0 l\u2019affiche \u25c6<\/p>\n<p>St\u00e9phie Paname, Corine Chabaud, JS. Bressy, Jacques Raulet, Th\u00e9o Farand\u2026 sont autant de noms qui s\u2019appr\u00eatent \u00e0 faire briller cet \u00e9v\u00e9nement in\u00e9dit. Le groupe LCB (Marl\u00e8ne Mas, Sylvie Cort\u00e8s, Michel Mariette, Alain Munoz et JM Moya) rejoindra \u00e9galement les festivit\u00e9s. Ce melting-pot d\u2019artistes \u00ab made in France \u00bb apportera jusqu\u2019au bout de ces trois journ\u00e9es une passion commune : transmettre l\u2019essence et l\u2019\u00e2me de la chanson fran\u00e7aise.<\/p>\n<p>Avec des interpr\u00e9tations \u00e9mouvantes et un vrai talent d\u2019interpr\u00e8tes, ces artistes vous replongeront dans des souvenirs musicaux tout en faisant d\u00e9couvrir, ou red\u00e9couvrir, des chefs-d\u2019\u0153uvre d\u2019antan.<\/p>\n<p>\u25c6 L\u2019exp\u00e9rience f\u00eate et partage sous le signe du Printemps \u25c6<\/p>\n<p>Le Printemps de Canet, c\u2019est avant tout un \u00e9v\u00e9nement pens\u00e9 pour r\u00e9unir les amoureux de la chanson et les curieux d\u00e9sireux de s\u2019immerger dans la culture musicale fran\u00e7aise. La dimension humaine du festival y joue un r\u00f4le cl\u00e9 gr\u00e2ce \u00e0 son ambiance chaleureuse, ses moments de partage autour d\u2019un repas, et son cadre intimiste id\u00e9al pour des concerts majestueux. Les repas (sur r\u00e9servation, tarif 18 \u20ac) permettent de prolonger ces soir\u00e9es en beaut\u00e9 et de tisser des liens avec d\u2019autres amateurs de musique.<\/p>\n<p>\u25c6 Infos Pratiques \u25c6<\/p>\n<p>Le festival prendra place au 3 rue Joseph Lafon, au c\u0153ur de Canet-en-Roussillon. Quelques informations essentielles pour y participer :<\/p>\n<p>&#8211; **Dates** : 20 au 22 mars  <br \/>&#8211; **Lieu** : 3 rue Joseph Lafon, Canet-en-Roussillon  <br \/>&#8211; **Tarifs** : Plein tarif (renseignements sur le site de r\u00e9servation). Repas facultatif \u00e0 18 \u20ac.  <br \/>&#8211; **R\u00e9servations** : R\u00e9servez vos billets rapidement via les plateformes HelloAsso ou BilletWeb, ou contactez Les Copains de Brassens par e-mail \u00e0 lescopainsdebrassens@outlook.fr ou par t\u00e9l\u00e9phone au 06 07 36 33 62.<\/p>\n<p>La chanson fran\u00e7aise se f\u00eate avec chaleur, \u00e9motion et convivialit\u00e9 \u00e0 Canet-en-Roussillon du 20 au 22 mars. Ne manquez pas cet \u00e9v\u00e9nement unique et laissez-vous emporter par la po\u00e9sie et la musique qui habitent les \u0153uvres intemporelles de ces grands noms de la chanson !<\/p>\n<h3>Practical information<\/h3>\n<p>\ud83d\udcc5 QUAND ? 20 mars > 22 mars<br \/>\ud83d\udccd O\u00d9 ? 3 rue Joseph Lafon, Canet-en-Roussillon<br \/>\ud83d\udcb6 COMBIEN ? Plein tarif<\/p>","protected":false},"excerpt":{"rendered":"<p>Le 2e Printemps de Canet c\u00e9l\u00e8bre la chanson fran\u00e7aise du 20 au 22 mars \u00e0 Canet-en-Roussillon, \u00e0 travers concerts et hommages \u00e0 des ic\u00f4nes comme Aznavour et Piaf.<\/p>","protected":false},"author":5,"featured_media":5013,"comment_status":"closed","ping_status":"open","sticky":false,"template":"","format":"standard","meta":{"_yoast_wpseo_focuskw":"Printemps de Canet chanson fran\u00e7aise","_yoast_wpseo_title":"Printemps de Canet Canet-en-Roussillon \u2013 Festival chanson fran\u00e7aise","_yoast_wpseo_metadesc":"Printemps de Canet Canet-en-Roussillon : D\u00e9couvrez un festival d\u00e9di\u00e9 \u00e0 la chanson fran\u00e7aise avec des hommages \u00e0 Aznavour, Piaf et Brassens. Ambiance conviviale et concerts intimes dans les Pyr\u00e9n\u00e9es-Orientales.","_yoast_wpseo_canonical":"","_yoast_wpseo_opengraph-title":"Revivez les l\u00e9gendes de la chanson fran\u00e7aise : Printemps de Canet \u2014 Un week-end magique","_yoast_wpseo_opengraph-description":"Plongez dans l'univers envo\u00fbtant de la chanson fran\u00e7aise \u00e0 Canet-en-Roussillon. Des concerts hommages, une ambiance chaleureuse et des moments inoubliables vous attendent.","_yoast_wpseo_opengraph-image":"https:\/\/www.locansol.fr\/wp-content\/uploads\/2026\/03\/printemps-canet-chanson-francaise.webp","_yoast_wpseo_opengraph-image-id":"","_yoast_wpseo_twitter-title":"Ne manquez pas le Printemps de Canet : 3 jours de musique et \u00e9motion !","_yoast_wpseo_twitter-description":"Replongez dans l'\u00e2ge d'or de la chanson fran\u00e7aise avec le Printemps de Canet. Hommages vibrants, ambiance conviviale et moments magiques garantis !","_yoast_wpseo_twitter-image":"https:\/\/www.locansol.fr\/wp-content\/uploads\/2026\/03\/printemps-canet-chanson-francaise.webp","_yoast_wpseo_twitter-image-id":"","yoast_primary_category":"Concert","footnotes":""},"categories":[45],"tags":[66,76],"class_list":["post-5014","post","type-post","status-publish","format-standard","has-post-thumbnail","hentry","category-festival","tag-evenement-culturel","tag-pyrenees-orientales"],"yoast_head":"<!-- This site is optimized with the Yoast SEO Premium plugin v23.3 (Yoast SEO v26.9) - https:\/\/yoast.com\/product\/yoast-seo-premium-wordpress\/ -->\n<title>Printemps de Canet Canet-en-Roussillon \u2013 Festival chanson fran\u00e7aise<\/title>\n<meta name=\"description\" content=\"Printemps de Canet Canet-en-Roussillon : D\u00e9couvrez un festival d\u00e9di\u00e9 \u00e0 la chanson fran\u00e7aise avec des hommages \u00e0 Aznavour, Piaf et Brassens. Ambiance conviviale et concerts intimes dans les Pyr\u00e9n\u00e9es-Orientales.\" \/>\n<meta name=\"robots\" content=\"index, follow, max-snippet:-1, max-image-preview:large, max-video-preview:-1\" \/>\n<link rel=\"canonical\" href=\"https:\/\/www.locansol.fr\/en\/printemps-canet-chanson-francaise\/\" \/>\n<meta property=\"og:locale\" content=\"en_GB\" \/>\n<meta property=\"og:type\" content=\"article\" \/>\n<meta property=\"og:title\" content=\"Revivez les l\u00e9gendes de la chanson fran\u00e7aise : Printemps de Canet \u2014 Un week-end magique\" \/>\n<meta property=\"og:description\" content=\"Plongez dans l&#039;univers envo\u00fbtant de la chanson fran\u00e7aise \u00e0 Canet-en-Roussillon. Des concerts hommages, une ambiance chaleureuse et des moments inoubliables vous attendent.\" \/>\n<meta property=\"og:url\" content=\"https:\/\/www.locansol.fr\/en\/printemps-canet-chanson-francaise\/\" \/>\n<meta property=\"og:site_name\" content=\"Locansol, louer un h\u00e9bergement dans les Pyr\u00e9n\u00e9es Orientales\" \/>\n<meta property=\"article:published_time\" content=\"2026-03-20T07:28:03+00:00\" \/>\n<meta property=\"article:modified_time\" content=\"2026-03-20T07:28:07+00:00\" \/>\n<meta property=\"og:image\" content=\"https:\/\/www.locansol.fr\/wp-content\/uploads\/2026\/03\/printemps-canet-chanson-francaise.webp\" \/>\n<meta name=\"author\" content=\"H\u00e9bergements Locansol\" \/>\n<meta name=\"twitter:card\" content=\"summary_large_image\" \/>\n<meta name=\"twitter:title\" content=\"Ne manquez pas le Printemps de Canet : 3 jours de musique et \u00e9motion !\" \/>\n<meta name=\"twitter:description\" content=\"Replongez dans l&#039;\u00e2ge d&#039;or de la chanson fran\u00e7aise avec le Printemps de Canet. Hommages vibrants, ambiance conviviale et moments magiques garantis !\" \/>\n<meta name=\"twitter:image\" content=\"https:\/\/www.locansol.fr\/wp-content\/uploads\/2026\/03\/printemps-canet-chanson-francaise.webp\" \/>\n<meta name=\"twitter:label1\" content=\"Written by\" \/>\n\t<meta name=\"twitter:data1\" content=\"H\u00e9bergements Locansol\" \/>\n\t<meta name=\"twitter:label2\" content=\"Estimated reading time\" \/>\n\t<meta name=\"twitter:data2\" content=\"3 minutes\" \/>\n<script type=\"application\/ld+json\" class=\"yoast-schema-graph\">{\"@context\":\"https:\/\/schema.org\",\"@graph\":[{\"@type\":\"Article\",\"@id\":\"https:\/\/www.locansol.fr\/printemps-canet-chanson-francaise\/#article\",\"isPartOf\":{\"@id\":\"https:\/\/www.locansol.fr\/printemps-canet-chanson-francaise\/\"},\"author\":{\"name\":\"H\u00e9bergements Locansol\",\"@id\":\"https:\/\/www.locansol.fr\/#\/schema\/person\/0b08d440f1ac44674c6d498107de351d\"},\"headline\":\"2e Printemps de Canet (20-22 mars) : Festival d\u00e9di\u00e9 \u00e0 la chanson fran\u00e7aise\",\"datePublished\":\"2026-03-20T07:28:03+00:00\",\"dateModified\":\"2026-03-20T07:28:07+00:00\",\"mainEntityOfPage\":{\"@id\":\"https:\/\/www.locansol.fr\/printemps-canet-chanson-francaise\/\"},\"wordCount\":686,\"publisher\":{\"@id\":\"https:\/\/www.locansol.fr\/#organization\"},\"image\":{\"@id\":\"https:\/\/www.locansol.fr\/printemps-canet-chanson-francaise\/#primaryimage\"},\"thumbnailUrl\":\"https:\/\/www.locansol.fr\/wp-content\/uploads\/2026\/03\/printemps-canet-chanson-francaise.webp\",\"keywords\":[\"\u00c9v\u00e8nement culturel\",\"Pyr\u00e9n\u00e9es-Orientales\"],\"articleSection\":[\"Festival\"],\"inLanguage\":\"en-GB\"},{\"@type\":\"WebPage\",\"@id\":\"https:\/\/www.locansol.fr\/printemps-canet-chanson-francaise\/\",\"url\":\"https:\/\/www.locansol.fr\/printemps-canet-chanson-francaise\/\",\"name\":\"Printemps de Canet Canet-en-Roussillon \u2013 Festival chanson fran\u00e7aise\",\"isPartOf\":{\"@id\":\"https:\/\/www.locansol.fr\/#website\"},\"primaryImageOfPage\":{\"@id\":\"https:\/\/www.locansol.fr\/printemps-canet-chanson-francaise\/#primaryimage\"},\"image\":{\"@id\":\"https:\/\/www.locansol.fr\/printemps-canet-chanson-francaise\/#primaryimage\"},\"thumbnailUrl\":\"https:\/\/www.locansol.fr\/wp-content\/uploads\/2026\/03\/printemps-canet-chanson-francaise.webp\",\"datePublished\":\"2026-03-20T07:28:03+00:00\",\"dateModified\":\"2026-03-20T07:28:07+00:00\",\"description\":\"Printemps de Canet Canet-en-Roussillon : D\u00e9couvrez un festival d\u00e9di\u00e9 \u00e0 la chanson fran\u00e7aise avec des hommages \u00e0 Aznavour, Piaf et Brassens. Ambiance conviviale et concerts intimes dans les Pyr\u00e9n\u00e9es-Orientales.\",\"breadcrumb\":{\"@id\":\"https:\/\/www.locansol.fr\/printemps-canet-chanson-francaise\/#breadcrumb\"},\"inLanguage\":\"en-GB\",\"potentialAction\":[{\"@type\":\"ReadAction\",\"target\":[\"https:\/\/www.locansol.fr\/printemps-canet-chanson-francaise\/\"]}]},{\"@type\":\"ImageObject\",\"inLanguage\":\"en-GB\",\"@id\":\"https:\/\/www.locansol.fr\/printemps-canet-chanson-francaise\/#primaryimage\",\"url\":\"https:\/\/www.locansol.fr\/wp-content\/uploads\/2026\/03\/printemps-canet-chanson-francaise.webp\",\"contentUrl\":\"https:\/\/www.locansol.fr\/wp-content\/uploads\/2026\/03\/printemps-canet-chanson-francaise.webp\",\"width\":1200,\"height\":1799,\"caption\":\"Printemps de Canet Canet-en-Roussillon \u2013 Festival chanson fran\u00e7aise\"},{\"@type\":\"BreadcrumbList\",\"@id\":\"https:\/\/www.locansol.fr\/printemps-canet-chanson-francaise\/#breadcrumb\",\"itemListElement\":[{\"@type\":\"ListItem\",\"position\":1,\"name\":\"Accueil\",\"item\":\"https:\/\/www.locansol.fr\/\"},{\"@type\":\"ListItem\",\"position\":2,\"name\":\"2e Printemps de Canet (20-22 mars) : Festival d\u00e9di\u00e9 \u00e0 la chanson fran\u00e7aise\"}]},{\"@type\":\"WebSite\",\"@id\":\"https:\/\/www.locansol.fr\/#website\",\"url\":\"https:\/\/www.locansol.fr\/\",\"name\":\"Locansol, louer un h\u00e9bergement dans les Pyr\u00e9n\u00e9es-Orientales\",\"description\":\"Location Mobil-home Mer M\u00e9diterran\u00e9e &amp; Chalet de Montagne dans les Pyr\u00e9n\u00e9es Orientales (Occitanie, 66). Weekend, s\u00e9jour &amp; vacances en famille et entre amis.\",\"publisher\":{\"@id\":\"https:\/\/www.locansol.fr\/#organization\"},\"alternateName\":\"Louer un h\u00e9bergement dans les Pyr\u00e9n\u00e9es Orientales, chalet & mobil-home en Occitanie\",\"potentialAction\":[{\"@type\":\"SearchAction\",\"target\":{\"@type\":\"EntryPoint\",\"urlTemplate\":\"https:\/\/www.locansol.fr\/?s={search_term_string}\"},\"query-input\":{\"@type\":\"PropertyValueSpecification\",\"valueRequired\":true,\"valueName\":\"search_term_string\"}}],\"inLanguage\":\"en-GB\"},{\"@type\":\"Organization\",\"@id\":\"https:\/\/www.locansol.fr\/#organization\",\"name\":\"Location MobilHome & chalet dans les Pyr\u00e9n\u00e9es Orientales\",\"alternateName\":\"Louer un h\u00e9bergement dans les Pyr\u00e9n\u00e9es Orientales en Occitanie\",\"url\":\"https:\/\/www.locansol.fr\/\",\"logo\":{\"@type\":\"ImageObject\",\"inLanguage\":\"en-GB\",\"@id\":\"https:\/\/www.locansol.fr\/#\/schema\/logo\/image\/\",\"url\":\"https:\/\/www.locansol.fr\/wp-content\/uploads\/2024\/04\/AdobeStock_303324767-scaled.jpeg\",\"contentUrl\":\"https:\/\/www.locansol.fr\/wp-content\/uploads\/2024\/04\/AdobeStock_303324767-scaled.jpeg\",\"width\":2560,\"height\":1707,\"caption\":\"Location MobilHome & chalet dans les Pyr\u00e9n\u00e9es Orientales\"},\"image\":{\"@id\":\"https:\/\/www.locansol.fr\/#\/schema\/logo\/image\/\"}},{\"@type\":\"Person\",\"@id\":\"https:\/\/www.locansol.fr\/#\/schema\/person\/0b08d440f1ac44674c6d498107de351d\",\"name\":\"H\u00e9bergements Locansol\",\"image\":{\"@type\":\"ImageObject\",\"inLanguage\":\"en-GB\",\"@id\":\"https:\/\/www.locansol.fr\/#\/schema\/person\/image\/\",\"url\":\"https:\/\/secure.gravatar.com\/avatar\/444436b93284204f8116b6e0eb964cd3fcb811519c737232bde6dd5743c37ee5?s=96&d=mm&r=g\",\"contentUrl\":\"https:\/\/secure.gravatar.com\/avatar\/444436b93284204f8116b6e0eb964cd3fcb811519c737232bde6dd5743c37ee5?s=96&d=mm&r=g\",\"caption\":\"H\u00e9bergements Locansol\"},\"sameAs\":[\"https:\/\/www.locansol.fr\/\"],\"url\":\"https:\/\/www.locansol.fr\/en\/author\/locansol\/\"}]}<\/script>\n<!-- \/ Yoast SEO Premium plugin. -->","yoast_head_json":{"title":"Printemps de Canet Canet-en-Roussillon \u2013 Festival chanson fran\u00e7aise","description":"Printemps de Canet Canet-en-Roussillon : D\u00e9couvrez un festival d\u00e9di\u00e9 \u00e0 la chanson fran\u00e7aise avec des hommages \u00e0 Aznavour, Piaf et Brassens. Ambiance conviviale et concerts intimes dans les Pyr\u00e9n\u00e9es-Orientales.","robots":{"index":"index","follow":"follow","max-snippet":"max-snippet:-1","max-image-preview":"max-image-preview:large","max-video-preview":"max-video-preview:-1"},"canonical":"https:\/\/www.locansol.fr\/en\/printemps-canet-chanson-francaise\/","og_locale":"en_GB","og_type":"article","og_title":"Revivez les l\u00e9gendes de la chanson fran\u00e7aise : Printemps de Canet \u2014 Un week-end magique","og_description":"Plongez dans l'univers envo\u00fbtant de la chanson fran\u00e7aise \u00e0 Canet-en-Roussillon. Des concerts hommages, une ambiance chaleureuse et des moments inoubliables vous attendent.","og_url":"https:\/\/www.locansol.fr\/en\/printemps-canet-chanson-francaise\/","og_site_name":"Locansol, louer un h\u00e9bergement dans les Pyr\u00e9n\u00e9es Orientales","article_published_time":"2026-03-20T07:28:03+00:00","article_modified_time":"2026-03-20T07:28:07+00:00","og_image":[{"url":"https:\/\/www.locansol.fr\/wp-content\/uploads\/2026\/03\/printemps-canet-chanson-francaise.webp","type":"","width":"","height":""}],"author":"H\u00e9bergements Locansol","twitter_card":"summary_large_image","twitter_title":"Ne manquez pas le Printemps de Canet : 3 jours de musique et \u00e9motion !","twitter_description":"Replongez dans l'\u00e2ge d'or de la chanson fran\u00e7aise avec le Printemps de Canet. Hommages vibrants, ambiance conviviale et moments magiques garantis !","twitter_image":"https:\/\/www.locansol.fr\/wp-content\/uploads\/2026\/03\/printemps-canet-chanson-francaise.webp","twitter_misc":{"Written by":"H\u00e9bergements Locansol","Estimated reading time":"3 minutes"},"schema":{"@context":"https:\/\/schema.org","@graph":[{"@type":"Article","@id":"https:\/\/www.locansol.fr\/printemps-canet-chanson-francaise\/#article","isPartOf":{"@id":"https:\/\/www.locansol.fr\/printemps-canet-chanson-francaise\/"},"author":{"name":"H\u00e9bergements Locansol","@id":"https:\/\/www.locansol.fr\/#\/schema\/person\/0b08d440f1ac44674c6d498107de351d"},"headline":"2e Printemps de Canet (20-22 mars) : Festival d\u00e9di\u00e9 \u00e0 la chanson fran\u00e7aise","datePublished":"2026-03-20T07:28:03+00:00","dateModified":"2026-03-20T07:28:07+00:00","mainEntityOfPage":{"@id":"https:\/\/www.locansol.fr\/printemps-canet-chanson-francaise\/"},"wordCount":686,"publisher":{"@id":"https:\/\/www.locansol.fr\/#organization"},"image":{"@id":"https:\/\/www.locansol.fr\/printemps-canet-chanson-francaise\/#primaryimage"},"thumbnailUrl":"https:\/\/www.locansol.fr\/wp-content\/uploads\/2026\/03\/printemps-canet-chanson-francaise.webp","keywords":["\u00c9v\u00e8nement culturel","Pyr\u00e9n\u00e9es-Orientales"],"articleSection":["Festival"],"inLanguage":"en-GB"},{"@type":"WebPage","@id":"https:\/\/www.locansol.fr\/printemps-canet-chanson-francaise\/","url":"https:\/\/www.locansol.fr\/printemps-canet-chanson-francaise\/","name":"Printemps de Canet Canet-en-Roussillon \u2013 Festival chanson fran\u00e7aise","isPartOf":{"@id":"https:\/\/www.locansol.fr\/#website"},"primaryImageOfPage":{"@id":"https:\/\/www.locansol.fr\/printemps-canet-chanson-francaise\/#primaryimage"},"image":{"@id":"https:\/\/www.locansol.fr\/printemps-canet-chanson-francaise\/#primaryimage"},"thumbnailUrl":"https:\/\/www.locansol.fr\/wp-content\/uploads\/2026\/03\/printemps-canet-chanson-francaise.webp","datePublished":"2026-03-20T07:28:03+00:00","dateModified":"2026-03-20T07:28:07+00:00","description":"Printemps de Canet Canet-en-Roussillon : D\u00e9couvrez un festival d\u00e9di\u00e9 \u00e0 la chanson fran\u00e7aise avec des hommages \u00e0 Aznavour, Piaf et Brassens. Ambiance conviviale et concerts intimes dans les Pyr\u00e9n\u00e9es-Orientales.","breadcrumb":{"@id":"https:\/\/www.locansol.fr\/printemps-canet-chanson-francaise\/#breadcrumb"},"inLanguage":"en-GB","potentialAction":[{"@type":"ReadAction","target":["https:\/\/www.locansol.fr\/printemps-canet-chanson-francaise\/"]}]},{"@type":"ImageObject","inLanguage":"en-GB","@id":"https:\/\/www.locansol.fr\/printemps-canet-chanson-francaise\/#primaryimage","url":"https:\/\/www.locansol.fr\/wp-content\/uploads\/2026\/03\/printemps-canet-chanson-francaise.webp","contentUrl":"https:\/\/www.locansol.fr\/wp-content\/uploads\/2026\/03\/printemps-canet-chanson-francaise.webp","width":1200,"height":1799,"caption":"Printemps de Canet Canet-en-Roussillon \u2013 Festival chanson fran\u00e7aise"},{"@type":"BreadcrumbList","@id":"https:\/\/www.locansol.fr\/printemps-canet-chanson-francaise\/#breadcrumb","itemListElement":[{"@type":"ListItem","position":1,"name":"Accueil","item":"https:\/\/www.locansol.fr\/"},{"@type":"ListItem","position":2,"name":"2e Printemps de Canet (20-22 mars) : Festival d\u00e9di\u00e9 \u00e0 la chanson fran\u00e7aise"}]},{"@type":"WebSite","@id":"https:\/\/www.locansol.fr\/#website","url":"https:\/\/www.locansol.fr\/","name":"Locansol, louer un h\u00e9bergement dans les Pyr\u00e9n\u00e9es-Orientales","description":"Location Mobil-home Mer M\u00e9diterran\u00e9e &amp; Chalet de Montagne dans les Pyr\u00e9n\u00e9es Orientales (Occitanie, 66). Weekend, s\u00e9jour &amp; vacances en famille et entre amis.","publisher":{"@id":"https:\/\/www.locansol.fr\/#organization"},"alternateName":"Louer un h\u00e9bergement dans les Pyr\u00e9n\u00e9es Orientales, chalet & mobil-home en Occitanie","potentialAction":[{"@type":"SearchAction","target":{"@type":"EntryPoint","urlTemplate":"https:\/\/www.locansol.fr\/?s={search_term_string}"},"query-input":{"@type":"PropertyValueSpecification","valueRequired":true,"valueName":"search_term_string"}}],"inLanguage":"en-GB"},{"@type":"Organization","@id":"https:\/\/www.locansol.fr\/#organization","name":"Location MobilHome & chalet dans les Pyr\u00e9n\u00e9es Orientales","alternateName":"Louer un h\u00e9bergement dans les Pyr\u00e9n\u00e9es Orientales en Occitanie","url":"https:\/\/www.locansol.fr\/","logo":{"@type":"ImageObject","inLanguage":"en-GB","@id":"https:\/\/www.locansol.fr\/#\/schema\/logo\/image\/","url":"https:\/\/www.locansol.fr\/wp-content\/uploads\/2024\/04\/AdobeStock_303324767-scaled.jpeg","contentUrl":"https:\/\/www.locansol.fr\/wp-content\/uploads\/2024\/04\/AdobeStock_303324767-scaled.jpeg","width":2560,"height":1707,"caption":"Location MobilHome & chalet dans les Pyr\u00e9n\u00e9es Orientales"},"image":{"@id":"https:\/\/www.locansol.fr\/#\/schema\/logo\/image\/"}},{"@type":"Person","@id":"https:\/\/www.locansol.fr\/#\/schema\/person\/0b08d440f1ac44674c6d498107de351d","name":"H\u00e9bergements Locansol","image":{"@type":"ImageObject","inLanguage":"en-GB","@id":"https:\/\/www.locansol.fr\/#\/schema\/person\/image\/","url":"https:\/\/secure.gravatar.com\/avatar\/444436b93284204f8116b6e0eb964cd3fcb811519c737232bde6dd5743c37ee5?s=96&d=mm&r=g","contentUrl":"https:\/\/secure.gravatar.com\/avatar\/444436b93284204f8116b6e0eb964cd3fcb811519c737232bde6dd5743c37ee5?s=96&d=mm&r=g","caption":"H\u00e9bergements Locansol"},"sameAs":["https:\/\/www.locansol.fr\/"],"url":"https:\/\/www.locansol.fr\/en\/author\/locansol\/"}]}},"_links":{"self":[{"href":"https:\/\/www.locansol.fr\/en\/wp-json\/wp\/v2\/posts\/5014","targetHints":{"allow":["GET"]}}],"collection":[{"href":"https:\/\/www.locansol.fr\/en\/wp-json\/wp\/v2\/posts"}],"about":[{"href":"https:\/\/www.locansol.fr\/en\/wp-json\/wp\/v2\/types\/post"}],"author":[{"embeddable":true,"href":"https:\/\/www.locansol.fr\/en\/wp-json\/wp\/v2\/users\/5"}],"replies":[{"embeddable":true,"href":"https:\/\/www.locansol.fr\/en\/wp-json\/wp\/v2\/comments?post=5014"}],"version-history":[{"count":1,"href":"https:\/\/www.locansol.fr\/en\/wp-json\/wp\/v2\/posts\/5014\/revisions"}],"predecessor-version":[{"id":5015,"href":"https:\/\/www.locansol.fr\/en\/wp-json\/wp\/v2\/posts\/5014\/revisions\/5015"}],"wp:featuredmedia":[{"embeddable":true,"href":"https:\/\/www.locansol.fr\/en\/wp-json\/wp\/v2\/media\/5013"}],"wp:attachment":[{"href":"https:\/\/www.locansol.fr\/en\/wp-json\/wp\/v2\/media?parent=5014"}],"wp:term":[{"taxonomy":"category","embeddable":true,"href":"https:\/\/www.locansol.fr\/en\/wp-json\/wp\/v2\/categories?post=5014"},{"taxonomy":"post_tag","embeddable":true,"href":"https:\/\/www.locansol.fr\/en\/wp-json\/wp\/v2\/tags?post=5014"}],"curies":[{"name":"wp","href":"https:\/\/api.w.org\/{rel}","templated":true}]}}