{"id":5160,"date":"2026-03-24T20:17:40","date_gmt":"2026-03-24T19:17:40","guid":{"rendered":"https:\/\/www.locansol.fr\/exposition-peintures-prades-industriel\/"},"modified":"2026-03-24T20:17:45","modified_gmt":"2026-03-24T19:17:45","slug":"exposition-peintures-prades-industriel","status":"publish","type":"post","link":"https:\/\/www.locansol.fr\/en\/exposition-peintures-prades-industriel\/","title":{"rendered":"Prades &#8211; Mars 2023 &#8211; Exposition de peintures de Didier Ponthieu : Plong\u00e9e dans l&rsquo;univers industriel"},"content":{"rendered":"<p>Si vous \u00eates passionn\u00e9 d\u2019art ou simplement curieux de d\u00e9couvrir des \u0153uvres uniques, ne manquez pas l\u2019exposition de peintures de Didier Ponthieu \u00e0 Prades. Cet \u00e9v\u00e9nement artistique se tient du 24 mars au 4 avril au 33 rue de l\u2019Hospice \u00e0 Prades. Gratuit et ouvert \u00e0 tous, il est une v\u00e9ritable invitation \u00e0 plonger dans le monde fascinant des paysages industriels et urbains.<\/p>\n<p>Originaire de Douai, dans le Nord, Didier Ponthieu est un artiste talentueux qui puise son inspiration au c\u0153ur de lieux souvent oubli\u00e9s ou m\u00e9connus : les friches industrielles, les paysages ferroviaires, les mines ou encore les engins m\u00e9caniques. Dipl\u00f4m\u00e9 de l\u2019\u00e9cole des Beaux-Arts de Cambrai, il a su d\u00e9velopper un style tr\u00e8s personnel. Son travail allie des oppos\u00e9s apparents : densit\u00e9 et transparence, irisation et obscurit\u00e9, surface et profondeur. Ces contrastes donnent \u00e0 ses \u0153uvres une intensit\u00e9 et une dimension quasi po\u00e9tiques, capables de captiver tout spectateur, qu\u2019il soit amateur d\u2019art \u00e9clair\u00e9 ou simple passant.<\/p>\n<p>L\u2019exposition promet une v\u00e9ritable immersion artistique, o\u00f9 chaque toile invite \u00e0 voir le monde autrement. \u00c0 travers des jeux de couleurs et de textures, Didier Ponthieu met en lumi\u00e8re une beaut\u00e9 insoup\u00e7onn\u00e9e et souvent m\u00e9connue des environnements industriels. Ces paysages, g\u00e9n\u00e9ralement per\u00e7us comme aust\u00e8res ou d\u00e9nu\u00e9s de charme, r\u00e9v\u00e8lent alors toute leur richesse patrimoniale et leur profondeur \u00e9motionnelle.<\/p>\n<p>L\u2019ambiance conviviale et accessible de l\u2019exposition rend cet \u00e9v\u00e9nement incontournable pour quiconque se trouve dans la r\u00e9gion de Prades. Que vous soyez en solo, entre amis ou en famille, cette visite est une belle occasion d\u2019\u00e9changer sur l\u2019art contemporain et de s\u2019immerger dans un univers pictural plein de surprises.<\/p>\n<p>Pour en profiter, pas de r\u00e9servation n\u00e9cessaire, ni de frais d\u2019entr\u00e9e. Vous \u00eates libre de fl\u00e2ner dans cet espace culturel et de prendre le temps d&rsquo;admirer chaque d\u00e9tail des \u0153uvres expos\u00e9es. N\u2019h\u00e9sitez donc pas \u00e0 pousser la porte du 33 rue de l\u2019Hospice pour d\u00e9couvrir l\u2019univers singulier de Didier Ponthieu. En ressortant, il y a de fortes chances que vous ne regardiez plus jamais les paysages industriels comme avant !<\/p>\n<h3>Practical information<\/h3>\n<p>\ud83d\udcc5 QUAND ? Du 24 mars au 4 avril 2023<br \/>\ud83d\udccd O\u00d9 ? 33 rue de l\u2019Hospice, Prades<br \/>\ud83d\udcb6 COMBIEN ? Gratuit<\/p>","protected":false},"excerpt":{"rendered":"<p>D\u00e9couvrez gratuitement l&rsquo;exposition de Didier Ponthieu \u00e0 Prades et plongez dans l&rsquo;univers fascinant des paysages industriels \u00e0 travers ses peintures.<\/p>","protected":false},"author":5,"featured_media":5159,"comment_status":"closed","ping_status":"open","sticky":false,"template":"","format":"standard","meta":{"_yoast_wpseo_focuskw":"Exposition peintures Prades industriel","_yoast_wpseo_title":"Exposition de peintures de Didier Ponthieu Prades - Mars 2023","_yoast_wpseo_metadesc":"Exposition de peintures de Didier Ponthieu Prades. D\u00e9couvrez des \u0153uvres uniques inspir\u00e9es des paysages industriels. Gratuit et ouvert \u00e0 tous dans les Pyr\u00e9n\u00e9es-Orientales.","_yoast_wpseo_canonical":"","_yoast_wpseo_opengraph-title":"Plongez dans l'univers industriel : Exposition \u00e0 Prades \u2014 D\u00e9couvrez des paysages uniques","_yoast_wpseo_opengraph-description":"D\u00e9couvrez des paysages industriels transform\u00e9s en \u0153uvres d'art \u00e0 Prades. Une immersion unique dans l'univers de Didier Ponthieu vous attend.","_yoast_wpseo_opengraph-image":"https:\/\/www.locansol.fr\/wp-content\/uploads\/2026\/03\/exposition-peintures-prades-industriel.webp","_yoast_wpseo_opengraph-image-id":"","_yoast_wpseo_twitter-title":"D\u00e9couvrez l'art industriel \u00e0 Prades avec Didier Ponthieu","_yoast_wpseo_twitter-description":"Plongez dans l'univers fascinant des paysages industriels \u00e0 travers les peintures de Didier Ponthieu \u00e0 Prades. Gratuit et ouvert \u00e0 tous !","_yoast_wpseo_twitter-image":"https:\/\/www.locansol.fr\/wp-content\/uploads\/2026\/03\/exposition-peintures-prades-industriel.webp","_yoast_wpseo_twitter-image-id":"","yoast_primary_category":"Exposition","footnotes":""},"categories":[35],"tags":[66,76],"class_list":["post-5160","post","type-post","status-publish","format-standard","has-post-thumbnail","hentry","category-carnaval","tag-evenement-culturel","tag-pyrenees-orientales"],"yoast_head":"<!-- This site is optimized with the Yoast SEO Premium plugin v23.3 (Yoast SEO v26.9) - https:\/\/yoast.com\/product\/yoast-seo-premium-wordpress\/ -->\n<title>Exposition de peintures de Didier Ponthieu Prades - Mars 2023<\/title>\n<meta name=\"description\" content=\"Exposition de peintures de Didier Ponthieu Prades. D\u00e9couvrez des \u0153uvres uniques inspir\u00e9es des paysages industriels. Gratuit et ouvert \u00e0 tous dans les Pyr\u00e9n\u00e9es-Orientales.\" \/>\n<meta name=\"robots\" content=\"index, follow, max-snippet:-1, max-image-preview:large, max-video-preview:-1\" \/>\n<link rel=\"canonical\" href=\"https:\/\/www.locansol.fr\/en\/exposition-peintures-prades-industriel\/\" \/>\n<meta property=\"og:locale\" content=\"en_GB\" \/>\n<meta property=\"og:type\" content=\"article\" \/>\n<meta property=\"og:title\" content=\"Plongez dans l&#039;univers industriel : Exposition \u00e0 Prades \u2014 D\u00e9couvrez des paysages uniques\" \/>\n<meta property=\"og:description\" content=\"D\u00e9couvrez des paysages industriels transform\u00e9s en \u0153uvres d&#039;art \u00e0 Prades. Une immersion unique dans l&#039;univers de Didier Ponthieu vous attend.\" \/>\n<meta property=\"og:url\" content=\"https:\/\/www.locansol.fr\/en\/exposition-peintures-prades-industriel\/\" \/>\n<meta property=\"og:site_name\" content=\"Locansol, louer un h\u00e9bergement dans les Pyr\u00e9n\u00e9es Orientales\" \/>\n<meta property=\"article:published_time\" content=\"2026-03-24T19:17:40+00:00\" \/>\n<meta property=\"article:modified_time\" content=\"2026-03-24T19:17:45+00:00\" \/>\n<meta property=\"og:image\" content=\"https:\/\/www.locansol.fr\/wp-content\/uploads\/2026\/03\/exposition-peintures-prades-industriel.webp\" \/>\n<meta name=\"author\" content=\"H\u00e9bergements Locansol\" \/>\n<meta name=\"twitter:card\" content=\"summary_large_image\" \/>\n<meta name=\"twitter:title\" content=\"D\u00e9couvrez l&#039;art industriel \u00e0 Prades avec Didier Ponthieu\" \/>\n<meta name=\"twitter:description\" content=\"Plongez dans l&#039;univers fascinant des paysages industriels \u00e0 travers les peintures de Didier Ponthieu \u00e0 Prades. Gratuit et ouvert \u00e0 tous !\" \/>\n<meta name=\"twitter:image\" content=\"https:\/\/www.locansol.fr\/wp-content\/uploads\/2026\/03\/exposition-peintures-prades-industriel.webp\" \/>\n<meta name=\"twitter:label1\" content=\"Written by\" \/>\n\t<meta name=\"twitter:data1\" content=\"H\u00e9bergements Locansol\" \/>\n\t<meta name=\"twitter:label2\" content=\"Estimated reading time\" \/>\n\t<meta name=\"twitter:data2\" content=\"2 minutes\" \/>\n<script type=\"application\/ld+json\" class=\"yoast-schema-graph\">{\"@context\":\"https:\/\/schema.org\",\"@graph\":[{\"@type\":\"Article\",\"@id\":\"https:\/\/www.locansol.fr\/exposition-peintures-prades-industriel\/#article\",\"isPartOf\":{\"@id\":\"https:\/\/www.locansol.fr\/exposition-peintures-prades-industriel\/\"},\"author\":{\"name\":\"H\u00e9bergements Locansol\",\"@id\":\"https:\/\/www.locansol.fr\/#\/schema\/person\/0b08d440f1ac44674c6d498107de351d\"},\"headline\":\"Prades &#8211; Mars 2023 &#8211; Exposition de peintures de Didier Ponthieu : Plong\u00e9e dans l&rsquo;univers industriel\",\"datePublished\":\"2026-03-24T19:17:40+00:00\",\"dateModified\":\"2026-03-24T19:17:45+00:00\",\"mainEntityOfPage\":{\"@id\":\"https:\/\/www.locansol.fr\/exposition-peintures-prades-industriel\/\"},\"wordCount\":403,\"publisher\":{\"@id\":\"https:\/\/www.locansol.fr\/#organization\"},\"image\":{\"@id\":\"https:\/\/www.locansol.fr\/exposition-peintures-prades-industriel\/#primaryimage\"},\"thumbnailUrl\":\"https:\/\/www.locansol.fr\/wp-content\/uploads\/2026\/03\/exposition-peintures-prades-industriel.webp\",\"keywords\":[\"\u00c9v\u00e8nement culturel\",\"Pyr\u00e9n\u00e9es-Orientales\"],\"articleSection\":[\"Carnaval\"],\"inLanguage\":\"en-GB\"},{\"@type\":\"WebPage\",\"@id\":\"https:\/\/www.locansol.fr\/exposition-peintures-prades-industriel\/\",\"url\":\"https:\/\/www.locansol.fr\/exposition-peintures-prades-industriel\/\",\"name\":\"Exposition de peintures de Didier Ponthieu Prades - Mars 2023\",\"isPartOf\":{\"@id\":\"https:\/\/www.locansol.fr\/#website\"},\"primaryImageOfPage\":{\"@id\":\"https:\/\/www.locansol.fr\/exposition-peintures-prades-industriel\/#primaryimage\"},\"image\":{\"@id\":\"https:\/\/www.locansol.fr\/exposition-peintures-prades-industriel\/#primaryimage\"},\"thumbnailUrl\":\"https:\/\/www.locansol.fr\/wp-content\/uploads\/2026\/03\/exposition-peintures-prades-industriel.webp\",\"datePublished\":\"2026-03-24T19:17:40+00:00\",\"dateModified\":\"2026-03-24T19:17:45+00:00\",\"description\":\"Exposition de peintures de Didier Ponthieu Prades. D\u00e9couvrez des \u0153uvres uniques inspir\u00e9es des paysages industriels. Gratuit et ouvert \u00e0 tous dans les Pyr\u00e9n\u00e9es-Orientales.\",\"breadcrumb\":{\"@id\":\"https:\/\/www.locansol.fr\/exposition-peintures-prades-industriel\/#breadcrumb\"},\"inLanguage\":\"en-GB\",\"potentialAction\":[{\"@type\":\"ReadAction\",\"target\":[\"https:\/\/www.locansol.fr\/exposition-peintures-prades-industriel\/\"]}]},{\"@type\":\"ImageObject\",\"inLanguage\":\"en-GB\",\"@id\":\"https:\/\/www.locansol.fr\/exposition-peintures-prades-industriel\/#primaryimage\",\"url\":\"https:\/\/www.locansol.fr\/wp-content\/uploads\/2026\/03\/exposition-peintures-prades-industriel.webp\",\"contentUrl\":\"https:\/\/www.locansol.fr\/wp-content\/uploads\/2026\/03\/exposition-peintures-prades-industriel.webp\",\"width\":598,\"height\":847,\"caption\":\"Exposition de peintures de Didier Ponthieu Prades - Mars 2023\"},{\"@type\":\"BreadcrumbList\",\"@id\":\"https:\/\/www.locansol.fr\/exposition-peintures-prades-industriel\/#breadcrumb\",\"itemListElement\":[{\"@type\":\"ListItem\",\"position\":1,\"name\":\"Accueil\",\"item\":\"https:\/\/www.locansol.fr\/\"},{\"@type\":\"ListItem\",\"position\":2,\"name\":\"Prades &#8211; Mars 2023 &#8211; Exposition de peintures de Didier Ponthieu : Plong\u00e9e dans l&rsquo;univers industriel\"}]},{\"@type\":\"WebSite\",\"@id\":\"https:\/\/www.locansol.fr\/#website\",\"url\":\"https:\/\/www.locansol.fr\/\",\"name\":\"Locansol, louer un h\u00e9bergement dans les Pyr\u00e9n\u00e9es-Orientales\",\"description\":\"Location Mobil-home Mer M\u00e9diterran\u00e9e &amp; Chalet de Montagne dans les Pyr\u00e9n\u00e9es Orientales (Occitanie, 66). Weekend, s\u00e9jour &amp; vacances en famille et entre amis.\",\"publisher\":{\"@id\":\"https:\/\/www.locansol.fr\/#organization\"},\"alternateName\":\"Louer un h\u00e9bergement dans les Pyr\u00e9n\u00e9es Orientales, chalet & mobil-home en Occitanie\",\"potentialAction\":[{\"@type\":\"SearchAction\",\"target\":{\"@type\":\"EntryPoint\",\"urlTemplate\":\"https:\/\/www.locansol.fr\/?s={search_term_string}\"},\"query-input\":{\"@type\":\"PropertyValueSpecification\",\"valueRequired\":true,\"valueName\":\"search_term_string\"}}],\"inLanguage\":\"en-GB\"},{\"@type\":\"Organization\",\"@id\":\"https:\/\/www.locansol.fr\/#organization\",\"name\":\"Location MobilHome & chalet dans les Pyr\u00e9n\u00e9es Orientales\",\"alternateName\":\"Louer un h\u00e9bergement dans les Pyr\u00e9n\u00e9es Orientales en Occitanie\",\"url\":\"https:\/\/www.locansol.fr\/\",\"logo\":{\"@type\":\"ImageObject\",\"inLanguage\":\"en-GB\",\"@id\":\"https:\/\/www.locansol.fr\/#\/schema\/logo\/image\/\",\"url\":\"https:\/\/www.locansol.fr\/wp-content\/uploads\/2024\/04\/AdobeStock_303324767-scaled.jpeg\",\"contentUrl\":\"https:\/\/www.locansol.fr\/wp-content\/uploads\/2024\/04\/AdobeStock_303324767-scaled.jpeg\",\"width\":2560,\"height\":1707,\"caption\":\"Location MobilHome & chalet dans les Pyr\u00e9n\u00e9es Orientales\"},\"image\":{\"@id\":\"https:\/\/www.locansol.fr\/#\/schema\/logo\/image\/\"}},{\"@type\":\"Person\",\"@id\":\"https:\/\/www.locansol.fr\/#\/schema\/person\/0b08d440f1ac44674c6d498107de351d\",\"name\":\"H\u00e9bergements Locansol\",\"image\":{\"@type\":\"ImageObject\",\"inLanguage\":\"en-GB\",\"@id\":\"https:\/\/www.locansol.fr\/#\/schema\/person\/image\/\",\"url\":\"https:\/\/secure.gravatar.com\/avatar\/444436b93284204f8116b6e0eb964cd3fcb811519c737232bde6dd5743c37ee5?s=96&d=mm&r=g\",\"contentUrl\":\"https:\/\/secure.gravatar.com\/avatar\/444436b93284204f8116b6e0eb964cd3fcb811519c737232bde6dd5743c37ee5?s=96&d=mm&r=g\",\"caption\":\"H\u00e9bergements Locansol\"},\"sameAs\":[\"https:\/\/www.locansol.fr\/\"],\"url\":\"https:\/\/www.locansol.fr\/en\/author\/locansol\/\"}]}<\/script>\n<!-- \/ Yoast SEO Premium plugin. -->","yoast_head_json":{"title":"Exposition de peintures de Didier Ponthieu Prades - Mars 2023","description":"Exposition de peintures de Didier Ponthieu Prades. D\u00e9couvrez des \u0153uvres uniques inspir\u00e9es des paysages industriels. Gratuit et ouvert \u00e0 tous dans les Pyr\u00e9n\u00e9es-Orientales.","robots":{"index":"index","follow":"follow","max-snippet":"max-snippet:-1","max-image-preview":"max-image-preview:large","max-video-preview":"max-video-preview:-1"},"canonical":"https:\/\/www.locansol.fr\/en\/exposition-peintures-prades-industriel\/","og_locale":"en_GB","og_type":"article","og_title":"Plongez dans l'univers industriel : Exposition \u00e0 Prades \u2014 D\u00e9couvrez des paysages uniques","og_description":"D\u00e9couvrez des paysages industriels transform\u00e9s en \u0153uvres d'art \u00e0 Prades. Une immersion unique dans l'univers de Didier Ponthieu vous attend.","og_url":"https:\/\/www.locansol.fr\/en\/exposition-peintures-prades-industriel\/","og_site_name":"Locansol, louer un h\u00e9bergement dans les Pyr\u00e9n\u00e9es Orientales","article_published_time":"2026-03-24T19:17:40+00:00","article_modified_time":"2026-03-24T19:17:45+00:00","og_image":[{"url":"https:\/\/www.locansol.fr\/wp-content\/uploads\/2026\/03\/exposition-peintures-prades-industriel.webp","type":"","width":"","height":""}],"author":"H\u00e9bergements Locansol","twitter_card":"summary_large_image","twitter_title":"D\u00e9couvrez l'art industriel \u00e0 Prades avec Didier Ponthieu","twitter_description":"Plongez dans l'univers fascinant des paysages industriels \u00e0 travers les peintures de Didier Ponthieu \u00e0 Prades. Gratuit et ouvert \u00e0 tous !","twitter_image":"https:\/\/www.locansol.fr\/wp-content\/uploads\/2026\/03\/exposition-peintures-prades-industriel.webp","twitter_misc":{"Written by":"H\u00e9bergements Locansol","Estimated reading time":"2 minutes"},"schema":{"@context":"https:\/\/schema.org","@graph":[{"@type":"Article","@id":"https:\/\/www.locansol.fr\/exposition-peintures-prades-industriel\/#article","isPartOf":{"@id":"https:\/\/www.locansol.fr\/exposition-peintures-prades-industriel\/"},"author":{"name":"H\u00e9bergements Locansol","@id":"https:\/\/www.locansol.fr\/#\/schema\/person\/0b08d440f1ac44674c6d498107de351d"},"headline":"Prades &#8211; Mars 2023 &#8211; Exposition de peintures de Didier Ponthieu : Plong\u00e9e dans l&rsquo;univers industriel","datePublished":"2026-03-24T19:17:40+00:00","dateModified":"2026-03-24T19:17:45+00:00","mainEntityOfPage":{"@id":"https:\/\/www.locansol.fr\/exposition-peintures-prades-industriel\/"},"wordCount":403,"publisher":{"@id":"https:\/\/www.locansol.fr\/#organization"},"image":{"@id":"https:\/\/www.locansol.fr\/exposition-peintures-prades-industriel\/#primaryimage"},"thumbnailUrl":"https:\/\/www.locansol.fr\/wp-content\/uploads\/2026\/03\/exposition-peintures-prades-industriel.webp","keywords":["\u00c9v\u00e8nement culturel","Pyr\u00e9n\u00e9es-Orientales"],"articleSection":["Carnaval"],"inLanguage":"en-GB"},{"@type":"WebPage","@id":"https:\/\/www.locansol.fr\/exposition-peintures-prades-industriel\/","url":"https:\/\/www.locansol.fr\/exposition-peintures-prades-industriel\/","name":"Exposition de peintures de Didier Ponthieu Prades - Mars 2023","isPartOf":{"@id":"https:\/\/www.locansol.fr\/#website"},"primaryImageOfPage":{"@id":"https:\/\/www.locansol.fr\/exposition-peintures-prades-industriel\/#primaryimage"},"image":{"@id":"https:\/\/www.locansol.fr\/exposition-peintures-prades-industriel\/#primaryimage"},"thumbnailUrl":"https:\/\/www.locansol.fr\/wp-content\/uploads\/2026\/03\/exposition-peintures-prades-industriel.webp","datePublished":"2026-03-24T19:17:40+00:00","dateModified":"2026-03-24T19:17:45+00:00","description":"Exposition de peintures de Didier Ponthieu Prades. D\u00e9couvrez des \u0153uvres uniques inspir\u00e9es des paysages industriels. Gratuit et ouvert \u00e0 tous dans les Pyr\u00e9n\u00e9es-Orientales.","breadcrumb":{"@id":"https:\/\/www.locansol.fr\/exposition-peintures-prades-industriel\/#breadcrumb"},"inLanguage":"en-GB","potentialAction":[{"@type":"ReadAction","target":["https:\/\/www.locansol.fr\/exposition-peintures-prades-industriel\/"]}]},{"@type":"ImageObject","inLanguage":"en-GB","@id":"https:\/\/www.locansol.fr\/exposition-peintures-prades-industriel\/#primaryimage","url":"https:\/\/www.locansol.fr\/wp-content\/uploads\/2026\/03\/exposition-peintures-prades-industriel.webp","contentUrl":"https:\/\/www.locansol.fr\/wp-content\/uploads\/2026\/03\/exposition-peintures-prades-industriel.webp","width":598,"height":847,"caption":"Exposition de peintures de Didier Ponthieu Prades - Mars 2023"},{"@type":"BreadcrumbList","@id":"https:\/\/www.locansol.fr\/exposition-peintures-prades-industriel\/#breadcrumb","itemListElement":[{"@type":"ListItem","position":1,"name":"Accueil","item":"https:\/\/www.locansol.fr\/"},{"@type":"ListItem","position":2,"name":"Prades &#8211; Mars 2023 &#8211; Exposition de peintures de Didier Ponthieu : Plong\u00e9e dans l&rsquo;univers industriel"}]},{"@type":"WebSite","@id":"https:\/\/www.locansol.fr\/#website","url":"https:\/\/www.locansol.fr\/","name":"Locansol, louer un h\u00e9bergement dans les Pyr\u00e9n\u00e9es-Orientales","description":"Location Mobil-home Mer M\u00e9diterran\u00e9e &amp; Chalet de Montagne dans les Pyr\u00e9n\u00e9es Orientales (Occitanie, 66). Weekend, s\u00e9jour &amp; vacances en famille et entre amis.","publisher":{"@id":"https:\/\/www.locansol.fr\/#organization"},"alternateName":"Louer un h\u00e9bergement dans les Pyr\u00e9n\u00e9es Orientales, chalet & mobil-home en Occitanie","potentialAction":[{"@type":"SearchAction","target":{"@type":"EntryPoint","urlTemplate":"https:\/\/www.locansol.fr\/?s={search_term_string}"},"query-input":{"@type":"PropertyValueSpecification","valueRequired":true,"valueName":"search_term_string"}}],"inLanguage":"en-GB"},{"@type":"Organization","@id":"https:\/\/www.locansol.fr\/#organization","name":"Location MobilHome & chalet dans les Pyr\u00e9n\u00e9es Orientales","alternateName":"Louer un h\u00e9bergement dans les Pyr\u00e9n\u00e9es Orientales en Occitanie","url":"https:\/\/www.locansol.fr\/","logo":{"@type":"ImageObject","inLanguage":"en-GB","@id":"https:\/\/www.locansol.fr\/#\/schema\/logo\/image\/","url":"https:\/\/www.locansol.fr\/wp-content\/uploads\/2024\/04\/AdobeStock_303324767-scaled.jpeg","contentUrl":"https:\/\/www.locansol.fr\/wp-content\/uploads\/2024\/04\/AdobeStock_303324767-scaled.jpeg","width":2560,"height":1707,"caption":"Location MobilHome & chalet dans les Pyr\u00e9n\u00e9es Orientales"},"image":{"@id":"https:\/\/www.locansol.fr\/#\/schema\/logo\/image\/"}},{"@type":"Person","@id":"https:\/\/www.locansol.fr\/#\/schema\/person\/0b08d440f1ac44674c6d498107de351d","name":"H\u00e9bergements Locansol","image":{"@type":"ImageObject","inLanguage":"en-GB","@id":"https:\/\/www.locansol.fr\/#\/schema\/person\/image\/","url":"https:\/\/secure.gravatar.com\/avatar\/444436b93284204f8116b6e0eb964cd3fcb811519c737232bde6dd5743c37ee5?s=96&d=mm&r=g","contentUrl":"https:\/\/secure.gravatar.com\/avatar\/444436b93284204f8116b6e0eb964cd3fcb811519c737232bde6dd5743c37ee5?s=96&d=mm&r=g","caption":"H\u00e9bergements Locansol"},"sameAs":["https:\/\/www.locansol.fr\/"],"url":"https:\/\/www.locansol.fr\/en\/author\/locansol\/"}]}},"_links":{"self":[{"href":"https:\/\/www.locansol.fr\/en\/wp-json\/wp\/v2\/posts\/5160","targetHints":{"allow":["GET"]}}],"collection":[{"href":"https:\/\/www.locansol.fr\/en\/wp-json\/wp\/v2\/posts"}],"about":[{"href":"https:\/\/www.locansol.fr\/en\/wp-json\/wp\/v2\/types\/post"}],"author":[{"embeddable":true,"href":"https:\/\/www.locansol.fr\/en\/wp-json\/wp\/v2\/users\/5"}],"replies":[{"embeddable":true,"href":"https:\/\/www.locansol.fr\/en\/wp-json\/wp\/v2\/comments?post=5160"}],"version-history":[{"count":1,"href":"https:\/\/www.locansol.fr\/en\/wp-json\/wp\/v2\/posts\/5160\/revisions"}],"predecessor-version":[{"id":5161,"href":"https:\/\/www.locansol.fr\/en\/wp-json\/wp\/v2\/posts\/5160\/revisions\/5161"}],"wp:featuredmedia":[{"embeddable":true,"href":"https:\/\/www.locansol.fr\/en\/wp-json\/wp\/v2\/media\/5159"}],"wp:attachment":[{"href":"https:\/\/www.locansol.fr\/en\/wp-json\/wp\/v2\/media?parent=5160"}],"wp:term":[{"taxonomy":"category","embeddable":true,"href":"https:\/\/www.locansol.fr\/en\/wp-json\/wp\/v2\/categories?post=5160"},{"taxonomy":"post_tag","embeddable":true,"href":"https:\/\/www.locansol.fr\/en\/wp-json\/wp\/v2\/tags?post=5160"}],"curies":[{"name":"wp","href":"https:\/\/api.w.org\/{rel}","templated":true}]}}