{"id":6138,"date":"2026-04-15T18:15:19","date_gmt":"2026-04-15T16:15:19","guid":{"rendered":"https:\/\/www.locansol.fr\/plantes-pyrenees-super-pouvoirs-prades\/"},"modified":"2026-04-15T18:15:23","modified_gmt":"2026-04-15T16:15:23","slug":"plantes-pyrenees-super-pouvoirs-prades","status":"publish","type":"post","link":"https:\/\/www.locansol.fr\/en\/plantes-pyrenees-super-pouvoirs-prades\/","title":{"rendered":"Prades, 15 avril : D\u00e9couvrez les super-pouvoirs des plantes des Pyr\u00e9n\u00e9es"},"content":{"rendered":"<p>Le mercredi 15 avril, rendez-vous \u00e0 Prades pour offrir \u00e0 vos enfants une apr\u00e8s-midi aussi enrichissante que divertissante. De 14:00 \u00e0 15:30, l\u2019animation \u00ab Les incroyables super-pouvoirs des plantes des Pyr\u00e9n\u00e9es \u00bb promet de captiver l\u2019imaginaire des jeunes explorateurs de 6 \u00e0 12 ans dans le cadre du cycle Nature en T\u00eat.<\/p>\n<p>Cet \u00e9v\u00e9nement unique se d\u00e9roulera au 33 rue de l&rsquo;Hospice, au c\u0153ur de la ville de Prades. Gratuit et accessible sur r\u00e9servation, l\u2019atelier invite les participants \u00e0 plonger dans l\u2019univers fascinant des plantes locales. Les Pyr\u00e9n\u00e9es regorgent d\u2019esp\u00e8ces v\u00e9g\u00e9tales exceptionnelles, qui ont su d\u00e9velopper des \u00ab super-pouvoirs \u00bb pour s\u2019adapter \u00e0 des conditions souvent extr\u00eames. Du froid glacial des altitudes aux vents parfois violents, les plantes des Pyr\u00e9n\u00e9es ont appris \u00e0 survivre dans des environnements hostiles, et elles ont beaucoup \u00e0 nous apprendre sur la r\u00e9silience et l\u2019ing\u00e9niosit\u00e9 de la nature.<\/p>\n<p>Encadr\u00e9e par l\u2019\u00e9quipe d\u2019animation Nature en T\u00eat, cette activit\u00e9 propose une d\u00e9couverte sensorielle et \u00e9ducative des merveilles botaniques locales. Au programme : exploration des formes, couleurs et senteurs uniques des plantes pyr\u00e9n\u00e9ennes. Les enfants auront \u00e9galement l\u2019occasion de comprendre les incroyables strat\u00e9gies d\u2019adaptation d\u00e9velopp\u00e9es par ces v\u00e9g\u00e9taux, des for\u00eats aux prairies, pour prosp\u00e9rer dans des milieux aussi vari\u00e9s que difficiles. Une v\u00e9ritable invitation \u00e0 s\u2019\u00e9merveiller et \u00e0 d\u00e9velopper une curiosit\u00e9 \u00e9cologique.<\/p>\n<p>Cette animation allie p\u00e9dagogie et interactivit\u00e9, rendant chaque moment captivant pour les jeunes participants. Bien plus qu\u2019un simple atelier, il s\u2019agit d&rsquo;un voyage au c\u0153ur de la biodiversit\u00e9 des Pyr\u00e9n\u00e9es, destin\u00e9 \u00e0 sensibiliser les enfants aux enjeux de la protection de la nature tout en leur transmettant des connaissances pr\u00e9cieuses sur leur patrimoine local.<\/p>\n<p>Les places \u00e9tant limit\u00e9es, il est conseill\u00e9 de r\u00e9server rapidement pour permettre \u00e0 vos enfants de vivre cette aventure botanique inoubliable. Pour plus d\u2019informations ou pour r\u00e9server, consultez le site de la Maison du Tourisme des Pyr\u00e9n\u00e9es-Orientales ou contactez directement les organisateurs du cycle Nature en T\u00eat.<\/p>\n<p>Ne manquez pas cette occasion d\u2019apprendre tout en s\u2019amusant et de partager un moment privil\u00e9gi\u00e9 en famille. Rendez-vous le 15 avril \u00e0 Prades pour explorer les \u00ab incroyables super-pouvoirs \u00bb des plantes des Pyr\u00e9n\u00e9es !<\/p>\n<h3>Practical information<\/h3>\n<p>\ud83d\udcc5 QUAND ? Mercredi 15 avril, de 14:00 \u00e0 15:30<br \/>\ud83d\udccd O\u00d9 ? 33 rue de l&rsquo;Hospice, Prades<br \/>\ud83d\udcb6 COMBIEN ? Gratuit, sur r\u00e9servation<\/p>","protected":false},"excerpt":{"rendered":"<p>Initiez vos enfants \u00e0 la richesse des plantes des Pyr\u00e9n\u00e9es lors d&rsquo;une animation captivante et gratuite \u00e0 Prades, le 15 avril.<\/p>","protected":false},"author":5,"featured_media":6137,"comment_status":"closed","ping_status":"open","sticky":false,"template":"","format":"standard","meta":{"_yoast_wpseo_focuskw":"plantes Pyr\u00e9n\u00e9es super-pouvoirs Prades","_yoast_wpseo_title":"Les incroyables super-pouvoirs des plantes des Pyr\u00e9n\u00e9es Prades","_yoast_wpseo_metadesc":"Les incroyables super-pouvoirs des plantes des Pyr\u00e9n\u00e9es Prades. D\u00e9couvrez un atelier \u00e9ducatif et sensoriel pour les enfants de 6 \u00e0 12 ans. Explorez la biodiversit\u00e9 des Pyr\u00e9n\u00e9es-Orientales.","_yoast_wpseo_canonical":"","_yoast_wpseo_opengraph-title":"\u00c9merveillement garanti \u00e0 Prades : d\u00e9couvrez les super-pouvoirs des plantes des Pyr\u00e9n\u00e9es","_yoast_wpseo_opengraph-description":"Plongez dans l'univers fascinant des plantes des Pyr\u00e9n\u00e9es. Un atelier sensoriel pour les enfants \u00e0 Prades, o\u00f9 la nature r\u00e9v\u00e8le ses secrets et ses merveilles. Une exp\u00e9rience inoubliable pour les jeunes explorateurs.","_yoast_wpseo_opengraph-image":"https:\/\/www.locansol.fr\/wp-content\/uploads\/2026\/04\/plantes-pyrenees-super-pouvoirs-prades.webp","_yoast_wpseo_opengraph-image-id":"","_yoast_wpseo_twitter-title":"Atelier \u00e9ducatif : d\u00e9couvrez les super-pouvoirs des plantes \u00e0 Prades !","_yoast_wpseo_twitter-description":"Un atelier \u00e9ducatif et sensoriel pour les enfants \u00e0 Prades. Explorez les merveilles botaniques des Pyr\u00e9n\u00e9es lors d'une apr\u00e8s-midi inoubliable. Gratuit sur r\u00e9servation.","_yoast_wpseo_twitter-image":"https:\/\/www.locansol.fr\/wp-content\/uploads\/2026\/04\/plantes-pyrenees-super-pouvoirs-prades.webp","_yoast_wpseo_twitter-image-id":"","yoast_primary_category":"Stage \/ Atelier","footnotes":""},"categories":[62],"tags":[70,76],"class_list":["post-6138","post","type-post","status-publish","format-standard","has-post-thumbnail","hentry","category-stage-atelier","tag-nature","tag-pyrenees-orientales"],"yoast_head":"<!-- This site is optimized with the Yoast SEO Premium plugin v23.3 (Yoast SEO v26.9) - https:\/\/yoast.com\/product\/yoast-seo-premium-wordpress\/ -->\n<title>Les incroyables super-pouvoirs des plantes des Pyr\u00e9n\u00e9es Prades<\/title>\n<meta name=\"description\" content=\"Les incroyables super-pouvoirs des plantes des Pyr\u00e9n\u00e9es Prades. D\u00e9couvrez un atelier \u00e9ducatif et sensoriel pour les enfants de 6 \u00e0 12 ans. Explorez la biodiversit\u00e9 des Pyr\u00e9n\u00e9es-Orientales.\" \/>\n<meta name=\"robots\" content=\"index, follow, max-snippet:-1, max-image-preview:large, max-video-preview:-1\" \/>\n<link rel=\"canonical\" href=\"https:\/\/www.locansol.fr\/en\/plantes-pyrenees-super-pouvoirs-prades\/\" \/>\n<meta property=\"og:locale\" content=\"en_GB\" \/>\n<meta property=\"og:type\" content=\"article\" \/>\n<meta property=\"og:title\" content=\"\u00c9merveillement garanti \u00e0 Prades : d\u00e9couvrez les super-pouvoirs des plantes des Pyr\u00e9n\u00e9es\" \/>\n<meta property=\"og:description\" content=\"Plongez dans l&#039;univers fascinant des plantes des Pyr\u00e9n\u00e9es. Un atelier sensoriel pour les enfants \u00e0 Prades, o\u00f9 la nature r\u00e9v\u00e8le ses secrets et ses merveilles. Une exp\u00e9rience inoubliable pour les jeunes explorateurs.\" \/>\n<meta property=\"og:url\" content=\"https:\/\/www.locansol.fr\/en\/plantes-pyrenees-super-pouvoirs-prades\/\" \/>\n<meta property=\"og:site_name\" content=\"Locansol, louer un h\u00e9bergement dans les Pyr\u00e9n\u00e9es Orientales\" \/>\n<meta property=\"article:published_time\" content=\"2026-04-15T16:15:19+00:00\" \/>\n<meta property=\"article:modified_time\" content=\"2026-04-15T16:15:23+00:00\" \/>\n<meta property=\"og:image\" content=\"https:\/\/www.locansol.fr\/wp-content\/uploads\/2026\/04\/plantes-pyrenees-super-pouvoirs-prades.webp\" \/>\n<meta name=\"author\" content=\"H\u00e9bergements Locansol\" \/>\n<meta name=\"twitter:card\" content=\"summary_large_image\" \/>\n<meta name=\"twitter:title\" content=\"Atelier \u00e9ducatif : d\u00e9couvrez les super-pouvoirs des plantes \u00e0 Prades !\" \/>\n<meta name=\"twitter:description\" content=\"Un atelier \u00e9ducatif et sensoriel pour les enfants \u00e0 Prades. Explorez les merveilles botaniques des Pyr\u00e9n\u00e9es lors d&#039;une apr\u00e8s-midi inoubliable. Gratuit sur r\u00e9servation.\" \/>\n<meta name=\"twitter:image\" content=\"https:\/\/www.locansol.fr\/wp-content\/uploads\/2026\/04\/plantes-pyrenees-super-pouvoirs-prades.webp\" \/>\n<meta name=\"twitter:label1\" content=\"Written by\" \/>\n\t<meta name=\"twitter:data1\" content=\"H\u00e9bergements Locansol\" \/>\n\t<meta name=\"twitter:label2\" content=\"Estimated reading time\" \/>\n\t<meta name=\"twitter:data2\" content=\"2 minutes\" \/>\n<script type=\"application\/ld+json\" class=\"yoast-schema-graph\">{\"@context\":\"https:\/\/schema.org\",\"@graph\":[{\"@type\":\"Article\",\"@id\":\"https:\/\/www.locansol.fr\/plantes-pyrenees-super-pouvoirs-prades\/#article\",\"isPartOf\":{\"@id\":\"https:\/\/www.locansol.fr\/plantes-pyrenees-super-pouvoirs-prades\/\"},\"author\":{\"name\":\"H\u00e9bergements Locansol\",\"@id\":\"https:\/\/www.locansol.fr\/#\/schema\/person\/0b08d440f1ac44674c6d498107de351d\"},\"headline\":\"Prades, 15 avril : D\u00e9couvrez les super-pouvoirs des plantes des Pyr\u00e9n\u00e9es\",\"datePublished\":\"2026-04-15T16:15:19+00:00\",\"dateModified\":\"2026-04-15T16:15:23+00:00\",\"mainEntityOfPage\":{\"@id\":\"https:\/\/www.locansol.fr\/plantes-pyrenees-super-pouvoirs-prades\/\"},\"wordCount\":418,\"publisher\":{\"@id\":\"https:\/\/www.locansol.fr\/#organization\"},\"image\":{\"@id\":\"https:\/\/www.locansol.fr\/plantes-pyrenees-super-pouvoirs-prades\/#primaryimage\"},\"thumbnailUrl\":\"https:\/\/www.locansol.fr\/wp-content\/uploads\/2026\/04\/plantes-pyrenees-super-pouvoirs-prades.webp\",\"keywords\":[\"Nature\",\"Pyr\u00e9n\u00e9es-Orientales\"],\"articleSection\":[\"Stage \/ Atelier\"],\"inLanguage\":\"en-GB\"},{\"@type\":\"WebPage\",\"@id\":\"https:\/\/www.locansol.fr\/plantes-pyrenees-super-pouvoirs-prades\/\",\"url\":\"https:\/\/www.locansol.fr\/plantes-pyrenees-super-pouvoirs-prades\/\",\"name\":\"Les incroyables super-pouvoirs des plantes des Pyr\u00e9n\u00e9es Prades\",\"isPartOf\":{\"@id\":\"https:\/\/www.locansol.fr\/#website\"},\"primaryImageOfPage\":{\"@id\":\"https:\/\/www.locansol.fr\/plantes-pyrenees-super-pouvoirs-prades\/#primaryimage\"},\"image\":{\"@id\":\"https:\/\/www.locansol.fr\/plantes-pyrenees-super-pouvoirs-prades\/#primaryimage\"},\"thumbnailUrl\":\"https:\/\/www.locansol.fr\/wp-content\/uploads\/2026\/04\/plantes-pyrenees-super-pouvoirs-prades.webp\",\"datePublished\":\"2026-04-15T16:15:19+00:00\",\"dateModified\":\"2026-04-15T16:15:23+00:00\",\"description\":\"Les incroyables super-pouvoirs des plantes des Pyr\u00e9n\u00e9es Prades. D\u00e9couvrez un atelier \u00e9ducatif et sensoriel pour les enfants de 6 \u00e0 12 ans. Explorez la biodiversit\u00e9 des Pyr\u00e9n\u00e9es-Orientales.\",\"breadcrumb\":{\"@id\":\"https:\/\/www.locansol.fr\/plantes-pyrenees-super-pouvoirs-prades\/#breadcrumb\"},\"inLanguage\":\"en-GB\",\"potentialAction\":[{\"@type\":\"ReadAction\",\"target\":[\"https:\/\/www.locansol.fr\/plantes-pyrenees-super-pouvoirs-prades\/\"]}]},{\"@type\":\"ImageObject\",\"inLanguage\":\"en-GB\",\"@id\":\"https:\/\/www.locansol.fr\/plantes-pyrenees-super-pouvoirs-prades\/#primaryimage\",\"url\":\"https:\/\/www.locansol.fr\/wp-content\/uploads\/2026\/04\/plantes-pyrenees-super-pouvoirs-prades.webp\",\"contentUrl\":\"https:\/\/www.locansol.fr\/wp-content\/uploads\/2026\/04\/plantes-pyrenees-super-pouvoirs-prades.webp\",\"width\":452,\"height\":640,\"caption\":\"Les incroyables super-pouvoirs des plantes des Pyr\u00e9n\u00e9es Prades\"},{\"@type\":\"BreadcrumbList\",\"@id\":\"https:\/\/www.locansol.fr\/plantes-pyrenees-super-pouvoirs-prades\/#breadcrumb\",\"itemListElement\":[{\"@type\":\"ListItem\",\"position\":1,\"name\":\"Accueil\",\"item\":\"https:\/\/www.locansol.fr\/\"},{\"@type\":\"ListItem\",\"position\":2,\"name\":\"Prades, 15 avril : D\u00e9couvrez les super-pouvoirs des plantes des Pyr\u00e9n\u00e9es\"}]},{\"@type\":\"WebSite\",\"@id\":\"https:\/\/www.locansol.fr\/#website\",\"url\":\"https:\/\/www.locansol.fr\/\",\"name\":\"Locansol, louer un h\u00e9bergement dans les Pyr\u00e9n\u00e9es-Orientales\",\"description\":\"Location Mobil-home Mer M\u00e9diterran\u00e9e &amp; Chalet de Montagne dans les Pyr\u00e9n\u00e9es Orientales (Occitanie, 66). Weekend, s\u00e9jour &amp; vacances en famille et entre amis.\",\"publisher\":{\"@id\":\"https:\/\/www.locansol.fr\/#organization\"},\"alternateName\":\"Louer un h\u00e9bergement dans les Pyr\u00e9n\u00e9es Orientales, chalet & mobil-home en Occitanie\",\"potentialAction\":[{\"@type\":\"SearchAction\",\"target\":{\"@type\":\"EntryPoint\",\"urlTemplate\":\"https:\/\/www.locansol.fr\/?s={search_term_string}\"},\"query-input\":{\"@type\":\"PropertyValueSpecification\",\"valueRequired\":true,\"valueName\":\"search_term_string\"}}],\"inLanguage\":\"en-GB\"},{\"@type\":\"Organization\",\"@id\":\"https:\/\/www.locansol.fr\/#organization\",\"name\":\"Location MobilHome & chalet dans les Pyr\u00e9n\u00e9es Orientales\",\"alternateName\":\"Louer un h\u00e9bergement dans les Pyr\u00e9n\u00e9es Orientales en Occitanie\",\"url\":\"https:\/\/www.locansol.fr\/\",\"logo\":{\"@type\":\"ImageObject\",\"inLanguage\":\"en-GB\",\"@id\":\"https:\/\/www.locansol.fr\/#\/schema\/logo\/image\/\",\"url\":\"https:\/\/www.locansol.fr\/wp-content\/uploads\/2024\/04\/AdobeStock_303324767-scaled.jpeg\",\"contentUrl\":\"https:\/\/www.locansol.fr\/wp-content\/uploads\/2024\/04\/AdobeStock_303324767-scaled.jpeg\",\"width\":2560,\"height\":1707,\"caption\":\"Location MobilHome & chalet dans les Pyr\u00e9n\u00e9es Orientales\"},\"image\":{\"@id\":\"https:\/\/www.locansol.fr\/#\/schema\/logo\/image\/\"}},{\"@type\":\"Person\",\"@id\":\"https:\/\/www.locansol.fr\/#\/schema\/person\/0b08d440f1ac44674c6d498107de351d\",\"name\":\"H\u00e9bergements Locansol\",\"image\":{\"@type\":\"ImageObject\",\"inLanguage\":\"en-GB\",\"@id\":\"https:\/\/www.locansol.fr\/#\/schema\/person\/image\/\",\"url\":\"https:\/\/secure.gravatar.com\/avatar\/444436b93284204f8116b6e0eb964cd3fcb811519c737232bde6dd5743c37ee5?s=96&d=mm&r=g\",\"contentUrl\":\"https:\/\/secure.gravatar.com\/avatar\/444436b93284204f8116b6e0eb964cd3fcb811519c737232bde6dd5743c37ee5?s=96&d=mm&r=g\",\"caption\":\"H\u00e9bergements Locansol\"},\"sameAs\":[\"https:\/\/www.locansol.fr\/\"],\"url\":\"https:\/\/www.locansol.fr\/en\/author\/locansol\/\"}]}<\/script>\n<!-- \/ Yoast SEO Premium plugin. -->","yoast_head_json":{"title":"Les incroyables super-pouvoirs des plantes des Pyr\u00e9n\u00e9es Prades","description":"Les incroyables super-pouvoirs des plantes des Pyr\u00e9n\u00e9es Prades. D\u00e9couvrez un atelier \u00e9ducatif et sensoriel pour les enfants de 6 \u00e0 12 ans. Explorez la biodiversit\u00e9 des Pyr\u00e9n\u00e9es-Orientales.","robots":{"index":"index","follow":"follow","max-snippet":"max-snippet:-1","max-image-preview":"max-image-preview:large","max-video-preview":"max-video-preview:-1"},"canonical":"https:\/\/www.locansol.fr\/en\/plantes-pyrenees-super-pouvoirs-prades\/","og_locale":"en_GB","og_type":"article","og_title":"\u00c9merveillement garanti \u00e0 Prades : d\u00e9couvrez les super-pouvoirs des plantes des Pyr\u00e9n\u00e9es","og_description":"Plongez dans l'univers fascinant des plantes des Pyr\u00e9n\u00e9es. Un atelier sensoriel pour les enfants \u00e0 Prades, o\u00f9 la nature r\u00e9v\u00e8le ses secrets et ses merveilles. Une exp\u00e9rience inoubliable pour les jeunes explorateurs.","og_url":"https:\/\/www.locansol.fr\/en\/plantes-pyrenees-super-pouvoirs-prades\/","og_site_name":"Locansol, louer un h\u00e9bergement dans les Pyr\u00e9n\u00e9es Orientales","article_published_time":"2026-04-15T16:15:19+00:00","article_modified_time":"2026-04-15T16:15:23+00:00","og_image":[{"url":"https:\/\/www.locansol.fr\/wp-content\/uploads\/2026\/04\/plantes-pyrenees-super-pouvoirs-prades.webp","type":"","width":"","height":""}],"author":"H\u00e9bergements Locansol","twitter_card":"summary_large_image","twitter_title":"Atelier \u00e9ducatif : d\u00e9couvrez les super-pouvoirs des plantes \u00e0 Prades !","twitter_description":"Un atelier \u00e9ducatif et sensoriel pour les enfants \u00e0 Prades. Explorez les merveilles botaniques des Pyr\u00e9n\u00e9es lors d'une apr\u00e8s-midi inoubliable. Gratuit sur r\u00e9servation.","twitter_image":"https:\/\/www.locansol.fr\/wp-content\/uploads\/2026\/04\/plantes-pyrenees-super-pouvoirs-prades.webp","twitter_misc":{"Written by":"H\u00e9bergements Locansol","Estimated reading time":"2 minutes"},"schema":{"@context":"https:\/\/schema.org","@graph":[{"@type":"Article","@id":"https:\/\/www.locansol.fr\/plantes-pyrenees-super-pouvoirs-prades\/#article","isPartOf":{"@id":"https:\/\/www.locansol.fr\/plantes-pyrenees-super-pouvoirs-prades\/"},"author":{"name":"H\u00e9bergements Locansol","@id":"https:\/\/www.locansol.fr\/#\/schema\/person\/0b08d440f1ac44674c6d498107de351d"},"headline":"Prades, 15 avril : D\u00e9couvrez les super-pouvoirs des plantes des Pyr\u00e9n\u00e9es","datePublished":"2026-04-15T16:15:19+00:00","dateModified":"2026-04-15T16:15:23+00:00","mainEntityOfPage":{"@id":"https:\/\/www.locansol.fr\/plantes-pyrenees-super-pouvoirs-prades\/"},"wordCount":418,"publisher":{"@id":"https:\/\/www.locansol.fr\/#organization"},"image":{"@id":"https:\/\/www.locansol.fr\/plantes-pyrenees-super-pouvoirs-prades\/#primaryimage"},"thumbnailUrl":"https:\/\/www.locansol.fr\/wp-content\/uploads\/2026\/04\/plantes-pyrenees-super-pouvoirs-prades.webp","keywords":["Nature","Pyr\u00e9n\u00e9es-Orientales"],"articleSection":["Stage \/ Atelier"],"inLanguage":"en-GB"},{"@type":"WebPage","@id":"https:\/\/www.locansol.fr\/plantes-pyrenees-super-pouvoirs-prades\/","url":"https:\/\/www.locansol.fr\/plantes-pyrenees-super-pouvoirs-prades\/","name":"Les incroyables super-pouvoirs des plantes des Pyr\u00e9n\u00e9es Prades","isPartOf":{"@id":"https:\/\/www.locansol.fr\/#website"},"primaryImageOfPage":{"@id":"https:\/\/www.locansol.fr\/plantes-pyrenees-super-pouvoirs-prades\/#primaryimage"},"image":{"@id":"https:\/\/www.locansol.fr\/plantes-pyrenees-super-pouvoirs-prades\/#primaryimage"},"thumbnailUrl":"https:\/\/www.locansol.fr\/wp-content\/uploads\/2026\/04\/plantes-pyrenees-super-pouvoirs-prades.webp","datePublished":"2026-04-15T16:15:19+00:00","dateModified":"2026-04-15T16:15:23+00:00","description":"Les incroyables super-pouvoirs des plantes des Pyr\u00e9n\u00e9es Prades. D\u00e9couvrez un atelier \u00e9ducatif et sensoriel pour les enfants de 6 \u00e0 12 ans. Explorez la biodiversit\u00e9 des Pyr\u00e9n\u00e9es-Orientales.","breadcrumb":{"@id":"https:\/\/www.locansol.fr\/plantes-pyrenees-super-pouvoirs-prades\/#breadcrumb"},"inLanguage":"en-GB","potentialAction":[{"@type":"ReadAction","target":["https:\/\/www.locansol.fr\/plantes-pyrenees-super-pouvoirs-prades\/"]}]},{"@type":"ImageObject","inLanguage":"en-GB","@id":"https:\/\/www.locansol.fr\/plantes-pyrenees-super-pouvoirs-prades\/#primaryimage","url":"https:\/\/www.locansol.fr\/wp-content\/uploads\/2026\/04\/plantes-pyrenees-super-pouvoirs-prades.webp","contentUrl":"https:\/\/www.locansol.fr\/wp-content\/uploads\/2026\/04\/plantes-pyrenees-super-pouvoirs-prades.webp","width":452,"height":640,"caption":"Les incroyables super-pouvoirs des plantes des Pyr\u00e9n\u00e9es Prades"},{"@type":"BreadcrumbList","@id":"https:\/\/www.locansol.fr\/plantes-pyrenees-super-pouvoirs-prades\/#breadcrumb","itemListElement":[{"@type":"ListItem","position":1,"name":"Accueil","item":"https:\/\/www.locansol.fr\/"},{"@type":"ListItem","position":2,"name":"Prades, 15 avril : D\u00e9couvrez les super-pouvoirs des plantes des Pyr\u00e9n\u00e9es"}]},{"@type":"WebSite","@id":"https:\/\/www.locansol.fr\/#website","url":"https:\/\/www.locansol.fr\/","name":"Locansol, louer un h\u00e9bergement dans les Pyr\u00e9n\u00e9es-Orientales","description":"Location Mobil-home Mer M\u00e9diterran\u00e9e &amp; Chalet de Montagne dans les Pyr\u00e9n\u00e9es Orientales (Occitanie, 66). Weekend, s\u00e9jour &amp; vacances en famille et entre amis.","publisher":{"@id":"https:\/\/www.locansol.fr\/#organization"},"alternateName":"Louer un h\u00e9bergement dans les Pyr\u00e9n\u00e9es Orientales, chalet & mobil-home en Occitanie","potentialAction":[{"@type":"SearchAction","target":{"@type":"EntryPoint","urlTemplate":"https:\/\/www.locansol.fr\/?s={search_term_string}"},"query-input":{"@type":"PropertyValueSpecification","valueRequired":true,"valueName":"search_term_string"}}],"inLanguage":"en-GB"},{"@type":"Organization","@id":"https:\/\/www.locansol.fr\/#organization","name":"Location MobilHome & chalet dans les Pyr\u00e9n\u00e9es Orientales","alternateName":"Louer un h\u00e9bergement dans les Pyr\u00e9n\u00e9es Orientales en Occitanie","url":"https:\/\/www.locansol.fr\/","logo":{"@type":"ImageObject","inLanguage":"en-GB","@id":"https:\/\/www.locansol.fr\/#\/schema\/logo\/image\/","url":"https:\/\/www.locansol.fr\/wp-content\/uploads\/2024\/04\/AdobeStock_303324767-scaled.jpeg","contentUrl":"https:\/\/www.locansol.fr\/wp-content\/uploads\/2024\/04\/AdobeStock_303324767-scaled.jpeg","width":2560,"height":1707,"caption":"Location MobilHome & chalet dans les Pyr\u00e9n\u00e9es Orientales"},"image":{"@id":"https:\/\/www.locansol.fr\/#\/schema\/logo\/image\/"}},{"@type":"Person","@id":"https:\/\/www.locansol.fr\/#\/schema\/person\/0b08d440f1ac44674c6d498107de351d","name":"H\u00e9bergements Locansol","image":{"@type":"ImageObject","inLanguage":"en-GB","@id":"https:\/\/www.locansol.fr\/#\/schema\/person\/image\/","url":"https:\/\/secure.gravatar.com\/avatar\/444436b93284204f8116b6e0eb964cd3fcb811519c737232bde6dd5743c37ee5?s=96&d=mm&r=g","contentUrl":"https:\/\/secure.gravatar.com\/avatar\/444436b93284204f8116b6e0eb964cd3fcb811519c737232bde6dd5743c37ee5?s=96&d=mm&r=g","caption":"H\u00e9bergements Locansol"},"sameAs":["https:\/\/www.locansol.fr\/"],"url":"https:\/\/www.locansol.fr\/en\/author\/locansol\/"}]}},"_links":{"self":[{"href":"https:\/\/www.locansol.fr\/en\/wp-json\/wp\/v2\/posts\/6138","targetHints":{"allow":["GET"]}}],"collection":[{"href":"https:\/\/www.locansol.fr\/en\/wp-json\/wp\/v2\/posts"}],"about":[{"href":"https:\/\/www.locansol.fr\/en\/wp-json\/wp\/v2\/types\/post"}],"author":[{"embeddable":true,"href":"https:\/\/www.locansol.fr\/en\/wp-json\/wp\/v2\/users\/5"}],"replies":[{"embeddable":true,"href":"https:\/\/www.locansol.fr\/en\/wp-json\/wp\/v2\/comments?post=6138"}],"version-history":[{"count":1,"href":"https:\/\/www.locansol.fr\/en\/wp-json\/wp\/v2\/posts\/6138\/revisions"}],"predecessor-version":[{"id":6139,"href":"https:\/\/www.locansol.fr\/en\/wp-json\/wp\/v2\/posts\/6138\/revisions\/6139"}],"wp:featuredmedia":[{"embeddable":true,"href":"https:\/\/www.locansol.fr\/en\/wp-json\/wp\/v2\/media\/6137"}],"wp:attachment":[{"href":"https:\/\/www.locansol.fr\/en\/wp-json\/wp\/v2\/media?parent=6138"}],"wp:term":[{"taxonomy":"category","embeddable":true,"href":"https:\/\/www.locansol.fr\/en\/wp-json\/wp\/v2\/categories?post=6138"},{"taxonomy":"post_tag","embeddable":true,"href":"https:\/\/www.locansol.fr\/en\/wp-json\/wp\/v2\/tags?post=6138"}],"curies":[{"name":"wp","href":"https:\/\/api.w.org\/{rel}","templated":true}]}}