{"id":6230,"date":"2026-04-19T04:13:41","date_gmt":"2026-04-19T02:13:41","guid":{"rendered":"https:\/\/www.locansol.fr\/volets-monumentaux-cathedrale-perpignan\/"},"modified":"2026-04-19T04:13:45","modified_gmt":"2026-04-19T02:13:45","slug":"volets-monumentaux-cathedrale-perpignan","status":"publish","type":"post","link":"https:\/\/www.locansol.fr\/en\/volets-monumentaux-cathedrale-perpignan\/","title":{"rendered":"Perpignan, du 24 mars au 31 mai 2026 : D\u00e9couvrez l&rsquo;exceptionnelle exposition sur les volets monumentaux de la cath\u00e9drale Saint-Jean-Baptiste"},"content":{"rendered":"<p>Perpignan accueillera un \u00e9v\u00e9nement d\u2019exception du 24 mars au 31 mai 2026 au sein du mus\u00e9e Hyacinthe Rigaud, avec l\u2019exposition intitul\u00e9e \u00ab La red\u00e9couverte d\u2019un chef-d\u2019\u0153uvre monumental \u00bb. Il s\u2019agit d\u2019une occasion unique de d\u00e9couvrir les majestueux volets du grand orgue de la cath\u00e9drale Saint-Jean-Baptiste, fra\u00eechement restaur\u00e9s apr\u00e8s des ann\u00e9es d\u2019un minutieux travail pour restituer leur splendeur originelle. Voici tout ce qu\u2019il faut savoir pour ne pas manquer cette fen\u00eatre sur l\u2019histoire et l\u2019art sacr\u00e9 de la r\u00e9gion.<\/p>\n<p>Ces volets peints en 1504, parmi les plus spectaculaires d&rsquo;Europe, impressionnent tant par leur taille monumentale \u2013 chaque panneau mesurant 12,6 m\u00e8tres de haut sur 4,3 m\u00e8tres de large \u2013 que par leur richesse artistique. Initialement int\u00e9gr\u00e9s au buffet de l\u2019orgue, ils avaient une vocation intime et spirituelle : \u00eatre d\u00e9ploy\u00e9s selon le calendrier liturgique, cr\u00e9ant une harmonie unique entre musique, architecture et image sacr\u00e9e dans la cath\u00e9drale. Toutefois, leur d\u00e9placement au XIXe si\u00e8cle, qui les pla\u00e7a en hauteur sur un mur de la cath\u00e9drale au-dessus de la porte dite \u00ab de Bethl\u00e9em \u00bb, rendit leur contemplation difficile et leur importance fut peu \u00e0 peu oubli\u00e9e. Leur restauration engag\u00e9e en 2022 sous l\u2019\u00e9gide de la Direction r\u00e9gionale des affaires culturelles d\u2019Occitanie a permis de les replacer sous le feu des projecteurs.<\/p>\n<p>Le mus\u00e9e Hyacinthe Rigaud, situ\u00e9 au 21 Rue Mailly \u00e0 Perpignan, devient le cadre de cette exposition exceptionnelle. Ce lieu culturel majeur, connu pour sa collection \u00e9clectique et ses expositions prestigieuses, s\u2019inscrit parfaitement dans une d\u00e9marche de pr\u00e9servation et de c\u00e9l\u00e9bration du patrimoine local. En partenariat avec la Drac Occitanie, le mus\u00e9e met ainsi en lumi\u00e8re les \u00e9tapes techniques, patrimoniales et scientifiques ayant conduit \u00e0 la restauration des volets. Cet \u00e9v\u00e9nement est une plong\u00e9e dans un processus de conservation d\u2019envergure, tout en retra\u00e7ant l\u2019histoire complexe de ces \u0153uvres et leur relation avec la cath\u00e9drale Saint-Jean-Baptiste. Les face-\u00e0-face avec ces immenses panneaux, restaur\u00e9s avec des techniques modernes et minutieuses, permettent de comprendre les d\u00e9fis relev\u00e9s pour r\u00e9v\u00e9ler la polychromie \u00e9clatante sur le recto et une grisaille travaill\u00e9e sur le verso, t\u00e9moignage d\u2019un savoir-faire unique au Moyen \u00c2ge.<\/p>\n<p>En plus de l\u2019\u00e9merveillement artistique, l\u2019exposition offre une exp\u00e9rience didactique pr\u00e9cieuse. Les amateurs d\u2019art, d\u2019histoire et de patrimoine d\u00e9couvriront le r\u00f4le des restaurateurs qui ont permis cette renaissance, valorisant ainsi leur savoir-faire et sensibilisant \u00e0 l&rsquo;importance de la conservation des tr\u00e9sors culturels. Les visiteurs auront \u00e9galement l\u2019opportunit\u00e9 d\u2019appr\u00e9cier l\u2019histoire mat\u00e9rielle de ces \u0153uvres, leur ancien emplacement au c\u0153ur de la majestueuse cath\u00e9drale gothique, et les d\u00e9fis rencontr\u00e9s au fil des si\u00e8cles pour maintenir ce chef-d\u2019\u0153uvre en vie. Tout cela se d\u00e9roule dans l\u2019atmosph\u00e8re unique du mus\u00e9e, un \u00e9crin d&rsquo;art situ\u00e9 dans un h\u00f4tel particulier du XVIIIe si\u00e8cle, qui fait partie int\u00e9grante du patrimoine de la ville de Perpignan.<\/p>\n<p>Enfin, cette exposition est une invitation non seulement \u00e0 admirer une \u0153uvre grandiose mais \u00e9galement \u00e0 d\u00e9couvrir le riche patrimoine culturel de Perpignan. C\u2019est une belle occasion de visiter le mus\u00e9e Hyacinthe Rigaud, de fl\u00e2ner dans les rues historiques de la ville et pourquoi pas de pousser les portes de la cath\u00e9drale Saint-Jean-Baptiste, joyau du gothique m\u00e9ridional de la r\u00e9gion. Cette c\u00e9l\u00e9bration artistique et patrimoniale ravira tous les curieux et passionn\u00e9s d\u2019histoire, d\u2019art et de culture locale.<\/p>\n<p>Ne manquez pas de noter ces dates dans votre calendrier et de pr\u00e9parer votre visite pour une exp\u00e9rience immersive et enrichissante \u00e0 travers le temps et l\u2019art restaur\u00e9 !<\/p>\n<p>\ud83d\udcc5 QUAND ? Du 24 mars au 31 mai 2026<br \/>\ud83d\udccd O\u00d9 ? Mus\u00e9e Hyacinthe Rigaud, 21 Rue Mailly, Perpignan<br \/>\ud83d\udcb6 COMBIEN ? 8,00 \u20ac (tarif plein)<\/p>\n<h3>Practical information<\/h3>\n<p>\ud83d\udcc5 QUAND ? Du 24 mars au 31 mai 2026<br \/>\ud83d\udccd O\u00d9 ? Mus\u00e9e Hyacinthe Rigaud, 21 Rue Mailly, Perpignan<br \/>\ud83d\udcb6 COMBIEN ? 8,00 \u20ac (tarif plein)<\/p>","protected":false},"excerpt":{"rendered":"<p>D\u00e9couvrez l&rsquo;exposition unique \u00ab La red\u00e9couverte d\u2019un chef-d\u2019\u0153uvre monumental \u00bb au mus\u00e9e Hyacinthe Rigaud de Perpignan, du 24 mars au 31 mai 2026, et admirez les volets restaur\u00e9s du grand orgue de la cath\u00e9drale Saint-Jean-Baptiste.<\/p>","protected":false},"author":5,"featured_media":6229,"comment_status":"closed","ping_status":"open","sticky":false,"template":"","format":"standard","meta":{"_yoast_wpseo_focuskw":"volets monumentaux cath\u00e9drale Perpignan","_yoast_wpseo_title":"Exposition volets monumentaux cath\u00e9drale Perpignan","_yoast_wpseo_metadesc":"Exposition volets monumentaux cath\u00e9drale Saint-Jean-Baptiste Perpignan. D\u00e9couvrez ces \u0153uvres du XVIe si\u00e8cle restaur\u00e9es au mus\u00e9e Hyacinthe Rigaud, dans les Pyr\u00e9n\u00e9es-Orientales.","_yoast_wpseo_canonical":"","_yoast_wpseo_opengraph-title":"Plongez dans l'histoire : Perpignan \u2014 Les volets monumentaux de la cath\u00e9drale Saint-Jean-Baptiste.","_yoast_wpseo_opengraph-description":"D\u00e9couvrez les volets monumentaux de la cath\u00e9drale Saint-Jean-Baptiste \u00e0 Perpignan. Une plong\u00e9e dans l'art sacr\u00e9 et l'histoire m\u00e9di\u00e9vale. Des \u0153uvres restaur\u00e9es et une exp\u00e9rience immersive vous attendent au mus\u00e9e Hyacinthe Rigaud.","_yoast_wpseo_opengraph-image":"https:\/\/www.locansol.fr\/wp-content\/uploads\/2026\/04\/volets-monumentaux-cathedrale-perpignan.webp","_yoast_wpseo_opengraph-image-id":"","_yoast_wpseo_twitter-title":"D\u00e9couvrez les volets monumentaux de la cath\u00e9drale \u00e0 Perpignan !","_yoast_wpseo_twitter-description":"Ne manquez pas l'exposition des volets monumentaux de la cath\u00e9drale Saint-Jean-Baptiste \u00e0 Perpignan. Une exp\u00e9rience artistique unique !","_yoast_wpseo_twitter-image":"https:\/\/www.locansol.fr\/wp-content\/uploads\/2026\/04\/volets-monumentaux-cathedrale-perpignan.webp","_yoast_wpseo_twitter-image-id":"","yoast_primary_category":"Exposition","footnotes":""},"categories":[35],"tags":[66,76],"class_list":["post-6230","post","type-post","status-publish","format-standard","has-post-thumbnail","hentry","category-carnaval","tag-evenement-culturel","tag-pyrenees-orientales"],"yoast_head":"<!-- This site is optimized with the Yoast SEO Premium plugin v23.3 (Yoast SEO v26.9) - https:\/\/yoast.com\/product\/yoast-seo-premium-wordpress\/ -->\n<title>Exposition volets monumentaux cath\u00e9drale Perpignan<\/title>\n<meta name=\"description\" content=\"Exposition volets monumentaux cath\u00e9drale Saint-Jean-Baptiste Perpignan. D\u00e9couvrez ces \u0153uvres du XVIe si\u00e8cle restaur\u00e9es au mus\u00e9e Hyacinthe Rigaud, dans les Pyr\u00e9n\u00e9es-Orientales.\" \/>\n<meta name=\"robots\" content=\"index, follow, max-snippet:-1, max-image-preview:large, max-video-preview:-1\" \/>\n<link rel=\"canonical\" href=\"https:\/\/www.locansol.fr\/en\/volets-monumentaux-cathedrale-perpignan\/\" \/>\n<meta property=\"og:locale\" content=\"en_GB\" \/>\n<meta property=\"og:type\" content=\"article\" \/>\n<meta property=\"og:title\" content=\"Plongez dans l&#039;histoire : Perpignan \u2014 Les volets monumentaux de la cath\u00e9drale Saint-Jean-Baptiste.\" \/>\n<meta property=\"og:description\" content=\"D\u00e9couvrez les volets monumentaux de la cath\u00e9drale Saint-Jean-Baptiste \u00e0 Perpignan. Une plong\u00e9e dans l&#039;art sacr\u00e9 et l&#039;histoire m\u00e9di\u00e9vale. Des \u0153uvres restaur\u00e9es et une exp\u00e9rience immersive vous attendent au mus\u00e9e Hyacinthe Rigaud.\" \/>\n<meta property=\"og:url\" content=\"https:\/\/www.locansol.fr\/en\/volets-monumentaux-cathedrale-perpignan\/\" \/>\n<meta property=\"og:site_name\" content=\"Locansol, louer un h\u00e9bergement dans les Pyr\u00e9n\u00e9es Orientales\" \/>\n<meta property=\"article:published_time\" content=\"2026-04-19T02:13:41+00:00\" \/>\n<meta property=\"article:modified_time\" content=\"2026-04-19T02:13:45+00:00\" \/>\n<meta property=\"og:image\" content=\"https:\/\/www.locansol.fr\/wp-content\/uploads\/2026\/04\/volets-monumentaux-cathedrale-perpignan.webp\" \/>\n<meta name=\"author\" content=\"H\u00e9bergements Locansol\" \/>\n<meta name=\"twitter:card\" content=\"summary_large_image\" \/>\n<meta name=\"twitter:title\" content=\"D\u00e9couvrez les volets monumentaux de la cath\u00e9drale \u00e0 Perpignan !\" \/>\n<meta name=\"twitter:description\" content=\"Ne manquez pas l&#039;exposition des volets monumentaux de la cath\u00e9drale Saint-Jean-Baptiste \u00e0 Perpignan. Une exp\u00e9rience artistique unique !\" \/>\n<meta name=\"twitter:image\" content=\"https:\/\/www.locansol.fr\/wp-content\/uploads\/2026\/04\/volets-monumentaux-cathedrale-perpignan.webp\" \/>\n<meta name=\"twitter:label1\" content=\"Written by\" \/>\n\t<meta name=\"twitter:data1\" content=\"H\u00e9bergements Locansol\" \/>\n\t<meta name=\"twitter:label2\" content=\"Estimated reading time\" \/>\n\t<meta name=\"twitter:data2\" content=\"3 minutes\" \/>\n<script type=\"application\/ld+json\" class=\"yoast-schema-graph\">{\"@context\":\"https:\/\/schema.org\",\"@graph\":[{\"@type\":\"Article\",\"@id\":\"https:\/\/www.locansol.fr\/volets-monumentaux-cathedrale-perpignan\/#article\",\"isPartOf\":{\"@id\":\"https:\/\/www.locansol.fr\/volets-monumentaux-cathedrale-perpignan\/\"},\"author\":{\"name\":\"H\u00e9bergements Locansol\",\"@id\":\"https:\/\/www.locansol.fr\/#\/schema\/person\/0b08d440f1ac44674c6d498107de351d\"},\"headline\":\"Perpignan, du 24 mars au 31 mai 2026 : D\u00e9couvrez l&rsquo;exceptionnelle exposition sur les volets monumentaux de la cath\u00e9drale Saint-Jean-Baptiste\",\"datePublished\":\"2026-04-19T02:13:41+00:00\",\"dateModified\":\"2026-04-19T02:13:45+00:00\",\"mainEntityOfPage\":{\"@id\":\"https:\/\/www.locansol.fr\/volets-monumentaux-cathedrale-perpignan\/\"},\"wordCount\":699,\"publisher\":{\"@id\":\"https:\/\/www.locansol.fr\/#organization\"},\"image\":{\"@id\":\"https:\/\/www.locansol.fr\/volets-monumentaux-cathedrale-perpignan\/#primaryimage\"},\"thumbnailUrl\":\"https:\/\/www.locansol.fr\/wp-content\/uploads\/2026\/04\/volets-monumentaux-cathedrale-perpignan.webp\",\"keywords\":[\"\u00c9v\u00e8nement culturel\",\"Pyr\u00e9n\u00e9es-Orientales\"],\"articleSection\":[\"Carnaval\"],\"inLanguage\":\"en-GB\"},{\"@type\":\"WebPage\",\"@id\":\"https:\/\/www.locansol.fr\/volets-monumentaux-cathedrale-perpignan\/\",\"url\":\"https:\/\/www.locansol.fr\/volets-monumentaux-cathedrale-perpignan\/\",\"name\":\"Exposition volets monumentaux cath\u00e9drale Perpignan\",\"isPartOf\":{\"@id\":\"https:\/\/www.locansol.fr\/#website\"},\"primaryImageOfPage\":{\"@id\":\"https:\/\/www.locansol.fr\/volets-monumentaux-cathedrale-perpignan\/#primaryimage\"},\"image\":{\"@id\":\"https:\/\/www.locansol.fr\/volets-monumentaux-cathedrale-perpignan\/#primaryimage\"},\"thumbnailUrl\":\"https:\/\/www.locansol.fr\/wp-content\/uploads\/2026\/04\/volets-monumentaux-cathedrale-perpignan.webp\",\"datePublished\":\"2026-04-19T02:13:41+00:00\",\"dateModified\":\"2026-04-19T02:13:45+00:00\",\"description\":\"Exposition volets monumentaux cath\u00e9drale Saint-Jean-Baptiste Perpignan. D\u00e9couvrez ces \u0153uvres du XVIe si\u00e8cle restaur\u00e9es au mus\u00e9e Hyacinthe Rigaud, dans les Pyr\u00e9n\u00e9es-Orientales.\",\"breadcrumb\":{\"@id\":\"https:\/\/www.locansol.fr\/volets-monumentaux-cathedrale-perpignan\/#breadcrumb\"},\"inLanguage\":\"en-GB\",\"potentialAction\":[{\"@type\":\"ReadAction\",\"target\":[\"https:\/\/www.locansol.fr\/volets-monumentaux-cathedrale-perpignan\/\"]}]},{\"@type\":\"ImageObject\",\"inLanguage\":\"en-GB\",\"@id\":\"https:\/\/www.locansol.fr\/volets-monumentaux-cathedrale-perpignan\/#primaryimage\",\"url\":\"https:\/\/www.locansol.fr\/wp-content\/uploads\/2026\/04\/volets-monumentaux-cathedrale-perpignan.webp\",\"contentUrl\":\"https:\/\/www.locansol.fr\/wp-content\/uploads\/2026\/04\/volets-monumentaux-cathedrale-perpignan.webp\",\"width\":1024,\"height\":605,\"caption\":\"Exposition volets monumentaux cath\u00e9drale Perpignan\"},{\"@type\":\"BreadcrumbList\",\"@id\":\"https:\/\/www.locansol.fr\/volets-monumentaux-cathedrale-perpignan\/#breadcrumb\",\"itemListElement\":[{\"@type\":\"ListItem\",\"position\":1,\"name\":\"Accueil\",\"item\":\"https:\/\/www.locansol.fr\/\"},{\"@type\":\"ListItem\",\"position\":2,\"name\":\"Perpignan, du 24 mars au 31 mai 2026 : D\u00e9couvrez l&rsquo;exceptionnelle exposition sur les volets monumentaux de la cath\u00e9drale Saint-Jean-Baptiste\"}]},{\"@type\":\"WebSite\",\"@id\":\"https:\/\/www.locansol.fr\/#website\",\"url\":\"https:\/\/www.locansol.fr\/\",\"name\":\"Locansol, louer un h\u00e9bergement dans les Pyr\u00e9n\u00e9es-Orientales\",\"description\":\"Location Mobil-home Mer M\u00e9diterran\u00e9e &amp; Chalet de Montagne dans les Pyr\u00e9n\u00e9es Orientales (Occitanie, 66). Weekend, s\u00e9jour &amp; vacances en famille et entre amis.\",\"publisher\":{\"@id\":\"https:\/\/www.locansol.fr\/#organization\"},\"alternateName\":\"Louer un h\u00e9bergement dans les Pyr\u00e9n\u00e9es Orientales, chalet & mobil-home en Occitanie\",\"potentialAction\":[{\"@type\":\"SearchAction\",\"target\":{\"@type\":\"EntryPoint\",\"urlTemplate\":\"https:\/\/www.locansol.fr\/?s={search_term_string}\"},\"query-input\":{\"@type\":\"PropertyValueSpecification\",\"valueRequired\":true,\"valueName\":\"search_term_string\"}}],\"inLanguage\":\"en-GB\"},{\"@type\":\"Organization\",\"@id\":\"https:\/\/www.locansol.fr\/#organization\",\"name\":\"Location MobilHome & chalet dans les Pyr\u00e9n\u00e9es Orientales\",\"alternateName\":\"Louer un h\u00e9bergement dans les Pyr\u00e9n\u00e9es Orientales en Occitanie\",\"url\":\"https:\/\/www.locansol.fr\/\",\"logo\":{\"@type\":\"ImageObject\",\"inLanguage\":\"en-GB\",\"@id\":\"https:\/\/www.locansol.fr\/#\/schema\/logo\/image\/\",\"url\":\"https:\/\/www.locansol.fr\/wp-content\/uploads\/2024\/04\/AdobeStock_303324767-scaled.jpeg\",\"contentUrl\":\"https:\/\/www.locansol.fr\/wp-content\/uploads\/2024\/04\/AdobeStock_303324767-scaled.jpeg\",\"width\":2560,\"height\":1707,\"caption\":\"Location MobilHome & chalet dans les Pyr\u00e9n\u00e9es Orientales\"},\"image\":{\"@id\":\"https:\/\/www.locansol.fr\/#\/schema\/logo\/image\/\"}},{\"@type\":\"Person\",\"@id\":\"https:\/\/www.locansol.fr\/#\/schema\/person\/0b08d440f1ac44674c6d498107de351d\",\"name\":\"H\u00e9bergements Locansol\",\"image\":{\"@type\":\"ImageObject\",\"inLanguage\":\"en-GB\",\"@id\":\"https:\/\/www.locansol.fr\/#\/schema\/person\/image\/\",\"url\":\"https:\/\/secure.gravatar.com\/avatar\/444436b93284204f8116b6e0eb964cd3fcb811519c737232bde6dd5743c37ee5?s=96&d=mm&r=g\",\"contentUrl\":\"https:\/\/secure.gravatar.com\/avatar\/444436b93284204f8116b6e0eb964cd3fcb811519c737232bde6dd5743c37ee5?s=96&d=mm&r=g\",\"caption\":\"H\u00e9bergements Locansol\"},\"sameAs\":[\"https:\/\/www.locansol.fr\/\"],\"url\":\"https:\/\/www.locansol.fr\/en\/author\/locansol\/\"}]}<\/script>\n<!-- \/ Yoast SEO Premium plugin. -->","yoast_head_json":{"title":"Exposition volets monumentaux cath\u00e9drale Perpignan","description":"Exposition volets monumentaux cath\u00e9drale Saint-Jean-Baptiste Perpignan. D\u00e9couvrez ces \u0153uvres du XVIe si\u00e8cle restaur\u00e9es au mus\u00e9e Hyacinthe Rigaud, dans les Pyr\u00e9n\u00e9es-Orientales.","robots":{"index":"index","follow":"follow","max-snippet":"max-snippet:-1","max-image-preview":"max-image-preview:large","max-video-preview":"max-video-preview:-1"},"canonical":"https:\/\/www.locansol.fr\/en\/volets-monumentaux-cathedrale-perpignan\/","og_locale":"en_GB","og_type":"article","og_title":"Plongez dans l'histoire : Perpignan \u2014 Les volets monumentaux de la cath\u00e9drale Saint-Jean-Baptiste.","og_description":"D\u00e9couvrez les volets monumentaux de la cath\u00e9drale Saint-Jean-Baptiste \u00e0 Perpignan. Une plong\u00e9e dans l'art sacr\u00e9 et l'histoire m\u00e9di\u00e9vale. Des \u0153uvres restaur\u00e9es et une exp\u00e9rience immersive vous attendent au mus\u00e9e Hyacinthe Rigaud.","og_url":"https:\/\/www.locansol.fr\/en\/volets-monumentaux-cathedrale-perpignan\/","og_site_name":"Locansol, louer un h\u00e9bergement dans les Pyr\u00e9n\u00e9es Orientales","article_published_time":"2026-04-19T02:13:41+00:00","article_modified_time":"2026-04-19T02:13:45+00:00","og_image":[{"url":"https:\/\/www.locansol.fr\/wp-content\/uploads\/2026\/04\/volets-monumentaux-cathedrale-perpignan.webp","type":"","width":"","height":""}],"author":"H\u00e9bergements Locansol","twitter_card":"summary_large_image","twitter_title":"D\u00e9couvrez les volets monumentaux de la cath\u00e9drale \u00e0 Perpignan !","twitter_description":"Ne manquez pas l'exposition des volets monumentaux de la cath\u00e9drale Saint-Jean-Baptiste \u00e0 Perpignan. Une exp\u00e9rience artistique unique !","twitter_image":"https:\/\/www.locansol.fr\/wp-content\/uploads\/2026\/04\/volets-monumentaux-cathedrale-perpignan.webp","twitter_misc":{"Written by":"H\u00e9bergements Locansol","Estimated reading time":"3 minutes"},"schema":{"@context":"https:\/\/schema.org","@graph":[{"@type":"Article","@id":"https:\/\/www.locansol.fr\/volets-monumentaux-cathedrale-perpignan\/#article","isPartOf":{"@id":"https:\/\/www.locansol.fr\/volets-monumentaux-cathedrale-perpignan\/"},"author":{"name":"H\u00e9bergements Locansol","@id":"https:\/\/www.locansol.fr\/#\/schema\/person\/0b08d440f1ac44674c6d498107de351d"},"headline":"Perpignan, du 24 mars au 31 mai 2026 : D\u00e9couvrez l&rsquo;exceptionnelle exposition sur les volets monumentaux de la cath\u00e9drale Saint-Jean-Baptiste","datePublished":"2026-04-19T02:13:41+00:00","dateModified":"2026-04-19T02:13:45+00:00","mainEntityOfPage":{"@id":"https:\/\/www.locansol.fr\/volets-monumentaux-cathedrale-perpignan\/"},"wordCount":699,"publisher":{"@id":"https:\/\/www.locansol.fr\/#organization"},"image":{"@id":"https:\/\/www.locansol.fr\/volets-monumentaux-cathedrale-perpignan\/#primaryimage"},"thumbnailUrl":"https:\/\/www.locansol.fr\/wp-content\/uploads\/2026\/04\/volets-monumentaux-cathedrale-perpignan.webp","keywords":["\u00c9v\u00e8nement culturel","Pyr\u00e9n\u00e9es-Orientales"],"articleSection":["Carnaval"],"inLanguage":"en-GB"},{"@type":"WebPage","@id":"https:\/\/www.locansol.fr\/volets-monumentaux-cathedrale-perpignan\/","url":"https:\/\/www.locansol.fr\/volets-monumentaux-cathedrale-perpignan\/","name":"Exposition volets monumentaux cath\u00e9drale Perpignan","isPartOf":{"@id":"https:\/\/www.locansol.fr\/#website"},"primaryImageOfPage":{"@id":"https:\/\/www.locansol.fr\/volets-monumentaux-cathedrale-perpignan\/#primaryimage"},"image":{"@id":"https:\/\/www.locansol.fr\/volets-monumentaux-cathedrale-perpignan\/#primaryimage"},"thumbnailUrl":"https:\/\/www.locansol.fr\/wp-content\/uploads\/2026\/04\/volets-monumentaux-cathedrale-perpignan.webp","datePublished":"2026-04-19T02:13:41+00:00","dateModified":"2026-04-19T02:13:45+00:00","description":"Exposition volets monumentaux cath\u00e9drale Saint-Jean-Baptiste Perpignan. D\u00e9couvrez ces \u0153uvres du XVIe si\u00e8cle restaur\u00e9es au mus\u00e9e Hyacinthe Rigaud, dans les Pyr\u00e9n\u00e9es-Orientales.","breadcrumb":{"@id":"https:\/\/www.locansol.fr\/volets-monumentaux-cathedrale-perpignan\/#breadcrumb"},"inLanguage":"en-GB","potentialAction":[{"@type":"ReadAction","target":["https:\/\/www.locansol.fr\/volets-monumentaux-cathedrale-perpignan\/"]}]},{"@type":"ImageObject","inLanguage":"en-GB","@id":"https:\/\/www.locansol.fr\/volets-monumentaux-cathedrale-perpignan\/#primaryimage","url":"https:\/\/www.locansol.fr\/wp-content\/uploads\/2026\/04\/volets-monumentaux-cathedrale-perpignan.webp","contentUrl":"https:\/\/www.locansol.fr\/wp-content\/uploads\/2026\/04\/volets-monumentaux-cathedrale-perpignan.webp","width":1024,"height":605,"caption":"Exposition volets monumentaux cath\u00e9drale Perpignan"},{"@type":"BreadcrumbList","@id":"https:\/\/www.locansol.fr\/volets-monumentaux-cathedrale-perpignan\/#breadcrumb","itemListElement":[{"@type":"ListItem","position":1,"name":"Accueil","item":"https:\/\/www.locansol.fr\/"},{"@type":"ListItem","position":2,"name":"Perpignan, du 24 mars au 31 mai 2026 : D\u00e9couvrez l&rsquo;exceptionnelle exposition sur les volets monumentaux de la cath\u00e9drale Saint-Jean-Baptiste"}]},{"@type":"WebSite","@id":"https:\/\/www.locansol.fr\/#website","url":"https:\/\/www.locansol.fr\/","name":"Locansol, louer un h\u00e9bergement dans les Pyr\u00e9n\u00e9es-Orientales","description":"Location Mobil-home Mer M\u00e9diterran\u00e9e &amp; Chalet de Montagne dans les Pyr\u00e9n\u00e9es Orientales (Occitanie, 66). Weekend, s\u00e9jour &amp; vacances en famille et entre amis.","publisher":{"@id":"https:\/\/www.locansol.fr\/#organization"},"alternateName":"Louer un h\u00e9bergement dans les Pyr\u00e9n\u00e9es Orientales, chalet & mobil-home en Occitanie","potentialAction":[{"@type":"SearchAction","target":{"@type":"EntryPoint","urlTemplate":"https:\/\/www.locansol.fr\/?s={search_term_string}"},"query-input":{"@type":"PropertyValueSpecification","valueRequired":true,"valueName":"search_term_string"}}],"inLanguage":"en-GB"},{"@type":"Organization","@id":"https:\/\/www.locansol.fr\/#organization","name":"Location MobilHome & chalet dans les Pyr\u00e9n\u00e9es Orientales","alternateName":"Louer un h\u00e9bergement dans les Pyr\u00e9n\u00e9es Orientales en Occitanie","url":"https:\/\/www.locansol.fr\/","logo":{"@type":"ImageObject","inLanguage":"en-GB","@id":"https:\/\/www.locansol.fr\/#\/schema\/logo\/image\/","url":"https:\/\/www.locansol.fr\/wp-content\/uploads\/2024\/04\/AdobeStock_303324767-scaled.jpeg","contentUrl":"https:\/\/www.locansol.fr\/wp-content\/uploads\/2024\/04\/AdobeStock_303324767-scaled.jpeg","width":2560,"height":1707,"caption":"Location MobilHome & chalet dans les Pyr\u00e9n\u00e9es Orientales"},"image":{"@id":"https:\/\/www.locansol.fr\/#\/schema\/logo\/image\/"}},{"@type":"Person","@id":"https:\/\/www.locansol.fr\/#\/schema\/person\/0b08d440f1ac44674c6d498107de351d","name":"H\u00e9bergements Locansol","image":{"@type":"ImageObject","inLanguage":"en-GB","@id":"https:\/\/www.locansol.fr\/#\/schema\/person\/image\/","url":"https:\/\/secure.gravatar.com\/avatar\/444436b93284204f8116b6e0eb964cd3fcb811519c737232bde6dd5743c37ee5?s=96&d=mm&r=g","contentUrl":"https:\/\/secure.gravatar.com\/avatar\/444436b93284204f8116b6e0eb964cd3fcb811519c737232bde6dd5743c37ee5?s=96&d=mm&r=g","caption":"H\u00e9bergements Locansol"},"sameAs":["https:\/\/www.locansol.fr\/"],"url":"https:\/\/www.locansol.fr\/en\/author\/locansol\/"}]}},"_links":{"self":[{"href":"https:\/\/www.locansol.fr\/en\/wp-json\/wp\/v2\/posts\/6230","targetHints":{"allow":["GET"]}}],"collection":[{"href":"https:\/\/www.locansol.fr\/en\/wp-json\/wp\/v2\/posts"}],"about":[{"href":"https:\/\/www.locansol.fr\/en\/wp-json\/wp\/v2\/types\/post"}],"author":[{"embeddable":true,"href":"https:\/\/www.locansol.fr\/en\/wp-json\/wp\/v2\/users\/5"}],"replies":[{"embeddable":true,"href":"https:\/\/www.locansol.fr\/en\/wp-json\/wp\/v2\/comments?post=6230"}],"version-history":[{"count":1,"href":"https:\/\/www.locansol.fr\/en\/wp-json\/wp\/v2\/posts\/6230\/revisions"}],"predecessor-version":[{"id":6231,"href":"https:\/\/www.locansol.fr\/en\/wp-json\/wp\/v2\/posts\/6230\/revisions\/6231"}],"wp:featuredmedia":[{"embeddable":true,"href":"https:\/\/www.locansol.fr\/en\/wp-json\/wp\/v2\/media\/6229"}],"wp:attachment":[{"href":"https:\/\/www.locansol.fr\/en\/wp-json\/wp\/v2\/media?parent=6230"}],"wp:term":[{"taxonomy":"category","embeddable":true,"href":"https:\/\/www.locansol.fr\/en\/wp-json\/wp\/v2\/categories?post=6230"},{"taxonomy":"post_tag","embeddable":true,"href":"https:\/\/www.locansol.fr\/en\/wp-json\/wp\/v2\/tags?post=6230"}],"curies":[{"name":"wp","href":"https:\/\/api.w.org\/{rel}","templated":true}]}}