{"id":6267,"date":"2026-04-20T08:08:33","date_gmt":"2026-04-20T06:08:33","guid":{"rendered":"https:\/\/www.locansol.fr\/visite-guidee-histoire-port-vendres\/"},"modified":"2026-04-20T08:08:37","modified_gmt":"2026-04-20T06:08:37","slug":"visite-guidee-histoire-port-vendres","status":"publish","type":"post","link":"https:\/\/www.locansol.fr\/en\/visite-guidee-histoire-port-vendres\/","title":{"rendered":"Port-Vendres, 20 avril : Visite guid\u00e9e au fil de l\u2019eau pour explorer l\u2019histoire du port"},"content":{"rendered":"<p>Port-Vendres vous invite \u00e0 un voyage fascinant dans le temps avec sa visite guid\u00e9e \u00ab Port-Vendres au fil de l\u2019eau \u00bb, qui se tiendra le lundi 20 avril de 14h00 \u00e0 15h30. Situ\u00e9e au 1 Quai Fran\u00e7ois Joly, cette activit\u00e9 vous promet une d\u00e9couverte enrichissante de l\u2019histoire et des secrets de ce joyau des Pyr\u00e9n\u00e9es-Orientales, au c\u0153ur du Printemps Mar i Munt, un \u00e9v\u00e9nement culturel phare de la r\u00e9gion.<\/p>\n<p>Port-Vendres, port qui tire son nom de la d\u00e9esse romaine V\u00e9nus (\u00ab Portus Veneris \u00bb), est un lieu charg\u00e9 d\u2019histoire qui a vu d\u00e9filer plusieurs civilisations au fil des si\u00e8cles. Cette visite guid\u00e9e vous permettra de retracer les grandes p\u00e9riodes qui ont marqu\u00e9 la ville, depuis son importance strat\u00e9gique sous l\u2019Empire romain, jusqu\u2019aux fortifications r\u00e9alis\u00e9es par Vauban au XVIIe si\u00e8cle.<\/p>\n<p>Les amateurs d\u2019histoire seront ravis de d\u00e9couvrir les vestiges et monuments class\u00e9s refl\u00e9tant l&rsquo;\u00e9volution de ce port m\u00e9diterran\u00e9en. Avec ses huit immeubles prot\u00e9g\u00e9s au titre des monuments historiques, la cit\u00e9 portuaire regorge de tr\u00e9sors architecturaux. Les participants d\u00e9couvriront \u00e9galement l\u2019histoire plus r\u00e9cente de Port-Vendres, notamment \u00e0 travers les traces de l\u2019architecte \u00e9cossais Charles Rennie Mackintosh, qui y a r\u00e9sid\u00e9 de 1924 \u00e0 1927. Cette figure embl\u00e9matique a laiss\u00e9 son empreinte artistique en immortalisant les paysages maritimes de la r\u00e9gion dans ses aquarelles embl\u00e9matiques.<\/p>\n<p>L\u2019int\u00e9r\u00eat de cette visite ne s\u2019arr\u00eate pas aux monuments visibles \u00e0 l\u2019\u0153il nu : les profondeurs de la mer M\u00e9diterran\u00e9e qui bordent Port-Vendres regorgent elles aussi de tr\u00e9sors. Gr\u00e2ce aux travaux men\u00e9s par l\u2019Association pour les Recherches Sous-Marines en Roussillon (ARESMAR), les visiteurs auront l\u2019opportunit\u00e9 d\u2019en apprendre davantage sur les d\u00e9couvertes sous-marines qui enrichissent notre connaissance du pass\u00e9 de cette ville.<\/p>\n<p>Accessible \u00e0 tous pour un tarif de 6 \u20ac, cette visite guid\u00e9e s\u00e9duira les amateurs de culture et d\u2019histoire, mais aussi tous les curieux souhaitant vivre une exp\u00e9rience immersive et authentique. Elle permet de replacer cette ville m\u00e9diterran\u00e9enne dans un contexte plus large, entre h\u00e9ritage historique et modernit\u00e9. Alors, pourquoi ne pas profiter de cette occasion pour plonger dans l\u2019univers captivant de Port-Vendres et ajouter une touche de culture \u00e0 votre printemps ?<\/p>\n<p>\ud83d\udcc5 Rendez-vous ce lundi 20 avril \u00e0 14h00 au 1 Quai Fran\u00e7ois Joly pour une heure et demie de d\u00e9couvertes au c\u0153ur de cette ville portuaire aussi charmante qu\u2019envo\u00fbtante.<\/p>\n<h3>Practical information<\/h3>\n<p>\ud83d\udcc5 QUAND ? Lundi 20 avril de 14:00 \u00e0 15:30<br \/>\ud83d\udccd O\u00d9 ? 1 Quai Fran\u00e7ois Joly, Port-Vendres<br \/>\ud83d\udcb6 COMBIEN ? Plein tarif : 6,00 \u20ac<\/p>","protected":false},"excerpt":{"rendered":"<p>D\u00e9couvrez l\u2019histoire fascinante de Port-Vendres avec une visite guid\u00e9e le 20 avril, entre monuments historiques et secrets sous-marins.<\/p>","protected":false},"author":5,"featured_media":6266,"comment_status":"closed","ping_status":"open","sticky":false,"template":"","format":"standard","meta":{"_yoast_wpseo_focuskw":"visite guid\u00e9e histoire Port-Vendres","_yoast_wpseo_title":"Visite guid\u00e9e au fil de l\u2019eau Port-Vendres - D\u00e9couverte historique","_yoast_wpseo_metadesc":"Visite guid\u00e9e au fil de l\u2019eau Port-Vendres. D\u00e9couvrez l'histoire et les secrets de ce joyau des Pyr\u00e9n\u00e9es-Orientales. Explorez les monuments historiques et les d\u00e9couvertes sous-marines.","_yoast_wpseo_canonical":"","_yoast_wpseo_opengraph-title":"Explorez l'histoire fascinante de Port-Vendres \u2014 Une visite guid\u00e9e immersive et enrichissante","_yoast_wpseo_opengraph-description":"Plongez dans l'univers captivant de Port-Vendres. D\u00e9couvrez ses monuments historiques et ses secrets sous-marins lors d'une visite guid\u00e9e inoubliable.","_yoast_wpseo_opengraph-image":"https:\/\/www.locansol.fr\/wp-content\/uploads\/2026\/04\/visite-guidee-histoire-port-vendres.webp","_yoast_wpseo_opengraph-image-id":"","_yoast_wpseo_twitter-title":"Explorez l'histoire fascinante de Port-Vendres avec une visite guid\u00e9e unique !","_yoast_wpseo_twitter-description":"Plongez dans l'histoire de Port-Vendres avec une visite guid\u00e9e enrichissante. D\u00e9couvrez des monuments historiques et des tr\u00e9sors sous-marins.","_yoast_wpseo_twitter-image":"https:\/\/www.locansol.fr\/wp-content\/uploads\/2026\/04\/visite-guidee-histoire-port-vendres.webp","_yoast_wpseo_twitter-image-id":"","yoast_primary_category":"Visite guid\u00e9e","footnotes":""},"categories":[65],"tags":[66,76],"class_list":["post-6267","post","type-post","status-publish","format-standard","has-post-thumbnail","hentry","category-visite-guidee","tag-evenement-culturel","tag-pyrenees-orientales"],"yoast_head":"<!-- This site is optimized with the Yoast SEO Premium plugin v23.3 (Yoast SEO v26.9) - https:\/\/yoast.com\/product\/yoast-seo-premium-wordpress\/ -->\n<title>Visite guid\u00e9e au fil de l\u2019eau Port-Vendres - D\u00e9couverte historique<\/title>\n<meta name=\"description\" content=\"Visite guid\u00e9e au fil de l\u2019eau Port-Vendres. D\u00e9couvrez l&#039;histoire et les secrets de ce joyau des Pyr\u00e9n\u00e9es-Orientales. Explorez les monuments historiques et les d\u00e9couvertes sous-marines.\" \/>\n<meta name=\"robots\" content=\"index, follow, max-snippet:-1, max-image-preview:large, max-video-preview:-1\" \/>\n<link rel=\"canonical\" href=\"https:\/\/www.locansol.fr\/en\/visite-guidee-histoire-port-vendres\/\" \/>\n<meta property=\"og:locale\" content=\"en_GB\" \/>\n<meta property=\"og:type\" content=\"article\" \/>\n<meta property=\"og:title\" content=\"Explorez l&#039;histoire fascinante de Port-Vendres \u2014 Une visite guid\u00e9e immersive et enrichissante\" \/>\n<meta property=\"og:description\" content=\"Plongez dans l&#039;univers captivant de Port-Vendres. D\u00e9couvrez ses monuments historiques et ses secrets sous-marins lors d&#039;une visite guid\u00e9e inoubliable.\" \/>\n<meta property=\"og:url\" content=\"https:\/\/www.locansol.fr\/en\/visite-guidee-histoire-port-vendres\/\" \/>\n<meta property=\"og:site_name\" content=\"Locansol, louer un h\u00e9bergement dans les Pyr\u00e9n\u00e9es Orientales\" \/>\n<meta property=\"article:published_time\" content=\"2026-04-20T06:08:33+00:00\" \/>\n<meta property=\"article:modified_time\" content=\"2026-04-20T06:08:37+00:00\" \/>\n<meta property=\"og:image\" content=\"https:\/\/www.locansol.fr\/wp-content\/uploads\/2026\/04\/visite-guidee-histoire-port-vendres.webp\" \/>\n<meta name=\"author\" content=\"H\u00e9bergements Locansol\" \/>\n<meta name=\"twitter:card\" content=\"summary_large_image\" \/>\n<meta name=\"twitter:title\" content=\"Explorez l&#039;histoire fascinante de Port-Vendres avec une visite guid\u00e9e unique !\" \/>\n<meta name=\"twitter:description\" content=\"Plongez dans l&#039;histoire de Port-Vendres avec une visite guid\u00e9e enrichissante. D\u00e9couvrez des monuments historiques et des tr\u00e9sors sous-marins.\" \/>\n<meta name=\"twitter:image\" content=\"https:\/\/www.locansol.fr\/wp-content\/uploads\/2026\/04\/visite-guidee-histoire-port-vendres.webp\" \/>\n<meta name=\"twitter:label1\" content=\"Written by\" \/>\n\t<meta name=\"twitter:data1\" content=\"H\u00e9bergements Locansol\" \/>\n\t<meta name=\"twitter:label2\" content=\"Estimated reading time\" \/>\n\t<meta name=\"twitter:data2\" content=\"2 minutes\" \/>\n<script type=\"application\/ld+json\" class=\"yoast-schema-graph\">{\"@context\":\"https:\/\/schema.org\",\"@graph\":[{\"@type\":\"Article\",\"@id\":\"https:\/\/www.locansol.fr\/visite-guidee-histoire-port-vendres\/#article\",\"isPartOf\":{\"@id\":\"https:\/\/www.locansol.fr\/visite-guidee-histoire-port-vendres\/\"},\"author\":{\"name\":\"H\u00e9bergements Locansol\",\"@id\":\"https:\/\/www.locansol.fr\/#\/schema\/person\/0b08d440f1ac44674c6d498107de351d\"},\"headline\":\"Port-Vendres, 20 avril : Visite guid\u00e9e au fil de l\u2019eau pour explorer l\u2019histoire du port\",\"datePublished\":\"2026-04-20T06:08:33+00:00\",\"dateModified\":\"2026-04-20T06:08:37+00:00\",\"mainEntityOfPage\":{\"@id\":\"https:\/\/www.locansol.fr\/visite-guidee-histoire-port-vendres\/\"},\"wordCount\":453,\"publisher\":{\"@id\":\"https:\/\/www.locansol.fr\/#organization\"},\"image\":{\"@id\":\"https:\/\/www.locansol.fr\/visite-guidee-histoire-port-vendres\/#primaryimage\"},\"thumbnailUrl\":\"https:\/\/www.locansol.fr\/wp-content\/uploads\/2026\/04\/visite-guidee-histoire-port-vendres.webp\",\"keywords\":[\"\u00c9v\u00e8nement culturel\",\"Pyr\u00e9n\u00e9es-Orientales\"],\"articleSection\":[\"Visite guid\u00e9e\"],\"inLanguage\":\"en-GB\"},{\"@type\":\"WebPage\",\"@id\":\"https:\/\/www.locansol.fr\/visite-guidee-histoire-port-vendres\/\",\"url\":\"https:\/\/www.locansol.fr\/visite-guidee-histoire-port-vendres\/\",\"name\":\"Visite guid\u00e9e au fil de l\u2019eau Port-Vendres - D\u00e9couverte historique\",\"isPartOf\":{\"@id\":\"https:\/\/www.locansol.fr\/#website\"},\"primaryImageOfPage\":{\"@id\":\"https:\/\/www.locansol.fr\/visite-guidee-histoire-port-vendres\/#primaryimage\"},\"image\":{\"@id\":\"https:\/\/www.locansol.fr\/visite-guidee-histoire-port-vendres\/#primaryimage\"},\"thumbnailUrl\":\"https:\/\/www.locansol.fr\/wp-content\/uploads\/2026\/04\/visite-guidee-histoire-port-vendres.webp\",\"datePublished\":\"2026-04-20T06:08:33+00:00\",\"dateModified\":\"2026-04-20T06:08:37+00:00\",\"description\":\"Visite guid\u00e9e au fil de l\u2019eau Port-Vendres. D\u00e9couvrez l'histoire et les secrets de ce joyau des Pyr\u00e9n\u00e9es-Orientales. Explorez les monuments historiques et les d\u00e9couvertes sous-marines.\",\"breadcrumb\":{\"@id\":\"https:\/\/www.locansol.fr\/visite-guidee-histoire-port-vendres\/#breadcrumb\"},\"inLanguage\":\"en-GB\",\"potentialAction\":[{\"@type\":\"ReadAction\",\"target\":[\"https:\/\/www.locansol.fr\/visite-guidee-histoire-port-vendres\/\"]}]},{\"@type\":\"ImageObject\",\"inLanguage\":\"en-GB\",\"@id\":\"https:\/\/www.locansol.fr\/visite-guidee-histoire-port-vendres\/#primaryimage\",\"url\":\"https:\/\/www.locansol.fr\/wp-content\/uploads\/2026\/04\/visite-guidee-histoire-port-vendres.webp\",\"contentUrl\":\"https:\/\/www.locansol.fr\/wp-content\/uploads\/2026\/04\/visite-guidee-histoire-port-vendres.webp\",\"width\":1920,\"height\":1440,\"caption\":\"Visite guid\u00e9e au fil de l\u2019eau Port-Vendres - D\u00e9couverte historique\"},{\"@type\":\"BreadcrumbList\",\"@id\":\"https:\/\/www.locansol.fr\/visite-guidee-histoire-port-vendres\/#breadcrumb\",\"itemListElement\":[{\"@type\":\"ListItem\",\"position\":1,\"name\":\"Accueil\",\"item\":\"https:\/\/www.locansol.fr\/\"},{\"@type\":\"ListItem\",\"position\":2,\"name\":\"Port-Vendres, 20 avril : Visite guid\u00e9e au fil de l\u2019eau pour explorer l\u2019histoire du port\"}]},{\"@type\":\"WebSite\",\"@id\":\"https:\/\/www.locansol.fr\/#website\",\"url\":\"https:\/\/www.locansol.fr\/\",\"name\":\"Locansol, louer un h\u00e9bergement dans les Pyr\u00e9n\u00e9es-Orientales\",\"description\":\"Location Mobil-home Mer M\u00e9diterran\u00e9e &amp; Chalet de Montagne dans les Pyr\u00e9n\u00e9es Orientales (Occitanie, 66). Weekend, s\u00e9jour &amp; vacances en famille et entre amis.\",\"publisher\":{\"@id\":\"https:\/\/www.locansol.fr\/#organization\"},\"alternateName\":\"Louer un h\u00e9bergement dans les Pyr\u00e9n\u00e9es Orientales, chalet & mobil-home en Occitanie\",\"potentialAction\":[{\"@type\":\"SearchAction\",\"target\":{\"@type\":\"EntryPoint\",\"urlTemplate\":\"https:\/\/www.locansol.fr\/?s={search_term_string}\"},\"query-input\":{\"@type\":\"PropertyValueSpecification\",\"valueRequired\":true,\"valueName\":\"search_term_string\"}}],\"inLanguage\":\"en-GB\"},{\"@type\":\"Organization\",\"@id\":\"https:\/\/www.locansol.fr\/#organization\",\"name\":\"Location MobilHome & chalet dans les Pyr\u00e9n\u00e9es Orientales\",\"alternateName\":\"Louer un h\u00e9bergement dans les Pyr\u00e9n\u00e9es Orientales en Occitanie\",\"url\":\"https:\/\/www.locansol.fr\/\",\"logo\":{\"@type\":\"ImageObject\",\"inLanguage\":\"en-GB\",\"@id\":\"https:\/\/www.locansol.fr\/#\/schema\/logo\/image\/\",\"url\":\"https:\/\/www.locansol.fr\/wp-content\/uploads\/2024\/04\/AdobeStock_303324767-scaled.jpeg\",\"contentUrl\":\"https:\/\/www.locansol.fr\/wp-content\/uploads\/2024\/04\/AdobeStock_303324767-scaled.jpeg\",\"width\":2560,\"height\":1707,\"caption\":\"Location MobilHome & chalet dans les Pyr\u00e9n\u00e9es Orientales\"},\"image\":{\"@id\":\"https:\/\/www.locansol.fr\/#\/schema\/logo\/image\/\"}},{\"@type\":\"Person\",\"@id\":\"https:\/\/www.locansol.fr\/#\/schema\/person\/0b08d440f1ac44674c6d498107de351d\",\"name\":\"H\u00e9bergements Locansol\",\"image\":{\"@type\":\"ImageObject\",\"inLanguage\":\"en-GB\",\"@id\":\"https:\/\/www.locansol.fr\/#\/schema\/person\/image\/\",\"url\":\"https:\/\/secure.gravatar.com\/avatar\/444436b93284204f8116b6e0eb964cd3fcb811519c737232bde6dd5743c37ee5?s=96&d=mm&r=g\",\"contentUrl\":\"https:\/\/secure.gravatar.com\/avatar\/444436b93284204f8116b6e0eb964cd3fcb811519c737232bde6dd5743c37ee5?s=96&d=mm&r=g\",\"caption\":\"H\u00e9bergements Locansol\"},\"sameAs\":[\"https:\/\/www.locansol.fr\/\"],\"url\":\"https:\/\/www.locansol.fr\/en\/author\/locansol\/\"}]}<\/script>\n<!-- \/ Yoast SEO Premium plugin. -->","yoast_head_json":{"title":"Visite guid\u00e9e au fil de l\u2019eau Port-Vendres - D\u00e9couverte historique","description":"Visite guid\u00e9e au fil de l\u2019eau Port-Vendres. D\u00e9couvrez l'histoire et les secrets de ce joyau des Pyr\u00e9n\u00e9es-Orientales. Explorez les monuments historiques et les d\u00e9couvertes sous-marines.","robots":{"index":"index","follow":"follow","max-snippet":"max-snippet:-1","max-image-preview":"max-image-preview:large","max-video-preview":"max-video-preview:-1"},"canonical":"https:\/\/www.locansol.fr\/en\/visite-guidee-histoire-port-vendres\/","og_locale":"en_GB","og_type":"article","og_title":"Explorez l'histoire fascinante de Port-Vendres \u2014 Une visite guid\u00e9e immersive et enrichissante","og_description":"Plongez dans l'univers captivant de Port-Vendres. D\u00e9couvrez ses monuments historiques et ses secrets sous-marins lors d'une visite guid\u00e9e inoubliable.","og_url":"https:\/\/www.locansol.fr\/en\/visite-guidee-histoire-port-vendres\/","og_site_name":"Locansol, louer un h\u00e9bergement dans les Pyr\u00e9n\u00e9es Orientales","article_published_time":"2026-04-20T06:08:33+00:00","article_modified_time":"2026-04-20T06:08:37+00:00","og_image":[{"url":"https:\/\/www.locansol.fr\/wp-content\/uploads\/2026\/04\/visite-guidee-histoire-port-vendres.webp","type":"","width":"","height":""}],"author":"H\u00e9bergements Locansol","twitter_card":"summary_large_image","twitter_title":"Explorez l'histoire fascinante de Port-Vendres avec une visite guid\u00e9e unique !","twitter_description":"Plongez dans l'histoire de Port-Vendres avec une visite guid\u00e9e enrichissante. D\u00e9couvrez des monuments historiques et des tr\u00e9sors sous-marins.","twitter_image":"https:\/\/www.locansol.fr\/wp-content\/uploads\/2026\/04\/visite-guidee-histoire-port-vendres.webp","twitter_misc":{"Written by":"H\u00e9bergements Locansol","Estimated reading time":"2 minutes"},"schema":{"@context":"https:\/\/schema.org","@graph":[{"@type":"Article","@id":"https:\/\/www.locansol.fr\/visite-guidee-histoire-port-vendres\/#article","isPartOf":{"@id":"https:\/\/www.locansol.fr\/visite-guidee-histoire-port-vendres\/"},"author":{"name":"H\u00e9bergements Locansol","@id":"https:\/\/www.locansol.fr\/#\/schema\/person\/0b08d440f1ac44674c6d498107de351d"},"headline":"Port-Vendres, 20 avril : Visite guid\u00e9e au fil de l\u2019eau pour explorer l\u2019histoire du port","datePublished":"2026-04-20T06:08:33+00:00","dateModified":"2026-04-20T06:08:37+00:00","mainEntityOfPage":{"@id":"https:\/\/www.locansol.fr\/visite-guidee-histoire-port-vendres\/"},"wordCount":453,"publisher":{"@id":"https:\/\/www.locansol.fr\/#organization"},"image":{"@id":"https:\/\/www.locansol.fr\/visite-guidee-histoire-port-vendres\/#primaryimage"},"thumbnailUrl":"https:\/\/www.locansol.fr\/wp-content\/uploads\/2026\/04\/visite-guidee-histoire-port-vendres.webp","keywords":["\u00c9v\u00e8nement culturel","Pyr\u00e9n\u00e9es-Orientales"],"articleSection":["Visite guid\u00e9e"],"inLanguage":"en-GB"},{"@type":"WebPage","@id":"https:\/\/www.locansol.fr\/visite-guidee-histoire-port-vendres\/","url":"https:\/\/www.locansol.fr\/visite-guidee-histoire-port-vendres\/","name":"Visite guid\u00e9e au fil de l\u2019eau Port-Vendres - D\u00e9couverte historique","isPartOf":{"@id":"https:\/\/www.locansol.fr\/#website"},"primaryImageOfPage":{"@id":"https:\/\/www.locansol.fr\/visite-guidee-histoire-port-vendres\/#primaryimage"},"image":{"@id":"https:\/\/www.locansol.fr\/visite-guidee-histoire-port-vendres\/#primaryimage"},"thumbnailUrl":"https:\/\/www.locansol.fr\/wp-content\/uploads\/2026\/04\/visite-guidee-histoire-port-vendres.webp","datePublished":"2026-04-20T06:08:33+00:00","dateModified":"2026-04-20T06:08:37+00:00","description":"Visite guid\u00e9e au fil de l\u2019eau Port-Vendres. D\u00e9couvrez l'histoire et les secrets de ce joyau des Pyr\u00e9n\u00e9es-Orientales. Explorez les monuments historiques et les d\u00e9couvertes sous-marines.","breadcrumb":{"@id":"https:\/\/www.locansol.fr\/visite-guidee-histoire-port-vendres\/#breadcrumb"},"inLanguage":"en-GB","potentialAction":[{"@type":"ReadAction","target":["https:\/\/www.locansol.fr\/visite-guidee-histoire-port-vendres\/"]}]},{"@type":"ImageObject","inLanguage":"en-GB","@id":"https:\/\/www.locansol.fr\/visite-guidee-histoire-port-vendres\/#primaryimage","url":"https:\/\/www.locansol.fr\/wp-content\/uploads\/2026\/04\/visite-guidee-histoire-port-vendres.webp","contentUrl":"https:\/\/www.locansol.fr\/wp-content\/uploads\/2026\/04\/visite-guidee-histoire-port-vendres.webp","width":1920,"height":1440,"caption":"Visite guid\u00e9e au fil de l\u2019eau Port-Vendres - D\u00e9couverte historique"},{"@type":"BreadcrumbList","@id":"https:\/\/www.locansol.fr\/visite-guidee-histoire-port-vendres\/#breadcrumb","itemListElement":[{"@type":"ListItem","position":1,"name":"Accueil","item":"https:\/\/www.locansol.fr\/"},{"@type":"ListItem","position":2,"name":"Port-Vendres, 20 avril : Visite guid\u00e9e au fil de l\u2019eau pour explorer l\u2019histoire du port"}]},{"@type":"WebSite","@id":"https:\/\/www.locansol.fr\/#website","url":"https:\/\/www.locansol.fr\/","name":"Locansol, louer un h\u00e9bergement dans les Pyr\u00e9n\u00e9es-Orientales","description":"Location Mobil-home Mer M\u00e9diterran\u00e9e &amp; Chalet de Montagne dans les Pyr\u00e9n\u00e9es Orientales (Occitanie, 66). Weekend, s\u00e9jour &amp; vacances en famille et entre amis.","publisher":{"@id":"https:\/\/www.locansol.fr\/#organization"},"alternateName":"Louer un h\u00e9bergement dans les Pyr\u00e9n\u00e9es Orientales, chalet & mobil-home en Occitanie","potentialAction":[{"@type":"SearchAction","target":{"@type":"EntryPoint","urlTemplate":"https:\/\/www.locansol.fr\/?s={search_term_string}"},"query-input":{"@type":"PropertyValueSpecification","valueRequired":true,"valueName":"search_term_string"}}],"inLanguage":"en-GB"},{"@type":"Organization","@id":"https:\/\/www.locansol.fr\/#organization","name":"Location MobilHome & chalet dans les Pyr\u00e9n\u00e9es Orientales","alternateName":"Louer un h\u00e9bergement dans les Pyr\u00e9n\u00e9es Orientales en Occitanie","url":"https:\/\/www.locansol.fr\/","logo":{"@type":"ImageObject","inLanguage":"en-GB","@id":"https:\/\/www.locansol.fr\/#\/schema\/logo\/image\/","url":"https:\/\/www.locansol.fr\/wp-content\/uploads\/2024\/04\/AdobeStock_303324767-scaled.jpeg","contentUrl":"https:\/\/www.locansol.fr\/wp-content\/uploads\/2024\/04\/AdobeStock_303324767-scaled.jpeg","width":2560,"height":1707,"caption":"Location MobilHome & chalet dans les Pyr\u00e9n\u00e9es Orientales"},"image":{"@id":"https:\/\/www.locansol.fr\/#\/schema\/logo\/image\/"}},{"@type":"Person","@id":"https:\/\/www.locansol.fr\/#\/schema\/person\/0b08d440f1ac44674c6d498107de351d","name":"H\u00e9bergements Locansol","image":{"@type":"ImageObject","inLanguage":"en-GB","@id":"https:\/\/www.locansol.fr\/#\/schema\/person\/image\/","url":"https:\/\/secure.gravatar.com\/avatar\/444436b93284204f8116b6e0eb964cd3fcb811519c737232bde6dd5743c37ee5?s=96&d=mm&r=g","contentUrl":"https:\/\/secure.gravatar.com\/avatar\/444436b93284204f8116b6e0eb964cd3fcb811519c737232bde6dd5743c37ee5?s=96&d=mm&r=g","caption":"H\u00e9bergements Locansol"},"sameAs":["https:\/\/www.locansol.fr\/"],"url":"https:\/\/www.locansol.fr\/en\/author\/locansol\/"}]}},"_links":{"self":[{"href":"https:\/\/www.locansol.fr\/en\/wp-json\/wp\/v2\/posts\/6267","targetHints":{"allow":["GET"]}}],"collection":[{"href":"https:\/\/www.locansol.fr\/en\/wp-json\/wp\/v2\/posts"}],"about":[{"href":"https:\/\/www.locansol.fr\/en\/wp-json\/wp\/v2\/types\/post"}],"author":[{"embeddable":true,"href":"https:\/\/www.locansol.fr\/en\/wp-json\/wp\/v2\/users\/5"}],"replies":[{"embeddable":true,"href":"https:\/\/www.locansol.fr\/en\/wp-json\/wp\/v2\/comments?post=6267"}],"version-history":[{"count":1,"href":"https:\/\/www.locansol.fr\/en\/wp-json\/wp\/v2\/posts\/6267\/revisions"}],"predecessor-version":[{"id":6268,"href":"https:\/\/www.locansol.fr\/en\/wp-json\/wp\/v2\/posts\/6267\/revisions\/6268"}],"wp:featuredmedia":[{"embeddable":true,"href":"https:\/\/www.locansol.fr\/en\/wp-json\/wp\/v2\/media\/6266"}],"wp:attachment":[{"href":"https:\/\/www.locansol.fr\/en\/wp-json\/wp\/v2\/media?parent=6267"}],"wp:term":[{"taxonomy":"category","embeddable":true,"href":"https:\/\/www.locansol.fr\/en\/wp-json\/wp\/v2\/categories?post=6267"},{"taxonomy":"post_tag","embeddable":true,"href":"https:\/\/www.locansol.fr\/en\/wp-json\/wp\/v2\/tags?post=6267"}],"curies":[{"name":"wp","href":"https:\/\/api.w.org\/{rel}","templated":true}]}}