{"id":6272,"date":"2026-04-20T16:04:45","date_gmt":"2026-04-20T14:04:45","guid":{"rendered":"https:\/\/www.locansol.fr\/exposition-artistique-gerard-oberlinger-perpignan\/"},"modified":"2026-04-20T16:04:51","modified_gmt":"2026-04-20T14:04:51","slug":"exposition-artistique-gerard-oberlinger-perpignan","status":"publish","type":"post","link":"https:\/\/www.locansol.fr\/en\/exposition-artistique-gerard-oberlinger-perpignan\/","title":{"rendered":"Exposition de G\u00e9rard Oberlinger \u00e0 Perpignan (17 avril &#8211; 14 juin) : Une immersion artistique unique"},"content":{"rendered":"<p>Du 17 avril au 14 juin, les amoureux d&rsquo;art et de d\u00e9couvertes culturelles ont rendez-vous avec l&rsquo;exposition \u00ab Je suis pass\u00e9 \u00e0 l&rsquo;orange \u00bb, qui se tiendra dans l&rsquo;enceinte intimiste et historique de la Chapelle de la Funer\u00e0ria \u00e0 Perpignan. Cet \u00e9v\u00e9nement met en lumi\u00e8re le travail de G\u00e9rard Oberlinger, artiste autodidacte \u00e9galement connu sous le nom d&rsquo;OEBR&#038;PAD.<\/p>\n<p>Originaire de Port-Vendres, G\u00e9rard Oberlinger s&rsquo;est tourn\u00e9 vers la peinture sur le tard, transformant cet art en un exutoire salutaire lors de p\u00e9riodes de lutte contre la maladie. Ce sont moins de quinze ann\u00e9es de cr\u00e9ation qui ont forg\u00e9 un univers artistique captivant et foisonnant, marqu\u00e9 par une intensit\u00e9 \u00e9motionnelle rare. L&rsquo;exposition pr\u00e9sente une s\u00e9lection d&rsquo;\u0153uvres embl\u00e9matiques, entre figuration et abstraction, qui incarnent la spontan\u00e9it\u00e9, la violence brute et une sensibilit\u00e9 palpable. R\u00e9alis\u00e9es sur une vari\u00e9t\u00e9 de supports, comme le papier journal ou la toile, les pi\u00e8ces expos\u00e9es refl\u00e8tent une introspection profonde et une qu\u00eate sinc\u00e8re de sens.<\/p>\n<p>L&rsquo;une des singularit\u00e9s de G\u00e9rard Oberlinger r\u00e9side dans la mani\u00e8re dont il exprime les m\u00e9canismes complexes de la conscience. L&rsquo;art, selon lui, n&rsquo;est pas uniquement un m\u00e9dium d&rsquo;expression, mais une cl\u00e9 essentielle pour donner un sens plus profond \u00e0 l&rsquo;existence. Apr\u00e8s des ann\u00e9es pass\u00e9es dans l&rsquo;ombre, son talent est aujourd&rsquo;hui port\u00e9 \u00e0 la lumi\u00e8re gr\u00e2ce au travail acharn\u00e9 de sa fille, qui s&rsquo;investit pleinement dans la valorisation de cette \u0153uvre vibrante et singuli\u00e8re.<\/p>\n<p>La Chapelle de la Funer\u00e0ria, \u00e0 elle seule, constitue un \u00e9crin d&rsquo;exception pour cette exposition. Ce lieu, charg\u00e9 d&rsquo;histoire et tr\u00e8s appr\u00e9ci\u00e9 des amateurs d&rsquo;\u00e9v\u00e9nements culturels \u00e0 Perpignan, offre un cadre id\u00e9al pour ressentir toute la puissance et la proximit\u00e9 des \u0153uvres de G\u00e9rard Oberlinger. Avec une entr\u00e9e gratuite, cette exp\u00e9rience culturelle se veut accessible \u00e0 tous : passionn\u00e9s d&rsquo;art, curieux ou simples promeneurs ayant envie d\u2019une pause esth\u00e9tique hors du commun.<\/p>\n<p>N&rsquo;attendez plus pour d\u00e9couvrir cet incroyable voyage artistique, o\u00f9 \u00e9motion et cr\u00e9ativit\u00e9 se m\u00ealent dans un cadre charg\u00e9 d\u2019\u00e2me. G\u00e9rard Oberlinger vous invite, \u00e0 travers ses \u0153uvres, \u00e0 explorer des sensibilit\u00e9s et r\u00e9flexions qui r\u00e9sonneront sans doute longtemps en vous.<\/p>\n<h3>Practical information<\/h3>\n<p>\ud83d\udcc5 QUAND ? 17 avril > 14 juin<br \/>\ud83d\udccd O\u00d9 ? Chapelle de la Funer\u00e0ria, Perpignan<br \/>\ud83d\udcb6 COMBIEN ? Entr\u00e9e gratuite<\/p>","protected":false},"excerpt":{"rendered":"<p>D\u00e9couvrez l&rsquo;exposition \u00ab Je suis pass\u00e9 \u00e0 l&rsquo;orange \u00bb de G\u00e9rard Oberlinger, \u00e0 la Chapelle de la Funer\u00e0ria de Perpignan, du 17 avril au 14 juin. Une immersion gratuite dans un univers artistique poignant.<\/p>","protected":false},"author":5,"featured_media":6271,"comment_status":"closed","ping_status":"open","sticky":false,"template":"","format":"standard","meta":{"_yoast_wpseo_focuskw":"Exposition artistique G\u00e9rard Oberlinger Perpignan","_yoast_wpseo_title":"Exposition G\u00e9rard Oberlinger Perpignan - Immersion artistique","_yoast_wpseo_metadesc":"Exposition de G\u00e9rard Oberlinger \u00e0 Perpignan. D\u00e9couvrez une immersion artistique unique dans les Pyr\u00e9n\u00e9es-Orientales. Entr\u00e9e gratuite, \u0153uvres embl\u00e9matiques.","_yoast_wpseo_canonical":"","_yoast_wpseo_opengraph-title":"D\u00e9couvrez l'univers captivant de G\u00e9rard Oberlinger \u00e0 Perpignan \u2014 Une immersion artistique unique","_yoast_wpseo_opengraph-description":"Plongez dans l'univers \u00e9motionnel de G\u00e9rard Oberlinger \u00e0 Perpignan. Une exposition captivante dans un cadre historique unique.","_yoast_wpseo_opengraph-image":"https:\/\/www.locansol.fr\/wp-content\/uploads\/2026\/04\/exposition-artistique-gerard-oberlinger-perpignan.webp","_yoast_wpseo_opengraph-image-id":"","_yoast_wpseo_twitter-title":"Explorez l'art \u00e9motionnel de G\u00e9rard Oberlinger \u00e0 Perpignan","_yoast_wpseo_twitter-description":"D\u00e9couvrez l'exposition captivante de G\u00e9rard Oberlinger \u00e0 Perpignan. Une immersion artistique unique dans un cadre historique.","_yoast_wpseo_twitter-image":"https:\/\/www.locansol.fr\/wp-content\/uploads\/2026\/04\/exposition-artistique-gerard-oberlinger-perpignan.webp","_yoast_wpseo_twitter-image-id":"","yoast_primary_category":"Exposition","footnotes":""},"categories":[35],"tags":[66,76],"class_list":["post-6272","post","type-post","status-publish","format-standard","has-post-thumbnail","hentry","category-carnaval","tag-evenement-culturel","tag-pyrenees-orientales"],"yoast_head":"<!-- This site is optimized with the Yoast SEO Premium plugin v23.3 (Yoast SEO v26.9) - https:\/\/yoast.com\/product\/yoast-seo-premium-wordpress\/ -->\n<title>Exposition G\u00e9rard Oberlinger Perpignan - Immersion artistique<\/title>\n<meta name=\"description\" content=\"Exposition de G\u00e9rard Oberlinger \u00e0 Perpignan. D\u00e9couvrez une immersion artistique unique dans les Pyr\u00e9n\u00e9es-Orientales. Entr\u00e9e gratuite, \u0153uvres embl\u00e9matiques.\" \/>\n<meta name=\"robots\" content=\"index, follow, max-snippet:-1, max-image-preview:large, max-video-preview:-1\" \/>\n<link rel=\"canonical\" href=\"https:\/\/www.locansol.fr\/en\/exposition-artistique-gerard-oberlinger-perpignan\/\" \/>\n<meta property=\"og:locale\" content=\"en_GB\" \/>\n<meta property=\"og:type\" content=\"article\" \/>\n<meta property=\"og:title\" content=\"D\u00e9couvrez l&#039;univers captivant de G\u00e9rard Oberlinger \u00e0 Perpignan \u2014 Une immersion artistique unique\" \/>\n<meta property=\"og:description\" content=\"Plongez dans l&#039;univers \u00e9motionnel de G\u00e9rard Oberlinger \u00e0 Perpignan. Une exposition captivante dans un cadre historique unique.\" \/>\n<meta property=\"og:url\" content=\"https:\/\/www.locansol.fr\/en\/exposition-artistique-gerard-oberlinger-perpignan\/\" \/>\n<meta property=\"og:site_name\" content=\"Locansol, louer un h\u00e9bergement dans les Pyr\u00e9n\u00e9es Orientales\" \/>\n<meta property=\"article:published_time\" content=\"2026-04-20T14:04:45+00:00\" \/>\n<meta property=\"article:modified_time\" content=\"2026-04-20T14:04:51+00:00\" \/>\n<meta property=\"og:image\" content=\"https:\/\/www.locansol.fr\/wp-content\/uploads\/2026\/04\/exposition-artistique-gerard-oberlinger-perpignan.webp\" \/>\n<meta name=\"author\" content=\"H\u00e9bergements Locansol\" \/>\n<meta name=\"twitter:card\" content=\"summary_large_image\" \/>\n<meta name=\"twitter:title\" content=\"Explorez l&#039;art \u00e9motionnel de G\u00e9rard Oberlinger \u00e0 Perpignan\" \/>\n<meta name=\"twitter:description\" content=\"D\u00e9couvrez l&#039;exposition captivante de G\u00e9rard Oberlinger \u00e0 Perpignan. Une immersion artistique unique dans un cadre historique.\" \/>\n<meta name=\"twitter:image\" content=\"https:\/\/www.locansol.fr\/wp-content\/uploads\/2026\/04\/exposition-artistique-gerard-oberlinger-perpignan.webp\" \/>\n<meta name=\"twitter:label1\" content=\"Written by\" \/>\n\t<meta name=\"twitter:data1\" content=\"H\u00e9bergements Locansol\" \/>\n\t<meta name=\"twitter:label2\" content=\"Estimated reading time\" \/>\n\t<meta name=\"twitter:data2\" content=\"2 minutes\" \/>\n<script type=\"application\/ld+json\" class=\"yoast-schema-graph\">{\"@context\":\"https:\/\/schema.org\",\"@graph\":[{\"@type\":\"Article\",\"@id\":\"https:\/\/www.locansol.fr\/exposition-artistique-gerard-oberlinger-perpignan\/#article\",\"isPartOf\":{\"@id\":\"https:\/\/www.locansol.fr\/exposition-artistique-gerard-oberlinger-perpignan\/\"},\"author\":{\"name\":\"H\u00e9bergements Locansol\",\"@id\":\"https:\/\/www.locansol.fr\/#\/schema\/person\/0b08d440f1ac44674c6d498107de351d\"},\"headline\":\"Exposition de G\u00e9rard Oberlinger \u00e0 Perpignan (17 avril &#8211; 14 juin) : Une immersion artistique unique\",\"datePublished\":\"2026-04-20T14:04:45+00:00\",\"dateModified\":\"2026-04-20T14:04:51+00:00\",\"mainEntityOfPage\":{\"@id\":\"https:\/\/www.locansol.fr\/exposition-artistique-gerard-oberlinger-perpignan\/\"},\"wordCount\":430,\"publisher\":{\"@id\":\"https:\/\/www.locansol.fr\/#organization\"},\"image\":{\"@id\":\"https:\/\/www.locansol.fr\/exposition-artistique-gerard-oberlinger-perpignan\/#primaryimage\"},\"thumbnailUrl\":\"https:\/\/www.locansol.fr\/wp-content\/uploads\/2026\/04\/exposition-artistique-gerard-oberlinger-perpignan.webp\",\"keywords\":[\"\u00c9v\u00e8nement culturel\",\"Pyr\u00e9n\u00e9es-Orientales\"],\"articleSection\":[\"Carnaval\"],\"inLanguage\":\"en-GB\"},{\"@type\":\"WebPage\",\"@id\":\"https:\/\/www.locansol.fr\/exposition-artistique-gerard-oberlinger-perpignan\/\",\"url\":\"https:\/\/www.locansol.fr\/exposition-artistique-gerard-oberlinger-perpignan\/\",\"name\":\"Exposition G\u00e9rard Oberlinger Perpignan - Immersion artistique\",\"isPartOf\":{\"@id\":\"https:\/\/www.locansol.fr\/#website\"},\"primaryImageOfPage\":{\"@id\":\"https:\/\/www.locansol.fr\/exposition-artistique-gerard-oberlinger-perpignan\/#primaryimage\"},\"image\":{\"@id\":\"https:\/\/www.locansol.fr\/exposition-artistique-gerard-oberlinger-perpignan\/#primaryimage\"},\"thumbnailUrl\":\"https:\/\/www.locansol.fr\/wp-content\/uploads\/2026\/04\/exposition-artistique-gerard-oberlinger-perpignan.webp\",\"datePublished\":\"2026-04-20T14:04:45+00:00\",\"dateModified\":\"2026-04-20T14:04:51+00:00\",\"description\":\"Exposition de G\u00e9rard Oberlinger \u00e0 Perpignan. D\u00e9couvrez une immersion artistique unique dans les Pyr\u00e9n\u00e9es-Orientales. Entr\u00e9e gratuite, \u0153uvres embl\u00e9matiques.\",\"breadcrumb\":{\"@id\":\"https:\/\/www.locansol.fr\/exposition-artistique-gerard-oberlinger-perpignan\/#breadcrumb\"},\"inLanguage\":\"en-GB\",\"potentialAction\":[{\"@type\":\"ReadAction\",\"target\":[\"https:\/\/www.locansol.fr\/exposition-artistique-gerard-oberlinger-perpignan\/\"]}]},{\"@type\":\"ImageObject\",\"inLanguage\":\"en-GB\",\"@id\":\"https:\/\/www.locansol.fr\/exposition-artistique-gerard-oberlinger-perpignan\/#primaryimage\",\"url\":\"https:\/\/www.locansol.fr\/wp-content\/uploads\/2026\/04\/exposition-artistique-gerard-oberlinger-perpignan.webp\",\"contentUrl\":\"https:\/\/www.locansol.fr\/wp-content\/uploads\/2026\/04\/exposition-artistique-gerard-oberlinger-perpignan.webp\",\"width\":1024,\"height\":576,\"caption\":\"Exposition G\u00e9rard Oberlinger Perpignan - Immersion artistique\"},{\"@type\":\"BreadcrumbList\",\"@id\":\"https:\/\/www.locansol.fr\/exposition-artistique-gerard-oberlinger-perpignan\/#breadcrumb\",\"itemListElement\":[{\"@type\":\"ListItem\",\"position\":1,\"name\":\"Accueil\",\"item\":\"https:\/\/www.locansol.fr\/\"},{\"@type\":\"ListItem\",\"position\":2,\"name\":\"Exposition de G\u00e9rard Oberlinger \u00e0 Perpignan (17 avril &#8211; 14 juin) : Une immersion artistique unique\"}]},{\"@type\":\"WebSite\",\"@id\":\"https:\/\/www.locansol.fr\/#website\",\"url\":\"https:\/\/www.locansol.fr\/\",\"name\":\"Locansol, louer un h\u00e9bergement dans les Pyr\u00e9n\u00e9es-Orientales\",\"description\":\"Location Mobil-home Mer M\u00e9diterran\u00e9e &amp; Chalet de Montagne dans les Pyr\u00e9n\u00e9es Orientales (Occitanie, 66). Weekend, s\u00e9jour &amp; vacances en famille et entre amis.\",\"publisher\":{\"@id\":\"https:\/\/www.locansol.fr\/#organization\"},\"alternateName\":\"Louer un h\u00e9bergement dans les Pyr\u00e9n\u00e9es Orientales, chalet & mobil-home en Occitanie\",\"potentialAction\":[{\"@type\":\"SearchAction\",\"target\":{\"@type\":\"EntryPoint\",\"urlTemplate\":\"https:\/\/www.locansol.fr\/?s={search_term_string}\"},\"query-input\":{\"@type\":\"PropertyValueSpecification\",\"valueRequired\":true,\"valueName\":\"search_term_string\"}}],\"inLanguage\":\"en-GB\"},{\"@type\":\"Organization\",\"@id\":\"https:\/\/www.locansol.fr\/#organization\",\"name\":\"Location MobilHome & chalet dans les Pyr\u00e9n\u00e9es Orientales\",\"alternateName\":\"Louer un h\u00e9bergement dans les Pyr\u00e9n\u00e9es Orientales en Occitanie\",\"url\":\"https:\/\/www.locansol.fr\/\",\"logo\":{\"@type\":\"ImageObject\",\"inLanguage\":\"en-GB\",\"@id\":\"https:\/\/www.locansol.fr\/#\/schema\/logo\/image\/\",\"url\":\"https:\/\/www.locansol.fr\/wp-content\/uploads\/2024\/04\/AdobeStock_303324767-scaled.jpeg\",\"contentUrl\":\"https:\/\/www.locansol.fr\/wp-content\/uploads\/2024\/04\/AdobeStock_303324767-scaled.jpeg\",\"width\":2560,\"height\":1707,\"caption\":\"Location MobilHome & chalet dans les Pyr\u00e9n\u00e9es Orientales\"},\"image\":{\"@id\":\"https:\/\/www.locansol.fr\/#\/schema\/logo\/image\/\"}},{\"@type\":\"Person\",\"@id\":\"https:\/\/www.locansol.fr\/#\/schema\/person\/0b08d440f1ac44674c6d498107de351d\",\"name\":\"H\u00e9bergements Locansol\",\"image\":{\"@type\":\"ImageObject\",\"inLanguage\":\"en-GB\",\"@id\":\"https:\/\/www.locansol.fr\/#\/schema\/person\/image\/\",\"url\":\"https:\/\/secure.gravatar.com\/avatar\/444436b93284204f8116b6e0eb964cd3fcb811519c737232bde6dd5743c37ee5?s=96&d=mm&r=g\",\"contentUrl\":\"https:\/\/secure.gravatar.com\/avatar\/444436b93284204f8116b6e0eb964cd3fcb811519c737232bde6dd5743c37ee5?s=96&d=mm&r=g\",\"caption\":\"H\u00e9bergements Locansol\"},\"sameAs\":[\"https:\/\/www.locansol.fr\/\"],\"url\":\"https:\/\/www.locansol.fr\/en\/author\/locansol\/\"}]}<\/script>\n<!-- \/ Yoast SEO Premium plugin. -->","yoast_head_json":{"title":"Exposition G\u00e9rard Oberlinger Perpignan - Immersion artistique","description":"Exposition de G\u00e9rard Oberlinger \u00e0 Perpignan. D\u00e9couvrez une immersion artistique unique dans les Pyr\u00e9n\u00e9es-Orientales. Entr\u00e9e gratuite, \u0153uvres embl\u00e9matiques.","robots":{"index":"index","follow":"follow","max-snippet":"max-snippet:-1","max-image-preview":"max-image-preview:large","max-video-preview":"max-video-preview:-1"},"canonical":"https:\/\/www.locansol.fr\/en\/exposition-artistique-gerard-oberlinger-perpignan\/","og_locale":"en_GB","og_type":"article","og_title":"D\u00e9couvrez l'univers captivant de G\u00e9rard Oberlinger \u00e0 Perpignan \u2014 Une immersion artistique unique","og_description":"Plongez dans l'univers \u00e9motionnel de G\u00e9rard Oberlinger \u00e0 Perpignan. Une exposition captivante dans un cadre historique unique.","og_url":"https:\/\/www.locansol.fr\/en\/exposition-artistique-gerard-oberlinger-perpignan\/","og_site_name":"Locansol, louer un h\u00e9bergement dans les Pyr\u00e9n\u00e9es Orientales","article_published_time":"2026-04-20T14:04:45+00:00","article_modified_time":"2026-04-20T14:04:51+00:00","og_image":[{"url":"https:\/\/www.locansol.fr\/wp-content\/uploads\/2026\/04\/exposition-artistique-gerard-oberlinger-perpignan.webp","type":"","width":"","height":""}],"author":"H\u00e9bergements Locansol","twitter_card":"summary_large_image","twitter_title":"Explorez l'art \u00e9motionnel de G\u00e9rard Oberlinger \u00e0 Perpignan","twitter_description":"D\u00e9couvrez l'exposition captivante de G\u00e9rard Oberlinger \u00e0 Perpignan. Une immersion artistique unique dans un cadre historique.","twitter_image":"https:\/\/www.locansol.fr\/wp-content\/uploads\/2026\/04\/exposition-artistique-gerard-oberlinger-perpignan.webp","twitter_misc":{"Written by":"H\u00e9bergements Locansol","Estimated reading time":"2 minutes"},"schema":{"@context":"https:\/\/schema.org","@graph":[{"@type":"Article","@id":"https:\/\/www.locansol.fr\/exposition-artistique-gerard-oberlinger-perpignan\/#article","isPartOf":{"@id":"https:\/\/www.locansol.fr\/exposition-artistique-gerard-oberlinger-perpignan\/"},"author":{"name":"H\u00e9bergements Locansol","@id":"https:\/\/www.locansol.fr\/#\/schema\/person\/0b08d440f1ac44674c6d498107de351d"},"headline":"Exposition de G\u00e9rard Oberlinger \u00e0 Perpignan (17 avril &#8211; 14 juin) : Une immersion artistique unique","datePublished":"2026-04-20T14:04:45+00:00","dateModified":"2026-04-20T14:04:51+00:00","mainEntityOfPage":{"@id":"https:\/\/www.locansol.fr\/exposition-artistique-gerard-oberlinger-perpignan\/"},"wordCount":430,"publisher":{"@id":"https:\/\/www.locansol.fr\/#organization"},"image":{"@id":"https:\/\/www.locansol.fr\/exposition-artistique-gerard-oberlinger-perpignan\/#primaryimage"},"thumbnailUrl":"https:\/\/www.locansol.fr\/wp-content\/uploads\/2026\/04\/exposition-artistique-gerard-oberlinger-perpignan.webp","keywords":["\u00c9v\u00e8nement culturel","Pyr\u00e9n\u00e9es-Orientales"],"articleSection":["Carnaval"],"inLanguage":"en-GB"},{"@type":"WebPage","@id":"https:\/\/www.locansol.fr\/exposition-artistique-gerard-oberlinger-perpignan\/","url":"https:\/\/www.locansol.fr\/exposition-artistique-gerard-oberlinger-perpignan\/","name":"Exposition G\u00e9rard Oberlinger Perpignan - Immersion artistique","isPartOf":{"@id":"https:\/\/www.locansol.fr\/#website"},"primaryImageOfPage":{"@id":"https:\/\/www.locansol.fr\/exposition-artistique-gerard-oberlinger-perpignan\/#primaryimage"},"image":{"@id":"https:\/\/www.locansol.fr\/exposition-artistique-gerard-oberlinger-perpignan\/#primaryimage"},"thumbnailUrl":"https:\/\/www.locansol.fr\/wp-content\/uploads\/2026\/04\/exposition-artistique-gerard-oberlinger-perpignan.webp","datePublished":"2026-04-20T14:04:45+00:00","dateModified":"2026-04-20T14:04:51+00:00","description":"Exposition de G\u00e9rard Oberlinger \u00e0 Perpignan. D\u00e9couvrez une immersion artistique unique dans les Pyr\u00e9n\u00e9es-Orientales. Entr\u00e9e gratuite, \u0153uvres embl\u00e9matiques.","breadcrumb":{"@id":"https:\/\/www.locansol.fr\/exposition-artistique-gerard-oberlinger-perpignan\/#breadcrumb"},"inLanguage":"en-GB","potentialAction":[{"@type":"ReadAction","target":["https:\/\/www.locansol.fr\/exposition-artistique-gerard-oberlinger-perpignan\/"]}]},{"@type":"ImageObject","inLanguage":"en-GB","@id":"https:\/\/www.locansol.fr\/exposition-artistique-gerard-oberlinger-perpignan\/#primaryimage","url":"https:\/\/www.locansol.fr\/wp-content\/uploads\/2026\/04\/exposition-artistique-gerard-oberlinger-perpignan.webp","contentUrl":"https:\/\/www.locansol.fr\/wp-content\/uploads\/2026\/04\/exposition-artistique-gerard-oberlinger-perpignan.webp","width":1024,"height":576,"caption":"Exposition G\u00e9rard Oberlinger Perpignan - Immersion artistique"},{"@type":"BreadcrumbList","@id":"https:\/\/www.locansol.fr\/exposition-artistique-gerard-oberlinger-perpignan\/#breadcrumb","itemListElement":[{"@type":"ListItem","position":1,"name":"Accueil","item":"https:\/\/www.locansol.fr\/"},{"@type":"ListItem","position":2,"name":"Exposition de G\u00e9rard Oberlinger \u00e0 Perpignan (17 avril &#8211; 14 juin) : Une immersion artistique unique"}]},{"@type":"WebSite","@id":"https:\/\/www.locansol.fr\/#website","url":"https:\/\/www.locansol.fr\/","name":"Locansol, louer un h\u00e9bergement dans les Pyr\u00e9n\u00e9es-Orientales","description":"Location Mobil-home Mer M\u00e9diterran\u00e9e &amp; Chalet de Montagne dans les Pyr\u00e9n\u00e9es Orientales (Occitanie, 66). Weekend, s\u00e9jour &amp; vacances en famille et entre amis.","publisher":{"@id":"https:\/\/www.locansol.fr\/#organization"},"alternateName":"Louer un h\u00e9bergement dans les Pyr\u00e9n\u00e9es Orientales, chalet & mobil-home en Occitanie","potentialAction":[{"@type":"SearchAction","target":{"@type":"EntryPoint","urlTemplate":"https:\/\/www.locansol.fr\/?s={search_term_string}"},"query-input":{"@type":"PropertyValueSpecification","valueRequired":true,"valueName":"search_term_string"}}],"inLanguage":"en-GB"},{"@type":"Organization","@id":"https:\/\/www.locansol.fr\/#organization","name":"Location MobilHome & chalet dans les Pyr\u00e9n\u00e9es Orientales","alternateName":"Louer un h\u00e9bergement dans les Pyr\u00e9n\u00e9es Orientales en Occitanie","url":"https:\/\/www.locansol.fr\/","logo":{"@type":"ImageObject","inLanguage":"en-GB","@id":"https:\/\/www.locansol.fr\/#\/schema\/logo\/image\/","url":"https:\/\/www.locansol.fr\/wp-content\/uploads\/2024\/04\/AdobeStock_303324767-scaled.jpeg","contentUrl":"https:\/\/www.locansol.fr\/wp-content\/uploads\/2024\/04\/AdobeStock_303324767-scaled.jpeg","width":2560,"height":1707,"caption":"Location MobilHome & chalet dans les Pyr\u00e9n\u00e9es Orientales"},"image":{"@id":"https:\/\/www.locansol.fr\/#\/schema\/logo\/image\/"}},{"@type":"Person","@id":"https:\/\/www.locansol.fr\/#\/schema\/person\/0b08d440f1ac44674c6d498107de351d","name":"H\u00e9bergements Locansol","image":{"@type":"ImageObject","inLanguage":"en-GB","@id":"https:\/\/www.locansol.fr\/#\/schema\/person\/image\/","url":"https:\/\/secure.gravatar.com\/avatar\/444436b93284204f8116b6e0eb964cd3fcb811519c737232bde6dd5743c37ee5?s=96&d=mm&r=g","contentUrl":"https:\/\/secure.gravatar.com\/avatar\/444436b93284204f8116b6e0eb964cd3fcb811519c737232bde6dd5743c37ee5?s=96&d=mm&r=g","caption":"H\u00e9bergements Locansol"},"sameAs":["https:\/\/www.locansol.fr\/"],"url":"https:\/\/www.locansol.fr\/en\/author\/locansol\/"}]}},"_links":{"self":[{"href":"https:\/\/www.locansol.fr\/en\/wp-json\/wp\/v2\/posts\/6272","targetHints":{"allow":["GET"]}}],"collection":[{"href":"https:\/\/www.locansol.fr\/en\/wp-json\/wp\/v2\/posts"}],"about":[{"href":"https:\/\/www.locansol.fr\/en\/wp-json\/wp\/v2\/types\/post"}],"author":[{"embeddable":true,"href":"https:\/\/www.locansol.fr\/en\/wp-json\/wp\/v2\/users\/5"}],"replies":[{"embeddable":true,"href":"https:\/\/www.locansol.fr\/en\/wp-json\/wp\/v2\/comments?post=6272"}],"version-history":[{"count":1,"href":"https:\/\/www.locansol.fr\/en\/wp-json\/wp\/v2\/posts\/6272\/revisions"}],"predecessor-version":[{"id":6273,"href":"https:\/\/www.locansol.fr\/en\/wp-json\/wp\/v2\/posts\/6272\/revisions\/6273"}],"wp:featuredmedia":[{"embeddable":true,"href":"https:\/\/www.locansol.fr\/en\/wp-json\/wp\/v2\/media\/6271"}],"wp:attachment":[{"href":"https:\/\/www.locansol.fr\/en\/wp-json\/wp\/v2\/media?parent=6272"}],"wp:term":[{"taxonomy":"category","embeddable":true,"href":"https:\/\/www.locansol.fr\/en\/wp-json\/wp\/v2\/categories?post=6272"},{"taxonomy":"post_tag","embeddable":true,"href":"https:\/\/www.locansol.fr\/en\/wp-json\/wp\/v2\/tags?post=6272"}],"curies":[{"name":"wp","href":"https:\/\/api.w.org\/{rel}","templated":true}]}}