{"id":6309,"date":"2026-04-21T06:09:24","date_gmt":"2026-04-21T04:09:24","guid":{"rendered":"https:\/\/www.locansol.fr\/exposition-perpignan-chef-doeuvre-monumental\/"},"modified":"2026-04-21T06:09:29","modified_gmt":"2026-04-21T04:09:29","slug":"exposition-perpignan-chef-doeuvre-monumental","status":"publish","type":"post","link":"https:\/\/www.locansol.fr\/en\/exposition-perpignan-chef-doeuvre-monumental\/","title":{"rendered":"Exposition \u00e0 Perpignan (24 mars-31 mai) : Red\u00e9couvrez un chef-d&rsquo;\u0153uvre monumental"},"content":{"rendered":"<p>Perpignan accueille une exposition exceptionnelle \u00e0 la cath\u00e9drale Saint-Jean-Baptiste du 24 mars au 31 mai, offrant aux visiteurs une plong\u00e9e fascinante dans l\u2019histoire et l\u2019art religieux. Intitul\u00e9e \u00ab La red\u00e9couverte d\u2019un chef-d\u2019\u0153uvre monumental \u00bb, cette exposition met en lumi\u00e8re les volets du grand orgue de la cath\u00e9drale, une \u0153uvre magistrale fra\u00eechement restaur\u00e9e.<\/p>\n<p>Ces volets, datant de 1504, impressionnent par leurs dimensions hors normes : 12,6 m\u00e8tres de haut pour 4,3 m\u00e8tres de large. Ces peintures monumentales, \u00e0 l\u2019origine dispos\u00e9es sur le buffet de l\u2019orgue en fonction du calendrier liturgique, poss\u00e8dent une riche polychromie sur leur face principale et une grisaille d\u2019une finesse remarquable sur leur revers. Avec plus de 83 m\u00b2 par panneau, elles repr\u00e9sentent un tr\u00e9sor artistique et spirituel unique. Leur restauration minutieuse, men\u00e9e depuis 2022 par la Direction r\u00e9gionale des affaires culturelles d\u2019Occitanie, a permis de red\u00e9couvrir leur histoire et leur technique originelle, tout en soulignant leur importance pour le patrimoine de la r\u00e9gion.<\/p>\n<p>Install\u00e9s au XIXe si\u00e8cle au-dessus de la porte dite \u00ab de Bethl\u00e9em \u00bb, les volets avaient progressivement disparu du regard du public. Aujourd\u2019hui r\u00e9habilit\u00e9s, ils reprennent leur pr\u00e9sence en majest\u00e9 dans un cadre tout aussi impressionnant : la cath\u00e9drale Saint-Jean-Baptiste elle-m\u00eame. Ce joyau gothique, construit \u00e0 partir de 1324 sous l\u2019impulsion de San\u00e7 de Majorque, offre une atmosph\u00e8re aussi imposante que spirituelle. Sa construction, interrompue par l\u2019histoire tumultueuse du royaume de Majorque, puis reprise au XV\u1d49 si\u00e8cle, t\u00e9moigne du r\u00f4le central de Perpignan \u00e0 travers les \u00e2ges.<\/p>\n<p>Les visiteurs de l\u2019exposition auront la chance de plonger dans une v\u00e9ritable immersion : exploration des dimensions artistiques des volets, d\u00e9couverte des techniques utilis\u00e9es lors de leur cr\u00e9ation et restauration, et r\u00e9flexion sur leur importance dans l\u2019histoire liturgique et patrimoniale. Le double dispositif visuel des panneaux, entre la richesse des couleurs et la subtilit\u00e9 des grisailles, promet une exp\u00e9rience \u00e0 la fois esth\u00e9tique et intellectuelle.<\/p>\n<p>Situ\u00e9e au c\u0153ur de Perpignan, la cath\u00e9drale offre \u00e9galement une opportunit\u00e9 parfaite pour les amateurs d\u2019histoire et d\u2019architecture souhaitant d\u00e9couvrir le patrimoine r\u00e9gional dans toute sa splendeur. Avec un tarif d\u2019entr\u00e9e fix\u00e9 \u00e0 8 \u20ac, cette exposition est un \u00e9v\u00e9nement accessible et enrichissant, parfait pour une visite en solo, en famille ou entre amis.<\/p>\n<p>Ne manquez pas cette chance unique de contempler un chef-d\u2019\u0153uvre d\u2019une valeur inestimable et de vivre une exp\u00e9rience culturelle m\u00e9morable. Rendez-vous au 21 Rue Mailly pour une d\u00e9couverte hors du commun !<\/p>\n<h3>Practical information<\/h3>\n<p>\ud83d\udcc5 QUAND ? Du 24 mars au 31 mai<br \/>\ud83d\udccd O\u00d9 ? 21 Rue Mailly, Cath\u00e9drale Saint-Jean-Baptiste, Perpignan<br \/>\ud83d\udcb6 COMBIEN ? 8 \u20ac<\/p>","protected":false},"excerpt":{"rendered":"<p>Une exposition captivante \u00e0 la cath\u00e9drale Saint-Jean-Baptiste de Perpignan du 24 mars au 31 mai r\u00e9v\u00e8le un chef-d&rsquo;\u0153uvre monumental fra\u00eechement restaur\u00e9.<\/p>","protected":false},"author":5,"featured_media":6308,"comment_status":"closed","ping_status":"open","sticky":false,"template":"","format":"standard","meta":{"_yoast_wpseo_focuskw":"Exposition Perpignan chef-d'\u0153uvre monumental","_yoast_wpseo_title":"Exposition \u00e0 Perpignan : red\u00e9couvrez un chef-d'\u0153uvre monumental","_yoast_wpseo_metadesc":"Exposition \u00e0 Perpignan : plongez dans l'histoire et l'art religieux avec les volets du grand orgue de la cath\u00e9drale Saint-Jean-Baptiste. D\u00e9couvrez un tr\u00e9sor artistique unique dans les Pyr\u00e9n\u00e9es-Orientales.","_yoast_wpseo_canonical":"","_yoast_wpseo_opengraph-title":"D\u00e9couvrez un chef-d'\u0153uvre monumental \u00e0 Perpignan \u2014 une exp\u00e9rience artistique unique","_yoast_wpseo_opengraph-description":"Plongez dans l'histoire et l'art religieux avec les volets du grand orgue de la cath\u00e9drale Saint-Jean-Baptiste. Une exp\u00e9rience sensorielle et intellectuelle inoubliable.","_yoast_wpseo_opengraph-image":"https:\/\/www.locansol.fr\/wp-content\/uploads\/2026\/04\/exposition-perpignan-chef-doeuvre-monumental.webp","_yoast_wpseo_opengraph-image-id":"","_yoast_wpseo_twitter-title":"D\u00e9couvrez un chef-d'\u0153uvre monumental \u00e0 Perpignan","_yoast_wpseo_twitter-description":"Plongez dans l'histoire et l'art religieux avec les volets du grand orgue de la cath\u00e9drale Saint-Jean-Baptiste. Une exp\u00e9rience unique \u00e0 ne pas manquer !","_yoast_wpseo_twitter-image":"https:\/\/www.locansol.fr\/wp-content\/uploads\/2026\/04\/exposition-perpignan-chef-doeuvre-monumental.webp","_yoast_wpseo_twitter-image-id":"","yoast_primary_category":"Exposition","footnotes":""},"categories":[35],"tags":[66,76],"class_list":["post-6309","post","type-post","status-publish","format-standard","has-post-thumbnail","hentry","category-carnaval","tag-evenement-culturel","tag-pyrenees-orientales"],"yoast_head":"<!-- This site is optimized with the Yoast SEO Premium plugin v23.3 (Yoast SEO v26.9) - https:\/\/yoast.com\/product\/yoast-seo-premium-wordpress\/ -->\n<title>Exposition \u00e0 Perpignan : red\u00e9couvrez un chef-d&#039;\u0153uvre monumental<\/title>\n<meta name=\"description\" content=\"Exposition \u00e0 Perpignan : plongez dans l&#039;histoire et l&#039;art religieux avec les volets du grand orgue de la cath\u00e9drale Saint-Jean-Baptiste. D\u00e9couvrez un tr\u00e9sor artistique unique dans les Pyr\u00e9n\u00e9es-Orientales.\" \/>\n<meta name=\"robots\" content=\"index, follow, max-snippet:-1, max-image-preview:large, max-video-preview:-1\" \/>\n<link rel=\"canonical\" href=\"https:\/\/www.locansol.fr\/en\/exposition-perpignan-chef-doeuvre-monumental\/\" \/>\n<meta property=\"og:locale\" content=\"en_GB\" \/>\n<meta property=\"og:type\" content=\"article\" \/>\n<meta property=\"og:title\" content=\"D\u00e9couvrez un chef-d&#039;\u0153uvre monumental \u00e0 Perpignan \u2014 une exp\u00e9rience artistique unique\" \/>\n<meta property=\"og:description\" content=\"Plongez dans l&#039;histoire et l&#039;art religieux avec les volets du grand orgue de la cath\u00e9drale Saint-Jean-Baptiste. Une exp\u00e9rience sensorielle et intellectuelle inoubliable.\" \/>\n<meta property=\"og:url\" content=\"https:\/\/www.locansol.fr\/en\/exposition-perpignan-chef-doeuvre-monumental\/\" \/>\n<meta property=\"og:site_name\" content=\"Locansol, louer un h\u00e9bergement dans les Pyr\u00e9n\u00e9es Orientales\" \/>\n<meta property=\"article:published_time\" content=\"2026-04-21T04:09:24+00:00\" \/>\n<meta property=\"article:modified_time\" content=\"2026-04-21T04:09:29+00:00\" \/>\n<meta property=\"og:image\" content=\"https:\/\/www.locansol.fr\/wp-content\/uploads\/2026\/04\/exposition-perpignan-chef-doeuvre-monumental.webp\" \/>\n<meta name=\"author\" content=\"H\u00e9bergements Locansol\" \/>\n<meta name=\"twitter:card\" content=\"summary_large_image\" \/>\n<meta name=\"twitter:title\" content=\"D\u00e9couvrez un chef-d&#039;\u0153uvre monumental \u00e0 Perpignan\" \/>\n<meta name=\"twitter:description\" content=\"Plongez dans l&#039;histoire et l&#039;art religieux avec les volets du grand orgue de la cath\u00e9drale Saint-Jean-Baptiste. Une exp\u00e9rience unique \u00e0 ne pas manquer !\" \/>\n<meta name=\"twitter:image\" content=\"https:\/\/www.locansol.fr\/wp-content\/uploads\/2026\/04\/exposition-perpignan-chef-doeuvre-monumental.webp\" \/>\n<meta name=\"twitter:label1\" content=\"Written by\" \/>\n\t<meta name=\"twitter:data1\" content=\"H\u00e9bergements Locansol\" \/>\n\t<meta name=\"twitter:label2\" content=\"Estimated reading time\" \/>\n\t<meta name=\"twitter:data2\" content=\"2 minutes\" \/>\n<script type=\"application\/ld+json\" class=\"yoast-schema-graph\">{\"@context\":\"https:\/\/schema.org\",\"@graph\":[{\"@type\":\"Article\",\"@id\":\"https:\/\/www.locansol.fr\/exposition-perpignan-chef-doeuvre-monumental\/#article\",\"isPartOf\":{\"@id\":\"https:\/\/www.locansol.fr\/exposition-perpignan-chef-doeuvre-monumental\/\"},\"author\":{\"name\":\"H\u00e9bergements Locansol\",\"@id\":\"https:\/\/www.locansol.fr\/#\/schema\/person\/0b08d440f1ac44674c6d498107de351d\"},\"headline\":\"Exposition \u00e0 Perpignan (24 mars-31 mai) : Red\u00e9couvrez un chef-d&rsquo;\u0153uvre monumental\",\"datePublished\":\"2026-04-21T04:09:24+00:00\",\"dateModified\":\"2026-04-21T04:09:29+00:00\",\"mainEntityOfPage\":{\"@id\":\"https:\/\/www.locansol.fr\/exposition-perpignan-chef-doeuvre-monumental\/\"},\"wordCount\":459,\"publisher\":{\"@id\":\"https:\/\/www.locansol.fr\/#organization\"},\"image\":{\"@id\":\"https:\/\/www.locansol.fr\/exposition-perpignan-chef-doeuvre-monumental\/#primaryimage\"},\"thumbnailUrl\":\"https:\/\/www.locansol.fr\/wp-content\/uploads\/2026\/04\/exposition-perpignan-chef-doeuvre-monumental.webp\",\"keywords\":[\"\u00c9v\u00e8nement culturel\",\"Pyr\u00e9n\u00e9es-Orientales\"],\"articleSection\":[\"Carnaval\"],\"inLanguage\":\"en-GB\"},{\"@type\":\"WebPage\",\"@id\":\"https:\/\/www.locansol.fr\/exposition-perpignan-chef-doeuvre-monumental\/\",\"url\":\"https:\/\/www.locansol.fr\/exposition-perpignan-chef-doeuvre-monumental\/\",\"name\":\"Exposition \u00e0 Perpignan : red\u00e9couvrez un chef-d'\u0153uvre monumental\",\"isPartOf\":{\"@id\":\"https:\/\/www.locansol.fr\/#website\"},\"primaryImageOfPage\":{\"@id\":\"https:\/\/www.locansol.fr\/exposition-perpignan-chef-doeuvre-monumental\/#primaryimage\"},\"image\":{\"@id\":\"https:\/\/www.locansol.fr\/exposition-perpignan-chef-doeuvre-monumental\/#primaryimage\"},\"thumbnailUrl\":\"https:\/\/www.locansol.fr\/wp-content\/uploads\/2026\/04\/exposition-perpignan-chef-doeuvre-monumental.webp\",\"datePublished\":\"2026-04-21T04:09:24+00:00\",\"dateModified\":\"2026-04-21T04:09:29+00:00\",\"description\":\"Exposition \u00e0 Perpignan : plongez dans l'histoire et l'art religieux avec les volets du grand orgue de la cath\u00e9drale Saint-Jean-Baptiste. D\u00e9couvrez un tr\u00e9sor artistique unique dans les Pyr\u00e9n\u00e9es-Orientales.\",\"breadcrumb\":{\"@id\":\"https:\/\/www.locansol.fr\/exposition-perpignan-chef-doeuvre-monumental\/#breadcrumb\"},\"inLanguage\":\"en-GB\",\"potentialAction\":[{\"@type\":\"ReadAction\",\"target\":[\"https:\/\/www.locansol.fr\/exposition-perpignan-chef-doeuvre-monumental\/\"]}]},{\"@type\":\"ImageObject\",\"inLanguage\":\"en-GB\",\"@id\":\"https:\/\/www.locansol.fr\/exposition-perpignan-chef-doeuvre-monumental\/#primaryimage\",\"url\":\"https:\/\/www.locansol.fr\/wp-content\/uploads\/2026\/04\/exposition-perpignan-chef-doeuvre-monumental.webp\",\"contentUrl\":\"https:\/\/www.locansol.fr\/wp-content\/uploads\/2026\/04\/exposition-perpignan-chef-doeuvre-monumental.webp\",\"width\":1024,\"height\":605,\"caption\":\"Exposition \u00e0 Perpignan : red\u00e9couvrez un chef-d'\u0153uvre monumental\"},{\"@type\":\"BreadcrumbList\",\"@id\":\"https:\/\/www.locansol.fr\/exposition-perpignan-chef-doeuvre-monumental\/#breadcrumb\",\"itemListElement\":[{\"@type\":\"ListItem\",\"position\":1,\"name\":\"Accueil\",\"item\":\"https:\/\/www.locansol.fr\/\"},{\"@type\":\"ListItem\",\"position\":2,\"name\":\"Exposition \u00e0 Perpignan (24 mars-31 mai) : Red\u00e9couvrez un chef-d&rsquo;\u0153uvre monumental\"}]},{\"@type\":\"WebSite\",\"@id\":\"https:\/\/www.locansol.fr\/#website\",\"url\":\"https:\/\/www.locansol.fr\/\",\"name\":\"Locansol, louer un h\u00e9bergement dans les Pyr\u00e9n\u00e9es-Orientales\",\"description\":\"Location Mobil-home Mer M\u00e9diterran\u00e9e &amp; Chalet de Montagne dans les Pyr\u00e9n\u00e9es Orientales (Occitanie, 66). Weekend, s\u00e9jour &amp; vacances en famille et entre amis.\",\"publisher\":{\"@id\":\"https:\/\/www.locansol.fr\/#organization\"},\"alternateName\":\"Louer un h\u00e9bergement dans les Pyr\u00e9n\u00e9es Orientales, chalet & mobil-home en Occitanie\",\"potentialAction\":[{\"@type\":\"SearchAction\",\"target\":{\"@type\":\"EntryPoint\",\"urlTemplate\":\"https:\/\/www.locansol.fr\/?s={search_term_string}\"},\"query-input\":{\"@type\":\"PropertyValueSpecification\",\"valueRequired\":true,\"valueName\":\"search_term_string\"}}],\"inLanguage\":\"en-GB\"},{\"@type\":\"Organization\",\"@id\":\"https:\/\/www.locansol.fr\/#organization\",\"name\":\"Location MobilHome & chalet dans les Pyr\u00e9n\u00e9es Orientales\",\"alternateName\":\"Louer un h\u00e9bergement dans les Pyr\u00e9n\u00e9es Orientales en Occitanie\",\"url\":\"https:\/\/www.locansol.fr\/\",\"logo\":{\"@type\":\"ImageObject\",\"inLanguage\":\"en-GB\",\"@id\":\"https:\/\/www.locansol.fr\/#\/schema\/logo\/image\/\",\"url\":\"https:\/\/www.locansol.fr\/wp-content\/uploads\/2024\/04\/AdobeStock_303324767-scaled.jpeg\",\"contentUrl\":\"https:\/\/www.locansol.fr\/wp-content\/uploads\/2024\/04\/AdobeStock_303324767-scaled.jpeg\",\"width\":2560,\"height\":1707,\"caption\":\"Location MobilHome & chalet dans les Pyr\u00e9n\u00e9es Orientales\"},\"image\":{\"@id\":\"https:\/\/www.locansol.fr\/#\/schema\/logo\/image\/\"}},{\"@type\":\"Person\",\"@id\":\"https:\/\/www.locansol.fr\/#\/schema\/person\/0b08d440f1ac44674c6d498107de351d\",\"name\":\"H\u00e9bergements Locansol\",\"image\":{\"@type\":\"ImageObject\",\"inLanguage\":\"en-GB\",\"@id\":\"https:\/\/www.locansol.fr\/#\/schema\/person\/image\/\",\"url\":\"https:\/\/secure.gravatar.com\/avatar\/444436b93284204f8116b6e0eb964cd3fcb811519c737232bde6dd5743c37ee5?s=96&d=mm&r=g\",\"contentUrl\":\"https:\/\/secure.gravatar.com\/avatar\/444436b93284204f8116b6e0eb964cd3fcb811519c737232bde6dd5743c37ee5?s=96&d=mm&r=g\",\"caption\":\"H\u00e9bergements Locansol\"},\"sameAs\":[\"https:\/\/www.locansol.fr\/\"],\"url\":\"https:\/\/www.locansol.fr\/en\/author\/locansol\/\"}]}<\/script>\n<!-- \/ Yoast SEO Premium plugin. -->","yoast_head_json":{"title":"Exposition \u00e0 Perpignan : red\u00e9couvrez un chef-d'\u0153uvre monumental","description":"Exposition \u00e0 Perpignan : plongez dans l'histoire et l'art religieux avec les volets du grand orgue de la cath\u00e9drale Saint-Jean-Baptiste. D\u00e9couvrez un tr\u00e9sor artistique unique dans les Pyr\u00e9n\u00e9es-Orientales.","robots":{"index":"index","follow":"follow","max-snippet":"max-snippet:-1","max-image-preview":"max-image-preview:large","max-video-preview":"max-video-preview:-1"},"canonical":"https:\/\/www.locansol.fr\/en\/exposition-perpignan-chef-doeuvre-monumental\/","og_locale":"en_GB","og_type":"article","og_title":"D\u00e9couvrez un chef-d'\u0153uvre monumental \u00e0 Perpignan \u2014 une exp\u00e9rience artistique unique","og_description":"Plongez dans l'histoire et l'art religieux avec les volets du grand orgue de la cath\u00e9drale Saint-Jean-Baptiste. Une exp\u00e9rience sensorielle et intellectuelle inoubliable.","og_url":"https:\/\/www.locansol.fr\/en\/exposition-perpignan-chef-doeuvre-monumental\/","og_site_name":"Locansol, louer un h\u00e9bergement dans les Pyr\u00e9n\u00e9es Orientales","article_published_time":"2026-04-21T04:09:24+00:00","article_modified_time":"2026-04-21T04:09:29+00:00","og_image":[{"url":"https:\/\/www.locansol.fr\/wp-content\/uploads\/2026\/04\/exposition-perpignan-chef-doeuvre-monumental.webp","type":"","width":"","height":""}],"author":"H\u00e9bergements Locansol","twitter_card":"summary_large_image","twitter_title":"D\u00e9couvrez un chef-d'\u0153uvre monumental \u00e0 Perpignan","twitter_description":"Plongez dans l'histoire et l'art religieux avec les volets du grand orgue de la cath\u00e9drale Saint-Jean-Baptiste. Une exp\u00e9rience unique \u00e0 ne pas manquer !","twitter_image":"https:\/\/www.locansol.fr\/wp-content\/uploads\/2026\/04\/exposition-perpignan-chef-doeuvre-monumental.webp","twitter_misc":{"Written by":"H\u00e9bergements Locansol","Estimated reading time":"2 minutes"},"schema":{"@context":"https:\/\/schema.org","@graph":[{"@type":"Article","@id":"https:\/\/www.locansol.fr\/exposition-perpignan-chef-doeuvre-monumental\/#article","isPartOf":{"@id":"https:\/\/www.locansol.fr\/exposition-perpignan-chef-doeuvre-monumental\/"},"author":{"name":"H\u00e9bergements Locansol","@id":"https:\/\/www.locansol.fr\/#\/schema\/person\/0b08d440f1ac44674c6d498107de351d"},"headline":"Exposition \u00e0 Perpignan (24 mars-31 mai) : Red\u00e9couvrez un chef-d&rsquo;\u0153uvre monumental","datePublished":"2026-04-21T04:09:24+00:00","dateModified":"2026-04-21T04:09:29+00:00","mainEntityOfPage":{"@id":"https:\/\/www.locansol.fr\/exposition-perpignan-chef-doeuvre-monumental\/"},"wordCount":459,"publisher":{"@id":"https:\/\/www.locansol.fr\/#organization"},"image":{"@id":"https:\/\/www.locansol.fr\/exposition-perpignan-chef-doeuvre-monumental\/#primaryimage"},"thumbnailUrl":"https:\/\/www.locansol.fr\/wp-content\/uploads\/2026\/04\/exposition-perpignan-chef-doeuvre-monumental.webp","keywords":["\u00c9v\u00e8nement culturel","Pyr\u00e9n\u00e9es-Orientales"],"articleSection":["Carnaval"],"inLanguage":"en-GB"},{"@type":"WebPage","@id":"https:\/\/www.locansol.fr\/exposition-perpignan-chef-doeuvre-monumental\/","url":"https:\/\/www.locansol.fr\/exposition-perpignan-chef-doeuvre-monumental\/","name":"Exposition \u00e0 Perpignan : red\u00e9couvrez un chef-d'\u0153uvre monumental","isPartOf":{"@id":"https:\/\/www.locansol.fr\/#website"},"primaryImageOfPage":{"@id":"https:\/\/www.locansol.fr\/exposition-perpignan-chef-doeuvre-monumental\/#primaryimage"},"image":{"@id":"https:\/\/www.locansol.fr\/exposition-perpignan-chef-doeuvre-monumental\/#primaryimage"},"thumbnailUrl":"https:\/\/www.locansol.fr\/wp-content\/uploads\/2026\/04\/exposition-perpignan-chef-doeuvre-monumental.webp","datePublished":"2026-04-21T04:09:24+00:00","dateModified":"2026-04-21T04:09:29+00:00","description":"Exposition \u00e0 Perpignan : plongez dans l'histoire et l'art religieux avec les volets du grand orgue de la cath\u00e9drale Saint-Jean-Baptiste. D\u00e9couvrez un tr\u00e9sor artistique unique dans les Pyr\u00e9n\u00e9es-Orientales.","breadcrumb":{"@id":"https:\/\/www.locansol.fr\/exposition-perpignan-chef-doeuvre-monumental\/#breadcrumb"},"inLanguage":"en-GB","potentialAction":[{"@type":"ReadAction","target":["https:\/\/www.locansol.fr\/exposition-perpignan-chef-doeuvre-monumental\/"]}]},{"@type":"ImageObject","inLanguage":"en-GB","@id":"https:\/\/www.locansol.fr\/exposition-perpignan-chef-doeuvre-monumental\/#primaryimage","url":"https:\/\/www.locansol.fr\/wp-content\/uploads\/2026\/04\/exposition-perpignan-chef-doeuvre-monumental.webp","contentUrl":"https:\/\/www.locansol.fr\/wp-content\/uploads\/2026\/04\/exposition-perpignan-chef-doeuvre-monumental.webp","width":1024,"height":605,"caption":"Exposition \u00e0 Perpignan : red\u00e9couvrez un chef-d'\u0153uvre monumental"},{"@type":"BreadcrumbList","@id":"https:\/\/www.locansol.fr\/exposition-perpignan-chef-doeuvre-monumental\/#breadcrumb","itemListElement":[{"@type":"ListItem","position":1,"name":"Accueil","item":"https:\/\/www.locansol.fr\/"},{"@type":"ListItem","position":2,"name":"Exposition \u00e0 Perpignan (24 mars-31 mai) : Red\u00e9couvrez un chef-d&rsquo;\u0153uvre monumental"}]},{"@type":"WebSite","@id":"https:\/\/www.locansol.fr\/#website","url":"https:\/\/www.locansol.fr\/","name":"Locansol, louer un h\u00e9bergement dans les Pyr\u00e9n\u00e9es-Orientales","description":"Location Mobil-home Mer M\u00e9diterran\u00e9e &amp; Chalet de Montagne dans les Pyr\u00e9n\u00e9es Orientales (Occitanie, 66). Weekend, s\u00e9jour &amp; vacances en famille et entre amis.","publisher":{"@id":"https:\/\/www.locansol.fr\/#organization"},"alternateName":"Louer un h\u00e9bergement dans les Pyr\u00e9n\u00e9es Orientales, chalet & mobil-home en Occitanie","potentialAction":[{"@type":"SearchAction","target":{"@type":"EntryPoint","urlTemplate":"https:\/\/www.locansol.fr\/?s={search_term_string}"},"query-input":{"@type":"PropertyValueSpecification","valueRequired":true,"valueName":"search_term_string"}}],"inLanguage":"en-GB"},{"@type":"Organization","@id":"https:\/\/www.locansol.fr\/#organization","name":"Location MobilHome & chalet dans les Pyr\u00e9n\u00e9es Orientales","alternateName":"Louer un h\u00e9bergement dans les Pyr\u00e9n\u00e9es Orientales en Occitanie","url":"https:\/\/www.locansol.fr\/","logo":{"@type":"ImageObject","inLanguage":"en-GB","@id":"https:\/\/www.locansol.fr\/#\/schema\/logo\/image\/","url":"https:\/\/www.locansol.fr\/wp-content\/uploads\/2024\/04\/AdobeStock_303324767-scaled.jpeg","contentUrl":"https:\/\/www.locansol.fr\/wp-content\/uploads\/2024\/04\/AdobeStock_303324767-scaled.jpeg","width":2560,"height":1707,"caption":"Location MobilHome & chalet dans les Pyr\u00e9n\u00e9es Orientales"},"image":{"@id":"https:\/\/www.locansol.fr\/#\/schema\/logo\/image\/"}},{"@type":"Person","@id":"https:\/\/www.locansol.fr\/#\/schema\/person\/0b08d440f1ac44674c6d498107de351d","name":"H\u00e9bergements Locansol","image":{"@type":"ImageObject","inLanguage":"en-GB","@id":"https:\/\/www.locansol.fr\/#\/schema\/person\/image\/","url":"https:\/\/secure.gravatar.com\/avatar\/444436b93284204f8116b6e0eb964cd3fcb811519c737232bde6dd5743c37ee5?s=96&d=mm&r=g","contentUrl":"https:\/\/secure.gravatar.com\/avatar\/444436b93284204f8116b6e0eb964cd3fcb811519c737232bde6dd5743c37ee5?s=96&d=mm&r=g","caption":"H\u00e9bergements Locansol"},"sameAs":["https:\/\/www.locansol.fr\/"],"url":"https:\/\/www.locansol.fr\/en\/author\/locansol\/"}]}},"_links":{"self":[{"href":"https:\/\/www.locansol.fr\/en\/wp-json\/wp\/v2\/posts\/6309","targetHints":{"allow":["GET"]}}],"collection":[{"href":"https:\/\/www.locansol.fr\/en\/wp-json\/wp\/v2\/posts"}],"about":[{"href":"https:\/\/www.locansol.fr\/en\/wp-json\/wp\/v2\/types\/post"}],"author":[{"embeddable":true,"href":"https:\/\/www.locansol.fr\/en\/wp-json\/wp\/v2\/users\/5"}],"replies":[{"embeddable":true,"href":"https:\/\/www.locansol.fr\/en\/wp-json\/wp\/v2\/comments?post=6309"}],"version-history":[{"count":1,"href":"https:\/\/www.locansol.fr\/en\/wp-json\/wp\/v2\/posts\/6309\/revisions"}],"predecessor-version":[{"id":6310,"href":"https:\/\/www.locansol.fr\/en\/wp-json\/wp\/v2\/posts\/6309\/revisions\/6310"}],"wp:featuredmedia":[{"embeddable":true,"href":"https:\/\/www.locansol.fr\/en\/wp-json\/wp\/v2\/media\/6308"}],"wp:attachment":[{"href":"https:\/\/www.locansol.fr\/en\/wp-json\/wp\/v2\/media?parent=6309"}],"wp:term":[{"taxonomy":"category","embeddable":true,"href":"https:\/\/www.locansol.fr\/en\/wp-json\/wp\/v2\/categories?post=6309"},{"taxonomy":"post_tag","embeddable":true,"href":"https:\/\/www.locansol.fr\/en\/wp-json\/wp\/v2\/tags?post=6309"}],"curies":[{"name":"wp","href":"https:\/\/api.w.org\/{rel}","templated":true}]}}