{"id":6336,"date":"2026-04-21T18:10:24","date_gmt":"2026-04-21T16:10:24","guid":{"rendered":"https:\/\/www.locansol.fr\/exposition-chef-d-oeuvre-monumental-perpignan\/"},"modified":"2026-04-21T18:10:29","modified_gmt":"2026-04-21T16:10:29","slug":"exposition-chef-d-oeuvre-monumental-perpignan","status":"publish","type":"post","link":"https:\/\/www.locansol.fr\/en\/exposition-chef-d-oeuvre-monumental-perpignan\/","title":{"rendered":"Perpignan, du 24 mars au 31 mai 2026 : Plong\u00e9e dans un chef-d&rsquo;\u0153uvre monumental au mus\u00e9e Rigaud"},"content":{"rendered":"<p>Du 24 mars au 31 mai 2026, Perpignan met \u00e0 l\u2019honneur son patrimoine artistique avec une exposition exceptionnelle au mus\u00e9e d&rsquo;art Hyacinthe Rigaud. Cet \u00e9v\u00e9nement, intitul\u00e9 \u00ab La red\u00e9couverte d\u2019un chef-d\u2019\u0153uvre monumental \u00bb, c\u00e9l\u00e8bre la restauration des volets du grand orgue de la cath\u00e9drale Saint-Jean-Baptiste, une \u0153uvre spectaculaire datant de 1504.<\/p>\n<p>### Une restauration d\u2019envergure pour un tr\u00e9sor m\u00e9connu<\/p>\n<p>Sous la direction de la Direction r\u00e9gionale des affaires culturelles d\u2019Occitanie, les volets de l\u2019orgue ont fait l\u2019objet d\u2019un projet de restauration ambitieux depuis 2022. Ces peintures monumentales, mesurant 12,6 m\u00e8tres de haut sur 4,3 m\u00e8tres de large, \u00e9taient initialement int\u00e9gr\u00e9es au buffet de l\u2019orgue de la cath\u00e9drale et accompagnaient les c\u00e9l\u00e9brations liturgiques gr\u00e2ce \u00e0 un syst\u00e8me d\u2019ouverture et de fermeture parfaitement harmonis\u00e9. Ce m\u00e9canisme faisait dialoguer la musique, la magnificence architecturale du lieu et les images sacr\u00e9es des volets, qui comportent une polychromie d&rsquo;exception sur leur face principale et une grisaille raffin\u00e9e sur leur revers.<\/p>\n<p>### Plong\u00e9e immersive dans l\u2019histoire et l\u2019art<\/p>\n<p>Gr\u00e2ce \u00e0 l\u2019implication de Pascale Picard, conservatrice du mus\u00e9e, cette exposition immersive pr\u00e9sente les toiles des parties basses et hautes des volets qui ont \u00e9t\u00e9 minutieusement restaur\u00e9es. Ainsi, vous pourrez admirer les d\u00e9tails et les couleurs \u00e9clatantes enfin retrouv\u00e9s apr\u00e8s un long travail, tout en d\u00e9couvrant comment ces \u0153uvres, d\u00e9mont\u00e9es au XIXe si\u00e8cle, ont \u00e9t\u00e9 pr\u00e9serv\u00e9es avant de r\u00e9appara\u00eetre dans toute leur splendeur. Des visites guid\u00e9es et des ateliers p\u00e9dagogiques accompagneront votre exploration, pour comprendre les techniques de restauration et l\u2019importance culturelle de cet h\u00e9ritage artistique.<\/p>\n<p>### Une invitation \u00e0 ressentir l\u2019\u00e2me du patrimoine occidental<\/p>\n<p>Mais ce n\u2019est pas seulement l\u2019aspect technique qui impressionne. En visitant cette exposition, vous plongerez dans l\u2019ambiance spirituelle et artistique unique de la cath\u00e9drale, qui amplifie la majest\u00e9 de ces volets. C\u2019est une v\u00e9ritable invitation \u00e0 red\u00e9couvrir l\u2019histoire et les \u00e9motions de ceux qui ont imagin\u00e9 et cr\u00e9\u00e9 ces \u0153uvres.<\/p>\n<p>### Informations pratiques<\/p>\n<p>L&rsquo;exposition se tiendra au mus\u00e9e d&rsquo;art Hyacinthe Rigaud, situ\u00e9 au 21 Rue Mailly, en plein centre de Perpignan. Le tarif d&rsquo;entr\u00e9e est fix\u00e9 \u00e0 8 \u20ac, une somme modique pour un voyage au c\u0153ur de l&rsquo;histoire de l&rsquo;art. Vous pouvez consulter toutes les pr\u00e9cisions sur les horaires et les modalit\u00e9s de r\u00e9servation sur le site officiel du mus\u00e9e.<\/p>\n<p>Ne manquez pas cette occasion unique de vous immerger dans un chef-d\u2019\u0153uvre monumental et d\u2019admirer le fruit d\u2019une restauration scrupuleuse men\u00e9e dans le plus grand respect du patrimoine. Faites de votre visite \u00e0 Perpignan une exp\u00e9rience culturelle marquante.<\/p>\n<h3>Practical information<\/h3>\n<p>\ud83d\udcc5 QUAND ? Du 24 mars au 31 mai 2026<br \/>\ud83d\udccd O\u00d9 ? Mus\u00e9e d&rsquo;art Hyacinthe Rigaud, 21 Rue Mailly, Perpignan<br \/>\ud83d\udcb6 COMBIEN ? 8 \u20ac<\/p>","protected":false},"excerpt":{"rendered":"<p>D\u00e9couvrez \u00e0 Perpignan, du 24 mars au 31 mai 2026, la restauration exceptionnelle des volets du grand orgue de la cath\u00e9drale Saint-Jean-Baptiste, au mus\u00e9e Rigaud.<\/p>","protected":false},"author":5,"featured_media":6335,"comment_status":"closed","ping_status":"open","sticky":false,"template":"","format":"standard","meta":{"_yoast_wpseo_focuskw":"exposition chef-d'\u0153uvre monumental Perpignan","_yoast_wpseo_title":"La red\u00e9couverte d\u2019un chef-d\u2019\u0153uvre monumental \u00e0 Perpignan","_yoast_wpseo_metadesc":"La red\u00e9couverte d\u2019un chef-d\u2019\u0153uvre monumental Perpignan. D\u00e9couvrez les volets restaur\u00e9s de l\u2019orgue de la cath\u00e9drale Saint-Jean-Baptiste. Une exposition immersive au mus\u00e9e Rigaud. Pyr\u00e9n\u00e9es-Orientales.","_yoast_wpseo_canonical":"","_yoast_wpseo_opengraph-title":"Plongez dans l'histoire : Perpignan r\u00e9v\u00e8le un chef-d'\u0153uvre monumental oubli\u00e9","_yoast_wpseo_opengraph-description":"Imaginez des couleurs \u00e9clatantes et des d\u00e9tails minutieux. D\u00e9couvrez les volets restaur\u00e9s de l\u2019orgue de la cath\u00e9drale Saint-Jean-Baptiste \u00e0 Perpignan. Une exp\u00e9rience immersive unique.","_yoast_wpseo_opengraph-image":"https:\/\/www.locansol.fr\/wp-content\/uploads\/2026\/04\/exposition-chef-d-oeuvre-monumental-perpignan.webp","_yoast_wpseo_opengraph-image-id":"","_yoast_wpseo_twitter-title":"D\u00e9couvrez un chef-d'\u0153uvre monumental oubli\u00e9 \u00e0 Perpignan","_yoast_wpseo_twitter-description":"Plongez dans l'histoire de l'art avec les volets restaur\u00e9s de l\u2019orgue de la cath\u00e9drale Saint-Jean-Baptiste. Une exposition immersive \u00e0 ne pas manquer \u00e0 Perpignan.","_yoast_wpseo_twitter-image":"https:\/\/www.locansol.fr\/wp-content\/uploads\/2026\/04\/exposition-chef-d-oeuvre-monumental-perpignan.webp","_yoast_wpseo_twitter-image-id":"","yoast_primary_category":"Exposition","footnotes":""},"categories":[35],"tags":[66,76],"class_list":["post-6336","post","type-post","status-publish","format-standard","has-post-thumbnail","hentry","category-carnaval","tag-evenement-culturel","tag-pyrenees-orientales"],"yoast_head":"<!-- This site is optimized with the Yoast SEO Premium plugin v23.3 (Yoast SEO v26.9) - https:\/\/yoast.com\/product\/yoast-seo-premium-wordpress\/ -->\n<title>La red\u00e9couverte d\u2019un chef-d\u2019\u0153uvre monumental \u00e0 Perpignan<\/title>\n<meta name=\"description\" content=\"La red\u00e9couverte d\u2019un chef-d\u2019\u0153uvre monumental Perpignan. D\u00e9couvrez les volets restaur\u00e9s de l\u2019orgue de la cath\u00e9drale Saint-Jean-Baptiste. Une exposition immersive au mus\u00e9e Rigaud. Pyr\u00e9n\u00e9es-Orientales.\" \/>\n<meta name=\"robots\" content=\"index, follow, max-snippet:-1, max-image-preview:large, max-video-preview:-1\" \/>\n<link rel=\"canonical\" href=\"https:\/\/www.locansol.fr\/en\/exposition-chef-d-oeuvre-monumental-perpignan\/\" \/>\n<meta property=\"og:locale\" content=\"en_GB\" \/>\n<meta property=\"og:type\" content=\"article\" \/>\n<meta property=\"og:title\" content=\"Plongez dans l&#039;histoire : Perpignan r\u00e9v\u00e8le un chef-d&#039;\u0153uvre monumental oubli\u00e9\" \/>\n<meta property=\"og:description\" content=\"Imaginez des couleurs \u00e9clatantes et des d\u00e9tails minutieux. D\u00e9couvrez les volets restaur\u00e9s de l\u2019orgue de la cath\u00e9drale Saint-Jean-Baptiste \u00e0 Perpignan. Une exp\u00e9rience immersive unique.\" \/>\n<meta property=\"og:url\" content=\"https:\/\/www.locansol.fr\/en\/exposition-chef-d-oeuvre-monumental-perpignan\/\" \/>\n<meta property=\"og:site_name\" content=\"Locansol, louer un h\u00e9bergement dans les Pyr\u00e9n\u00e9es Orientales\" \/>\n<meta property=\"article:published_time\" content=\"2026-04-21T16:10:24+00:00\" \/>\n<meta property=\"article:modified_time\" content=\"2026-04-21T16:10:29+00:00\" \/>\n<meta property=\"og:image\" content=\"https:\/\/www.locansol.fr\/wp-content\/uploads\/2026\/04\/exposition-chef-d-oeuvre-monumental-perpignan.webp\" \/>\n<meta name=\"author\" content=\"H\u00e9bergements Locansol\" \/>\n<meta name=\"twitter:card\" content=\"summary_large_image\" \/>\n<meta name=\"twitter:title\" content=\"D\u00e9couvrez un chef-d&#039;\u0153uvre monumental oubli\u00e9 \u00e0 Perpignan\" \/>\n<meta name=\"twitter:description\" content=\"Plongez dans l&#039;histoire de l&#039;art avec les volets restaur\u00e9s de l\u2019orgue de la cath\u00e9drale Saint-Jean-Baptiste. Une exposition immersive \u00e0 ne pas manquer \u00e0 Perpignan.\" \/>\n<meta name=\"twitter:image\" content=\"https:\/\/www.locansol.fr\/wp-content\/uploads\/2026\/04\/exposition-chef-d-oeuvre-monumental-perpignan.webp\" \/>\n<meta name=\"twitter:label1\" content=\"Written by\" \/>\n\t<meta name=\"twitter:data1\" content=\"H\u00e9bergements Locansol\" \/>\n\t<meta name=\"twitter:label2\" content=\"Estimated reading time\" \/>\n\t<meta name=\"twitter:data2\" content=\"2 minutes\" \/>\n<script type=\"application\/ld+json\" class=\"yoast-schema-graph\">{\"@context\":\"https:\/\/schema.org\",\"@graph\":[{\"@type\":\"Article\",\"@id\":\"https:\/\/www.locansol.fr\/exposition-chef-d-oeuvre-monumental-perpignan\/#article\",\"isPartOf\":{\"@id\":\"https:\/\/www.locansol.fr\/exposition-chef-d-oeuvre-monumental-perpignan\/\"},\"author\":{\"name\":\"H\u00e9bergements Locansol\",\"@id\":\"https:\/\/www.locansol.fr\/#\/schema\/person\/0b08d440f1ac44674c6d498107de351d\"},\"headline\":\"Perpignan, du 24 mars au 31 mai 2026 : Plong\u00e9e dans un chef-d&rsquo;\u0153uvre monumental au mus\u00e9e Rigaud\",\"datePublished\":\"2026-04-21T16:10:24+00:00\",\"dateModified\":\"2026-04-21T16:10:29+00:00\",\"mainEntityOfPage\":{\"@id\":\"https:\/\/www.locansol.fr\/exposition-chef-d-oeuvre-monumental-perpignan\/\"},\"wordCount\":499,\"publisher\":{\"@id\":\"https:\/\/www.locansol.fr\/#organization\"},\"image\":{\"@id\":\"https:\/\/www.locansol.fr\/exposition-chef-d-oeuvre-monumental-perpignan\/#primaryimage\"},\"thumbnailUrl\":\"https:\/\/www.locansol.fr\/wp-content\/uploads\/2026\/04\/exposition-chef-d-oeuvre-monumental-perpignan.webp\",\"keywords\":[\"\u00c9v\u00e8nement culturel\",\"Pyr\u00e9n\u00e9es-Orientales\"],\"articleSection\":[\"Carnaval\"],\"inLanguage\":\"en-GB\"},{\"@type\":\"WebPage\",\"@id\":\"https:\/\/www.locansol.fr\/exposition-chef-d-oeuvre-monumental-perpignan\/\",\"url\":\"https:\/\/www.locansol.fr\/exposition-chef-d-oeuvre-monumental-perpignan\/\",\"name\":\"La red\u00e9couverte d\u2019un chef-d\u2019\u0153uvre monumental \u00e0 Perpignan\",\"isPartOf\":{\"@id\":\"https:\/\/www.locansol.fr\/#website\"},\"primaryImageOfPage\":{\"@id\":\"https:\/\/www.locansol.fr\/exposition-chef-d-oeuvre-monumental-perpignan\/#primaryimage\"},\"image\":{\"@id\":\"https:\/\/www.locansol.fr\/exposition-chef-d-oeuvre-monumental-perpignan\/#primaryimage\"},\"thumbnailUrl\":\"https:\/\/www.locansol.fr\/wp-content\/uploads\/2026\/04\/exposition-chef-d-oeuvre-monumental-perpignan.webp\",\"datePublished\":\"2026-04-21T16:10:24+00:00\",\"dateModified\":\"2026-04-21T16:10:29+00:00\",\"description\":\"La red\u00e9couverte d\u2019un chef-d\u2019\u0153uvre monumental Perpignan. D\u00e9couvrez les volets restaur\u00e9s de l\u2019orgue de la cath\u00e9drale Saint-Jean-Baptiste. Une exposition immersive au mus\u00e9e Rigaud. Pyr\u00e9n\u00e9es-Orientales.\",\"breadcrumb\":{\"@id\":\"https:\/\/www.locansol.fr\/exposition-chef-d-oeuvre-monumental-perpignan\/#breadcrumb\"},\"inLanguage\":\"en-GB\",\"potentialAction\":[{\"@type\":\"ReadAction\",\"target\":[\"https:\/\/www.locansol.fr\/exposition-chef-d-oeuvre-monumental-perpignan\/\"]}]},{\"@type\":\"ImageObject\",\"inLanguage\":\"en-GB\",\"@id\":\"https:\/\/www.locansol.fr\/exposition-chef-d-oeuvre-monumental-perpignan\/#primaryimage\",\"url\":\"https:\/\/www.locansol.fr\/wp-content\/uploads\/2026\/04\/exposition-chef-d-oeuvre-monumental-perpignan.webp\",\"contentUrl\":\"https:\/\/www.locansol.fr\/wp-content\/uploads\/2026\/04\/exposition-chef-d-oeuvre-monumental-perpignan.webp\",\"width\":1024,\"height\":605,\"caption\":\"La red\u00e9couverte d\u2019un chef-d\u2019\u0153uvre monumental \u00e0 Perpignan\"},{\"@type\":\"BreadcrumbList\",\"@id\":\"https:\/\/www.locansol.fr\/exposition-chef-d-oeuvre-monumental-perpignan\/#breadcrumb\",\"itemListElement\":[{\"@type\":\"ListItem\",\"position\":1,\"name\":\"Accueil\",\"item\":\"https:\/\/www.locansol.fr\/\"},{\"@type\":\"ListItem\",\"position\":2,\"name\":\"Perpignan, du 24 mars au 31 mai 2026 : Plong\u00e9e dans un chef-d&rsquo;\u0153uvre monumental au mus\u00e9e Rigaud\"}]},{\"@type\":\"WebSite\",\"@id\":\"https:\/\/www.locansol.fr\/#website\",\"url\":\"https:\/\/www.locansol.fr\/\",\"name\":\"Locansol, louer un h\u00e9bergement dans les Pyr\u00e9n\u00e9es-Orientales\",\"description\":\"Location Mobil-home Mer M\u00e9diterran\u00e9e &amp; Chalet de Montagne dans les Pyr\u00e9n\u00e9es Orientales (Occitanie, 66). Weekend, s\u00e9jour &amp; vacances en famille et entre amis.\",\"publisher\":{\"@id\":\"https:\/\/www.locansol.fr\/#organization\"},\"alternateName\":\"Louer un h\u00e9bergement dans les Pyr\u00e9n\u00e9es Orientales, chalet & mobil-home en Occitanie\",\"potentialAction\":[{\"@type\":\"SearchAction\",\"target\":{\"@type\":\"EntryPoint\",\"urlTemplate\":\"https:\/\/www.locansol.fr\/?s={search_term_string}\"},\"query-input\":{\"@type\":\"PropertyValueSpecification\",\"valueRequired\":true,\"valueName\":\"search_term_string\"}}],\"inLanguage\":\"en-GB\"},{\"@type\":\"Organization\",\"@id\":\"https:\/\/www.locansol.fr\/#organization\",\"name\":\"Location MobilHome & chalet dans les Pyr\u00e9n\u00e9es Orientales\",\"alternateName\":\"Louer un h\u00e9bergement dans les Pyr\u00e9n\u00e9es Orientales en Occitanie\",\"url\":\"https:\/\/www.locansol.fr\/\",\"logo\":{\"@type\":\"ImageObject\",\"inLanguage\":\"en-GB\",\"@id\":\"https:\/\/www.locansol.fr\/#\/schema\/logo\/image\/\",\"url\":\"https:\/\/www.locansol.fr\/wp-content\/uploads\/2024\/04\/AdobeStock_303324767-scaled.jpeg\",\"contentUrl\":\"https:\/\/www.locansol.fr\/wp-content\/uploads\/2024\/04\/AdobeStock_303324767-scaled.jpeg\",\"width\":2560,\"height\":1707,\"caption\":\"Location MobilHome & chalet dans les Pyr\u00e9n\u00e9es Orientales\"},\"image\":{\"@id\":\"https:\/\/www.locansol.fr\/#\/schema\/logo\/image\/\"}},{\"@type\":\"Person\",\"@id\":\"https:\/\/www.locansol.fr\/#\/schema\/person\/0b08d440f1ac44674c6d498107de351d\",\"name\":\"H\u00e9bergements Locansol\",\"image\":{\"@type\":\"ImageObject\",\"inLanguage\":\"en-GB\",\"@id\":\"https:\/\/www.locansol.fr\/#\/schema\/person\/image\/\",\"url\":\"https:\/\/secure.gravatar.com\/avatar\/444436b93284204f8116b6e0eb964cd3fcb811519c737232bde6dd5743c37ee5?s=96&d=mm&r=g\",\"contentUrl\":\"https:\/\/secure.gravatar.com\/avatar\/444436b93284204f8116b6e0eb964cd3fcb811519c737232bde6dd5743c37ee5?s=96&d=mm&r=g\",\"caption\":\"H\u00e9bergements Locansol\"},\"sameAs\":[\"https:\/\/www.locansol.fr\/\"],\"url\":\"https:\/\/www.locansol.fr\/en\/author\/locansol\/\"}]}<\/script>\n<!-- \/ Yoast SEO Premium plugin. -->","yoast_head_json":{"title":"La red\u00e9couverte d\u2019un chef-d\u2019\u0153uvre monumental \u00e0 Perpignan","description":"La red\u00e9couverte d\u2019un chef-d\u2019\u0153uvre monumental Perpignan. D\u00e9couvrez les volets restaur\u00e9s de l\u2019orgue de la cath\u00e9drale Saint-Jean-Baptiste. Une exposition immersive au mus\u00e9e Rigaud. Pyr\u00e9n\u00e9es-Orientales.","robots":{"index":"index","follow":"follow","max-snippet":"max-snippet:-1","max-image-preview":"max-image-preview:large","max-video-preview":"max-video-preview:-1"},"canonical":"https:\/\/www.locansol.fr\/en\/exposition-chef-d-oeuvre-monumental-perpignan\/","og_locale":"en_GB","og_type":"article","og_title":"Plongez dans l'histoire : Perpignan r\u00e9v\u00e8le un chef-d'\u0153uvre monumental oubli\u00e9","og_description":"Imaginez des couleurs \u00e9clatantes et des d\u00e9tails minutieux. D\u00e9couvrez les volets restaur\u00e9s de l\u2019orgue de la cath\u00e9drale Saint-Jean-Baptiste \u00e0 Perpignan. Une exp\u00e9rience immersive unique.","og_url":"https:\/\/www.locansol.fr\/en\/exposition-chef-d-oeuvre-monumental-perpignan\/","og_site_name":"Locansol, louer un h\u00e9bergement dans les Pyr\u00e9n\u00e9es Orientales","article_published_time":"2026-04-21T16:10:24+00:00","article_modified_time":"2026-04-21T16:10:29+00:00","og_image":[{"url":"https:\/\/www.locansol.fr\/wp-content\/uploads\/2026\/04\/exposition-chef-d-oeuvre-monumental-perpignan.webp","type":"","width":"","height":""}],"author":"H\u00e9bergements Locansol","twitter_card":"summary_large_image","twitter_title":"D\u00e9couvrez un chef-d'\u0153uvre monumental oubli\u00e9 \u00e0 Perpignan","twitter_description":"Plongez dans l'histoire de l'art avec les volets restaur\u00e9s de l\u2019orgue de la cath\u00e9drale Saint-Jean-Baptiste. Une exposition immersive \u00e0 ne pas manquer \u00e0 Perpignan.","twitter_image":"https:\/\/www.locansol.fr\/wp-content\/uploads\/2026\/04\/exposition-chef-d-oeuvre-monumental-perpignan.webp","twitter_misc":{"Written by":"H\u00e9bergements Locansol","Estimated reading time":"2 minutes"},"schema":{"@context":"https:\/\/schema.org","@graph":[{"@type":"Article","@id":"https:\/\/www.locansol.fr\/exposition-chef-d-oeuvre-monumental-perpignan\/#article","isPartOf":{"@id":"https:\/\/www.locansol.fr\/exposition-chef-d-oeuvre-monumental-perpignan\/"},"author":{"name":"H\u00e9bergements Locansol","@id":"https:\/\/www.locansol.fr\/#\/schema\/person\/0b08d440f1ac44674c6d498107de351d"},"headline":"Perpignan, du 24 mars au 31 mai 2026 : Plong\u00e9e dans un chef-d&rsquo;\u0153uvre monumental au mus\u00e9e Rigaud","datePublished":"2026-04-21T16:10:24+00:00","dateModified":"2026-04-21T16:10:29+00:00","mainEntityOfPage":{"@id":"https:\/\/www.locansol.fr\/exposition-chef-d-oeuvre-monumental-perpignan\/"},"wordCount":499,"publisher":{"@id":"https:\/\/www.locansol.fr\/#organization"},"image":{"@id":"https:\/\/www.locansol.fr\/exposition-chef-d-oeuvre-monumental-perpignan\/#primaryimage"},"thumbnailUrl":"https:\/\/www.locansol.fr\/wp-content\/uploads\/2026\/04\/exposition-chef-d-oeuvre-monumental-perpignan.webp","keywords":["\u00c9v\u00e8nement culturel","Pyr\u00e9n\u00e9es-Orientales"],"articleSection":["Carnaval"],"inLanguage":"en-GB"},{"@type":"WebPage","@id":"https:\/\/www.locansol.fr\/exposition-chef-d-oeuvre-monumental-perpignan\/","url":"https:\/\/www.locansol.fr\/exposition-chef-d-oeuvre-monumental-perpignan\/","name":"La red\u00e9couverte d\u2019un chef-d\u2019\u0153uvre monumental \u00e0 Perpignan","isPartOf":{"@id":"https:\/\/www.locansol.fr\/#website"},"primaryImageOfPage":{"@id":"https:\/\/www.locansol.fr\/exposition-chef-d-oeuvre-monumental-perpignan\/#primaryimage"},"image":{"@id":"https:\/\/www.locansol.fr\/exposition-chef-d-oeuvre-monumental-perpignan\/#primaryimage"},"thumbnailUrl":"https:\/\/www.locansol.fr\/wp-content\/uploads\/2026\/04\/exposition-chef-d-oeuvre-monumental-perpignan.webp","datePublished":"2026-04-21T16:10:24+00:00","dateModified":"2026-04-21T16:10:29+00:00","description":"La red\u00e9couverte d\u2019un chef-d\u2019\u0153uvre monumental Perpignan. D\u00e9couvrez les volets restaur\u00e9s de l\u2019orgue de la cath\u00e9drale Saint-Jean-Baptiste. Une exposition immersive au mus\u00e9e Rigaud. Pyr\u00e9n\u00e9es-Orientales.","breadcrumb":{"@id":"https:\/\/www.locansol.fr\/exposition-chef-d-oeuvre-monumental-perpignan\/#breadcrumb"},"inLanguage":"en-GB","potentialAction":[{"@type":"ReadAction","target":["https:\/\/www.locansol.fr\/exposition-chef-d-oeuvre-monumental-perpignan\/"]}]},{"@type":"ImageObject","inLanguage":"en-GB","@id":"https:\/\/www.locansol.fr\/exposition-chef-d-oeuvre-monumental-perpignan\/#primaryimage","url":"https:\/\/www.locansol.fr\/wp-content\/uploads\/2026\/04\/exposition-chef-d-oeuvre-monumental-perpignan.webp","contentUrl":"https:\/\/www.locansol.fr\/wp-content\/uploads\/2026\/04\/exposition-chef-d-oeuvre-monumental-perpignan.webp","width":1024,"height":605,"caption":"La red\u00e9couverte d\u2019un chef-d\u2019\u0153uvre monumental \u00e0 Perpignan"},{"@type":"BreadcrumbList","@id":"https:\/\/www.locansol.fr\/exposition-chef-d-oeuvre-monumental-perpignan\/#breadcrumb","itemListElement":[{"@type":"ListItem","position":1,"name":"Accueil","item":"https:\/\/www.locansol.fr\/"},{"@type":"ListItem","position":2,"name":"Perpignan, du 24 mars au 31 mai 2026 : Plong\u00e9e dans un chef-d&rsquo;\u0153uvre monumental au mus\u00e9e Rigaud"}]},{"@type":"WebSite","@id":"https:\/\/www.locansol.fr\/#website","url":"https:\/\/www.locansol.fr\/","name":"Locansol, louer un h\u00e9bergement dans les Pyr\u00e9n\u00e9es-Orientales","description":"Location Mobil-home Mer M\u00e9diterran\u00e9e &amp; Chalet de Montagne dans les Pyr\u00e9n\u00e9es Orientales (Occitanie, 66). Weekend, s\u00e9jour &amp; vacances en famille et entre amis.","publisher":{"@id":"https:\/\/www.locansol.fr\/#organization"},"alternateName":"Louer un h\u00e9bergement dans les Pyr\u00e9n\u00e9es Orientales, chalet & mobil-home en Occitanie","potentialAction":[{"@type":"SearchAction","target":{"@type":"EntryPoint","urlTemplate":"https:\/\/www.locansol.fr\/?s={search_term_string}"},"query-input":{"@type":"PropertyValueSpecification","valueRequired":true,"valueName":"search_term_string"}}],"inLanguage":"en-GB"},{"@type":"Organization","@id":"https:\/\/www.locansol.fr\/#organization","name":"Location MobilHome & chalet dans les Pyr\u00e9n\u00e9es Orientales","alternateName":"Louer un h\u00e9bergement dans les Pyr\u00e9n\u00e9es Orientales en Occitanie","url":"https:\/\/www.locansol.fr\/","logo":{"@type":"ImageObject","inLanguage":"en-GB","@id":"https:\/\/www.locansol.fr\/#\/schema\/logo\/image\/","url":"https:\/\/www.locansol.fr\/wp-content\/uploads\/2024\/04\/AdobeStock_303324767-scaled.jpeg","contentUrl":"https:\/\/www.locansol.fr\/wp-content\/uploads\/2024\/04\/AdobeStock_303324767-scaled.jpeg","width":2560,"height":1707,"caption":"Location MobilHome & chalet dans les Pyr\u00e9n\u00e9es Orientales"},"image":{"@id":"https:\/\/www.locansol.fr\/#\/schema\/logo\/image\/"}},{"@type":"Person","@id":"https:\/\/www.locansol.fr\/#\/schema\/person\/0b08d440f1ac44674c6d498107de351d","name":"H\u00e9bergements Locansol","image":{"@type":"ImageObject","inLanguage":"en-GB","@id":"https:\/\/www.locansol.fr\/#\/schema\/person\/image\/","url":"https:\/\/secure.gravatar.com\/avatar\/444436b93284204f8116b6e0eb964cd3fcb811519c737232bde6dd5743c37ee5?s=96&d=mm&r=g","contentUrl":"https:\/\/secure.gravatar.com\/avatar\/444436b93284204f8116b6e0eb964cd3fcb811519c737232bde6dd5743c37ee5?s=96&d=mm&r=g","caption":"H\u00e9bergements Locansol"},"sameAs":["https:\/\/www.locansol.fr\/"],"url":"https:\/\/www.locansol.fr\/en\/author\/locansol\/"}]}},"_links":{"self":[{"href":"https:\/\/www.locansol.fr\/en\/wp-json\/wp\/v2\/posts\/6336","targetHints":{"allow":["GET"]}}],"collection":[{"href":"https:\/\/www.locansol.fr\/en\/wp-json\/wp\/v2\/posts"}],"about":[{"href":"https:\/\/www.locansol.fr\/en\/wp-json\/wp\/v2\/types\/post"}],"author":[{"embeddable":true,"href":"https:\/\/www.locansol.fr\/en\/wp-json\/wp\/v2\/users\/5"}],"replies":[{"embeddable":true,"href":"https:\/\/www.locansol.fr\/en\/wp-json\/wp\/v2\/comments?post=6336"}],"version-history":[{"count":1,"href":"https:\/\/www.locansol.fr\/en\/wp-json\/wp\/v2\/posts\/6336\/revisions"}],"predecessor-version":[{"id":6337,"href":"https:\/\/www.locansol.fr\/en\/wp-json\/wp\/v2\/posts\/6336\/revisions\/6337"}],"wp:featuredmedia":[{"embeddable":true,"href":"https:\/\/www.locansol.fr\/en\/wp-json\/wp\/v2\/media\/6335"}],"wp:attachment":[{"href":"https:\/\/www.locansol.fr\/en\/wp-json\/wp\/v2\/media?parent=6336"}],"wp:term":[{"taxonomy":"category","embeddable":true,"href":"https:\/\/www.locansol.fr\/en\/wp-json\/wp\/v2\/categories?post=6336"},{"taxonomy":"post_tag","embeddable":true,"href":"https:\/\/www.locansol.fr\/en\/wp-json\/wp\/v2\/tags?post=6336"}],"curies":[{"name":"wp","href":"https:\/\/api.w.org\/{rel}","templated":true}]}}