{"id":6391,"date":"2026-04-22T14:11:07","date_gmt":"2026-04-22T12:11:07","guid":{"rendered":"https:\/\/www.locansol.fr\/exposition-volets-peints-perpignan\/"},"modified":"2026-04-22T14:11:11","modified_gmt":"2026-04-22T12:11:11","slug":"exposition-volets-peints-perpignan","status":"publish","type":"post","link":"https:\/\/www.locansol.fr\/en\/exposition-volets-peints-perpignan\/","title":{"rendered":"Perpignan 2026 : L&rsquo;exposition qui d\u00e9voile les tr\u00e9sors cach\u00e9s de sa cath\u00e9drale"},"content":{"rendered":"<p>Nich\u00e9e au c\u0153ur historique de Perpignan, l\u2019exposition \u00ab La Red\u00e9couverte d\u2019un Chef-d\u2019\u0152uvre Monumental \u00bb promet d\u2019\u00eatre l\u2019un des grands \u00e9v\u00e9nements culturels de 2026. Du 24 mars au 31 mai, les amateurs d\u2019art, d\u2019histoire et de patrimoine sont invit\u00e9s \u00e0 explorer une v\u00e9ritable p\u00e9pite artistique : les volets peints du grand orgue de la cath\u00e9drale Saint-Jean-Baptiste.<\/p>\n<p>### Une restauration exceptionnelle pour un chef-d\u2019\u0153uvre hors du commun<\/p>\n<p>Cet \u00e9v\u00e9nement, accueillant ses visiteurs \u00e0 l\u2019adresse embl\u00e9matique du 21 Rue Mailly, c\u00e9l\u00e8bre la mise en lumi\u00e8re des somptueux volets peints en 1504. Ces panneaux, impressionnants par leurs dimensions \u2013 12,6 m\u00e8tres de haut sur 4,3 m\u00e8tres de large \u2013 et leur polychromie subtile, sont consid\u00e9r\u00e9s comme l\u2019un des ensembles picturaux les plus spectaculaires d\u2019Europe.<\/p>\n<p>Apr\u00e8s avoir \u00e9t\u00e9 d\u00e9plac\u00e9s au XIXe si\u00e8cle et oubli\u00e9s par le grand public, ces tr\u00e9sors ont b\u00e9n\u00e9fici\u00e9 d\u2019un chantier de restauration titanesque qui a \u00e9t\u00e9 lanc\u00e9 en 2022 sous la direction experte des services de l\u2019\u00c9tat. Ce projet a non seulement redonn\u00e9 tout leur \u00e9clat \u00e0 ces remarquables peintures \u00e0 la d\u00e9trempe sur toile, mais a \u00e9galement repouss\u00e9 les fronti\u00e8res de la compr\u00e9hension de leur histoire et des techniques artistiques utilis\u00e9es au XVIe si\u00e8cle.<\/p>\n<p>### Une immersion dans l\u2019art et la spiritualit\u00e9<\/p>\n<p>Cette exposition unique en son genre ne se limite pas \u00e0 la mise en valeur des \u0153uvres restaur\u00e9es. Elle plonge les visiteurs dans l\u2019histoire des volets peints, qui, \u00e0 l\u2019origine, participaient \u00e0 un dialogue spirituel entre l\u2019art, la musique et l\u2019architecture de la cath\u00e9drale. Traditionnellement adapt\u00e9s au cycle liturgique, ces volets offraient une v\u00e9ritable mise en sc\u00e8ne o\u00f9 chaque d\u00e9tail pictural prenait un sens profond.<\/p>\n<p>Des explications didactiques accompagneront votre visite, d\u00e9voilant les secrets de leur usage nagu\u00e8re et leur symbolisme religieux. Vous pourrez admirer la riche polychromie et le travail minutieux de la grisaille sur le revers de ces panneaux, tout en appr\u00e9ciant comment l\u2019art sacr\u00e9 transcende les \u00e9poques pour dialoguer avec le visiteur contemporain.<\/p>\n<p>### Pourquoi ne pas manquer cet \u00e9v\u00e9nement ?<\/p>\n<p>Que vous soyez passionn\u00e9 d\u2019histoire, amateur d\u2019art ou simplement curieux, l\u2019exposition vous promet une exp\u00e9rience inspirante. Elle raconte une page m\u00e9connue du patrimoine historique de Perpignan et vous ouvre les yeux sur des savoir-faire artistiques extraordinaires. Dans une atmosph\u00e8re propice \u00e0 la d\u00e9couverte et \u00e0 la contemplation, cette immersion dans l\u2019univers religieux et artistique du XVIe si\u00e8cle ne manquera pas de vous \u00e9merveiller.<\/p>\n<p>### Informations pratiques<\/p>\n<p>Pour ne rien rater, bloquez d\u00e8s maintenant vos agendas : \u00ab La Red\u00e9couverte d&rsquo;un Chef-d&rsquo;\u0152uvre Monumental \u00bb se tiendra du 24 mars au 31 mai 2026. Le tarif d\u2019entr\u00e9e est fix\u00e9 \u00e0 8 \u20ac, et le lieu de l\u2019exposition se situe au 21 Rue Mailly, en plein centre de Perpignan.<\/p>\n<p>Pour pr\u00e9parer au mieux votre visite ou obtenir des renseignements compl\u00e9mentaires, vous pouvez contacter l&rsquo;Office du Tourisme de Perpignan situ\u00e9 Place Arago. Ils sont joignables par t\u00e9l\u00e9phone au 04 68 66 30 30 ou par mail \u00e0 l\u2019adresse info@perpignantourisme.com.<\/p>\n<p>### Conclusion<\/p>\n<p>Ne passez pas \u00e0 c\u00f4t\u00e9 de l\u2019occasion unique de contempler ces volets monumentaux restaur\u00e9s dans toute leur splendeur et de plonger dans l\u2019histoire culturelle et spirituelle de Perpignan. Prenez le temps de d\u00e9couvrir ce chef-d\u2019\u0153uvre oubli\u00e9 et repartez la t\u00eate pleine de connaissances et d\u2019\u00e9merveillement.<\/p>\n<h3>Practical information<\/h3>\n<p>\ud83d\udcc5 QUAND ? Du 24 mars au 31 mai 2026<br \/>\ud83d\udccd O\u00d9 ? 21 Rue Mailly, Perpignan<br \/>\ud83d\udcb6 COMBIEN ? 8,00 \u20ac<\/p>","protected":false},"excerpt":{"rendered":"<p>D\u00e9couvrez l\u2019exposition exceptionnelle des volets peints du grand orgue de la cath\u00e9drale de Perpignan, restaur\u00e9s et d\u00e9voil\u00e9s du 24 mars au 31 mai 2026.<\/p>","protected":false},"author":5,"featured_media":6390,"comment_status":"closed","ping_status":"open","sticky":false,"template":"","format":"standard","meta":{"_yoast_wpseo_focuskw":"Exposition volets peints Perpignan","_yoast_wpseo_title":"La Red\u00e9couverte d\u2019un Chef-d\u2019\u0152uvre Monumental Perpignan","_yoast_wpseo_metadesc":"La Red\u00e9couverte d\u2019un Chef-d\u2019\u0152uvre Monumental Perpignan r\u00e9v\u00e8le les tr\u00e9sors cach\u00e9s de sa cath\u00e9drale. D\u00e9couvrez des volets peints du XVIe si\u00e8cle dans les Pyr\u00e9n\u00e9es-Orientales. Une exposition \u00e0 ne pas manquer !","_yoast_wpseo_canonical":"","_yoast_wpseo_opengraph-title":"D\u00e9couvrez l'\u00e9motion : Perpignan d\u00e9voile ses tr\u00e9sors cach\u00e9s \u2014 Une plong\u00e9e dans l'art sacr\u00e9","_yoast_wpseo_opengraph-description":"Imaginez des volets monumentaux du XVIe si\u00e8cle, restaur\u00e9s \u00e0 leur splendeur d'origine. Plongez dans l'histoire et l'art sacr\u00e9 \u00e0 Perpignan. Une exp\u00e9rience inoubliable vous attend.","_yoast_wpseo_opengraph-image":"https:\/\/www.locansol.fr\/wp-content\/uploads\/2026\/04\/exposition-volets-peints-perpignan.webp","_yoast_wpseo_opengraph-image-id":"","_yoast_wpseo_twitter-title":"D\u00e9couvrez les tr\u00e9sors cach\u00e9s de Perpignan en 2026 !","_yoast_wpseo_twitter-description":"Plongez dans l'histoire et l'art sacr\u00e9 \u00e0 Perpignan. D\u00e9couvrez les volets peints du XVIe si\u00e8cle, restaur\u00e9s pour votre \u00e9merveillement.","_yoast_wpseo_twitter-image":"https:\/\/www.locansol.fr\/wp-content\/uploads\/2026\/04\/exposition-volets-peints-perpignan.webp","_yoast_wpseo_twitter-image-id":"","yoast_primary_category":"Exposition","footnotes":""},"categories":[35],"tags":[66,76],"class_list":["post-6391","post","type-post","status-publish","format-standard","has-post-thumbnail","hentry","category-carnaval","tag-evenement-culturel","tag-pyrenees-orientales"],"yoast_head":"<!-- This site is optimized with the Yoast SEO Premium plugin v23.3 (Yoast SEO v26.9) - https:\/\/yoast.com\/product\/yoast-seo-premium-wordpress\/ -->\n<title>La Red\u00e9couverte d\u2019un Chef-d\u2019\u0152uvre Monumental Perpignan<\/title>\n<meta name=\"description\" content=\"La Red\u00e9couverte d\u2019un Chef-d\u2019\u0152uvre Monumental Perpignan r\u00e9v\u00e8le les tr\u00e9sors cach\u00e9s de sa cath\u00e9drale. D\u00e9couvrez des volets peints du XVIe si\u00e8cle dans les Pyr\u00e9n\u00e9es-Orientales. Une exposition \u00e0 ne pas manquer !\" \/>\n<meta name=\"robots\" content=\"index, follow, max-snippet:-1, max-image-preview:large, max-video-preview:-1\" \/>\n<link rel=\"canonical\" href=\"https:\/\/www.locansol.fr\/en\/exposition-volets-peints-perpignan\/\" \/>\n<meta property=\"og:locale\" content=\"en_GB\" \/>\n<meta property=\"og:type\" content=\"article\" \/>\n<meta property=\"og:title\" content=\"D\u00e9couvrez l&#039;\u00e9motion : Perpignan d\u00e9voile ses tr\u00e9sors cach\u00e9s \u2014 Une plong\u00e9e dans l&#039;art sacr\u00e9\" \/>\n<meta property=\"og:description\" content=\"Imaginez des volets monumentaux du XVIe si\u00e8cle, restaur\u00e9s \u00e0 leur splendeur d&#039;origine. Plongez dans l&#039;histoire et l&#039;art sacr\u00e9 \u00e0 Perpignan. Une exp\u00e9rience inoubliable vous attend.\" \/>\n<meta property=\"og:url\" content=\"https:\/\/www.locansol.fr\/en\/exposition-volets-peints-perpignan\/\" \/>\n<meta property=\"og:site_name\" content=\"Locansol, louer un h\u00e9bergement dans les Pyr\u00e9n\u00e9es Orientales\" \/>\n<meta property=\"article:published_time\" content=\"2026-04-22T12:11:07+00:00\" \/>\n<meta property=\"article:modified_time\" content=\"2026-04-22T12:11:11+00:00\" \/>\n<meta property=\"og:image\" content=\"https:\/\/www.locansol.fr\/wp-content\/uploads\/2026\/04\/exposition-volets-peints-perpignan.webp\" \/>\n<meta name=\"author\" content=\"H\u00e9bergements Locansol\" \/>\n<meta name=\"twitter:card\" content=\"summary_large_image\" \/>\n<meta name=\"twitter:title\" content=\"D\u00e9couvrez les tr\u00e9sors cach\u00e9s de Perpignan en 2026 !\" \/>\n<meta name=\"twitter:description\" content=\"Plongez dans l&#039;histoire et l&#039;art sacr\u00e9 \u00e0 Perpignan. D\u00e9couvrez les volets peints du XVIe si\u00e8cle, restaur\u00e9s pour votre \u00e9merveillement.\" \/>\n<meta name=\"twitter:image\" content=\"https:\/\/www.locansol.fr\/wp-content\/uploads\/2026\/04\/exposition-volets-peints-perpignan.webp\" \/>\n<meta name=\"twitter:label1\" content=\"Written by\" \/>\n\t<meta name=\"twitter:data1\" content=\"H\u00e9bergements Locansol\" \/>\n\t<meta name=\"twitter:label2\" content=\"Estimated reading time\" \/>\n\t<meta name=\"twitter:data2\" content=\"3 minutes\" \/>\n<script type=\"application\/ld+json\" class=\"yoast-schema-graph\">{\"@context\":\"https:\/\/schema.org\",\"@graph\":[{\"@type\":\"Article\",\"@id\":\"https:\/\/www.locansol.fr\/exposition-volets-peints-perpignan\/#article\",\"isPartOf\":{\"@id\":\"https:\/\/www.locansol.fr\/exposition-volets-peints-perpignan\/\"},\"author\":{\"name\":\"H\u00e9bergements Locansol\",\"@id\":\"https:\/\/www.locansol.fr\/#\/schema\/person\/0b08d440f1ac44674c6d498107de351d\"},\"headline\":\"Perpignan 2026 : L&rsquo;exposition qui d\u00e9voile les tr\u00e9sors cach\u00e9s de sa cath\u00e9drale\",\"datePublished\":\"2026-04-22T12:11:07+00:00\",\"dateModified\":\"2026-04-22T12:11:11+00:00\",\"mainEntityOfPage\":{\"@id\":\"https:\/\/www.locansol.fr\/exposition-volets-peints-perpignan\/\"},\"wordCount\":601,\"publisher\":{\"@id\":\"https:\/\/www.locansol.fr\/#organization\"},\"image\":{\"@id\":\"https:\/\/www.locansol.fr\/exposition-volets-peints-perpignan\/#primaryimage\"},\"thumbnailUrl\":\"https:\/\/www.locansol.fr\/wp-content\/uploads\/2026\/04\/exposition-volets-peints-perpignan.webp\",\"keywords\":[\"\u00c9v\u00e8nement culturel\",\"Pyr\u00e9n\u00e9es-Orientales\"],\"articleSection\":[\"Carnaval\"],\"inLanguage\":\"en-GB\"},{\"@type\":\"WebPage\",\"@id\":\"https:\/\/www.locansol.fr\/exposition-volets-peints-perpignan\/\",\"url\":\"https:\/\/www.locansol.fr\/exposition-volets-peints-perpignan\/\",\"name\":\"La Red\u00e9couverte d\u2019un Chef-d\u2019\u0152uvre Monumental Perpignan\",\"isPartOf\":{\"@id\":\"https:\/\/www.locansol.fr\/#website\"},\"primaryImageOfPage\":{\"@id\":\"https:\/\/www.locansol.fr\/exposition-volets-peints-perpignan\/#primaryimage\"},\"image\":{\"@id\":\"https:\/\/www.locansol.fr\/exposition-volets-peints-perpignan\/#primaryimage\"},\"thumbnailUrl\":\"https:\/\/www.locansol.fr\/wp-content\/uploads\/2026\/04\/exposition-volets-peints-perpignan.webp\",\"datePublished\":\"2026-04-22T12:11:07+00:00\",\"dateModified\":\"2026-04-22T12:11:11+00:00\",\"description\":\"La Red\u00e9couverte d\u2019un Chef-d\u2019\u0152uvre Monumental Perpignan r\u00e9v\u00e8le les tr\u00e9sors cach\u00e9s de sa cath\u00e9drale. D\u00e9couvrez des volets peints du XVIe si\u00e8cle dans les Pyr\u00e9n\u00e9es-Orientales. Une exposition \u00e0 ne pas manquer !\",\"breadcrumb\":{\"@id\":\"https:\/\/www.locansol.fr\/exposition-volets-peints-perpignan\/#breadcrumb\"},\"inLanguage\":\"en-GB\",\"potentialAction\":[{\"@type\":\"ReadAction\",\"target\":[\"https:\/\/www.locansol.fr\/exposition-volets-peints-perpignan\/\"]}]},{\"@type\":\"ImageObject\",\"inLanguage\":\"en-GB\",\"@id\":\"https:\/\/www.locansol.fr\/exposition-volets-peints-perpignan\/#primaryimage\",\"url\":\"https:\/\/www.locansol.fr\/wp-content\/uploads\/2026\/04\/exposition-volets-peints-perpignan.webp\",\"contentUrl\":\"https:\/\/www.locansol.fr\/wp-content\/uploads\/2026\/04\/exposition-volets-peints-perpignan.webp\",\"width\":1024,\"height\":605,\"caption\":\"La Red\u00e9couverte d\u2019un Chef-d\u2019\u0152uvre Monumental Perpignan\"},{\"@type\":\"BreadcrumbList\",\"@id\":\"https:\/\/www.locansol.fr\/exposition-volets-peints-perpignan\/#breadcrumb\",\"itemListElement\":[{\"@type\":\"ListItem\",\"position\":1,\"name\":\"Accueil\",\"item\":\"https:\/\/www.locansol.fr\/\"},{\"@type\":\"ListItem\",\"position\":2,\"name\":\"Perpignan 2026 : L&rsquo;exposition qui d\u00e9voile les tr\u00e9sors cach\u00e9s de sa cath\u00e9drale\"}]},{\"@type\":\"WebSite\",\"@id\":\"https:\/\/www.locansol.fr\/#website\",\"url\":\"https:\/\/www.locansol.fr\/\",\"name\":\"Locansol, louer un h\u00e9bergement dans les Pyr\u00e9n\u00e9es-Orientales\",\"description\":\"Location Mobil-home Mer M\u00e9diterran\u00e9e &amp; Chalet de Montagne dans les Pyr\u00e9n\u00e9es Orientales (Occitanie, 66). Weekend, s\u00e9jour &amp; vacances en famille et entre amis.\",\"publisher\":{\"@id\":\"https:\/\/www.locansol.fr\/#organization\"},\"alternateName\":\"Louer un h\u00e9bergement dans les Pyr\u00e9n\u00e9es Orientales, chalet & mobil-home en Occitanie\",\"potentialAction\":[{\"@type\":\"SearchAction\",\"target\":{\"@type\":\"EntryPoint\",\"urlTemplate\":\"https:\/\/www.locansol.fr\/?s={search_term_string}\"},\"query-input\":{\"@type\":\"PropertyValueSpecification\",\"valueRequired\":true,\"valueName\":\"search_term_string\"}}],\"inLanguage\":\"en-GB\"},{\"@type\":\"Organization\",\"@id\":\"https:\/\/www.locansol.fr\/#organization\",\"name\":\"Location MobilHome & chalet dans les Pyr\u00e9n\u00e9es Orientales\",\"alternateName\":\"Louer un h\u00e9bergement dans les Pyr\u00e9n\u00e9es Orientales en Occitanie\",\"url\":\"https:\/\/www.locansol.fr\/\",\"logo\":{\"@type\":\"ImageObject\",\"inLanguage\":\"en-GB\",\"@id\":\"https:\/\/www.locansol.fr\/#\/schema\/logo\/image\/\",\"url\":\"https:\/\/www.locansol.fr\/wp-content\/uploads\/2024\/04\/AdobeStock_303324767-scaled.jpeg\",\"contentUrl\":\"https:\/\/www.locansol.fr\/wp-content\/uploads\/2024\/04\/AdobeStock_303324767-scaled.jpeg\",\"width\":2560,\"height\":1707,\"caption\":\"Location MobilHome & chalet dans les Pyr\u00e9n\u00e9es Orientales\"},\"image\":{\"@id\":\"https:\/\/www.locansol.fr\/#\/schema\/logo\/image\/\"}},{\"@type\":\"Person\",\"@id\":\"https:\/\/www.locansol.fr\/#\/schema\/person\/0b08d440f1ac44674c6d498107de351d\",\"name\":\"H\u00e9bergements Locansol\",\"image\":{\"@type\":\"ImageObject\",\"inLanguage\":\"en-GB\",\"@id\":\"https:\/\/www.locansol.fr\/#\/schema\/person\/image\/\",\"url\":\"https:\/\/secure.gravatar.com\/avatar\/444436b93284204f8116b6e0eb964cd3fcb811519c737232bde6dd5743c37ee5?s=96&d=mm&r=g\",\"contentUrl\":\"https:\/\/secure.gravatar.com\/avatar\/444436b93284204f8116b6e0eb964cd3fcb811519c737232bde6dd5743c37ee5?s=96&d=mm&r=g\",\"caption\":\"H\u00e9bergements Locansol\"},\"sameAs\":[\"https:\/\/www.locansol.fr\/\"],\"url\":\"https:\/\/www.locansol.fr\/en\/author\/locansol\/\"}]}<\/script>\n<!-- \/ Yoast SEO Premium plugin. -->","yoast_head_json":{"title":"La Red\u00e9couverte d\u2019un Chef-d\u2019\u0152uvre Monumental Perpignan","description":"La Red\u00e9couverte d\u2019un Chef-d\u2019\u0152uvre Monumental Perpignan r\u00e9v\u00e8le les tr\u00e9sors cach\u00e9s de sa cath\u00e9drale. D\u00e9couvrez des volets peints du XVIe si\u00e8cle dans les Pyr\u00e9n\u00e9es-Orientales. Une exposition \u00e0 ne pas manquer !","robots":{"index":"index","follow":"follow","max-snippet":"max-snippet:-1","max-image-preview":"max-image-preview:large","max-video-preview":"max-video-preview:-1"},"canonical":"https:\/\/www.locansol.fr\/en\/exposition-volets-peints-perpignan\/","og_locale":"en_GB","og_type":"article","og_title":"D\u00e9couvrez l'\u00e9motion : Perpignan d\u00e9voile ses tr\u00e9sors cach\u00e9s \u2014 Une plong\u00e9e dans l'art sacr\u00e9","og_description":"Imaginez des volets monumentaux du XVIe si\u00e8cle, restaur\u00e9s \u00e0 leur splendeur d'origine. Plongez dans l'histoire et l'art sacr\u00e9 \u00e0 Perpignan. Une exp\u00e9rience inoubliable vous attend.","og_url":"https:\/\/www.locansol.fr\/en\/exposition-volets-peints-perpignan\/","og_site_name":"Locansol, louer un h\u00e9bergement dans les Pyr\u00e9n\u00e9es Orientales","article_published_time":"2026-04-22T12:11:07+00:00","article_modified_time":"2026-04-22T12:11:11+00:00","og_image":[{"url":"https:\/\/www.locansol.fr\/wp-content\/uploads\/2026\/04\/exposition-volets-peints-perpignan.webp","type":"","width":"","height":""}],"author":"H\u00e9bergements Locansol","twitter_card":"summary_large_image","twitter_title":"D\u00e9couvrez les tr\u00e9sors cach\u00e9s de Perpignan en 2026 !","twitter_description":"Plongez dans l'histoire et l'art sacr\u00e9 \u00e0 Perpignan. D\u00e9couvrez les volets peints du XVIe si\u00e8cle, restaur\u00e9s pour votre \u00e9merveillement.","twitter_image":"https:\/\/www.locansol.fr\/wp-content\/uploads\/2026\/04\/exposition-volets-peints-perpignan.webp","twitter_misc":{"Written by":"H\u00e9bergements Locansol","Estimated reading time":"3 minutes"},"schema":{"@context":"https:\/\/schema.org","@graph":[{"@type":"Article","@id":"https:\/\/www.locansol.fr\/exposition-volets-peints-perpignan\/#article","isPartOf":{"@id":"https:\/\/www.locansol.fr\/exposition-volets-peints-perpignan\/"},"author":{"name":"H\u00e9bergements Locansol","@id":"https:\/\/www.locansol.fr\/#\/schema\/person\/0b08d440f1ac44674c6d498107de351d"},"headline":"Perpignan 2026 : L&rsquo;exposition qui d\u00e9voile les tr\u00e9sors cach\u00e9s de sa cath\u00e9drale","datePublished":"2026-04-22T12:11:07+00:00","dateModified":"2026-04-22T12:11:11+00:00","mainEntityOfPage":{"@id":"https:\/\/www.locansol.fr\/exposition-volets-peints-perpignan\/"},"wordCount":601,"publisher":{"@id":"https:\/\/www.locansol.fr\/#organization"},"image":{"@id":"https:\/\/www.locansol.fr\/exposition-volets-peints-perpignan\/#primaryimage"},"thumbnailUrl":"https:\/\/www.locansol.fr\/wp-content\/uploads\/2026\/04\/exposition-volets-peints-perpignan.webp","keywords":["\u00c9v\u00e8nement culturel","Pyr\u00e9n\u00e9es-Orientales"],"articleSection":["Carnaval"],"inLanguage":"en-GB"},{"@type":"WebPage","@id":"https:\/\/www.locansol.fr\/exposition-volets-peints-perpignan\/","url":"https:\/\/www.locansol.fr\/exposition-volets-peints-perpignan\/","name":"La Red\u00e9couverte d\u2019un Chef-d\u2019\u0152uvre Monumental Perpignan","isPartOf":{"@id":"https:\/\/www.locansol.fr\/#website"},"primaryImageOfPage":{"@id":"https:\/\/www.locansol.fr\/exposition-volets-peints-perpignan\/#primaryimage"},"image":{"@id":"https:\/\/www.locansol.fr\/exposition-volets-peints-perpignan\/#primaryimage"},"thumbnailUrl":"https:\/\/www.locansol.fr\/wp-content\/uploads\/2026\/04\/exposition-volets-peints-perpignan.webp","datePublished":"2026-04-22T12:11:07+00:00","dateModified":"2026-04-22T12:11:11+00:00","description":"La Red\u00e9couverte d\u2019un Chef-d\u2019\u0152uvre Monumental Perpignan r\u00e9v\u00e8le les tr\u00e9sors cach\u00e9s de sa cath\u00e9drale. D\u00e9couvrez des volets peints du XVIe si\u00e8cle dans les Pyr\u00e9n\u00e9es-Orientales. Une exposition \u00e0 ne pas manquer !","breadcrumb":{"@id":"https:\/\/www.locansol.fr\/exposition-volets-peints-perpignan\/#breadcrumb"},"inLanguage":"en-GB","potentialAction":[{"@type":"ReadAction","target":["https:\/\/www.locansol.fr\/exposition-volets-peints-perpignan\/"]}]},{"@type":"ImageObject","inLanguage":"en-GB","@id":"https:\/\/www.locansol.fr\/exposition-volets-peints-perpignan\/#primaryimage","url":"https:\/\/www.locansol.fr\/wp-content\/uploads\/2026\/04\/exposition-volets-peints-perpignan.webp","contentUrl":"https:\/\/www.locansol.fr\/wp-content\/uploads\/2026\/04\/exposition-volets-peints-perpignan.webp","width":1024,"height":605,"caption":"La Red\u00e9couverte d\u2019un Chef-d\u2019\u0152uvre Monumental Perpignan"},{"@type":"BreadcrumbList","@id":"https:\/\/www.locansol.fr\/exposition-volets-peints-perpignan\/#breadcrumb","itemListElement":[{"@type":"ListItem","position":1,"name":"Accueil","item":"https:\/\/www.locansol.fr\/"},{"@type":"ListItem","position":2,"name":"Perpignan 2026 : L&rsquo;exposition qui d\u00e9voile les tr\u00e9sors cach\u00e9s de sa cath\u00e9drale"}]},{"@type":"WebSite","@id":"https:\/\/www.locansol.fr\/#website","url":"https:\/\/www.locansol.fr\/","name":"Locansol, louer un h\u00e9bergement dans les Pyr\u00e9n\u00e9es-Orientales","description":"Location Mobil-home Mer M\u00e9diterran\u00e9e &amp; Chalet de Montagne dans les Pyr\u00e9n\u00e9es Orientales (Occitanie, 66). Weekend, s\u00e9jour &amp; vacances en famille et entre amis.","publisher":{"@id":"https:\/\/www.locansol.fr\/#organization"},"alternateName":"Louer un h\u00e9bergement dans les Pyr\u00e9n\u00e9es Orientales, chalet & mobil-home en Occitanie","potentialAction":[{"@type":"SearchAction","target":{"@type":"EntryPoint","urlTemplate":"https:\/\/www.locansol.fr\/?s={search_term_string}"},"query-input":{"@type":"PropertyValueSpecification","valueRequired":true,"valueName":"search_term_string"}}],"inLanguage":"en-GB"},{"@type":"Organization","@id":"https:\/\/www.locansol.fr\/#organization","name":"Location MobilHome & chalet dans les Pyr\u00e9n\u00e9es Orientales","alternateName":"Louer un h\u00e9bergement dans les Pyr\u00e9n\u00e9es Orientales en Occitanie","url":"https:\/\/www.locansol.fr\/","logo":{"@type":"ImageObject","inLanguage":"en-GB","@id":"https:\/\/www.locansol.fr\/#\/schema\/logo\/image\/","url":"https:\/\/www.locansol.fr\/wp-content\/uploads\/2024\/04\/AdobeStock_303324767-scaled.jpeg","contentUrl":"https:\/\/www.locansol.fr\/wp-content\/uploads\/2024\/04\/AdobeStock_303324767-scaled.jpeg","width":2560,"height":1707,"caption":"Location MobilHome & chalet dans les Pyr\u00e9n\u00e9es Orientales"},"image":{"@id":"https:\/\/www.locansol.fr\/#\/schema\/logo\/image\/"}},{"@type":"Person","@id":"https:\/\/www.locansol.fr\/#\/schema\/person\/0b08d440f1ac44674c6d498107de351d","name":"H\u00e9bergements Locansol","image":{"@type":"ImageObject","inLanguage":"en-GB","@id":"https:\/\/www.locansol.fr\/#\/schema\/person\/image\/","url":"https:\/\/secure.gravatar.com\/avatar\/444436b93284204f8116b6e0eb964cd3fcb811519c737232bde6dd5743c37ee5?s=96&d=mm&r=g","contentUrl":"https:\/\/secure.gravatar.com\/avatar\/444436b93284204f8116b6e0eb964cd3fcb811519c737232bde6dd5743c37ee5?s=96&d=mm&r=g","caption":"H\u00e9bergements Locansol"},"sameAs":["https:\/\/www.locansol.fr\/"],"url":"https:\/\/www.locansol.fr\/en\/author\/locansol\/"}]}},"_links":{"self":[{"href":"https:\/\/www.locansol.fr\/en\/wp-json\/wp\/v2\/posts\/6391","targetHints":{"allow":["GET"]}}],"collection":[{"href":"https:\/\/www.locansol.fr\/en\/wp-json\/wp\/v2\/posts"}],"about":[{"href":"https:\/\/www.locansol.fr\/en\/wp-json\/wp\/v2\/types\/post"}],"author":[{"embeddable":true,"href":"https:\/\/www.locansol.fr\/en\/wp-json\/wp\/v2\/users\/5"}],"replies":[{"embeddable":true,"href":"https:\/\/www.locansol.fr\/en\/wp-json\/wp\/v2\/comments?post=6391"}],"version-history":[{"count":1,"href":"https:\/\/www.locansol.fr\/en\/wp-json\/wp\/v2\/posts\/6391\/revisions"}],"predecessor-version":[{"id":6392,"href":"https:\/\/www.locansol.fr\/en\/wp-json\/wp\/v2\/posts\/6391\/revisions\/6392"}],"wp:featuredmedia":[{"embeddable":true,"href":"https:\/\/www.locansol.fr\/en\/wp-json\/wp\/v2\/media\/6390"}],"wp:attachment":[{"href":"https:\/\/www.locansol.fr\/en\/wp-json\/wp\/v2\/media?parent=6391"}],"wp:term":[{"taxonomy":"category","embeddable":true,"href":"https:\/\/www.locansol.fr\/en\/wp-json\/wp\/v2\/categories?post=6391"},{"taxonomy":"post_tag","embeddable":true,"href":"https:\/\/www.locansol.fr\/en\/wp-json\/wp\/v2\/tags?post=6391"}],"curies":[{"name":"wp","href":"https:\/\/api.w.org\/{rel}","templated":true}]}}