{"id":6408,"date":"2026-04-23T00:09:44","date_gmt":"2026-04-22T22:09:44","guid":{"rendered":"https:\/\/www.locansol.fr\/expedition-scientifique-pollution-marine\/"},"modified":"2026-04-23T00:09:48","modified_gmt":"2026-04-22T22:09:48","slug":"expedition-scientifique-pollution-marine","status":"publish","type":"post","link":"https:\/\/www.locansol.fr\/en\/expedition-scientifique-pollution-marine\/","title":{"rendered":"Banyuls-sur-Mer 22-29 avril : Escale de l&rsquo;Exp\u00e9dition 7e Continent, une plong\u00e9e au c\u0153ur des oc\u00e9ans"},"content":{"rendered":"<p>Du 22 au 29 avril, Banyuls-sur-Mer devient le th\u00e9\u00e2tre de l&rsquo;escale de l&rsquo;Exp\u00e9dition 7e Continent, un \u00e9v\u00e9nement unique en son genre d\u00e9di\u00e9 \u00e0 la sensibilisation sur la pollution plastique marine. Organis\u00e9e par la c\u00e9l\u00e8bre ONG Exp\u00e9dition 7e Continent, cette initiative combine activit\u00e9 scientifique et mobilisation citoyenne autour de la pr\u00e9servation des oc\u00e9ans.<\/p>\n<p>Install\u00e9e sur le quai Georges Petit, la go\u00e9lette scientifique de l&rsquo;exp\u00e9dition accueillera tous les curieux et passionn\u00e9s d&rsquo;environnement. Conduite par l&rsquo;explorateur fran\u00e7ais Patrick Deixonne, l&rsquo;ONG s&rsquo;est fix\u00e9e pour mission de comprendre, de pr\u00e9venir et de sensibiliser le public \u00e0 la pollution plastique qui menace nos \u00e9cosyst\u00e8mes marins. Cette escale p\u00e9dagogue offre une opportunit\u00e9 rare de dialoguer directement avec les membres de l&rsquo;\u00e9quipe et de s&rsquo;immerger dans leurs travaux de recherche.<\/p>\n<p>Tous les jours entre 17h et 20h, des stands \u00e9ducatifs seront mis en place au port de Banyuls-sur-Mer. Ces espaces interactifs permettront aux visiteurs de mieux comprendre les impacts de la pollution plastique et d&rsquo;explorer les actions concr\u00e8tes pour limiter ce fl\u00e9au. Petits et grands y d\u00e9couvriront des donn\u00e9es fascinantes sur les oc\u00e9ans et des conseils pratiques pour adopter un quotidien plus durable.<\/p>\n<p>Clou de l&rsquo;\u00e9v\u00e9nement, le vendredi 24 avril \u00e0 18h, l&rsquo;Amphith\u00e9\u00e2tre de l&rsquo;Observatoire Oc\u00e9anographique de Banyuls projettera le documentaire captivant \u00ab Au c\u0153ur d&rsquo;Exp\u00e9dition 7e Continent \u00bb. Ce film offre une plong\u00e9e dans le quotidien des scientifiques, mettant en lumi\u00e8re leurs d\u00e9couvertes et les enjeux cruciaux li\u00e9s \u00e0 ce combat environnemental. Une occasion rare et inspirante d\u2019entrer en contact direct avec ceux qui \u0153uvrent pour la protection de nos mers.<\/p>\n<p>Cet \u00e9v\u00e9nement promet une ambiance \u00e0 la fois chaleureuse et \u00e9ducative, id\u00e9ale pour sensibiliser le public \u00e0 des probl\u00e9matiques environnementales urgentes tout en proposant des solutions concr\u00e8tes. Que vous soyez passionn\u00e9 de sciences, d\u00e9fenseur de la nature ou simplement curieux, cet \u00e9v\u00e9nement \u00e0 Banyuls-sur-Mer est une v\u00e9ritable invitation \u00e0 s&rsquo;engager pour un monde plus propre et plus durable.<\/p>\n<p>\ud83d\udcc5 Notez bien les dates et profitez de cette belle opportunit\u00e9 pour contribuer, apprendre et vous \u00e9merveiller devant le travail impressionnant de cette exp\u00e9dition reconnue d\u2019utilit\u00e9 publique.<\/p>\n<h3>Practical information<\/h3>\n<p>\ud83d\udcc5 QUAND ? 22 avril > 29 avril<br \/>\ud83d\udccd O\u00d9 ? Quai Georges Petit, Banyuls-sur-Mer<br \/>\ud83d\udcb6 COMBIEN ? Entr\u00e9e gratuite<\/p>","protected":false},"excerpt":{"rendered":"<p>Une semaine immersive \u00e0 Banyuls-sur-Mer pour d\u00e9couvrir et agir contre la pollution plastique dans nos oc\u00e9ans gr\u00e2ce \u00e0 l&rsquo;Exp\u00e9dition 7e Continent.<\/p>","protected":false},"author":5,"featured_media":6407,"comment_status":"closed","ping_status":"open","sticky":false,"template":"","format":"standard","meta":{"_yoast_wpseo_focuskw":"Exp\u00e9dition scientifique pollution marine","_yoast_wpseo_title":"Escale de l'Exp\u00e9dition 7e Continent Banyuls-sur-Mer : plongez au c\u0153ur des oc\u00e9ans","_yoast_wpseo_metadesc":"Escale de l'Exp\u00e9dition 7e Continent Banyuls-sur-Mer. D\u00e9couvrez une semaine de sensibilisation \u00e0 la pollution plastique marine avec des ateliers \u00e9ducatifs et des projections. Pyr\u00e9n\u00e9es-Orientales.","_yoast_wpseo_canonical":"","_yoast_wpseo_opengraph-title":"Plongez dans l'aventure : Escale de l'Exp\u00e9dition 7e Continent \u00e0 Banyuls-sur-Mer \u2014 une exp\u00e9rience immersive pour sauver nos oc\u00e9ans","_yoast_wpseo_opengraph-description":"Imaginez-vous \u00e0 bord d'une go\u00e9lette scientifique, explorant les myst\u00e8res des oc\u00e9ans et luttant contre la pollution plastique. Rejoignez-nous \u00e0 Banyuls-sur-Mer pour une exp\u00e9rience unique et inspirante.","_yoast_wpseo_opengraph-image":"https:\/\/www.locansol.fr\/wp-content\/uploads\/2026\/04\/expedition-scientifique-pollution-marine.webp","_yoast_wpseo_opengraph-image-id":"","_yoast_wpseo_twitter-title":"D\u00e9couvrez l'Escale de l'Exp\u00e9dition 7e Continent \u00e0 Banyuls-sur-Mer","_yoast_wpseo_twitter-description":"Plongez au c\u0153ur des oc\u00e9ans et agissez contre la pollution plastique. Une semaine d'ateliers, de projections et de rencontres \u00e0 Banyuls-sur-Mer. Gratuit !","_yoast_wpseo_twitter-image":"https:\/\/www.locansol.fr\/wp-content\/uploads\/2026\/04\/expedition-scientifique-pollution-marine.webp","_yoast_wpseo_twitter-image-id":"","yoast_primary_category":"D\u00e9bat \/ Conf\u00e9rence","footnotes":""},"categories":[47],"tags":[70,76],"class_list":["post-6408","post","type-post","status-publish","format-standard","has-post-thumbnail","hentry","category-foire","tag-nature","tag-pyrenees-orientales"],"yoast_head":"<!-- This site is optimized with the Yoast SEO Premium plugin v23.3 (Yoast SEO v26.9) - https:\/\/yoast.com\/product\/yoast-seo-premium-wordpress\/ -->\n<title>Escale de l&#039;Exp\u00e9dition 7e Continent Banyuls-sur-Mer : plongez au c\u0153ur des oc\u00e9ans<\/title>\n<meta name=\"description\" content=\"Escale de l&#039;Exp\u00e9dition 7e Continent Banyuls-sur-Mer. D\u00e9couvrez une semaine de sensibilisation \u00e0 la pollution plastique marine avec des ateliers \u00e9ducatifs et des projections. Pyr\u00e9n\u00e9es-Orientales.\" \/>\n<meta name=\"robots\" content=\"index, follow, max-snippet:-1, max-image-preview:large, max-video-preview:-1\" \/>\n<link rel=\"canonical\" href=\"https:\/\/www.locansol.fr\/en\/expedition-scientifique-pollution-marine\/\" \/>\n<meta property=\"og:locale\" content=\"en_GB\" \/>\n<meta property=\"og:type\" content=\"article\" \/>\n<meta property=\"og:title\" content=\"Plongez dans l&#039;aventure : Escale de l&#039;Exp\u00e9dition 7e Continent \u00e0 Banyuls-sur-Mer \u2014 une exp\u00e9rience immersive pour sauver nos oc\u00e9ans\" \/>\n<meta property=\"og:description\" content=\"Imaginez-vous \u00e0 bord d&#039;une go\u00e9lette scientifique, explorant les myst\u00e8res des oc\u00e9ans et luttant contre la pollution plastique. Rejoignez-nous \u00e0 Banyuls-sur-Mer pour une exp\u00e9rience unique et inspirante.\" \/>\n<meta property=\"og:url\" content=\"https:\/\/www.locansol.fr\/en\/expedition-scientifique-pollution-marine\/\" \/>\n<meta property=\"og:site_name\" content=\"Locansol, louer un h\u00e9bergement dans les Pyr\u00e9n\u00e9es Orientales\" \/>\n<meta property=\"article:published_time\" content=\"2026-04-22T22:09:44+00:00\" \/>\n<meta property=\"article:modified_time\" content=\"2026-04-22T22:09:48+00:00\" \/>\n<meta property=\"og:image\" content=\"https:\/\/www.locansol.fr\/wp-content\/uploads\/2026\/04\/expedition-scientifique-pollution-marine.webp\" \/>\n<meta name=\"author\" content=\"H\u00e9bergements Locansol\" \/>\n<meta name=\"twitter:card\" content=\"summary_large_image\" \/>\n<meta name=\"twitter:title\" content=\"D\u00e9couvrez l&#039;Escale de l&#039;Exp\u00e9dition 7e Continent \u00e0 Banyuls-sur-Mer\" \/>\n<meta name=\"twitter:description\" content=\"Plongez au c\u0153ur des oc\u00e9ans et agissez contre la pollution plastique. Une semaine d&#039;ateliers, de projections et de rencontres \u00e0 Banyuls-sur-Mer. Gratuit !\" \/>\n<meta name=\"twitter:image\" content=\"https:\/\/www.locansol.fr\/wp-content\/uploads\/2026\/04\/expedition-scientifique-pollution-marine.webp\" \/>\n<meta name=\"twitter:label1\" content=\"Written by\" \/>\n\t<meta name=\"twitter:data1\" content=\"H\u00e9bergements Locansol\" \/>\n\t<meta name=\"twitter:label2\" content=\"Estimated reading time\" \/>\n\t<meta name=\"twitter:data2\" content=\"2 minutes\" \/>\n<script type=\"application\/ld+json\" class=\"yoast-schema-graph\">{\"@context\":\"https:\/\/schema.org\",\"@graph\":[{\"@type\":\"Article\",\"@id\":\"https:\/\/www.locansol.fr\/expedition-scientifique-pollution-marine\/#article\",\"isPartOf\":{\"@id\":\"https:\/\/www.locansol.fr\/expedition-scientifique-pollution-marine\/\"},\"author\":{\"name\":\"H\u00e9bergements Locansol\",\"@id\":\"https:\/\/www.locansol.fr\/#\/schema\/person\/0b08d440f1ac44674c6d498107de351d\"},\"headline\":\"Banyuls-sur-Mer 22-29 avril : Escale de l&rsquo;Exp\u00e9dition 7e Continent, une plong\u00e9e au c\u0153ur des oc\u00e9ans\",\"datePublished\":\"2026-04-22T22:09:44+00:00\",\"dateModified\":\"2026-04-22T22:09:48+00:00\",\"mainEntityOfPage\":{\"@id\":\"https:\/\/www.locansol.fr\/expedition-scientifique-pollution-marine\/\"},\"wordCount\":416,\"publisher\":{\"@id\":\"https:\/\/www.locansol.fr\/#organization\"},\"image\":{\"@id\":\"https:\/\/www.locansol.fr\/expedition-scientifique-pollution-marine\/#primaryimage\"},\"thumbnailUrl\":\"https:\/\/www.locansol.fr\/wp-content\/uploads\/2026\/04\/expedition-scientifique-pollution-marine.webp\",\"keywords\":[\"Nature\",\"Pyr\u00e9n\u00e9es-Orientales\"],\"articleSection\":[\"Foire\"],\"inLanguage\":\"en-GB\"},{\"@type\":\"WebPage\",\"@id\":\"https:\/\/www.locansol.fr\/expedition-scientifique-pollution-marine\/\",\"url\":\"https:\/\/www.locansol.fr\/expedition-scientifique-pollution-marine\/\",\"name\":\"Escale de l'Exp\u00e9dition 7e Continent Banyuls-sur-Mer : plongez au c\u0153ur des oc\u00e9ans\",\"isPartOf\":{\"@id\":\"https:\/\/www.locansol.fr\/#website\"},\"primaryImageOfPage\":{\"@id\":\"https:\/\/www.locansol.fr\/expedition-scientifique-pollution-marine\/#primaryimage\"},\"image\":{\"@id\":\"https:\/\/www.locansol.fr\/expedition-scientifique-pollution-marine\/#primaryimage\"},\"thumbnailUrl\":\"https:\/\/www.locansol.fr\/wp-content\/uploads\/2026\/04\/expedition-scientifique-pollution-marine.webp\",\"datePublished\":\"2026-04-22T22:09:44+00:00\",\"dateModified\":\"2026-04-22T22:09:48+00:00\",\"description\":\"Escale de l'Exp\u00e9dition 7e Continent Banyuls-sur-Mer. D\u00e9couvrez une semaine de sensibilisation \u00e0 la pollution plastique marine avec des ateliers \u00e9ducatifs et des projections. Pyr\u00e9n\u00e9es-Orientales.\",\"breadcrumb\":{\"@id\":\"https:\/\/www.locansol.fr\/expedition-scientifique-pollution-marine\/#breadcrumb\"},\"inLanguage\":\"en-GB\",\"potentialAction\":[{\"@type\":\"ReadAction\",\"target\":[\"https:\/\/www.locansol.fr\/expedition-scientifique-pollution-marine\/\"]}]},{\"@type\":\"ImageObject\",\"inLanguage\":\"en-GB\",\"@id\":\"https:\/\/www.locansol.fr\/expedition-scientifique-pollution-marine\/#primaryimage\",\"url\":\"https:\/\/www.locansol.fr\/wp-content\/uploads\/2026\/04\/expedition-scientifique-pollution-marine.webp\",\"contentUrl\":\"https:\/\/www.locansol.fr\/wp-content\/uploads\/2026\/04\/expedition-scientifique-pollution-marine.webp\",\"width\":1240,\"height\":1754,\"caption\":\"Escale de l'Exp\u00e9dition 7e Continent Banyuls-sur-Mer : plongez au c\u0153ur des oc\u00e9ans\"},{\"@type\":\"BreadcrumbList\",\"@id\":\"https:\/\/www.locansol.fr\/expedition-scientifique-pollution-marine\/#breadcrumb\",\"itemListElement\":[{\"@type\":\"ListItem\",\"position\":1,\"name\":\"Accueil\",\"item\":\"https:\/\/www.locansol.fr\/\"},{\"@type\":\"ListItem\",\"position\":2,\"name\":\"Banyuls-sur-Mer 22-29 avril : Escale de l&rsquo;Exp\u00e9dition 7e Continent, une plong\u00e9e au c\u0153ur des oc\u00e9ans\"}]},{\"@type\":\"WebSite\",\"@id\":\"https:\/\/www.locansol.fr\/#website\",\"url\":\"https:\/\/www.locansol.fr\/\",\"name\":\"Locansol, louer un h\u00e9bergement dans les Pyr\u00e9n\u00e9es-Orientales\",\"description\":\"Location Mobil-home Mer M\u00e9diterran\u00e9e &amp; Chalet de Montagne dans les Pyr\u00e9n\u00e9es Orientales (Occitanie, 66). Weekend, s\u00e9jour &amp; vacances en famille et entre amis.\",\"publisher\":{\"@id\":\"https:\/\/www.locansol.fr\/#organization\"},\"alternateName\":\"Louer un h\u00e9bergement dans les Pyr\u00e9n\u00e9es Orientales, chalet & mobil-home en Occitanie\",\"potentialAction\":[{\"@type\":\"SearchAction\",\"target\":{\"@type\":\"EntryPoint\",\"urlTemplate\":\"https:\/\/www.locansol.fr\/?s={search_term_string}\"},\"query-input\":{\"@type\":\"PropertyValueSpecification\",\"valueRequired\":true,\"valueName\":\"search_term_string\"}}],\"inLanguage\":\"en-GB\"},{\"@type\":\"Organization\",\"@id\":\"https:\/\/www.locansol.fr\/#organization\",\"name\":\"Location MobilHome & chalet dans les Pyr\u00e9n\u00e9es Orientales\",\"alternateName\":\"Louer un h\u00e9bergement dans les Pyr\u00e9n\u00e9es Orientales en Occitanie\",\"url\":\"https:\/\/www.locansol.fr\/\",\"logo\":{\"@type\":\"ImageObject\",\"inLanguage\":\"en-GB\",\"@id\":\"https:\/\/www.locansol.fr\/#\/schema\/logo\/image\/\",\"url\":\"https:\/\/www.locansol.fr\/wp-content\/uploads\/2024\/04\/AdobeStock_303324767-scaled.jpeg\",\"contentUrl\":\"https:\/\/www.locansol.fr\/wp-content\/uploads\/2024\/04\/AdobeStock_303324767-scaled.jpeg\",\"width\":2560,\"height\":1707,\"caption\":\"Location MobilHome & chalet dans les Pyr\u00e9n\u00e9es Orientales\"},\"image\":{\"@id\":\"https:\/\/www.locansol.fr\/#\/schema\/logo\/image\/\"}},{\"@type\":\"Person\",\"@id\":\"https:\/\/www.locansol.fr\/#\/schema\/person\/0b08d440f1ac44674c6d498107de351d\",\"name\":\"H\u00e9bergements Locansol\",\"image\":{\"@type\":\"ImageObject\",\"inLanguage\":\"en-GB\",\"@id\":\"https:\/\/www.locansol.fr\/#\/schema\/person\/image\/\",\"url\":\"https:\/\/secure.gravatar.com\/avatar\/444436b93284204f8116b6e0eb964cd3fcb811519c737232bde6dd5743c37ee5?s=96&d=mm&r=g\",\"contentUrl\":\"https:\/\/secure.gravatar.com\/avatar\/444436b93284204f8116b6e0eb964cd3fcb811519c737232bde6dd5743c37ee5?s=96&d=mm&r=g\",\"caption\":\"H\u00e9bergements Locansol\"},\"sameAs\":[\"https:\/\/www.locansol.fr\/\"],\"url\":\"https:\/\/www.locansol.fr\/en\/author\/locansol\/\"}]}<\/script>\n<!-- \/ Yoast SEO Premium plugin. -->","yoast_head_json":{"title":"Escale de l'Exp\u00e9dition 7e Continent Banyuls-sur-Mer : plongez au c\u0153ur des oc\u00e9ans","description":"Escale de l'Exp\u00e9dition 7e Continent Banyuls-sur-Mer. D\u00e9couvrez une semaine de sensibilisation \u00e0 la pollution plastique marine avec des ateliers \u00e9ducatifs et des projections. Pyr\u00e9n\u00e9es-Orientales.","robots":{"index":"index","follow":"follow","max-snippet":"max-snippet:-1","max-image-preview":"max-image-preview:large","max-video-preview":"max-video-preview:-1"},"canonical":"https:\/\/www.locansol.fr\/en\/expedition-scientifique-pollution-marine\/","og_locale":"en_GB","og_type":"article","og_title":"Plongez dans l'aventure : Escale de l'Exp\u00e9dition 7e Continent \u00e0 Banyuls-sur-Mer \u2014 une exp\u00e9rience immersive pour sauver nos oc\u00e9ans","og_description":"Imaginez-vous \u00e0 bord d'une go\u00e9lette scientifique, explorant les myst\u00e8res des oc\u00e9ans et luttant contre la pollution plastique. Rejoignez-nous \u00e0 Banyuls-sur-Mer pour une exp\u00e9rience unique et inspirante.","og_url":"https:\/\/www.locansol.fr\/en\/expedition-scientifique-pollution-marine\/","og_site_name":"Locansol, louer un h\u00e9bergement dans les Pyr\u00e9n\u00e9es Orientales","article_published_time":"2026-04-22T22:09:44+00:00","article_modified_time":"2026-04-22T22:09:48+00:00","og_image":[{"url":"https:\/\/www.locansol.fr\/wp-content\/uploads\/2026\/04\/expedition-scientifique-pollution-marine.webp","type":"","width":"","height":""}],"author":"H\u00e9bergements Locansol","twitter_card":"summary_large_image","twitter_title":"D\u00e9couvrez l'Escale de l'Exp\u00e9dition 7e Continent \u00e0 Banyuls-sur-Mer","twitter_description":"Plongez au c\u0153ur des oc\u00e9ans et agissez contre la pollution plastique. Une semaine d'ateliers, de projections et de rencontres \u00e0 Banyuls-sur-Mer. Gratuit !","twitter_image":"https:\/\/www.locansol.fr\/wp-content\/uploads\/2026\/04\/expedition-scientifique-pollution-marine.webp","twitter_misc":{"Written by":"H\u00e9bergements Locansol","Estimated reading time":"2 minutes"},"schema":{"@context":"https:\/\/schema.org","@graph":[{"@type":"Article","@id":"https:\/\/www.locansol.fr\/expedition-scientifique-pollution-marine\/#article","isPartOf":{"@id":"https:\/\/www.locansol.fr\/expedition-scientifique-pollution-marine\/"},"author":{"name":"H\u00e9bergements Locansol","@id":"https:\/\/www.locansol.fr\/#\/schema\/person\/0b08d440f1ac44674c6d498107de351d"},"headline":"Banyuls-sur-Mer 22-29 avril : Escale de l&rsquo;Exp\u00e9dition 7e Continent, une plong\u00e9e au c\u0153ur des oc\u00e9ans","datePublished":"2026-04-22T22:09:44+00:00","dateModified":"2026-04-22T22:09:48+00:00","mainEntityOfPage":{"@id":"https:\/\/www.locansol.fr\/expedition-scientifique-pollution-marine\/"},"wordCount":416,"publisher":{"@id":"https:\/\/www.locansol.fr\/#organization"},"image":{"@id":"https:\/\/www.locansol.fr\/expedition-scientifique-pollution-marine\/#primaryimage"},"thumbnailUrl":"https:\/\/www.locansol.fr\/wp-content\/uploads\/2026\/04\/expedition-scientifique-pollution-marine.webp","keywords":["Nature","Pyr\u00e9n\u00e9es-Orientales"],"articleSection":["Foire"],"inLanguage":"en-GB"},{"@type":"WebPage","@id":"https:\/\/www.locansol.fr\/expedition-scientifique-pollution-marine\/","url":"https:\/\/www.locansol.fr\/expedition-scientifique-pollution-marine\/","name":"Escale de l'Exp\u00e9dition 7e Continent Banyuls-sur-Mer : plongez au c\u0153ur des oc\u00e9ans","isPartOf":{"@id":"https:\/\/www.locansol.fr\/#website"},"primaryImageOfPage":{"@id":"https:\/\/www.locansol.fr\/expedition-scientifique-pollution-marine\/#primaryimage"},"image":{"@id":"https:\/\/www.locansol.fr\/expedition-scientifique-pollution-marine\/#primaryimage"},"thumbnailUrl":"https:\/\/www.locansol.fr\/wp-content\/uploads\/2026\/04\/expedition-scientifique-pollution-marine.webp","datePublished":"2026-04-22T22:09:44+00:00","dateModified":"2026-04-22T22:09:48+00:00","description":"Escale de l'Exp\u00e9dition 7e Continent Banyuls-sur-Mer. D\u00e9couvrez une semaine de sensibilisation \u00e0 la pollution plastique marine avec des ateliers \u00e9ducatifs et des projections. Pyr\u00e9n\u00e9es-Orientales.","breadcrumb":{"@id":"https:\/\/www.locansol.fr\/expedition-scientifique-pollution-marine\/#breadcrumb"},"inLanguage":"en-GB","potentialAction":[{"@type":"ReadAction","target":["https:\/\/www.locansol.fr\/expedition-scientifique-pollution-marine\/"]}]},{"@type":"ImageObject","inLanguage":"en-GB","@id":"https:\/\/www.locansol.fr\/expedition-scientifique-pollution-marine\/#primaryimage","url":"https:\/\/www.locansol.fr\/wp-content\/uploads\/2026\/04\/expedition-scientifique-pollution-marine.webp","contentUrl":"https:\/\/www.locansol.fr\/wp-content\/uploads\/2026\/04\/expedition-scientifique-pollution-marine.webp","width":1240,"height":1754,"caption":"Escale de l'Exp\u00e9dition 7e Continent Banyuls-sur-Mer : plongez au c\u0153ur des oc\u00e9ans"},{"@type":"BreadcrumbList","@id":"https:\/\/www.locansol.fr\/expedition-scientifique-pollution-marine\/#breadcrumb","itemListElement":[{"@type":"ListItem","position":1,"name":"Accueil","item":"https:\/\/www.locansol.fr\/"},{"@type":"ListItem","position":2,"name":"Banyuls-sur-Mer 22-29 avril : Escale de l&rsquo;Exp\u00e9dition 7e Continent, une plong\u00e9e au c\u0153ur des oc\u00e9ans"}]},{"@type":"WebSite","@id":"https:\/\/www.locansol.fr\/#website","url":"https:\/\/www.locansol.fr\/","name":"Locansol, louer un h\u00e9bergement dans les Pyr\u00e9n\u00e9es-Orientales","description":"Location Mobil-home Mer M\u00e9diterran\u00e9e &amp; Chalet de Montagne dans les Pyr\u00e9n\u00e9es Orientales (Occitanie, 66). Weekend, s\u00e9jour &amp; vacances en famille et entre amis.","publisher":{"@id":"https:\/\/www.locansol.fr\/#organization"},"alternateName":"Louer un h\u00e9bergement dans les Pyr\u00e9n\u00e9es Orientales, chalet & mobil-home en Occitanie","potentialAction":[{"@type":"SearchAction","target":{"@type":"EntryPoint","urlTemplate":"https:\/\/www.locansol.fr\/?s={search_term_string}"},"query-input":{"@type":"PropertyValueSpecification","valueRequired":true,"valueName":"search_term_string"}}],"inLanguage":"en-GB"},{"@type":"Organization","@id":"https:\/\/www.locansol.fr\/#organization","name":"Location MobilHome & chalet dans les Pyr\u00e9n\u00e9es Orientales","alternateName":"Louer un h\u00e9bergement dans les Pyr\u00e9n\u00e9es Orientales en Occitanie","url":"https:\/\/www.locansol.fr\/","logo":{"@type":"ImageObject","inLanguage":"en-GB","@id":"https:\/\/www.locansol.fr\/#\/schema\/logo\/image\/","url":"https:\/\/www.locansol.fr\/wp-content\/uploads\/2024\/04\/AdobeStock_303324767-scaled.jpeg","contentUrl":"https:\/\/www.locansol.fr\/wp-content\/uploads\/2024\/04\/AdobeStock_303324767-scaled.jpeg","width":2560,"height":1707,"caption":"Location MobilHome & chalet dans les Pyr\u00e9n\u00e9es Orientales"},"image":{"@id":"https:\/\/www.locansol.fr\/#\/schema\/logo\/image\/"}},{"@type":"Person","@id":"https:\/\/www.locansol.fr\/#\/schema\/person\/0b08d440f1ac44674c6d498107de351d","name":"H\u00e9bergements Locansol","image":{"@type":"ImageObject","inLanguage":"en-GB","@id":"https:\/\/www.locansol.fr\/#\/schema\/person\/image\/","url":"https:\/\/secure.gravatar.com\/avatar\/444436b93284204f8116b6e0eb964cd3fcb811519c737232bde6dd5743c37ee5?s=96&d=mm&r=g","contentUrl":"https:\/\/secure.gravatar.com\/avatar\/444436b93284204f8116b6e0eb964cd3fcb811519c737232bde6dd5743c37ee5?s=96&d=mm&r=g","caption":"H\u00e9bergements Locansol"},"sameAs":["https:\/\/www.locansol.fr\/"],"url":"https:\/\/www.locansol.fr\/en\/author\/locansol\/"}]}},"_links":{"self":[{"href":"https:\/\/www.locansol.fr\/en\/wp-json\/wp\/v2\/posts\/6408","targetHints":{"allow":["GET"]}}],"collection":[{"href":"https:\/\/www.locansol.fr\/en\/wp-json\/wp\/v2\/posts"}],"about":[{"href":"https:\/\/www.locansol.fr\/en\/wp-json\/wp\/v2\/types\/post"}],"author":[{"embeddable":true,"href":"https:\/\/www.locansol.fr\/en\/wp-json\/wp\/v2\/users\/5"}],"replies":[{"embeddable":true,"href":"https:\/\/www.locansol.fr\/en\/wp-json\/wp\/v2\/comments?post=6408"}],"version-history":[{"count":1,"href":"https:\/\/www.locansol.fr\/en\/wp-json\/wp\/v2\/posts\/6408\/revisions"}],"predecessor-version":[{"id":6409,"href":"https:\/\/www.locansol.fr\/en\/wp-json\/wp\/v2\/posts\/6408\/revisions\/6409"}],"wp:featuredmedia":[{"embeddable":true,"href":"https:\/\/www.locansol.fr\/en\/wp-json\/wp\/v2\/media\/6407"}],"wp:attachment":[{"href":"https:\/\/www.locansol.fr\/en\/wp-json\/wp\/v2\/media?parent=6408"}],"wp:term":[{"taxonomy":"category","embeddable":true,"href":"https:\/\/www.locansol.fr\/en\/wp-json\/wp\/v2\/categories?post=6408"},{"taxonomy":"post_tag","embeddable":true,"href":"https:\/\/www.locansol.fr\/en\/wp-json\/wp\/v2\/tags?post=6408"}],"curies":[{"name":"wp","href":"https:\/\/api.w.org\/{rel}","templated":true}]}}