{"id":6442,"date":"2026-04-23T22:28:36","date_gmt":"2026-04-23T20:28:36","guid":{"rendered":"https:\/\/www.locansol.fr\/exposition-portraits-prades-conflent\/"},"modified":"2026-04-23T22:28:39","modified_gmt":"2026-04-23T20:28:39","slug":"exposition-portraits-prades-conflent","status":"publish","type":"post","link":"https:\/\/www.locansol.fr\/en\/exposition-portraits-prades-conflent\/","title":{"rendered":"Prades &#8211; Du 21 au 30 avril &#8211; Exposition de portraits &#8211; Plong\u00e9e au c\u0153ur du Conflent"},"content":{"rendered":"<p>Si vous \u00eates passionn\u00e9 par l\u2019histoire locale ou simplement curieux de d\u00e9couvrir l\u2019\u00e2me d\u2019une r\u00e9gion \u00e0 travers ses habitants, l\u2019exposition de portraits \u00e0 la m\u00e9diath\u00e8que de Prades est faite pour vous. Du 21 au 30 avril, cet \u00e9v\u00e9nement culturel unique rassemble une s\u00e9rie de 480 portraits en noir et blanc, d\u00e9voilant des fragments de m\u00e9moire collective des Prad\u00e9ens et des Conflentois. Cette rencontre entre art et communaut\u00e9 offre un aper\u00e7u authentique de la vie locale et une exp\u00e9rience interactive in\u00e9dite.<\/p>\n<p>Fruit d\u2019une belle collaboration entre Emile Claverie, photographe et amoureux du territoire, et Dacha Nadinic, amateur d\u2019art et expert en informatique, cette exposition raconte une histoire collective. Captur\u00e9s entre 2008 et 2012, les portraits refl\u00e8tent la diversit\u00e9 et la richesse humaine de Prades et ses environs. Dacha Nadinic a tri\u00e9 et sublim\u00e9 ces images pour composer une s\u00e9lection harmonieuse de 480 portraits, r\u00e9partis sur quatre panneaux de 1,20 m\u00e8tre par 48 cm chacun. L\u2019attention particuli\u00e8re port\u00e9e aux d\u00e9tails et \u00e0 la qualit\u00e9 artistique des clich\u00e9s vous garantit un voyage visuel charg\u00e9 d\u2019\u00e9motions.<\/p>\n<p>Mais ce n\u2019est pas tout : l\u2019exposition propose une r\u00e9elle interaction. Les visiteurs sont invit\u00e9s \u00e0 identifier les personnes repr\u00e9sent\u00e9es, transformant leur visite en une contribution active \u00e0 la m\u00e9moire collective locale. Ce format participatif donne un suppl\u00e9ment d\u2019\u00e2me \u00e0 ce rendez-vous artistique, qui n\u2019est pas seulement une galerie de portraits, mais une c\u00e9l\u00e9bration vivante de la communaut\u00e9 de Prades.<\/p>\n<p>La m\u00e9diath\u00e8que, situ\u00e9e au 33 rue de l\u2019Hospice \u00e0 Prades, accueille cette exposition dans un cadre convivial et propice \u00e0 la d\u00e9couverte. En plus de son ambiance chaleureuse, l\u2019acc\u00e8s est enti\u00e8rement gratuit, ce qui permet \u00e0 tous, habitants comme visiteurs, de profiter de cette exp\u00e9rience unique. L\u2019\u00e9v\u00e9nement donne l\u2019occasion de se retrouver, d\u2019\u00e9changer et de ressentir pleinement l\u2019esprit du Conflent. Que vous soyez un habitant de longue date ou simplement de passage, cette exposition vous invite \u00e0 d\u00e9couvrir ou red\u00e9couvrir les visages et les histoires qui unissent cette r\u00e9gion.<\/p>\n<p>Ne manquez pas cette opportunit\u00e9 exceptionnelle d\u2019explorer visuellement l\u2019histoire et la culture locales. Profitez de cet \u00e9v\u00e9nement pour tisser des liens avec la communaut\u00e9 ou simplement pour appr\u00e9cier l\u2019esth\u00e9tique intemporelle de ces superbes portraits. Rendez-vous du 21 au 30 avril pour vivre ce moment riche en \u00e9motions et en partage !<\/p>\n<h3>Practical information<\/h3>\n<p>\ud83d\udcc5 QUAND ? Du 21 au 30 avril<br \/>\ud83d\udccd O\u00d9 ? M\u00e9diath\u00e8que, 33 rue de l\u2019Hospice, Prades<br \/>\ud83d\udcb6 COMBIEN ? Gratuit<\/p>","protected":false},"excerpt":{"rendered":"<p>D\u00e9couvrez une exposition unique de 480 portraits de Prad\u00e9ens et Conflentois \u00e0 la m\u00e9diath\u00e8que de Prades, du 21 au 30 avril. Une exp\u00e9rience artistique et participative \u00e0 ne pas manquer, avec entr\u00e9e gratuite.<\/p>","protected":false},"author":5,"featured_media":6441,"comment_status":"closed","ping_status":"open","sticky":false,"template":"","format":"standard","meta":{"_yoast_wpseo_focuskw":"Exposition portraits Prades Conflent","_yoast_wpseo_title":"Exposition de portraits Prades - D\u00e9couvrez l\u2019\u00e2me du Conflent","_yoast_wpseo_metadesc":"Exposition de portraits Prades. D\u00e9couvrez 480 portraits en noir et blanc capturant l\u2019\u00e2me du Conflent. Entr\u00e9e gratuite \u00e0 la m\u00e9diath\u00e8que. Pyr\u00e9n\u00e9es-Orientales.","_yoast_wpseo_canonical":"","_yoast_wpseo_opengraph-title":"Plongez dans l\u2019\u00e2me du Conflent : Exposition de portraits \u00e0 Prades","_yoast_wpseo_opengraph-description":"D\u00e9couvrez 480 portraits en noir et blanc qui racontent l\u2019histoire et la diversit\u00e9 du Conflent. Une exp\u00e9rience interactive et gratuite \u00e0 Prades.","_yoast_wpseo_opengraph-image":"https:\/\/www.locansol.fr\/wp-content\/uploads\/2026\/04\/exposition-portraits-prades-conflent.webp","_yoast_wpseo_opengraph-image-id":"","_yoast_wpseo_twitter-title":"D\u00e9couvrez l\u2019\u00e2me du Conflent \u00e0 Prades","_yoast_wpseo_twitter-description":"Plongez dans l\u2019histoire locale avec 480 portraits en noir et blanc \u00e0 la m\u00e9diath\u00e8que de Prades. Gratuit et interactif !","_yoast_wpseo_twitter-image":"https:\/\/www.locansol.fr\/wp-content\/uploads\/2026\/04\/exposition-portraits-prades-conflent.webp","_yoast_wpseo_twitter-image-id":"","yoast_primary_category":"Exposition","footnotes":""},"categories":[35],"tags":[66,76],"class_list":["post-6442","post","type-post","status-publish","format-standard","has-post-thumbnail","hentry","category-carnaval","tag-evenement-culturel","tag-pyrenees-orientales"],"yoast_head":"<!-- This site is optimized with the Yoast SEO Premium plugin v23.3 (Yoast SEO v26.9) - https:\/\/yoast.com\/product\/yoast-seo-premium-wordpress\/ -->\n<title>Exposition de portraits Prades - D\u00e9couvrez l\u2019\u00e2me du Conflent<\/title>\n<meta name=\"description\" content=\"Exposition de portraits Prades. D\u00e9couvrez 480 portraits en noir et blanc capturant l\u2019\u00e2me du Conflent. Entr\u00e9e gratuite \u00e0 la m\u00e9diath\u00e8que. Pyr\u00e9n\u00e9es-Orientales.\" \/>\n<meta name=\"robots\" content=\"index, follow, max-snippet:-1, max-image-preview:large, max-video-preview:-1\" \/>\n<link rel=\"canonical\" href=\"https:\/\/www.locansol.fr\/en\/exposition-portraits-prades-conflent\/\" \/>\n<meta property=\"og:locale\" content=\"en_GB\" \/>\n<meta property=\"og:type\" content=\"article\" \/>\n<meta property=\"og:title\" content=\"Plongez dans l\u2019\u00e2me du Conflent : Exposition de portraits \u00e0 Prades\" \/>\n<meta property=\"og:description\" content=\"D\u00e9couvrez 480 portraits en noir et blanc qui racontent l\u2019histoire et la diversit\u00e9 du Conflent. Une exp\u00e9rience interactive et gratuite \u00e0 Prades.\" \/>\n<meta property=\"og:url\" content=\"https:\/\/www.locansol.fr\/en\/exposition-portraits-prades-conflent\/\" \/>\n<meta property=\"og:site_name\" content=\"Locansol, louer un h\u00e9bergement dans les Pyr\u00e9n\u00e9es Orientales\" \/>\n<meta property=\"article:published_time\" content=\"2026-04-23T20:28:36+00:00\" \/>\n<meta property=\"article:modified_time\" content=\"2026-04-23T20:28:39+00:00\" \/>\n<meta property=\"og:image\" content=\"https:\/\/www.locansol.fr\/wp-content\/uploads\/2026\/04\/exposition-portraits-prades-conflent.webp\" \/>\n<meta name=\"author\" content=\"H\u00e9bergements Locansol\" \/>\n<meta name=\"twitter:card\" content=\"summary_large_image\" \/>\n<meta name=\"twitter:title\" content=\"D\u00e9couvrez l\u2019\u00e2me du Conflent \u00e0 Prades\" \/>\n<meta name=\"twitter:description\" content=\"Plongez dans l\u2019histoire locale avec 480 portraits en noir et blanc \u00e0 la m\u00e9diath\u00e8que de Prades. Gratuit et interactif !\" \/>\n<meta name=\"twitter:image\" content=\"https:\/\/www.locansol.fr\/wp-content\/uploads\/2026\/04\/exposition-portraits-prades-conflent.webp\" \/>\n<meta name=\"twitter:label1\" content=\"Written by\" \/>\n\t<meta name=\"twitter:data1\" content=\"H\u00e9bergements Locansol\" \/>\n\t<meta name=\"twitter:label2\" content=\"Estimated reading time\" \/>\n\t<meta name=\"twitter:data2\" content=\"2 minutes\" \/>\n<script type=\"application\/ld+json\" class=\"yoast-schema-graph\">{\"@context\":\"https:\/\/schema.org\",\"@graph\":[{\"@type\":\"Article\",\"@id\":\"https:\/\/www.locansol.fr\/exposition-portraits-prades-conflent\/#article\",\"isPartOf\":{\"@id\":\"https:\/\/www.locansol.fr\/exposition-portraits-prades-conflent\/\"},\"author\":{\"name\":\"H\u00e9bergements Locansol\",\"@id\":\"https:\/\/www.locansol.fr\/#\/schema\/person\/0b08d440f1ac44674c6d498107de351d\"},\"headline\":\"Prades &#8211; Du 21 au 30 avril &#8211; Exposition de portraits &#8211; Plong\u00e9e au c\u0153ur du Conflent\",\"datePublished\":\"2026-04-23T20:28:36+00:00\",\"dateModified\":\"2026-04-23T20:28:39+00:00\",\"mainEntityOfPage\":{\"@id\":\"https:\/\/www.locansol.fr\/exposition-portraits-prades-conflent\/\"},\"wordCount\":447,\"publisher\":{\"@id\":\"https:\/\/www.locansol.fr\/#organization\"},\"image\":{\"@id\":\"https:\/\/www.locansol.fr\/exposition-portraits-prades-conflent\/#primaryimage\"},\"thumbnailUrl\":\"https:\/\/www.locansol.fr\/wp-content\/uploads\/2026\/04\/exposition-portraits-prades-conflent.webp\",\"keywords\":[\"\u00c9v\u00e8nement culturel\",\"Pyr\u00e9n\u00e9es-Orientales\"],\"articleSection\":[\"Carnaval\"],\"inLanguage\":\"en-GB\"},{\"@type\":\"WebPage\",\"@id\":\"https:\/\/www.locansol.fr\/exposition-portraits-prades-conflent\/\",\"url\":\"https:\/\/www.locansol.fr\/exposition-portraits-prades-conflent\/\",\"name\":\"Exposition de portraits Prades - D\u00e9couvrez l\u2019\u00e2me du Conflent\",\"isPartOf\":{\"@id\":\"https:\/\/www.locansol.fr\/#website\"},\"primaryImageOfPage\":{\"@id\":\"https:\/\/www.locansol.fr\/exposition-portraits-prades-conflent\/#primaryimage\"},\"image\":{\"@id\":\"https:\/\/www.locansol.fr\/exposition-portraits-prades-conflent\/#primaryimage\"},\"thumbnailUrl\":\"https:\/\/www.locansol.fr\/wp-content\/uploads\/2026\/04\/exposition-portraits-prades-conflent.webp\",\"datePublished\":\"2026-04-23T20:28:36+00:00\",\"dateModified\":\"2026-04-23T20:28:39+00:00\",\"description\":\"Exposition de portraits Prades. D\u00e9couvrez 480 portraits en noir et blanc capturant l\u2019\u00e2me du Conflent. Entr\u00e9e gratuite \u00e0 la m\u00e9diath\u00e8que. Pyr\u00e9n\u00e9es-Orientales.\",\"breadcrumb\":{\"@id\":\"https:\/\/www.locansol.fr\/exposition-portraits-prades-conflent\/#breadcrumb\"},\"inLanguage\":\"en-GB\",\"potentialAction\":[{\"@type\":\"ReadAction\",\"target\":[\"https:\/\/www.locansol.fr\/exposition-portraits-prades-conflent\/\"]}]},{\"@type\":\"ImageObject\",\"inLanguage\":\"en-GB\",\"@id\":\"https:\/\/www.locansol.fr\/exposition-portraits-prades-conflent\/#primaryimage\",\"url\":\"https:\/\/www.locansol.fr\/wp-content\/uploads\/2026\/04\/exposition-portraits-prades-conflent.webp\",\"contentUrl\":\"https:\/\/www.locansol.fr\/wp-content\/uploads\/2026\/04\/exposition-portraits-prades-conflent.webp\",\"width\":1080,\"height\":1920,\"caption\":\"Exposition de portraits Prades - D\u00e9couvrez l\u2019\u00e2me du Conflent\"},{\"@type\":\"BreadcrumbList\",\"@id\":\"https:\/\/www.locansol.fr\/exposition-portraits-prades-conflent\/#breadcrumb\",\"itemListElement\":[{\"@type\":\"ListItem\",\"position\":1,\"name\":\"Accueil\",\"item\":\"https:\/\/www.locansol.fr\/\"},{\"@type\":\"ListItem\",\"position\":2,\"name\":\"Prades &#8211; Du 21 au 30 avril &#8211; Exposition de portraits &#8211; Plong\u00e9e au c\u0153ur du Conflent\"}]},{\"@type\":\"WebSite\",\"@id\":\"https:\/\/www.locansol.fr\/#website\",\"url\":\"https:\/\/www.locansol.fr\/\",\"name\":\"Locansol, louer un h\u00e9bergement dans les Pyr\u00e9n\u00e9es-Orientales\",\"description\":\"Location Mobil-home Mer M\u00e9diterran\u00e9e &amp; Chalet de Montagne dans les Pyr\u00e9n\u00e9es Orientales (Occitanie, 66). Weekend, s\u00e9jour &amp; vacances en famille et entre amis.\",\"publisher\":{\"@id\":\"https:\/\/www.locansol.fr\/#organization\"},\"alternateName\":\"Louer un h\u00e9bergement dans les Pyr\u00e9n\u00e9es Orientales, chalet & mobil-home en Occitanie\",\"potentialAction\":[{\"@type\":\"SearchAction\",\"target\":{\"@type\":\"EntryPoint\",\"urlTemplate\":\"https:\/\/www.locansol.fr\/?s={search_term_string}\"},\"query-input\":{\"@type\":\"PropertyValueSpecification\",\"valueRequired\":true,\"valueName\":\"search_term_string\"}}],\"inLanguage\":\"en-GB\"},{\"@type\":\"Organization\",\"@id\":\"https:\/\/www.locansol.fr\/#organization\",\"name\":\"Location MobilHome & chalet dans les Pyr\u00e9n\u00e9es Orientales\",\"alternateName\":\"Louer un h\u00e9bergement dans les Pyr\u00e9n\u00e9es Orientales en Occitanie\",\"url\":\"https:\/\/www.locansol.fr\/\",\"logo\":{\"@type\":\"ImageObject\",\"inLanguage\":\"en-GB\",\"@id\":\"https:\/\/www.locansol.fr\/#\/schema\/logo\/image\/\",\"url\":\"https:\/\/www.locansol.fr\/wp-content\/uploads\/2024\/04\/AdobeStock_303324767-scaled.jpeg\",\"contentUrl\":\"https:\/\/www.locansol.fr\/wp-content\/uploads\/2024\/04\/AdobeStock_303324767-scaled.jpeg\",\"width\":2560,\"height\":1707,\"caption\":\"Location MobilHome & chalet dans les Pyr\u00e9n\u00e9es Orientales\"},\"image\":{\"@id\":\"https:\/\/www.locansol.fr\/#\/schema\/logo\/image\/\"}},{\"@type\":\"Person\",\"@id\":\"https:\/\/www.locansol.fr\/#\/schema\/person\/0b08d440f1ac44674c6d498107de351d\",\"name\":\"H\u00e9bergements Locansol\",\"image\":{\"@type\":\"ImageObject\",\"inLanguage\":\"en-GB\",\"@id\":\"https:\/\/www.locansol.fr\/#\/schema\/person\/image\/\",\"url\":\"https:\/\/secure.gravatar.com\/avatar\/444436b93284204f8116b6e0eb964cd3fcb811519c737232bde6dd5743c37ee5?s=96&d=mm&r=g\",\"contentUrl\":\"https:\/\/secure.gravatar.com\/avatar\/444436b93284204f8116b6e0eb964cd3fcb811519c737232bde6dd5743c37ee5?s=96&d=mm&r=g\",\"caption\":\"H\u00e9bergements Locansol\"},\"sameAs\":[\"https:\/\/www.locansol.fr\/\"],\"url\":\"https:\/\/www.locansol.fr\/en\/author\/locansol\/\"}]}<\/script>\n<!-- \/ Yoast SEO Premium plugin. -->","yoast_head_json":{"title":"Exposition de portraits Prades - D\u00e9couvrez l\u2019\u00e2me du Conflent","description":"Exposition de portraits Prades. D\u00e9couvrez 480 portraits en noir et blanc capturant l\u2019\u00e2me du Conflent. Entr\u00e9e gratuite \u00e0 la m\u00e9diath\u00e8que. Pyr\u00e9n\u00e9es-Orientales.","robots":{"index":"index","follow":"follow","max-snippet":"max-snippet:-1","max-image-preview":"max-image-preview:large","max-video-preview":"max-video-preview:-1"},"canonical":"https:\/\/www.locansol.fr\/en\/exposition-portraits-prades-conflent\/","og_locale":"en_GB","og_type":"article","og_title":"Plongez dans l\u2019\u00e2me du Conflent : Exposition de portraits \u00e0 Prades","og_description":"D\u00e9couvrez 480 portraits en noir et blanc qui racontent l\u2019histoire et la diversit\u00e9 du Conflent. Une exp\u00e9rience interactive et gratuite \u00e0 Prades.","og_url":"https:\/\/www.locansol.fr\/en\/exposition-portraits-prades-conflent\/","og_site_name":"Locansol, louer un h\u00e9bergement dans les Pyr\u00e9n\u00e9es Orientales","article_published_time":"2026-04-23T20:28:36+00:00","article_modified_time":"2026-04-23T20:28:39+00:00","og_image":[{"url":"https:\/\/www.locansol.fr\/wp-content\/uploads\/2026\/04\/exposition-portraits-prades-conflent.webp","type":"","width":"","height":""}],"author":"H\u00e9bergements Locansol","twitter_card":"summary_large_image","twitter_title":"D\u00e9couvrez l\u2019\u00e2me du Conflent \u00e0 Prades","twitter_description":"Plongez dans l\u2019histoire locale avec 480 portraits en noir et blanc \u00e0 la m\u00e9diath\u00e8que de Prades. Gratuit et interactif !","twitter_image":"https:\/\/www.locansol.fr\/wp-content\/uploads\/2026\/04\/exposition-portraits-prades-conflent.webp","twitter_misc":{"Written by":"H\u00e9bergements Locansol","Estimated reading time":"2 minutes"},"schema":{"@context":"https:\/\/schema.org","@graph":[{"@type":"Article","@id":"https:\/\/www.locansol.fr\/exposition-portraits-prades-conflent\/#article","isPartOf":{"@id":"https:\/\/www.locansol.fr\/exposition-portraits-prades-conflent\/"},"author":{"name":"H\u00e9bergements Locansol","@id":"https:\/\/www.locansol.fr\/#\/schema\/person\/0b08d440f1ac44674c6d498107de351d"},"headline":"Prades &#8211; Du 21 au 30 avril &#8211; Exposition de portraits &#8211; Plong\u00e9e au c\u0153ur du Conflent","datePublished":"2026-04-23T20:28:36+00:00","dateModified":"2026-04-23T20:28:39+00:00","mainEntityOfPage":{"@id":"https:\/\/www.locansol.fr\/exposition-portraits-prades-conflent\/"},"wordCount":447,"publisher":{"@id":"https:\/\/www.locansol.fr\/#organization"},"image":{"@id":"https:\/\/www.locansol.fr\/exposition-portraits-prades-conflent\/#primaryimage"},"thumbnailUrl":"https:\/\/www.locansol.fr\/wp-content\/uploads\/2026\/04\/exposition-portraits-prades-conflent.webp","keywords":["\u00c9v\u00e8nement culturel","Pyr\u00e9n\u00e9es-Orientales"],"articleSection":["Carnaval"],"inLanguage":"en-GB"},{"@type":"WebPage","@id":"https:\/\/www.locansol.fr\/exposition-portraits-prades-conflent\/","url":"https:\/\/www.locansol.fr\/exposition-portraits-prades-conflent\/","name":"Exposition de portraits Prades - D\u00e9couvrez l\u2019\u00e2me du Conflent","isPartOf":{"@id":"https:\/\/www.locansol.fr\/#website"},"primaryImageOfPage":{"@id":"https:\/\/www.locansol.fr\/exposition-portraits-prades-conflent\/#primaryimage"},"image":{"@id":"https:\/\/www.locansol.fr\/exposition-portraits-prades-conflent\/#primaryimage"},"thumbnailUrl":"https:\/\/www.locansol.fr\/wp-content\/uploads\/2026\/04\/exposition-portraits-prades-conflent.webp","datePublished":"2026-04-23T20:28:36+00:00","dateModified":"2026-04-23T20:28:39+00:00","description":"Exposition de portraits Prades. D\u00e9couvrez 480 portraits en noir et blanc capturant l\u2019\u00e2me du Conflent. Entr\u00e9e gratuite \u00e0 la m\u00e9diath\u00e8que. Pyr\u00e9n\u00e9es-Orientales.","breadcrumb":{"@id":"https:\/\/www.locansol.fr\/exposition-portraits-prades-conflent\/#breadcrumb"},"inLanguage":"en-GB","potentialAction":[{"@type":"ReadAction","target":["https:\/\/www.locansol.fr\/exposition-portraits-prades-conflent\/"]}]},{"@type":"ImageObject","inLanguage":"en-GB","@id":"https:\/\/www.locansol.fr\/exposition-portraits-prades-conflent\/#primaryimage","url":"https:\/\/www.locansol.fr\/wp-content\/uploads\/2026\/04\/exposition-portraits-prades-conflent.webp","contentUrl":"https:\/\/www.locansol.fr\/wp-content\/uploads\/2026\/04\/exposition-portraits-prades-conflent.webp","width":1080,"height":1920,"caption":"Exposition de portraits Prades - D\u00e9couvrez l\u2019\u00e2me du Conflent"},{"@type":"BreadcrumbList","@id":"https:\/\/www.locansol.fr\/exposition-portraits-prades-conflent\/#breadcrumb","itemListElement":[{"@type":"ListItem","position":1,"name":"Accueil","item":"https:\/\/www.locansol.fr\/"},{"@type":"ListItem","position":2,"name":"Prades &#8211; Du 21 au 30 avril &#8211; Exposition de portraits &#8211; Plong\u00e9e au c\u0153ur du Conflent"}]},{"@type":"WebSite","@id":"https:\/\/www.locansol.fr\/#website","url":"https:\/\/www.locansol.fr\/","name":"Locansol, louer un h\u00e9bergement dans les Pyr\u00e9n\u00e9es-Orientales","description":"Location Mobil-home Mer M\u00e9diterran\u00e9e &amp; Chalet de Montagne dans les Pyr\u00e9n\u00e9es Orientales (Occitanie, 66). Weekend, s\u00e9jour &amp; vacances en famille et entre amis.","publisher":{"@id":"https:\/\/www.locansol.fr\/#organization"},"alternateName":"Louer un h\u00e9bergement dans les Pyr\u00e9n\u00e9es Orientales, chalet & mobil-home en Occitanie","potentialAction":[{"@type":"SearchAction","target":{"@type":"EntryPoint","urlTemplate":"https:\/\/www.locansol.fr\/?s={search_term_string}"},"query-input":{"@type":"PropertyValueSpecification","valueRequired":true,"valueName":"search_term_string"}}],"inLanguage":"en-GB"},{"@type":"Organization","@id":"https:\/\/www.locansol.fr\/#organization","name":"Location MobilHome & chalet dans les Pyr\u00e9n\u00e9es Orientales","alternateName":"Louer un h\u00e9bergement dans les Pyr\u00e9n\u00e9es Orientales en Occitanie","url":"https:\/\/www.locansol.fr\/","logo":{"@type":"ImageObject","inLanguage":"en-GB","@id":"https:\/\/www.locansol.fr\/#\/schema\/logo\/image\/","url":"https:\/\/www.locansol.fr\/wp-content\/uploads\/2024\/04\/AdobeStock_303324767-scaled.jpeg","contentUrl":"https:\/\/www.locansol.fr\/wp-content\/uploads\/2024\/04\/AdobeStock_303324767-scaled.jpeg","width":2560,"height":1707,"caption":"Location MobilHome & chalet dans les Pyr\u00e9n\u00e9es Orientales"},"image":{"@id":"https:\/\/www.locansol.fr\/#\/schema\/logo\/image\/"}},{"@type":"Person","@id":"https:\/\/www.locansol.fr\/#\/schema\/person\/0b08d440f1ac44674c6d498107de351d","name":"H\u00e9bergements Locansol","image":{"@type":"ImageObject","inLanguage":"en-GB","@id":"https:\/\/www.locansol.fr\/#\/schema\/person\/image\/","url":"https:\/\/secure.gravatar.com\/avatar\/444436b93284204f8116b6e0eb964cd3fcb811519c737232bde6dd5743c37ee5?s=96&d=mm&r=g","contentUrl":"https:\/\/secure.gravatar.com\/avatar\/444436b93284204f8116b6e0eb964cd3fcb811519c737232bde6dd5743c37ee5?s=96&d=mm&r=g","caption":"H\u00e9bergements Locansol"},"sameAs":["https:\/\/www.locansol.fr\/"],"url":"https:\/\/www.locansol.fr\/en\/author\/locansol\/"}]}},"_links":{"self":[{"href":"https:\/\/www.locansol.fr\/en\/wp-json\/wp\/v2\/posts\/6442","targetHints":{"allow":["GET"]}}],"collection":[{"href":"https:\/\/www.locansol.fr\/en\/wp-json\/wp\/v2\/posts"}],"about":[{"href":"https:\/\/www.locansol.fr\/en\/wp-json\/wp\/v2\/types\/post"}],"author":[{"embeddable":true,"href":"https:\/\/www.locansol.fr\/en\/wp-json\/wp\/v2\/users\/5"}],"replies":[{"embeddable":true,"href":"https:\/\/www.locansol.fr\/en\/wp-json\/wp\/v2\/comments?post=6442"}],"version-history":[{"count":1,"href":"https:\/\/www.locansol.fr\/en\/wp-json\/wp\/v2\/posts\/6442\/revisions"}],"predecessor-version":[{"id":6443,"href":"https:\/\/www.locansol.fr\/en\/wp-json\/wp\/v2\/posts\/6442\/revisions\/6443"}],"wp:featuredmedia":[{"embeddable":true,"href":"https:\/\/www.locansol.fr\/en\/wp-json\/wp\/v2\/media\/6441"}],"wp:attachment":[{"href":"https:\/\/www.locansol.fr\/en\/wp-json\/wp\/v2\/media?parent=6442"}],"wp:term":[{"taxonomy":"category","embeddable":true,"href":"https:\/\/www.locansol.fr\/en\/wp-json\/wp\/v2\/categories?post=6442"},{"taxonomy":"post_tag","embeddable":true,"href":"https:\/\/www.locansol.fr\/en\/wp-json\/wp\/v2\/tags?post=6442"}],"curies":[{"name":"wp","href":"https:\/\/api.w.org\/{rel}","templated":true}]}}