{"id":6450,"date":"2026-04-24T12:15:21","date_gmt":"2026-04-24T10:15:21","guid":{"rendered":"https:\/\/www.locansol.fr\/exposition-volets-orgue-perpignan-8\/"},"modified":"2026-04-24T12:15:25","modified_gmt":"2026-04-24T10:15:25","slug":"exposition-volets-orgue-perpignan-8","status":"publish","type":"post","link":"https:\/\/www.locansol.fr\/en\/exposition-volets-orgue-perpignan-8\/","title":{"rendered":"Perpignan : Exposition des volets du grand orgue (24 mars &#8211; 31 mai 2023)"},"content":{"rendered":"<p>La ville de Perpignan accueille un \u00e9v\u00e9nement exceptionnel qui ravira les passionn\u00e9s d\u2019art et de patrimoine. Du 24 mars au 31 mai, le mus\u00e9e Hyacinthe Rigaud ouvre ses portes pour une exposition unique en son genre : \u00ab La red\u00e9couverte d\u2019un chef-d\u2019\u0153uvre monumental : Les volets du grand orgue de la cath\u00e9drale de Perpignan \u00bb. Apr\u00e8s quatre ann\u00e9es de restauration minutieuse, ces panneaux de dimensions impressionnantes s\u2019offrent \u00e0 nouveau au regard intrigu\u00e9 et admiratif du public.<\/p>\n<p>Peints en 1504, ces volets monumentaux, chacun mesurant 12,6 m\u00e8tres de haut sur 4,3 m\u00e8tres de large, sont consid\u00e9r\u00e9s comme l\u2019un des ensembles picturaux les plus spectaculaires d\u2019Europe. \u00c0 l&rsquo;origine, ils recouvraient le buffet du grand orgue de la cath\u00e9drale Saint-Jean-Baptiste de Perpignan et se d\u00e9ployaient en fonction du calendrier liturgique, harmonisant musique, architecture et iconographie sacr\u00e9e. Leur conception exceptionnelle, peinte \u00e0 la d\u00e9trempe sur toile, se distingue par une polychromie \u00e9clatante sur la face principale et une grisaille minutieusement travaill\u00e9e sur le revers, t\u00e9moignant d\u2019une profonde r\u00e9sonance spirituelle et esth\u00e9tique.<\/p>\n<p>Cependant, ces joyaux du patrimoine ont \u00e9t\u00e9 d\u00e9mont\u00e9s et plac\u00e9s \u00e0 l\u2019\u00e9cart au XIXe si\u00e8cle, tombant progressivement dans l\u2019oubli. Gr\u00e2ce \u00e0 une initiative de l&rsquo;\u00c9tat et \u00e0 un chantier de restauration d\u00e9but\u00e9 en 2022, dirig\u00e9 par des experts en conservation, les panneaux ont aujourd\u2019hui retrouv\u00e9 leur \u00e9clat d\u2019autrefois et d\u00e9voilent leur extraordinaire valeur artistique et historique dans une mise en lumi\u00e8re remarquable au c\u0153ur du mus\u00e9e Hyacinthe Rigaud.<\/p>\n<p>L\u2019exposition, sous la direction de Pascale Picard, conservatrice du mus\u00e9e, est con\u00e7ue pour offrir une exp\u00e9rience \u00e0 la fois esth\u00e9tique et p\u00e9dagogique. Les visiteurs auront ainsi l\u2019occasion d\u2019en apprendre davantage sur l\u2019histoire mat\u00e9rielle et les techniques artistiques utilis\u00e9es dans la r\u00e9alisation de cette \u0153uvre colossale, class\u00e9e parmi les tr\u00e9sors du patrimoine pictural europ\u00e9en. Install\u00e9e dans un environnement adapt\u00e9 \u00e0 sa splendeur et sa taille imposantes, la pr\u00e9sentation transporte le visiteur dans une atmosph\u00e8re de red\u00e9couverte.<\/p>\n<p>Situ\u00e9 au 21 rue Mailly, au c\u0153ur de Perpignan, le mus\u00e9e Hyacinthe Rigaud offre un cadre parfait pour cette immersion dans l\u2019histoire de l\u2019art occidental. Chaque d\u00e9tail de l&rsquo;exposition, de la mise en sc\u00e8ne lumineuse aux explications riches et claires, invite \u00e0 contempler ce legs unique et \u00e0 en appr\u00e9cier toute la finesse.<\/p>\n<p>Rendez-vous jusque fin mai pour vivre ce moment unique de proximit\u00e9 avec une \u0153uvre majeure, embl\u00e9matique de la ville de Perpignan, et pour plonger dans le pass\u00e9 artistique et spirituel d\u2019une \u00e9poque fascinante. Que l&rsquo;on soit amateur d\u2019art, curieux de patrimoine ou simplement enfant du pays, cette exposition promet une exp\u00e9rience m\u00e9morable.<\/p>\n<p>\ud83d\udcb6 Plein tarif : 8 \u20ac, un investissement modique pour revivre un pan extraordinaire de l\u2019histoire !<\/p>\n<h3>Practical information<\/h3>\n<p>\ud83d\udcc5 QUAND ? Du 24 mars au 31 mai 2023<br \/>\ud83d\udccd O\u00d9 ? Mus\u00e9e Hyacinthe Rigaud, 21 Rue Mailly, Perpignan<br \/>\ud83d\udcb6 COMBIEN ? Plein tarif : 8,00 \u20ac<\/p>","protected":false},"excerpt":{"rendered":"<p>\u00c0 ne pas manquer : l&rsquo;exposition des volets monumentaux restaur\u00e9s du grand orgue de la cath\u00e9drale de Perpignan, au mus\u00e9e Hyacinthe Rigaud jusqu&rsquo;au 31 mai 2023.<\/p>","protected":false},"author":5,"featured_media":6449,"comment_status":"closed","ping_status":"open","sticky":false,"template":"","format":"standard","meta":{"_yoast_wpseo_focuskw":"Exposition volets orgue Perpignan","_yoast_wpseo_title":"Exposition des volets du grand orgue Perpignan - D\u00e9couverte unique","_yoast_wpseo_metadesc":"Exposition des volets du grand orgue Perpignan. D\u00e9couvrez ces chefs-d'\u0153uvre monumentaux du XVIe si\u00e8cle au mus\u00e9e Hyacinthe Rigaud. Une exp\u00e9rience unique dans les Pyr\u00e9n\u00e9es-Orientales.","_yoast_wpseo_canonical":"","_yoast_wpseo_opengraph-title":"D\u00e9couvrez un chef-d'\u0153uvre cach\u00e9 : Perpignan r\u00e9v\u00e8le ses tr\u00e9sors artistiques","_yoast_wpseo_opengraph-description":"Plongez dans l'\u00e9clat des volets du grand orgue de Perpignan. Une exposition immersive qui r\u00e9v\u00e8le des si\u00e8cles d'histoire et d'art. \u00c0 ne pas manquer !","_yoast_wpseo_opengraph-image":"https:\/\/www.locansol.fr\/wp-content\/uploads\/2026\/04\/exposition-volets-orgue-perpignan-7.webp","_yoast_wpseo_opengraph-image-id":"","_yoast_wpseo_twitter-title":"D\u00e9couvrez les volets du grand orgue \u00e0 Perpignan - Une exp\u00e9rience unique !","_yoast_wpseo_twitter-description":"Ne manquez pas l'exposition des volets du grand orgue \u00e0 Perpignan. Une plong\u00e9e dans l'art et l'histoire du XVIe si\u00e8cle. Jusqu'au 31 mai !","_yoast_wpseo_twitter-image":"https:\/\/www.locansol.fr\/wp-content\/uploads\/2026\/04\/exposition-volets-orgue-perpignan-7.webp","_yoast_wpseo_twitter-image-id":"","yoast_primary_category":"Exposition","footnotes":""},"categories":[35],"tags":[66,76],"class_list":["post-6450","post","type-post","status-publish","format-standard","has-post-thumbnail","hentry","category-carnaval","tag-evenement-culturel","tag-pyrenees-orientales"],"yoast_head":"<!-- This site is optimized with the Yoast SEO Premium plugin v23.3 (Yoast SEO v26.9) - https:\/\/yoast.com\/product\/yoast-seo-premium-wordpress\/ -->\n<title>Exposition des volets du grand orgue Perpignan - D\u00e9couverte unique<\/title>\n<meta name=\"description\" content=\"Exposition des volets du grand orgue Perpignan. D\u00e9couvrez ces chefs-d&#039;\u0153uvre monumentaux du XVIe si\u00e8cle au mus\u00e9e Hyacinthe Rigaud. Une exp\u00e9rience unique dans les Pyr\u00e9n\u00e9es-Orientales.\" \/>\n<meta name=\"robots\" content=\"index, follow, max-snippet:-1, max-image-preview:large, max-video-preview:-1\" \/>\n<link rel=\"canonical\" href=\"https:\/\/www.locansol.fr\/en\/exposition-volets-orgue-perpignan-8\/\" \/>\n<meta property=\"og:locale\" content=\"en_GB\" \/>\n<meta property=\"og:type\" content=\"article\" \/>\n<meta property=\"og:title\" content=\"D\u00e9couvrez un chef-d&#039;\u0153uvre cach\u00e9 : Perpignan r\u00e9v\u00e8le ses tr\u00e9sors artistiques\" \/>\n<meta property=\"og:description\" content=\"Plongez dans l&#039;\u00e9clat des volets du grand orgue de Perpignan. Une exposition immersive qui r\u00e9v\u00e8le des si\u00e8cles d&#039;histoire et d&#039;art. \u00c0 ne pas manquer !\" \/>\n<meta property=\"og:url\" content=\"https:\/\/www.locansol.fr\/en\/exposition-volets-orgue-perpignan-8\/\" \/>\n<meta property=\"og:site_name\" content=\"Locansol, louer un h\u00e9bergement dans les Pyr\u00e9n\u00e9es Orientales\" \/>\n<meta property=\"article:published_time\" content=\"2026-04-24T10:15:21+00:00\" \/>\n<meta property=\"article:modified_time\" content=\"2026-04-24T10:15:25+00:00\" \/>\n<meta property=\"og:image\" content=\"https:\/\/www.locansol.fr\/wp-content\/uploads\/2026\/04\/exposition-volets-orgue-perpignan-7.webp\" \/>\n<meta name=\"author\" content=\"H\u00e9bergements Locansol\" \/>\n<meta name=\"twitter:card\" content=\"summary_large_image\" \/>\n<meta name=\"twitter:title\" content=\"D\u00e9couvrez les volets du grand orgue \u00e0 Perpignan - Une exp\u00e9rience unique !\" \/>\n<meta name=\"twitter:description\" content=\"Ne manquez pas l&#039;exposition des volets du grand orgue \u00e0 Perpignan. Une plong\u00e9e dans l&#039;art et l&#039;histoire du XVIe si\u00e8cle. Jusqu&#039;au 31 mai !\" \/>\n<meta name=\"twitter:image\" content=\"https:\/\/www.locansol.fr\/wp-content\/uploads\/2026\/04\/exposition-volets-orgue-perpignan-7.webp\" \/>\n<meta name=\"twitter:label1\" content=\"Written by\" \/>\n\t<meta name=\"twitter:data1\" content=\"H\u00e9bergements Locansol\" \/>\n\t<meta name=\"twitter:label2\" content=\"Estimated reading time\" \/>\n\t<meta name=\"twitter:data2\" content=\"2 minutes\" \/>\n<script type=\"application\/ld+json\" class=\"yoast-schema-graph\">{\"@context\":\"https:\/\/schema.org\",\"@graph\":[{\"@type\":\"Article\",\"@id\":\"https:\/\/www.locansol.fr\/exposition-volets-orgue-perpignan-8\/#article\",\"isPartOf\":{\"@id\":\"https:\/\/www.locansol.fr\/exposition-volets-orgue-perpignan-8\/\"},\"author\":{\"name\":\"H\u00e9bergements Locansol\",\"@id\":\"https:\/\/www.locansol.fr\/#\/schema\/person\/0b08d440f1ac44674c6d498107de351d\"},\"headline\":\"Perpignan : Exposition des volets du grand orgue (24 mars &#8211; 31 mai 2023)\",\"datePublished\":\"2026-04-24T10:15:21+00:00\",\"dateModified\":\"2026-04-24T10:15:25+00:00\",\"mainEntityOfPage\":{\"@id\":\"https:\/\/www.locansol.fr\/exposition-volets-orgue-perpignan-8\/\"},\"wordCount\":510,\"publisher\":{\"@id\":\"https:\/\/www.locansol.fr\/#organization\"},\"image\":{\"@id\":\"https:\/\/www.locansol.fr\/exposition-volets-orgue-perpignan-8\/#primaryimage\"},\"thumbnailUrl\":\"https:\/\/www.locansol.fr\/wp-content\/uploads\/2026\/04\/exposition-volets-orgue-perpignan-7.webp\",\"keywords\":[\"\u00c9v\u00e8nement culturel\",\"Pyr\u00e9n\u00e9es-Orientales\"],\"articleSection\":[\"Carnaval\"],\"inLanguage\":\"en-GB\"},{\"@type\":\"WebPage\",\"@id\":\"https:\/\/www.locansol.fr\/exposition-volets-orgue-perpignan-8\/\",\"url\":\"https:\/\/www.locansol.fr\/exposition-volets-orgue-perpignan-8\/\",\"name\":\"Exposition des volets du grand orgue Perpignan - D\u00e9couverte unique\",\"isPartOf\":{\"@id\":\"https:\/\/www.locansol.fr\/#website\"},\"primaryImageOfPage\":{\"@id\":\"https:\/\/www.locansol.fr\/exposition-volets-orgue-perpignan-8\/#primaryimage\"},\"image\":{\"@id\":\"https:\/\/www.locansol.fr\/exposition-volets-orgue-perpignan-8\/#primaryimage\"},\"thumbnailUrl\":\"https:\/\/www.locansol.fr\/wp-content\/uploads\/2026\/04\/exposition-volets-orgue-perpignan-7.webp\",\"datePublished\":\"2026-04-24T10:15:21+00:00\",\"dateModified\":\"2026-04-24T10:15:25+00:00\",\"description\":\"Exposition des volets du grand orgue Perpignan. D\u00e9couvrez ces chefs-d'\u0153uvre monumentaux du XVIe si\u00e8cle au mus\u00e9e Hyacinthe Rigaud. Une exp\u00e9rience unique dans les Pyr\u00e9n\u00e9es-Orientales.\",\"breadcrumb\":{\"@id\":\"https:\/\/www.locansol.fr\/exposition-volets-orgue-perpignan-8\/#breadcrumb\"},\"inLanguage\":\"en-GB\",\"potentialAction\":[{\"@type\":\"ReadAction\",\"target\":[\"https:\/\/www.locansol.fr\/exposition-volets-orgue-perpignan-8\/\"]}]},{\"@type\":\"ImageObject\",\"inLanguage\":\"en-GB\",\"@id\":\"https:\/\/www.locansol.fr\/exposition-volets-orgue-perpignan-8\/#primaryimage\",\"url\":\"https:\/\/www.locansol.fr\/wp-content\/uploads\/2026\/04\/exposition-volets-orgue-perpignan-7.webp\",\"contentUrl\":\"https:\/\/www.locansol.fr\/wp-content\/uploads\/2026\/04\/exposition-volets-orgue-perpignan-7.webp\",\"width\":1024,\"height\":605,\"caption\":\"Exposition des volets du grand orgue Perpignan - D\u00e9couverte unique\"},{\"@type\":\"BreadcrumbList\",\"@id\":\"https:\/\/www.locansol.fr\/exposition-volets-orgue-perpignan-8\/#breadcrumb\",\"itemListElement\":[{\"@type\":\"ListItem\",\"position\":1,\"name\":\"Accueil\",\"item\":\"https:\/\/www.locansol.fr\/\"},{\"@type\":\"ListItem\",\"position\":2,\"name\":\"Perpignan : Exposition des volets du grand orgue (24 mars &#8211; 31 mai 2023)\"}]},{\"@type\":\"WebSite\",\"@id\":\"https:\/\/www.locansol.fr\/#website\",\"url\":\"https:\/\/www.locansol.fr\/\",\"name\":\"Locansol, louer un h\u00e9bergement dans les Pyr\u00e9n\u00e9es-Orientales\",\"description\":\"Location Mobil-home Mer M\u00e9diterran\u00e9e &amp; Chalet de Montagne dans les Pyr\u00e9n\u00e9es Orientales (Occitanie, 66). Weekend, s\u00e9jour &amp; vacances en famille et entre amis.\",\"publisher\":{\"@id\":\"https:\/\/www.locansol.fr\/#organization\"},\"alternateName\":\"Louer un h\u00e9bergement dans les Pyr\u00e9n\u00e9es Orientales, chalet & mobil-home en Occitanie\",\"potentialAction\":[{\"@type\":\"SearchAction\",\"target\":{\"@type\":\"EntryPoint\",\"urlTemplate\":\"https:\/\/www.locansol.fr\/?s={search_term_string}\"},\"query-input\":{\"@type\":\"PropertyValueSpecification\",\"valueRequired\":true,\"valueName\":\"search_term_string\"}}],\"inLanguage\":\"en-GB\"},{\"@type\":\"Organization\",\"@id\":\"https:\/\/www.locansol.fr\/#organization\",\"name\":\"Location MobilHome & chalet dans les Pyr\u00e9n\u00e9es Orientales\",\"alternateName\":\"Louer un h\u00e9bergement dans les Pyr\u00e9n\u00e9es Orientales en Occitanie\",\"url\":\"https:\/\/www.locansol.fr\/\",\"logo\":{\"@type\":\"ImageObject\",\"inLanguage\":\"en-GB\",\"@id\":\"https:\/\/www.locansol.fr\/#\/schema\/logo\/image\/\",\"url\":\"https:\/\/www.locansol.fr\/wp-content\/uploads\/2024\/04\/AdobeStock_303324767-scaled.jpeg\",\"contentUrl\":\"https:\/\/www.locansol.fr\/wp-content\/uploads\/2024\/04\/AdobeStock_303324767-scaled.jpeg\",\"width\":2560,\"height\":1707,\"caption\":\"Location MobilHome & chalet dans les Pyr\u00e9n\u00e9es Orientales\"},\"image\":{\"@id\":\"https:\/\/www.locansol.fr\/#\/schema\/logo\/image\/\"}},{\"@type\":\"Person\",\"@id\":\"https:\/\/www.locansol.fr\/#\/schema\/person\/0b08d440f1ac44674c6d498107de351d\",\"name\":\"H\u00e9bergements Locansol\",\"image\":{\"@type\":\"ImageObject\",\"inLanguage\":\"en-GB\",\"@id\":\"https:\/\/www.locansol.fr\/#\/schema\/person\/image\/\",\"url\":\"https:\/\/secure.gravatar.com\/avatar\/444436b93284204f8116b6e0eb964cd3fcb811519c737232bde6dd5743c37ee5?s=96&d=mm&r=g\",\"contentUrl\":\"https:\/\/secure.gravatar.com\/avatar\/444436b93284204f8116b6e0eb964cd3fcb811519c737232bde6dd5743c37ee5?s=96&d=mm&r=g\",\"caption\":\"H\u00e9bergements Locansol\"},\"sameAs\":[\"https:\/\/www.locansol.fr\/\"],\"url\":\"https:\/\/www.locansol.fr\/en\/author\/locansol\/\"}]}<\/script>\n<!-- \/ Yoast SEO Premium plugin. -->","yoast_head_json":{"title":"Exposition des volets du grand orgue Perpignan - D\u00e9couverte unique","description":"Exposition des volets du grand orgue Perpignan. D\u00e9couvrez ces chefs-d'\u0153uvre monumentaux du XVIe si\u00e8cle au mus\u00e9e Hyacinthe Rigaud. Une exp\u00e9rience unique dans les Pyr\u00e9n\u00e9es-Orientales.","robots":{"index":"index","follow":"follow","max-snippet":"max-snippet:-1","max-image-preview":"max-image-preview:large","max-video-preview":"max-video-preview:-1"},"canonical":"https:\/\/www.locansol.fr\/en\/exposition-volets-orgue-perpignan-8\/","og_locale":"en_GB","og_type":"article","og_title":"D\u00e9couvrez un chef-d'\u0153uvre cach\u00e9 : Perpignan r\u00e9v\u00e8le ses tr\u00e9sors artistiques","og_description":"Plongez dans l'\u00e9clat des volets du grand orgue de Perpignan. Une exposition immersive qui r\u00e9v\u00e8le des si\u00e8cles d'histoire et d'art. \u00c0 ne pas manquer !","og_url":"https:\/\/www.locansol.fr\/en\/exposition-volets-orgue-perpignan-8\/","og_site_name":"Locansol, louer un h\u00e9bergement dans les Pyr\u00e9n\u00e9es Orientales","article_published_time":"2026-04-24T10:15:21+00:00","article_modified_time":"2026-04-24T10:15:25+00:00","og_image":[{"url":"https:\/\/www.locansol.fr\/wp-content\/uploads\/2026\/04\/exposition-volets-orgue-perpignan-7.webp","type":"","width":"","height":""}],"author":"H\u00e9bergements Locansol","twitter_card":"summary_large_image","twitter_title":"D\u00e9couvrez les volets du grand orgue \u00e0 Perpignan - Une exp\u00e9rience unique !","twitter_description":"Ne manquez pas l'exposition des volets du grand orgue \u00e0 Perpignan. Une plong\u00e9e dans l'art et l'histoire du XVIe si\u00e8cle. Jusqu'au 31 mai !","twitter_image":"https:\/\/www.locansol.fr\/wp-content\/uploads\/2026\/04\/exposition-volets-orgue-perpignan-7.webp","twitter_misc":{"Written by":"H\u00e9bergements Locansol","Estimated reading time":"2 minutes"},"schema":{"@context":"https:\/\/schema.org","@graph":[{"@type":"Article","@id":"https:\/\/www.locansol.fr\/exposition-volets-orgue-perpignan-8\/#article","isPartOf":{"@id":"https:\/\/www.locansol.fr\/exposition-volets-orgue-perpignan-8\/"},"author":{"name":"H\u00e9bergements Locansol","@id":"https:\/\/www.locansol.fr\/#\/schema\/person\/0b08d440f1ac44674c6d498107de351d"},"headline":"Perpignan : Exposition des volets du grand orgue (24 mars &#8211; 31 mai 2023)","datePublished":"2026-04-24T10:15:21+00:00","dateModified":"2026-04-24T10:15:25+00:00","mainEntityOfPage":{"@id":"https:\/\/www.locansol.fr\/exposition-volets-orgue-perpignan-8\/"},"wordCount":510,"publisher":{"@id":"https:\/\/www.locansol.fr\/#organization"},"image":{"@id":"https:\/\/www.locansol.fr\/exposition-volets-orgue-perpignan-8\/#primaryimage"},"thumbnailUrl":"https:\/\/www.locansol.fr\/wp-content\/uploads\/2026\/04\/exposition-volets-orgue-perpignan-7.webp","keywords":["\u00c9v\u00e8nement culturel","Pyr\u00e9n\u00e9es-Orientales"],"articleSection":["Carnaval"],"inLanguage":"en-GB"},{"@type":"WebPage","@id":"https:\/\/www.locansol.fr\/exposition-volets-orgue-perpignan-8\/","url":"https:\/\/www.locansol.fr\/exposition-volets-orgue-perpignan-8\/","name":"Exposition des volets du grand orgue Perpignan - D\u00e9couverte unique","isPartOf":{"@id":"https:\/\/www.locansol.fr\/#website"},"primaryImageOfPage":{"@id":"https:\/\/www.locansol.fr\/exposition-volets-orgue-perpignan-8\/#primaryimage"},"image":{"@id":"https:\/\/www.locansol.fr\/exposition-volets-orgue-perpignan-8\/#primaryimage"},"thumbnailUrl":"https:\/\/www.locansol.fr\/wp-content\/uploads\/2026\/04\/exposition-volets-orgue-perpignan-7.webp","datePublished":"2026-04-24T10:15:21+00:00","dateModified":"2026-04-24T10:15:25+00:00","description":"Exposition des volets du grand orgue Perpignan. D\u00e9couvrez ces chefs-d'\u0153uvre monumentaux du XVIe si\u00e8cle au mus\u00e9e Hyacinthe Rigaud. Une exp\u00e9rience unique dans les Pyr\u00e9n\u00e9es-Orientales.","breadcrumb":{"@id":"https:\/\/www.locansol.fr\/exposition-volets-orgue-perpignan-8\/#breadcrumb"},"inLanguage":"en-GB","potentialAction":[{"@type":"ReadAction","target":["https:\/\/www.locansol.fr\/exposition-volets-orgue-perpignan-8\/"]}]},{"@type":"ImageObject","inLanguage":"en-GB","@id":"https:\/\/www.locansol.fr\/exposition-volets-orgue-perpignan-8\/#primaryimage","url":"https:\/\/www.locansol.fr\/wp-content\/uploads\/2026\/04\/exposition-volets-orgue-perpignan-7.webp","contentUrl":"https:\/\/www.locansol.fr\/wp-content\/uploads\/2026\/04\/exposition-volets-orgue-perpignan-7.webp","width":1024,"height":605,"caption":"Exposition des volets du grand orgue Perpignan - D\u00e9couverte unique"},{"@type":"BreadcrumbList","@id":"https:\/\/www.locansol.fr\/exposition-volets-orgue-perpignan-8\/#breadcrumb","itemListElement":[{"@type":"ListItem","position":1,"name":"Accueil","item":"https:\/\/www.locansol.fr\/"},{"@type":"ListItem","position":2,"name":"Perpignan : Exposition des volets du grand orgue (24 mars &#8211; 31 mai 2023)"}]},{"@type":"WebSite","@id":"https:\/\/www.locansol.fr\/#website","url":"https:\/\/www.locansol.fr\/","name":"Locansol, louer un h\u00e9bergement dans les Pyr\u00e9n\u00e9es-Orientales","description":"Location Mobil-home Mer M\u00e9diterran\u00e9e &amp; Chalet de Montagne dans les Pyr\u00e9n\u00e9es Orientales (Occitanie, 66). Weekend, s\u00e9jour &amp; vacances en famille et entre amis.","publisher":{"@id":"https:\/\/www.locansol.fr\/#organization"},"alternateName":"Louer un h\u00e9bergement dans les Pyr\u00e9n\u00e9es Orientales, chalet & mobil-home en Occitanie","potentialAction":[{"@type":"SearchAction","target":{"@type":"EntryPoint","urlTemplate":"https:\/\/www.locansol.fr\/?s={search_term_string}"},"query-input":{"@type":"PropertyValueSpecification","valueRequired":true,"valueName":"search_term_string"}}],"inLanguage":"en-GB"},{"@type":"Organization","@id":"https:\/\/www.locansol.fr\/#organization","name":"Location MobilHome & chalet dans les Pyr\u00e9n\u00e9es Orientales","alternateName":"Louer un h\u00e9bergement dans les Pyr\u00e9n\u00e9es Orientales en Occitanie","url":"https:\/\/www.locansol.fr\/","logo":{"@type":"ImageObject","inLanguage":"en-GB","@id":"https:\/\/www.locansol.fr\/#\/schema\/logo\/image\/","url":"https:\/\/www.locansol.fr\/wp-content\/uploads\/2024\/04\/AdobeStock_303324767-scaled.jpeg","contentUrl":"https:\/\/www.locansol.fr\/wp-content\/uploads\/2024\/04\/AdobeStock_303324767-scaled.jpeg","width":2560,"height":1707,"caption":"Location MobilHome & chalet dans les Pyr\u00e9n\u00e9es Orientales"},"image":{"@id":"https:\/\/www.locansol.fr\/#\/schema\/logo\/image\/"}},{"@type":"Person","@id":"https:\/\/www.locansol.fr\/#\/schema\/person\/0b08d440f1ac44674c6d498107de351d","name":"H\u00e9bergements Locansol","image":{"@type":"ImageObject","inLanguage":"en-GB","@id":"https:\/\/www.locansol.fr\/#\/schema\/person\/image\/","url":"https:\/\/secure.gravatar.com\/avatar\/444436b93284204f8116b6e0eb964cd3fcb811519c737232bde6dd5743c37ee5?s=96&d=mm&r=g","contentUrl":"https:\/\/secure.gravatar.com\/avatar\/444436b93284204f8116b6e0eb964cd3fcb811519c737232bde6dd5743c37ee5?s=96&d=mm&r=g","caption":"H\u00e9bergements Locansol"},"sameAs":["https:\/\/www.locansol.fr\/"],"url":"https:\/\/www.locansol.fr\/en\/author\/locansol\/"}]}},"_links":{"self":[{"href":"https:\/\/www.locansol.fr\/en\/wp-json\/wp\/v2\/posts\/6450","targetHints":{"allow":["GET"]}}],"collection":[{"href":"https:\/\/www.locansol.fr\/en\/wp-json\/wp\/v2\/posts"}],"about":[{"href":"https:\/\/www.locansol.fr\/en\/wp-json\/wp\/v2\/types\/post"}],"author":[{"embeddable":true,"href":"https:\/\/www.locansol.fr\/en\/wp-json\/wp\/v2\/users\/5"}],"replies":[{"embeddable":true,"href":"https:\/\/www.locansol.fr\/en\/wp-json\/wp\/v2\/comments?post=6450"}],"version-history":[{"count":1,"href":"https:\/\/www.locansol.fr\/en\/wp-json\/wp\/v2\/posts\/6450\/revisions"}],"predecessor-version":[{"id":6451,"href":"https:\/\/www.locansol.fr\/en\/wp-json\/wp\/v2\/posts\/6450\/revisions\/6451"}],"wp:featuredmedia":[{"embeddable":true,"href":"https:\/\/www.locansol.fr\/en\/wp-json\/wp\/v2\/media\/6449"}],"wp:attachment":[{"href":"https:\/\/www.locansol.fr\/en\/wp-json\/wp\/v2\/media?parent=6450"}],"wp:term":[{"taxonomy":"category","embeddable":true,"href":"https:\/\/www.locansol.fr\/en\/wp-json\/wp\/v2\/categories?post=6450"},{"taxonomy":"post_tag","embeddable":true,"href":"https:\/\/www.locansol.fr\/en\/wp-json\/wp\/v2\/tags?post=6450"}],"curies":[{"name":"wp","href":"https:\/\/api.w.org\/{rel}","templated":true}]}}