{"id":6476,"date":"2026-04-24T16:23:47","date_gmt":"2026-04-24T14:23:47","guid":{"rendered":"https:\/\/www.locansol.fr\/exposition-verre-brise-torreilles\/"},"modified":"2026-04-24T16:23:52","modified_gmt":"2026-04-24T14:23:52","slug":"exposition-verre-brise-torreilles","status":"publish","type":"post","link":"https:\/\/www.locansol.fr\/en\/exposition-verre-brise-torreilles\/","title":{"rendered":"Exposition \u00ab Point de Rupture \u00bb \u00e0 Torreilles (24-30 avril) : D\u00e9couvrez l&rsquo;art du verre bris\u00e9"},"content":{"rendered":"<p>Du 24 au 30 avril, la commune de Torreilles, nich\u00e9e dans le d\u00e9partement des Pyr\u00e9n\u00e9es-Orientales, accueille une exposition aussi intrigante que po\u00e9tique : \u00ab Point de Rupture \u00bb de l\u2019artiste Meta. Rendez-vous \u00e0 la Distillerie 66, un lieu culturel incontournable du village, pour plonger dans un univers artistique singulier, o\u00f9 la mati\u00e8re et la lumi\u00e8re s\u2019entrelacent pour raconter une histoire unique.<\/p>\n<p>### Une d\u00e9marche artistique originale autour du verre bris\u00e9<br \/>Meta, artiste reconnu pour son approche innovante et audacieuse, invite le public \u00e0 explorer une th\u00e9matique captivante : le moment o\u00f9 l\u2019image bascule et o\u00f9 le fragile \u00e9quilibre se fracture. \u00c0 travers ses cr\u00e9ations en verre bris\u00e9, l\u2019artiste capture des instants de tension et d\u2019\u00e9clat, gravant \u00e0 jamais les marques du temps sur cette mati\u00e8re d\u00e9licate. Chaque pi\u00e8ce d\u00e9voile une interaction saisissante entre fissures, lignes et transparences, jouant subtilement avec la lumi\u00e8re pour procurer une exp\u00e9rience visuelle et \u00e9motionnelle in\u00e9dite.<\/p>\n<p>### Une immersion dans la beaut\u00e9 des contrastes<br \/>L\u2019exposition \u00ab Point de Rupture \u00bb ne se contente pas de pr\u00e9senter des \u0153uvres au spectateur : elle le plonge dans une v\u00e9ritable r\u00e9flexion sur la fragilit\u00e9 et la r\u00e9silience de la mati\u00e8re. L\u2019\u00e9clat du verre bris\u00e9, ses ombres ondulantes et ses jeux de transparence forment une po\u00e9sie visuelle qui ne laisse personne indiff\u00e9rent. Meta cherche \u00e0 provoquer une r\u00e9flexion intime chez chaque visiteur, l\u2019invitant \u00e0 contempler non seulement l\u2019art, mais \u00e9galement les fragilit\u00e9s et les forces qui fa\u00e7onnent la vie.<\/p>\n<p>### Ne manquez pas le vernissage<br \/>Le vernissage de l\u2019exposition aura lieu le vendredi 24 avril \u00e0 18h30, un moment id\u00e9al pour \u00e9changer avec l\u2019artiste et d\u00e9couvrir de plus pr\u00e8s sa d\u00e9marche cr\u00e9ative. La Distillerie 66, situ\u00e9e au c\u0153ur de Torreilles, offrira un cadre particuli\u00e8rement propice \u00e0 cet \u00e9v\u00e9nement. Et pour prolonger l\u2019exp\u00e9rience, un catalogue de l\u2019exposition sera mis \u00e0 disposition, permettant d\u2019approfondir votre immersion dans l\u2019univers de Meta.<\/p>\n<p>### Infos pratiques<br \/>L\u2019exposition \u00ab Point de Rupture \u00bb est ouverte jusqu\u2019au 30 avril et l\u2019entr\u00e9e est gratuite, une belle opportunit\u00e9 pour les amateurs d\u2019art contemporain comme pour les curieux en qu\u00eate de nouvelles d\u00e9couvertes visuelles. Alors, que vous soyez en vacances dans les Pyr\u00e9n\u00e9es-Orientales ou r\u00e9sidant localement, ne manquez pas cette invitation \u00e0 un voyage artistique hors du commun.<\/p>\n<p>### Une exp\u00e9rience sensorielle \u00e0 ne pas manquer<br \/>En d\u00e9finitive, cette exposition est bien plus qu\u2019une simple d\u00e9monstration artistique : c&rsquo;est un v\u00e9ritable dialogue entre \u00e9clat et rupture, force et fragilit\u00e9, mati\u00e8re et lumi\u00e8re. Offrant une exp\u00e9rience visuelle et \u00e9motionnelle rare, \u00ab Point de Rupture \u00bb de Meta est une occasion unique de red\u00e9couvrir l\u2019art sous un angle diff\u00e9rent. Venez explorer ces \u0153uvres saisissantes et laissez-vous surprendre par la beaut\u00e9 fragile du verre bris\u00e9 !<\/p>\n<h3>Practical information<\/h3>\n<p>\ud83d\udcc5 QUAND ? Du 24 au 30 avril<br \/>\ud83d\udccd O\u00d9 ? La Distillerie 66, Torreilles<br \/>\ud83d\udcb6 COMBIEN ? Entr\u00e9e gratuite<\/p>","protected":false},"excerpt":{"rendered":"<p>L&rsquo;exposition \u00ab Point de Rupture \u00bb de Meta \u00e0 Torreilles explore la fragilit\u00e9 et la tension du verre bris\u00e9. \u00c0 voir du 24 au 30 avril \u00e0 la Distillerie 66. Entr\u00e9e libre.<\/p>","protected":false},"author":5,"featured_media":6475,"comment_status":"closed","ping_status":"open","sticky":false,"template":"","format":"standard","meta":{"_yoast_wpseo_focuskw":"Exposition verre bris\u00e9 Torreilles","_yoast_wpseo_title":"Point de Rupture Torreilles : D\u00e9couvrez l'art du verre bris\u00e9","_yoast_wpseo_metadesc":"Point de Rupture Torreilles : Explorez l'art du verre bris\u00e9 aux Pyr\u00e9n\u00e9es-Orientales. Une exposition captivante o\u00f9 lumi\u00e8re et mati\u00e8re s'entrelacent pour une exp\u00e9rience visuelle unique. Entr\u00e9e gratuite.","_yoast_wpseo_canonical":"","_yoast_wpseo_opengraph-title":"Explorez l\u2019art po\u00e9tique du verre bris\u00e9 \u00e0 Torreilles : une exp\u00e9rience visuelle et \u00e9motionnelle unique.","_yoast_wpseo_opengraph-description":"D\u00e9couvrez \u00ab Point de Rupture \u00bb \u00e0 Torreilles : une immersion dans la beaut\u00e9 fragile du verre bris\u00e9, o\u00f9 lumi\u00e8re et mati\u00e8re s'entrelacent pour une exp\u00e9rience sensorielle unique.","_yoast_wpseo_opengraph-image":"https:\/\/www.locansol.fr\/wp-content\/uploads\/2026\/04\/exposition-verre-brise-torreilles.webp","_yoast_wpseo_opengraph-image-id":"","_yoast_wpseo_twitter-title":"Exposition \u00ab Point de Rupture \u00bb \u00e0 Torreilles : une exp\u00e9rience artistique unique","_yoast_wpseo_twitter-description":"Plongez dans l\u2019univers po\u00e9tique du verre bris\u00e9 \u00e0 Torreilles. Une exposition captivante o\u00f9 lumi\u00e8re et mati\u00e8re s'entrelacent pour une exp\u00e9rience visuelle unique. Entr\u00e9e gratuite !","_yoast_wpseo_twitter-image":"https:\/\/www.locansol.fr\/wp-content\/uploads\/2026\/04\/exposition-verre-brise-torreilles.webp","_yoast_wpseo_twitter-image-id":"","yoast_primary_category":"Exposition","footnotes":""},"categories":[35],"tags":[66,76],"class_list":["post-6476","post","type-post","status-publish","format-standard","has-post-thumbnail","hentry","category-carnaval","tag-evenement-culturel","tag-pyrenees-orientales"],"yoast_head":"<!-- This site is optimized with the Yoast SEO Premium plugin v23.3 (Yoast SEO v26.9) - https:\/\/yoast.com\/product\/yoast-seo-premium-wordpress\/ -->\n<title>Point de Rupture Torreilles : D\u00e9couvrez l&#039;art du verre bris\u00e9<\/title>\n<meta name=\"description\" content=\"Point de Rupture Torreilles : Explorez l&#039;art du verre bris\u00e9 aux Pyr\u00e9n\u00e9es-Orientales. Une exposition captivante o\u00f9 lumi\u00e8re et mati\u00e8re s&#039;entrelacent pour une exp\u00e9rience visuelle unique. Entr\u00e9e gratuite.\" \/>\n<meta name=\"robots\" content=\"index, follow, max-snippet:-1, max-image-preview:large, max-video-preview:-1\" \/>\n<link rel=\"canonical\" href=\"https:\/\/www.locansol.fr\/en\/exposition-verre-brise-torreilles\/\" \/>\n<meta property=\"og:locale\" content=\"en_GB\" \/>\n<meta property=\"og:type\" content=\"article\" \/>\n<meta property=\"og:title\" content=\"Explorez l\u2019art po\u00e9tique du verre bris\u00e9 \u00e0 Torreilles : une exp\u00e9rience visuelle et \u00e9motionnelle unique.\" \/>\n<meta property=\"og:description\" content=\"D\u00e9couvrez \u00ab Point de Rupture \u00bb \u00e0 Torreilles : une immersion dans la beaut\u00e9 fragile du verre bris\u00e9, o\u00f9 lumi\u00e8re et mati\u00e8re s&#039;entrelacent pour une exp\u00e9rience sensorielle unique.\" \/>\n<meta property=\"og:url\" content=\"https:\/\/www.locansol.fr\/en\/exposition-verre-brise-torreilles\/\" \/>\n<meta property=\"og:site_name\" content=\"Locansol, louer un h\u00e9bergement dans les Pyr\u00e9n\u00e9es Orientales\" \/>\n<meta property=\"article:published_time\" content=\"2026-04-24T14:23:47+00:00\" \/>\n<meta property=\"article:modified_time\" content=\"2026-04-24T14:23:52+00:00\" \/>\n<meta property=\"og:image\" content=\"https:\/\/www.locansol.fr\/wp-content\/uploads\/2026\/04\/exposition-verre-brise-torreilles.webp\" \/>\n<meta name=\"author\" content=\"H\u00e9bergements Locansol\" \/>\n<meta name=\"twitter:card\" content=\"summary_large_image\" \/>\n<meta name=\"twitter:title\" content=\"Exposition \u00ab Point de Rupture \u00bb \u00e0 Torreilles : une exp\u00e9rience artistique unique\" \/>\n<meta name=\"twitter:description\" content=\"Plongez dans l\u2019univers po\u00e9tique du verre bris\u00e9 \u00e0 Torreilles. Une exposition captivante o\u00f9 lumi\u00e8re et mati\u00e8re s&#039;entrelacent pour une exp\u00e9rience visuelle unique. Entr\u00e9e gratuite !\" \/>\n<meta name=\"twitter:image\" content=\"https:\/\/www.locansol.fr\/wp-content\/uploads\/2026\/04\/exposition-verre-brise-torreilles.webp\" \/>\n<meta name=\"twitter:label1\" content=\"Written by\" \/>\n\t<meta name=\"twitter:data1\" content=\"H\u00e9bergements Locansol\" \/>\n\t<meta name=\"twitter:label2\" content=\"Estimated reading time\" \/>\n\t<meta name=\"twitter:data2\" content=\"2 minutes\" \/>\n<script type=\"application\/ld+json\" class=\"yoast-schema-graph\">{\"@context\":\"https:\/\/schema.org\",\"@graph\":[{\"@type\":\"Article\",\"@id\":\"https:\/\/www.locansol.fr\/exposition-verre-brise-torreilles\/#article\",\"isPartOf\":{\"@id\":\"https:\/\/www.locansol.fr\/exposition-verre-brise-torreilles\/\"},\"author\":{\"name\":\"H\u00e9bergements Locansol\",\"@id\":\"https:\/\/www.locansol.fr\/#\/schema\/person\/0b08d440f1ac44674c6d498107de351d\"},\"headline\":\"Exposition \u00ab Point de Rupture \u00bb \u00e0 Torreilles (24-30 avril) : D\u00e9couvrez l&rsquo;art du verre bris\u00e9\",\"datePublished\":\"2026-04-24T14:23:47+00:00\",\"dateModified\":\"2026-04-24T14:23:52+00:00\",\"mainEntityOfPage\":{\"@id\":\"https:\/\/www.locansol.fr\/exposition-verre-brise-torreilles\/\"},\"wordCount\":506,\"publisher\":{\"@id\":\"https:\/\/www.locansol.fr\/#organization\"},\"image\":{\"@id\":\"https:\/\/www.locansol.fr\/exposition-verre-brise-torreilles\/#primaryimage\"},\"thumbnailUrl\":\"https:\/\/www.locansol.fr\/wp-content\/uploads\/2026\/04\/exposition-verre-brise-torreilles.webp\",\"keywords\":[\"\u00c9v\u00e8nement culturel\",\"Pyr\u00e9n\u00e9es-Orientales\"],\"articleSection\":[\"Carnaval\"],\"inLanguage\":\"en-GB\"},{\"@type\":\"WebPage\",\"@id\":\"https:\/\/www.locansol.fr\/exposition-verre-brise-torreilles\/\",\"url\":\"https:\/\/www.locansol.fr\/exposition-verre-brise-torreilles\/\",\"name\":\"Point de Rupture Torreilles : D\u00e9couvrez l'art du verre bris\u00e9\",\"isPartOf\":{\"@id\":\"https:\/\/www.locansol.fr\/#website\"},\"primaryImageOfPage\":{\"@id\":\"https:\/\/www.locansol.fr\/exposition-verre-brise-torreilles\/#primaryimage\"},\"image\":{\"@id\":\"https:\/\/www.locansol.fr\/exposition-verre-brise-torreilles\/#primaryimage\"},\"thumbnailUrl\":\"https:\/\/www.locansol.fr\/wp-content\/uploads\/2026\/04\/exposition-verre-brise-torreilles.webp\",\"datePublished\":\"2026-04-24T14:23:47+00:00\",\"dateModified\":\"2026-04-24T14:23:52+00:00\",\"description\":\"Point de Rupture Torreilles : Explorez l'art du verre bris\u00e9 aux Pyr\u00e9n\u00e9es-Orientales. Une exposition captivante o\u00f9 lumi\u00e8re et mati\u00e8re s'entrelacent pour une exp\u00e9rience visuelle unique. Entr\u00e9e gratuite.\",\"breadcrumb\":{\"@id\":\"https:\/\/www.locansol.fr\/exposition-verre-brise-torreilles\/#breadcrumb\"},\"inLanguage\":\"en-GB\",\"potentialAction\":[{\"@type\":\"ReadAction\",\"target\":[\"https:\/\/www.locansol.fr\/exposition-verre-brise-torreilles\/\"]}]},{\"@type\":\"ImageObject\",\"inLanguage\":\"en-GB\",\"@id\":\"https:\/\/www.locansol.fr\/exposition-verre-brise-torreilles\/#primaryimage\",\"url\":\"https:\/\/www.locansol.fr\/wp-content\/uploads\/2026\/04\/exposition-verre-brise-torreilles.webp\",\"contentUrl\":\"https:\/\/www.locansol.fr\/wp-content\/uploads\/2026\/04\/exposition-verre-brise-torreilles.webp\",\"width\":1024,\"height\":769,\"caption\":\"Point de Rupture Torreilles : D\u00e9couvrez l'art du verre bris\u00e9\"},{\"@type\":\"BreadcrumbList\",\"@id\":\"https:\/\/www.locansol.fr\/exposition-verre-brise-torreilles\/#breadcrumb\",\"itemListElement\":[{\"@type\":\"ListItem\",\"position\":1,\"name\":\"Accueil\",\"item\":\"https:\/\/www.locansol.fr\/\"},{\"@type\":\"ListItem\",\"position\":2,\"name\":\"Exposition \u00ab Point de Rupture \u00bb \u00e0 Torreilles (24-30 avril) : D\u00e9couvrez l&rsquo;art du verre bris\u00e9\"}]},{\"@type\":\"WebSite\",\"@id\":\"https:\/\/www.locansol.fr\/#website\",\"url\":\"https:\/\/www.locansol.fr\/\",\"name\":\"Locansol, louer un h\u00e9bergement dans les Pyr\u00e9n\u00e9es-Orientales\",\"description\":\"Location Mobil-home Mer M\u00e9diterran\u00e9e &amp; Chalet de Montagne dans les Pyr\u00e9n\u00e9es Orientales (Occitanie, 66). Weekend, s\u00e9jour &amp; vacances en famille et entre amis.\",\"publisher\":{\"@id\":\"https:\/\/www.locansol.fr\/#organization\"},\"alternateName\":\"Louer un h\u00e9bergement dans les Pyr\u00e9n\u00e9es Orientales, chalet & mobil-home en Occitanie\",\"potentialAction\":[{\"@type\":\"SearchAction\",\"target\":{\"@type\":\"EntryPoint\",\"urlTemplate\":\"https:\/\/www.locansol.fr\/?s={search_term_string}\"},\"query-input\":{\"@type\":\"PropertyValueSpecification\",\"valueRequired\":true,\"valueName\":\"search_term_string\"}}],\"inLanguage\":\"en-GB\"},{\"@type\":\"Organization\",\"@id\":\"https:\/\/www.locansol.fr\/#organization\",\"name\":\"Location MobilHome & chalet dans les Pyr\u00e9n\u00e9es Orientales\",\"alternateName\":\"Louer un h\u00e9bergement dans les Pyr\u00e9n\u00e9es Orientales en Occitanie\",\"url\":\"https:\/\/www.locansol.fr\/\",\"logo\":{\"@type\":\"ImageObject\",\"inLanguage\":\"en-GB\",\"@id\":\"https:\/\/www.locansol.fr\/#\/schema\/logo\/image\/\",\"url\":\"https:\/\/www.locansol.fr\/wp-content\/uploads\/2024\/04\/AdobeStock_303324767-scaled.jpeg\",\"contentUrl\":\"https:\/\/www.locansol.fr\/wp-content\/uploads\/2024\/04\/AdobeStock_303324767-scaled.jpeg\",\"width\":2560,\"height\":1707,\"caption\":\"Location MobilHome & chalet dans les Pyr\u00e9n\u00e9es Orientales\"},\"image\":{\"@id\":\"https:\/\/www.locansol.fr\/#\/schema\/logo\/image\/\"}},{\"@type\":\"Person\",\"@id\":\"https:\/\/www.locansol.fr\/#\/schema\/person\/0b08d440f1ac44674c6d498107de351d\",\"name\":\"H\u00e9bergements Locansol\",\"image\":{\"@type\":\"ImageObject\",\"inLanguage\":\"en-GB\",\"@id\":\"https:\/\/www.locansol.fr\/#\/schema\/person\/image\/\",\"url\":\"https:\/\/secure.gravatar.com\/avatar\/444436b93284204f8116b6e0eb964cd3fcb811519c737232bde6dd5743c37ee5?s=96&d=mm&r=g\",\"contentUrl\":\"https:\/\/secure.gravatar.com\/avatar\/444436b93284204f8116b6e0eb964cd3fcb811519c737232bde6dd5743c37ee5?s=96&d=mm&r=g\",\"caption\":\"H\u00e9bergements Locansol\"},\"sameAs\":[\"https:\/\/www.locansol.fr\/\"],\"url\":\"https:\/\/www.locansol.fr\/en\/author\/locansol\/\"}]}<\/script>\n<!-- \/ Yoast SEO Premium plugin. -->","yoast_head_json":{"title":"Point de Rupture Torreilles : D\u00e9couvrez l'art du verre bris\u00e9","description":"Point de Rupture Torreilles : Explorez l'art du verre bris\u00e9 aux Pyr\u00e9n\u00e9es-Orientales. Une exposition captivante o\u00f9 lumi\u00e8re et mati\u00e8re s'entrelacent pour une exp\u00e9rience visuelle unique. Entr\u00e9e gratuite.","robots":{"index":"index","follow":"follow","max-snippet":"max-snippet:-1","max-image-preview":"max-image-preview:large","max-video-preview":"max-video-preview:-1"},"canonical":"https:\/\/www.locansol.fr\/en\/exposition-verre-brise-torreilles\/","og_locale":"en_GB","og_type":"article","og_title":"Explorez l\u2019art po\u00e9tique du verre bris\u00e9 \u00e0 Torreilles : une exp\u00e9rience visuelle et \u00e9motionnelle unique.","og_description":"D\u00e9couvrez \u00ab Point de Rupture \u00bb \u00e0 Torreilles : une immersion dans la beaut\u00e9 fragile du verre bris\u00e9, o\u00f9 lumi\u00e8re et mati\u00e8re s'entrelacent pour une exp\u00e9rience sensorielle unique.","og_url":"https:\/\/www.locansol.fr\/en\/exposition-verre-brise-torreilles\/","og_site_name":"Locansol, louer un h\u00e9bergement dans les Pyr\u00e9n\u00e9es Orientales","article_published_time":"2026-04-24T14:23:47+00:00","article_modified_time":"2026-04-24T14:23:52+00:00","og_image":[{"url":"https:\/\/www.locansol.fr\/wp-content\/uploads\/2026\/04\/exposition-verre-brise-torreilles.webp","type":"","width":"","height":""}],"author":"H\u00e9bergements Locansol","twitter_card":"summary_large_image","twitter_title":"Exposition \u00ab Point de Rupture \u00bb \u00e0 Torreilles : une exp\u00e9rience artistique unique","twitter_description":"Plongez dans l\u2019univers po\u00e9tique du verre bris\u00e9 \u00e0 Torreilles. Une exposition captivante o\u00f9 lumi\u00e8re et mati\u00e8re s'entrelacent pour une exp\u00e9rience visuelle unique. Entr\u00e9e gratuite !","twitter_image":"https:\/\/www.locansol.fr\/wp-content\/uploads\/2026\/04\/exposition-verre-brise-torreilles.webp","twitter_misc":{"Written by":"H\u00e9bergements Locansol","Estimated reading time":"2 minutes"},"schema":{"@context":"https:\/\/schema.org","@graph":[{"@type":"Article","@id":"https:\/\/www.locansol.fr\/exposition-verre-brise-torreilles\/#article","isPartOf":{"@id":"https:\/\/www.locansol.fr\/exposition-verre-brise-torreilles\/"},"author":{"name":"H\u00e9bergements Locansol","@id":"https:\/\/www.locansol.fr\/#\/schema\/person\/0b08d440f1ac44674c6d498107de351d"},"headline":"Exposition \u00ab Point de Rupture \u00bb \u00e0 Torreilles (24-30 avril) : D\u00e9couvrez l&rsquo;art du verre bris\u00e9","datePublished":"2026-04-24T14:23:47+00:00","dateModified":"2026-04-24T14:23:52+00:00","mainEntityOfPage":{"@id":"https:\/\/www.locansol.fr\/exposition-verre-brise-torreilles\/"},"wordCount":506,"publisher":{"@id":"https:\/\/www.locansol.fr\/#organization"},"image":{"@id":"https:\/\/www.locansol.fr\/exposition-verre-brise-torreilles\/#primaryimage"},"thumbnailUrl":"https:\/\/www.locansol.fr\/wp-content\/uploads\/2026\/04\/exposition-verre-brise-torreilles.webp","keywords":["\u00c9v\u00e8nement culturel","Pyr\u00e9n\u00e9es-Orientales"],"articleSection":["Carnaval"],"inLanguage":"en-GB"},{"@type":"WebPage","@id":"https:\/\/www.locansol.fr\/exposition-verre-brise-torreilles\/","url":"https:\/\/www.locansol.fr\/exposition-verre-brise-torreilles\/","name":"Point de Rupture Torreilles : D\u00e9couvrez l'art du verre bris\u00e9","isPartOf":{"@id":"https:\/\/www.locansol.fr\/#website"},"primaryImageOfPage":{"@id":"https:\/\/www.locansol.fr\/exposition-verre-brise-torreilles\/#primaryimage"},"image":{"@id":"https:\/\/www.locansol.fr\/exposition-verre-brise-torreilles\/#primaryimage"},"thumbnailUrl":"https:\/\/www.locansol.fr\/wp-content\/uploads\/2026\/04\/exposition-verre-brise-torreilles.webp","datePublished":"2026-04-24T14:23:47+00:00","dateModified":"2026-04-24T14:23:52+00:00","description":"Point de Rupture Torreilles : Explorez l'art du verre bris\u00e9 aux Pyr\u00e9n\u00e9es-Orientales. Une exposition captivante o\u00f9 lumi\u00e8re et mati\u00e8re s'entrelacent pour une exp\u00e9rience visuelle unique. Entr\u00e9e gratuite.","breadcrumb":{"@id":"https:\/\/www.locansol.fr\/exposition-verre-brise-torreilles\/#breadcrumb"},"inLanguage":"en-GB","potentialAction":[{"@type":"ReadAction","target":["https:\/\/www.locansol.fr\/exposition-verre-brise-torreilles\/"]}]},{"@type":"ImageObject","inLanguage":"en-GB","@id":"https:\/\/www.locansol.fr\/exposition-verre-brise-torreilles\/#primaryimage","url":"https:\/\/www.locansol.fr\/wp-content\/uploads\/2026\/04\/exposition-verre-brise-torreilles.webp","contentUrl":"https:\/\/www.locansol.fr\/wp-content\/uploads\/2026\/04\/exposition-verre-brise-torreilles.webp","width":1024,"height":769,"caption":"Point de Rupture Torreilles : D\u00e9couvrez l'art du verre bris\u00e9"},{"@type":"BreadcrumbList","@id":"https:\/\/www.locansol.fr\/exposition-verre-brise-torreilles\/#breadcrumb","itemListElement":[{"@type":"ListItem","position":1,"name":"Accueil","item":"https:\/\/www.locansol.fr\/"},{"@type":"ListItem","position":2,"name":"Exposition \u00ab Point de Rupture \u00bb \u00e0 Torreilles (24-30 avril) : D\u00e9couvrez l&rsquo;art du verre bris\u00e9"}]},{"@type":"WebSite","@id":"https:\/\/www.locansol.fr\/#website","url":"https:\/\/www.locansol.fr\/","name":"Locansol, louer un h\u00e9bergement dans les Pyr\u00e9n\u00e9es-Orientales","description":"Location Mobil-home Mer M\u00e9diterran\u00e9e &amp; Chalet de Montagne dans les Pyr\u00e9n\u00e9es Orientales (Occitanie, 66). Weekend, s\u00e9jour &amp; vacances en famille et entre amis.","publisher":{"@id":"https:\/\/www.locansol.fr\/#organization"},"alternateName":"Louer un h\u00e9bergement dans les Pyr\u00e9n\u00e9es Orientales, chalet & mobil-home en Occitanie","potentialAction":[{"@type":"SearchAction","target":{"@type":"EntryPoint","urlTemplate":"https:\/\/www.locansol.fr\/?s={search_term_string}"},"query-input":{"@type":"PropertyValueSpecification","valueRequired":true,"valueName":"search_term_string"}}],"inLanguage":"en-GB"},{"@type":"Organization","@id":"https:\/\/www.locansol.fr\/#organization","name":"Location MobilHome & chalet dans les Pyr\u00e9n\u00e9es Orientales","alternateName":"Louer un h\u00e9bergement dans les Pyr\u00e9n\u00e9es Orientales en Occitanie","url":"https:\/\/www.locansol.fr\/","logo":{"@type":"ImageObject","inLanguage":"en-GB","@id":"https:\/\/www.locansol.fr\/#\/schema\/logo\/image\/","url":"https:\/\/www.locansol.fr\/wp-content\/uploads\/2024\/04\/AdobeStock_303324767-scaled.jpeg","contentUrl":"https:\/\/www.locansol.fr\/wp-content\/uploads\/2024\/04\/AdobeStock_303324767-scaled.jpeg","width":2560,"height":1707,"caption":"Location MobilHome & chalet dans les Pyr\u00e9n\u00e9es Orientales"},"image":{"@id":"https:\/\/www.locansol.fr\/#\/schema\/logo\/image\/"}},{"@type":"Person","@id":"https:\/\/www.locansol.fr\/#\/schema\/person\/0b08d440f1ac44674c6d498107de351d","name":"H\u00e9bergements Locansol","image":{"@type":"ImageObject","inLanguage":"en-GB","@id":"https:\/\/www.locansol.fr\/#\/schema\/person\/image\/","url":"https:\/\/secure.gravatar.com\/avatar\/444436b93284204f8116b6e0eb964cd3fcb811519c737232bde6dd5743c37ee5?s=96&d=mm&r=g","contentUrl":"https:\/\/secure.gravatar.com\/avatar\/444436b93284204f8116b6e0eb964cd3fcb811519c737232bde6dd5743c37ee5?s=96&d=mm&r=g","caption":"H\u00e9bergements Locansol"},"sameAs":["https:\/\/www.locansol.fr\/"],"url":"https:\/\/www.locansol.fr\/en\/author\/locansol\/"}]}},"_links":{"self":[{"href":"https:\/\/www.locansol.fr\/en\/wp-json\/wp\/v2\/posts\/6476","targetHints":{"allow":["GET"]}}],"collection":[{"href":"https:\/\/www.locansol.fr\/en\/wp-json\/wp\/v2\/posts"}],"about":[{"href":"https:\/\/www.locansol.fr\/en\/wp-json\/wp\/v2\/types\/post"}],"author":[{"embeddable":true,"href":"https:\/\/www.locansol.fr\/en\/wp-json\/wp\/v2\/users\/5"}],"replies":[{"embeddable":true,"href":"https:\/\/www.locansol.fr\/en\/wp-json\/wp\/v2\/comments?post=6476"}],"version-history":[{"count":1,"href":"https:\/\/www.locansol.fr\/en\/wp-json\/wp\/v2\/posts\/6476\/revisions"}],"predecessor-version":[{"id":6477,"href":"https:\/\/www.locansol.fr\/en\/wp-json\/wp\/v2\/posts\/6476\/revisions\/6477"}],"wp:featuredmedia":[{"embeddable":true,"href":"https:\/\/www.locansol.fr\/en\/wp-json\/wp\/v2\/media\/6475"}],"wp:attachment":[{"href":"https:\/\/www.locansol.fr\/en\/wp-json\/wp\/v2\/media?parent=6476"}],"wp:term":[{"taxonomy":"category","embeddable":true,"href":"https:\/\/www.locansol.fr\/en\/wp-json\/wp\/v2\/categories?post=6476"},{"taxonomy":"post_tag","embeddable":true,"href":"https:\/\/www.locansol.fr\/en\/wp-json\/wp\/v2\/tags?post=6476"}],"curies":[{"name":"wp","href":"https:\/\/api.w.org\/{rel}","templated":true}]}}