{"id":6480,"date":"2026-04-25T00:14:03","date_gmt":"2026-04-24T22:14:03","guid":{"rendered":"https:\/\/www.locansol.fr\/volets-monumentaux-cathedrale-perpignan-2\/"},"modified":"2026-04-25T00:14:08","modified_gmt":"2026-04-24T22:14:08","slug":"volets-monumentaux-cathedrale-perpignan-2","status":"publish","type":"post","link":"https:\/\/www.locansol.fr\/en\/volets-monumentaux-cathedrale-perpignan-2\/","title":{"rendered":"Perpignan &#8211; Exposition Mars \u00e0 Mai 2026 : Red\u00e9couvrez les Volets Monumentaux de la Cath\u00e9drale"},"content":{"rendered":"<p>Du 24 mars au 31 mai 2026, la magnifique cath\u00e9drale Saint-Jean-Baptiste de Perpignan sera le cadre d\u2019une exposition hors du commun intitul\u00e9e \u00ab La red\u00e9couverte d\u2019un chef-d\u2019\u0153uvre monumental : les volets du grand orgue de la cath\u00e9drale de Perpignan \u00bb. Cet \u00e9v\u00e9nement est une occasion exceptionnelle de red\u00e9couvrir un tr\u00e9sor artistique et patrimonial unique en son genre, r\u00e9cemment restaur\u00e9 par la Direction r\u00e9gionale des affaires culturelles d&rsquo;Occitanie.<\/p>\n<p>\u00c0 l\u2019honneur de cette exposition : les c\u00e9l\u00e8bres volets du grand orgue de la cath\u00e9drale, qui furent peints en 1504 et constituent l\u2019un des ensembles picturaux les plus impressionnants d\u2019Europe. Ces \u0153uvres monumentales, mesurant chacune pr\u00e8s de 83 m\u00b2, ont retrouv\u00e9 leur splendeur gr\u00e2ce \u00e0 un ambitieux chantier de restauration d\u00e9but\u00e9 en 2022. Ce travail minutieux et pluridisciplinaire a permis de mieux comprendre l\u2019histoire complexe et la technique fascinante derri\u00e8re ces peintures g\u00e9antes r\u00e9alis\u00e9es sur toile \u00e0 la d\u00e9trempe.<\/p>\n<p>Initialement fix\u00e9s au buffet de l\u2019orgue pour accompagner le calendrier liturgique, les volets \u00e9taient con\u00e7us pour offrir une exp\u00e9rience immersive au croisement de la musique, de l\u2019architecture sacr\u00e9e et de l\u2019image. Les deux grandes faces des panneaux &#8211; une riche polychromie d\u2019un c\u00f4t\u00e9, et une grisaille d\u00e9licatement travaill\u00e9e de l\u2019autre &#8211; renforcent leur puissance \u00e9motionnelle et spirituelle. Pourtant, ces \u0153uvres avaient peu \u00e0 peu sombr\u00e9 dans l\u2019oubli apr\u00e8s leur d\u00e9montage et leur repositionnement au XIXe si\u00e8cle, o\u00f9 elles furent fix\u00e9es aux murs de la cath\u00e9drale, limitant la lecture de leur symbolique initiale.<\/p>\n<p>Avec leur restauration, ces volets retrouvent leur \u00e9clat d\u2019antan et leur l\u00e9gitimit\u00e9 comme t\u00e9moignages majeurs du patrimoine historique. L\u2019exposition proposera aux visiteurs une exp\u00e9rience enrichissante qui m\u00eale d\u00e9couverte artistique et plong\u00e9e dans les traditions liturgiques, \u00e9clair\u00e9e par des sculptures et une architecture religieuse remarquables.<\/p>\n<p>La cath\u00e9drale Saint-Jean-Baptiste elle-m\u00eame constitue une partie int\u00e9grante de cet \u00e9v\u00e9nement culturel. Haut lieu du patrimoine de Perpignan, son architecture spectaculaire offre un \u00e9crin id\u00e9al pour admirer ces \u0153uvres grandioses, tout en plongeant au c\u0153ur de l\u2019histoire locale. Que vous soyez un passionn\u00e9 d\u2019art ou simplement curieux des tr\u00e9sors cach\u00e9s, cette exposition est une chance rare de d\u00e9couvrir un chef-d\u2019\u0153uvre d\u2019une telle envergure.<\/p>\n<p>Avec une entr\u00e9e \u00e0 tarif plein fix\u00e9e \u00e0 8 \u20ac, l\u2019exposition s\u2019adresse \u00e0 tous, y compris aux familles et aux visiteurs \u00e9trangers d\u00e9sireux d\u2019explorer le patrimoine artistique et spirituel de la ville. Le l\u00e9gendaire \u00e9difice situ\u00e9 au 21 Rue Mailly \u00e0 Perpignan sera accessible tous les jours durant l\u2019\u00e9v\u00e9nement.<\/p>\n<p>Ne manquez pas cette opportunit\u00e9 pr\u00e9cieuse de red\u00e9couvrir une pi\u00e8ce artistique charg\u00e9e d\u2019histoire qui t\u00e9moigne des savoir-faire et de l\u2019intensit\u00e9 culturelle de la r\u00e9gion. Venez plonger dans une exp\u00e9rience immersive \u00e0 la fois \u00e9ducative et \u00e9motive gr\u00e2ce \u00e0 cette exposition exceptionnelle \u00e0 Perpignan !<\/p>\n<h3>Practical information<\/h3>\n<p>\ud83d\udcc5 QUAND ? Du 24 mars au 31 mai 2026<br \/>\ud83d\udccd O\u00d9 ? Cath\u00e9drale Saint-Jean-Baptiste, 21 Rue Mailly, Perpignan<br \/>\ud83d\udcb6 COMBIEN ? Tarif plein : 8,00 \u20ac<\/p>","protected":false},"excerpt":{"rendered":"<p>D\u00e9couvrez l&rsquo;exposition qui redonne vie aux volets monumentaux du grand orgue de la cath\u00e9drale de Perpignan, restaur\u00e9s apr\u00e8s des si\u00e8cles d&rsquo;oubli.<\/p>","protected":false},"author":5,"featured_media":6479,"comment_status":"closed","ping_status":"open","sticky":false,"template":"","format":"standard","meta":{"_yoast_wpseo_focuskw":"volets monumentaux cath\u00e9drale Perpignan","_yoast_wpseo_title":"Exposition volets monumentaux Perpignan - Red\u00e9couvrez un chef-d\u2019\u0153uvre","_yoast_wpseo_metadesc":"Exposition volets monumentaux Perpignan. D\u00e9couvrez les volets du grand orgue de la cath\u00e9drale, r\u00e9cemment restaur\u00e9s. Une plong\u00e9e unique dans l\u2019art et l\u2019histoire des Pyr\u00e9n\u00e9es-Orientales.","_yoast_wpseo_canonical":"","_yoast_wpseo_opengraph-title":"D\u00e9couvrez l\u2019\u00e9motion : Les volets monumentaux de la cath\u00e9drale de Perpignan \u2014 Un chef-d\u2019\u0153uvre restaur\u00e9","_yoast_wpseo_opengraph-description":"Immergez-vous dans l\u2019\u00e9clat des volets monumentaux de la cath\u00e9drale de Perpignan. D\u00e9couvrez un chef-d\u2019\u0153uvre restaur\u00e9 et plongez dans l\u2019histoire et l\u2019art sacr\u00e9.","_yoast_wpseo_opengraph-image":"https:\/\/www.locansol.fr\/wp-content\/uploads\/2026\/04\/volets-monumentaux-cathedrale-perpignan-1.webp","_yoast_wpseo_opengraph-image-id":"","_yoast_wpseo_twitter-title":"Exposition unique : les volets monumentaux de Perpignan","_yoast_wpseo_twitter-description":"Plongez dans l\u2019histoire et l\u2019art avec les volets monumentaux de la cath\u00e9drale de Perpignan. Une exposition \u00e0 ne pas manquer !","_yoast_wpseo_twitter-image":"https:\/\/www.locansol.fr\/wp-content\/uploads\/2026\/04\/volets-monumentaux-cathedrale-perpignan-1.webp","_yoast_wpseo_twitter-image-id":"","yoast_primary_category":"Exposition","footnotes":""},"categories":[35],"tags":[66,76],"class_list":["post-6480","post","type-post","status-publish","format-standard","has-post-thumbnail","hentry","category-carnaval","tag-evenement-culturel","tag-pyrenees-orientales"],"yoast_head":"<!-- This site is optimized with the Yoast SEO Premium plugin v23.3 (Yoast SEO v26.9) - https:\/\/yoast.com\/product\/yoast-seo-premium-wordpress\/ -->\n<title>Exposition volets monumentaux Perpignan - Red\u00e9couvrez un chef-d\u2019\u0153uvre<\/title>\n<meta name=\"description\" content=\"Exposition volets monumentaux Perpignan. D\u00e9couvrez les volets du grand orgue de la cath\u00e9drale, r\u00e9cemment restaur\u00e9s. Une plong\u00e9e unique dans l\u2019art et l\u2019histoire des Pyr\u00e9n\u00e9es-Orientales.\" \/>\n<meta name=\"robots\" content=\"index, follow, max-snippet:-1, max-image-preview:large, max-video-preview:-1\" \/>\n<link rel=\"canonical\" href=\"https:\/\/www.locansol.fr\/en\/volets-monumentaux-cathedrale-perpignan-2\/\" \/>\n<meta property=\"og:locale\" content=\"en_GB\" \/>\n<meta property=\"og:type\" content=\"article\" \/>\n<meta property=\"og:title\" content=\"D\u00e9couvrez l\u2019\u00e9motion : Les volets monumentaux de la cath\u00e9drale de Perpignan \u2014 Un chef-d\u2019\u0153uvre restaur\u00e9\" \/>\n<meta property=\"og:description\" content=\"Immergez-vous dans l\u2019\u00e9clat des volets monumentaux de la cath\u00e9drale de Perpignan. D\u00e9couvrez un chef-d\u2019\u0153uvre restaur\u00e9 et plongez dans l\u2019histoire et l\u2019art sacr\u00e9.\" \/>\n<meta property=\"og:url\" content=\"https:\/\/www.locansol.fr\/en\/volets-monumentaux-cathedrale-perpignan-2\/\" \/>\n<meta property=\"og:site_name\" content=\"Locansol, louer un h\u00e9bergement dans les Pyr\u00e9n\u00e9es Orientales\" \/>\n<meta property=\"article:published_time\" content=\"2026-04-24T22:14:03+00:00\" \/>\n<meta property=\"article:modified_time\" content=\"2026-04-24T22:14:08+00:00\" \/>\n<meta property=\"og:image\" content=\"https:\/\/www.locansol.fr\/wp-content\/uploads\/2026\/04\/volets-monumentaux-cathedrale-perpignan-1.webp\" \/>\n<meta name=\"author\" content=\"H\u00e9bergements Locansol\" \/>\n<meta name=\"twitter:card\" content=\"summary_large_image\" \/>\n<meta name=\"twitter:title\" content=\"Exposition unique : les volets monumentaux de Perpignan\" \/>\n<meta name=\"twitter:description\" content=\"Plongez dans l\u2019histoire et l\u2019art avec les volets monumentaux de la cath\u00e9drale de Perpignan. Une exposition \u00e0 ne pas manquer !\" \/>\n<meta name=\"twitter:image\" content=\"https:\/\/www.locansol.fr\/wp-content\/uploads\/2026\/04\/volets-monumentaux-cathedrale-perpignan-1.webp\" \/>\n<meta name=\"twitter:label1\" content=\"Written by\" \/>\n\t<meta name=\"twitter:data1\" content=\"H\u00e9bergements Locansol\" \/>\n\t<meta name=\"twitter:label2\" content=\"Estimated reading time\" \/>\n\t<meta name=\"twitter:data2\" content=\"3 minutes\" \/>\n<script type=\"application\/ld+json\" class=\"yoast-schema-graph\">{\"@context\":\"https:\/\/schema.org\",\"@graph\":[{\"@type\":\"Article\",\"@id\":\"https:\/\/www.locansol.fr\/volets-monumentaux-cathedrale-perpignan-2\/#article\",\"isPartOf\":{\"@id\":\"https:\/\/www.locansol.fr\/volets-monumentaux-cathedrale-perpignan-2\/\"},\"author\":{\"name\":\"H\u00e9bergements Locansol\",\"@id\":\"https:\/\/www.locansol.fr\/#\/schema\/person\/0b08d440f1ac44674c6d498107de351d\"},\"headline\":\"Perpignan &#8211; Exposition Mars \u00e0 Mai 2026 : Red\u00e9couvrez les Volets Monumentaux de la Cath\u00e9drale\",\"datePublished\":\"2026-04-24T22:14:03+00:00\",\"dateModified\":\"2026-04-24T22:14:08+00:00\",\"mainEntityOfPage\":{\"@id\":\"https:\/\/www.locansol.fr\/volets-monumentaux-cathedrale-perpignan-2\/\"},\"wordCount\":531,\"publisher\":{\"@id\":\"https:\/\/www.locansol.fr\/#organization\"},\"image\":{\"@id\":\"https:\/\/www.locansol.fr\/volets-monumentaux-cathedrale-perpignan-2\/#primaryimage\"},\"thumbnailUrl\":\"https:\/\/www.locansol.fr\/wp-content\/uploads\/2026\/04\/volets-monumentaux-cathedrale-perpignan-1.webp\",\"keywords\":[\"\u00c9v\u00e8nement culturel\",\"Pyr\u00e9n\u00e9es-Orientales\"],\"articleSection\":[\"Carnaval\"],\"inLanguage\":\"en-GB\"},{\"@type\":\"WebPage\",\"@id\":\"https:\/\/www.locansol.fr\/volets-monumentaux-cathedrale-perpignan-2\/\",\"url\":\"https:\/\/www.locansol.fr\/volets-monumentaux-cathedrale-perpignan-2\/\",\"name\":\"Exposition volets monumentaux Perpignan - Red\u00e9couvrez un chef-d\u2019\u0153uvre\",\"isPartOf\":{\"@id\":\"https:\/\/www.locansol.fr\/#website\"},\"primaryImageOfPage\":{\"@id\":\"https:\/\/www.locansol.fr\/volets-monumentaux-cathedrale-perpignan-2\/#primaryimage\"},\"image\":{\"@id\":\"https:\/\/www.locansol.fr\/volets-monumentaux-cathedrale-perpignan-2\/#primaryimage\"},\"thumbnailUrl\":\"https:\/\/www.locansol.fr\/wp-content\/uploads\/2026\/04\/volets-monumentaux-cathedrale-perpignan-1.webp\",\"datePublished\":\"2026-04-24T22:14:03+00:00\",\"dateModified\":\"2026-04-24T22:14:08+00:00\",\"description\":\"Exposition volets monumentaux Perpignan. D\u00e9couvrez les volets du grand orgue de la cath\u00e9drale, r\u00e9cemment restaur\u00e9s. Une plong\u00e9e unique dans l\u2019art et l\u2019histoire des Pyr\u00e9n\u00e9es-Orientales.\",\"breadcrumb\":{\"@id\":\"https:\/\/www.locansol.fr\/volets-monumentaux-cathedrale-perpignan-2\/#breadcrumb\"},\"inLanguage\":\"en-GB\",\"potentialAction\":[{\"@type\":\"ReadAction\",\"target\":[\"https:\/\/www.locansol.fr\/volets-monumentaux-cathedrale-perpignan-2\/\"]}]},{\"@type\":\"ImageObject\",\"inLanguage\":\"en-GB\",\"@id\":\"https:\/\/www.locansol.fr\/volets-monumentaux-cathedrale-perpignan-2\/#primaryimage\",\"url\":\"https:\/\/www.locansol.fr\/wp-content\/uploads\/2026\/04\/volets-monumentaux-cathedrale-perpignan-1.webp\",\"contentUrl\":\"https:\/\/www.locansol.fr\/wp-content\/uploads\/2026\/04\/volets-monumentaux-cathedrale-perpignan-1.webp\",\"width\":1024,\"height\":605,\"caption\":\"Exposition volets monumentaux Perpignan - Red\u00e9couvrez un chef-d\u2019\u0153uvre\"},{\"@type\":\"BreadcrumbList\",\"@id\":\"https:\/\/www.locansol.fr\/volets-monumentaux-cathedrale-perpignan-2\/#breadcrumb\",\"itemListElement\":[{\"@type\":\"ListItem\",\"position\":1,\"name\":\"Accueil\",\"item\":\"https:\/\/www.locansol.fr\/\"},{\"@type\":\"ListItem\",\"position\":2,\"name\":\"Perpignan &#8211; Exposition Mars \u00e0 Mai 2026 : Red\u00e9couvrez les Volets Monumentaux de la Cath\u00e9drale\"}]},{\"@type\":\"WebSite\",\"@id\":\"https:\/\/www.locansol.fr\/#website\",\"url\":\"https:\/\/www.locansol.fr\/\",\"name\":\"Locansol, louer un h\u00e9bergement dans les Pyr\u00e9n\u00e9es-Orientales\",\"description\":\"Location Mobil-home Mer M\u00e9diterran\u00e9e &amp; Chalet de Montagne dans les Pyr\u00e9n\u00e9es Orientales (Occitanie, 66). Weekend, s\u00e9jour &amp; vacances en famille et entre amis.\",\"publisher\":{\"@id\":\"https:\/\/www.locansol.fr\/#organization\"},\"alternateName\":\"Louer un h\u00e9bergement dans les Pyr\u00e9n\u00e9es Orientales, chalet & mobil-home en Occitanie\",\"potentialAction\":[{\"@type\":\"SearchAction\",\"target\":{\"@type\":\"EntryPoint\",\"urlTemplate\":\"https:\/\/www.locansol.fr\/?s={search_term_string}\"},\"query-input\":{\"@type\":\"PropertyValueSpecification\",\"valueRequired\":true,\"valueName\":\"search_term_string\"}}],\"inLanguage\":\"en-GB\"},{\"@type\":\"Organization\",\"@id\":\"https:\/\/www.locansol.fr\/#organization\",\"name\":\"Location MobilHome & chalet dans les Pyr\u00e9n\u00e9es Orientales\",\"alternateName\":\"Louer un h\u00e9bergement dans les Pyr\u00e9n\u00e9es Orientales en Occitanie\",\"url\":\"https:\/\/www.locansol.fr\/\",\"logo\":{\"@type\":\"ImageObject\",\"inLanguage\":\"en-GB\",\"@id\":\"https:\/\/www.locansol.fr\/#\/schema\/logo\/image\/\",\"url\":\"https:\/\/www.locansol.fr\/wp-content\/uploads\/2024\/04\/AdobeStock_303324767-scaled.jpeg\",\"contentUrl\":\"https:\/\/www.locansol.fr\/wp-content\/uploads\/2024\/04\/AdobeStock_303324767-scaled.jpeg\",\"width\":2560,\"height\":1707,\"caption\":\"Location MobilHome & chalet dans les Pyr\u00e9n\u00e9es Orientales\"},\"image\":{\"@id\":\"https:\/\/www.locansol.fr\/#\/schema\/logo\/image\/\"}},{\"@type\":\"Person\",\"@id\":\"https:\/\/www.locansol.fr\/#\/schema\/person\/0b08d440f1ac44674c6d498107de351d\",\"name\":\"H\u00e9bergements Locansol\",\"image\":{\"@type\":\"ImageObject\",\"inLanguage\":\"en-GB\",\"@id\":\"https:\/\/www.locansol.fr\/#\/schema\/person\/image\/\",\"url\":\"https:\/\/secure.gravatar.com\/avatar\/444436b93284204f8116b6e0eb964cd3fcb811519c737232bde6dd5743c37ee5?s=96&d=mm&r=g\",\"contentUrl\":\"https:\/\/secure.gravatar.com\/avatar\/444436b93284204f8116b6e0eb964cd3fcb811519c737232bde6dd5743c37ee5?s=96&d=mm&r=g\",\"caption\":\"H\u00e9bergements Locansol\"},\"sameAs\":[\"https:\/\/www.locansol.fr\/\"],\"url\":\"https:\/\/www.locansol.fr\/en\/author\/locansol\/\"}]}<\/script>\n<!-- \/ Yoast SEO Premium plugin. -->","yoast_head_json":{"title":"Exposition volets monumentaux Perpignan - Red\u00e9couvrez un chef-d\u2019\u0153uvre","description":"Exposition volets monumentaux Perpignan. D\u00e9couvrez les volets du grand orgue de la cath\u00e9drale, r\u00e9cemment restaur\u00e9s. Une plong\u00e9e unique dans l\u2019art et l\u2019histoire des Pyr\u00e9n\u00e9es-Orientales.","robots":{"index":"index","follow":"follow","max-snippet":"max-snippet:-1","max-image-preview":"max-image-preview:large","max-video-preview":"max-video-preview:-1"},"canonical":"https:\/\/www.locansol.fr\/en\/volets-monumentaux-cathedrale-perpignan-2\/","og_locale":"en_GB","og_type":"article","og_title":"D\u00e9couvrez l\u2019\u00e9motion : Les volets monumentaux de la cath\u00e9drale de Perpignan \u2014 Un chef-d\u2019\u0153uvre restaur\u00e9","og_description":"Immergez-vous dans l\u2019\u00e9clat des volets monumentaux de la cath\u00e9drale de Perpignan. D\u00e9couvrez un chef-d\u2019\u0153uvre restaur\u00e9 et plongez dans l\u2019histoire et l\u2019art sacr\u00e9.","og_url":"https:\/\/www.locansol.fr\/en\/volets-monumentaux-cathedrale-perpignan-2\/","og_site_name":"Locansol, louer un h\u00e9bergement dans les Pyr\u00e9n\u00e9es Orientales","article_published_time":"2026-04-24T22:14:03+00:00","article_modified_time":"2026-04-24T22:14:08+00:00","og_image":[{"url":"https:\/\/www.locansol.fr\/wp-content\/uploads\/2026\/04\/volets-monumentaux-cathedrale-perpignan-1.webp","type":"","width":"","height":""}],"author":"H\u00e9bergements Locansol","twitter_card":"summary_large_image","twitter_title":"Exposition unique : les volets monumentaux de Perpignan","twitter_description":"Plongez dans l\u2019histoire et l\u2019art avec les volets monumentaux de la cath\u00e9drale de Perpignan. Une exposition \u00e0 ne pas manquer !","twitter_image":"https:\/\/www.locansol.fr\/wp-content\/uploads\/2026\/04\/volets-monumentaux-cathedrale-perpignan-1.webp","twitter_misc":{"Written by":"H\u00e9bergements Locansol","Estimated reading time":"3 minutes"},"schema":{"@context":"https:\/\/schema.org","@graph":[{"@type":"Article","@id":"https:\/\/www.locansol.fr\/volets-monumentaux-cathedrale-perpignan-2\/#article","isPartOf":{"@id":"https:\/\/www.locansol.fr\/volets-monumentaux-cathedrale-perpignan-2\/"},"author":{"name":"H\u00e9bergements Locansol","@id":"https:\/\/www.locansol.fr\/#\/schema\/person\/0b08d440f1ac44674c6d498107de351d"},"headline":"Perpignan &#8211; Exposition Mars \u00e0 Mai 2026 : Red\u00e9couvrez les Volets Monumentaux de la Cath\u00e9drale","datePublished":"2026-04-24T22:14:03+00:00","dateModified":"2026-04-24T22:14:08+00:00","mainEntityOfPage":{"@id":"https:\/\/www.locansol.fr\/volets-monumentaux-cathedrale-perpignan-2\/"},"wordCount":531,"publisher":{"@id":"https:\/\/www.locansol.fr\/#organization"},"image":{"@id":"https:\/\/www.locansol.fr\/volets-monumentaux-cathedrale-perpignan-2\/#primaryimage"},"thumbnailUrl":"https:\/\/www.locansol.fr\/wp-content\/uploads\/2026\/04\/volets-monumentaux-cathedrale-perpignan-1.webp","keywords":["\u00c9v\u00e8nement culturel","Pyr\u00e9n\u00e9es-Orientales"],"articleSection":["Carnaval"],"inLanguage":"en-GB"},{"@type":"WebPage","@id":"https:\/\/www.locansol.fr\/volets-monumentaux-cathedrale-perpignan-2\/","url":"https:\/\/www.locansol.fr\/volets-monumentaux-cathedrale-perpignan-2\/","name":"Exposition volets monumentaux Perpignan - Red\u00e9couvrez un chef-d\u2019\u0153uvre","isPartOf":{"@id":"https:\/\/www.locansol.fr\/#website"},"primaryImageOfPage":{"@id":"https:\/\/www.locansol.fr\/volets-monumentaux-cathedrale-perpignan-2\/#primaryimage"},"image":{"@id":"https:\/\/www.locansol.fr\/volets-monumentaux-cathedrale-perpignan-2\/#primaryimage"},"thumbnailUrl":"https:\/\/www.locansol.fr\/wp-content\/uploads\/2026\/04\/volets-monumentaux-cathedrale-perpignan-1.webp","datePublished":"2026-04-24T22:14:03+00:00","dateModified":"2026-04-24T22:14:08+00:00","description":"Exposition volets monumentaux Perpignan. D\u00e9couvrez les volets du grand orgue de la cath\u00e9drale, r\u00e9cemment restaur\u00e9s. Une plong\u00e9e unique dans l\u2019art et l\u2019histoire des Pyr\u00e9n\u00e9es-Orientales.","breadcrumb":{"@id":"https:\/\/www.locansol.fr\/volets-monumentaux-cathedrale-perpignan-2\/#breadcrumb"},"inLanguage":"en-GB","potentialAction":[{"@type":"ReadAction","target":["https:\/\/www.locansol.fr\/volets-monumentaux-cathedrale-perpignan-2\/"]}]},{"@type":"ImageObject","inLanguage":"en-GB","@id":"https:\/\/www.locansol.fr\/volets-monumentaux-cathedrale-perpignan-2\/#primaryimage","url":"https:\/\/www.locansol.fr\/wp-content\/uploads\/2026\/04\/volets-monumentaux-cathedrale-perpignan-1.webp","contentUrl":"https:\/\/www.locansol.fr\/wp-content\/uploads\/2026\/04\/volets-monumentaux-cathedrale-perpignan-1.webp","width":1024,"height":605,"caption":"Exposition volets monumentaux Perpignan - Red\u00e9couvrez un chef-d\u2019\u0153uvre"},{"@type":"BreadcrumbList","@id":"https:\/\/www.locansol.fr\/volets-monumentaux-cathedrale-perpignan-2\/#breadcrumb","itemListElement":[{"@type":"ListItem","position":1,"name":"Accueil","item":"https:\/\/www.locansol.fr\/"},{"@type":"ListItem","position":2,"name":"Perpignan &#8211; Exposition Mars \u00e0 Mai 2026 : Red\u00e9couvrez les Volets Monumentaux de la Cath\u00e9drale"}]},{"@type":"WebSite","@id":"https:\/\/www.locansol.fr\/#website","url":"https:\/\/www.locansol.fr\/","name":"Locansol, louer un h\u00e9bergement dans les Pyr\u00e9n\u00e9es-Orientales","description":"Location Mobil-home Mer M\u00e9diterran\u00e9e &amp; Chalet de Montagne dans les Pyr\u00e9n\u00e9es Orientales (Occitanie, 66). Weekend, s\u00e9jour &amp; vacances en famille et entre amis.","publisher":{"@id":"https:\/\/www.locansol.fr\/#organization"},"alternateName":"Louer un h\u00e9bergement dans les Pyr\u00e9n\u00e9es Orientales, chalet & mobil-home en Occitanie","potentialAction":[{"@type":"SearchAction","target":{"@type":"EntryPoint","urlTemplate":"https:\/\/www.locansol.fr\/?s={search_term_string}"},"query-input":{"@type":"PropertyValueSpecification","valueRequired":true,"valueName":"search_term_string"}}],"inLanguage":"en-GB"},{"@type":"Organization","@id":"https:\/\/www.locansol.fr\/#organization","name":"Location MobilHome & chalet dans les Pyr\u00e9n\u00e9es Orientales","alternateName":"Louer un h\u00e9bergement dans les Pyr\u00e9n\u00e9es Orientales en Occitanie","url":"https:\/\/www.locansol.fr\/","logo":{"@type":"ImageObject","inLanguage":"en-GB","@id":"https:\/\/www.locansol.fr\/#\/schema\/logo\/image\/","url":"https:\/\/www.locansol.fr\/wp-content\/uploads\/2024\/04\/AdobeStock_303324767-scaled.jpeg","contentUrl":"https:\/\/www.locansol.fr\/wp-content\/uploads\/2024\/04\/AdobeStock_303324767-scaled.jpeg","width":2560,"height":1707,"caption":"Location MobilHome & chalet dans les Pyr\u00e9n\u00e9es Orientales"},"image":{"@id":"https:\/\/www.locansol.fr\/#\/schema\/logo\/image\/"}},{"@type":"Person","@id":"https:\/\/www.locansol.fr\/#\/schema\/person\/0b08d440f1ac44674c6d498107de351d","name":"H\u00e9bergements Locansol","image":{"@type":"ImageObject","inLanguage":"en-GB","@id":"https:\/\/www.locansol.fr\/#\/schema\/person\/image\/","url":"https:\/\/secure.gravatar.com\/avatar\/444436b93284204f8116b6e0eb964cd3fcb811519c737232bde6dd5743c37ee5?s=96&d=mm&r=g","contentUrl":"https:\/\/secure.gravatar.com\/avatar\/444436b93284204f8116b6e0eb964cd3fcb811519c737232bde6dd5743c37ee5?s=96&d=mm&r=g","caption":"H\u00e9bergements Locansol"},"sameAs":["https:\/\/www.locansol.fr\/"],"url":"https:\/\/www.locansol.fr\/en\/author\/locansol\/"}]}},"_links":{"self":[{"href":"https:\/\/www.locansol.fr\/en\/wp-json\/wp\/v2\/posts\/6480","targetHints":{"allow":["GET"]}}],"collection":[{"href":"https:\/\/www.locansol.fr\/en\/wp-json\/wp\/v2\/posts"}],"about":[{"href":"https:\/\/www.locansol.fr\/en\/wp-json\/wp\/v2\/types\/post"}],"author":[{"embeddable":true,"href":"https:\/\/www.locansol.fr\/en\/wp-json\/wp\/v2\/users\/5"}],"replies":[{"embeddable":true,"href":"https:\/\/www.locansol.fr\/en\/wp-json\/wp\/v2\/comments?post=6480"}],"version-history":[{"count":1,"href":"https:\/\/www.locansol.fr\/en\/wp-json\/wp\/v2\/posts\/6480\/revisions"}],"predecessor-version":[{"id":6481,"href":"https:\/\/www.locansol.fr\/en\/wp-json\/wp\/v2\/posts\/6480\/revisions\/6481"}],"wp:featuredmedia":[{"embeddable":true,"href":"https:\/\/www.locansol.fr\/en\/wp-json\/wp\/v2\/media\/6479"}],"wp:attachment":[{"href":"https:\/\/www.locansol.fr\/en\/wp-json\/wp\/v2\/media?parent=6480"}],"wp:term":[{"taxonomy":"category","embeddable":true,"href":"https:\/\/www.locansol.fr\/en\/wp-json\/wp\/v2\/categories?post=6480"},{"taxonomy":"post_tag","embeddable":true,"href":"https:\/\/www.locansol.fr\/en\/wp-json\/wp\/v2\/tags?post=6480"}],"curies":[{"name":"wp","href":"https:\/\/api.w.org\/{rel}","templated":true}]}}