{"id":6485,"date":"2026-04-25T06:10:10","date_gmt":"2026-04-25T04:10:10","guid":{"rendered":"https:\/\/www.locansol.fr\/exposition-chef-d-oeuvre-monumental-perpignan-2\/"},"modified":"2026-04-25T06:10:14","modified_gmt":"2026-04-25T04:10:14","slug":"exposition-chef-d-oeuvre-monumental-perpignan-2","status":"publish","type":"post","link":"https:\/\/www.locansol.fr\/en\/exposition-chef-d-oeuvre-monumental-perpignan-2\/","title":{"rendered":"Perpignan, mars 2026 : Red\u00e9couvrez un chef-d&rsquo;\u0153uvre monumental au mus\u00e9e Hyacinthe Rigaud"},"content":{"rendered":"<p>Du 24 mars au 31 mai 2026, le mus\u00e9e Hyacinthe Rigaud de Perpignan vous invite \u00e0 un \u00e9v\u00e9nement exceptionnel : l\u2019exposition \u00ab\u00a0La red\u00e9couverte d\u2019un chef-d\u2019\u0153uvre monumental\u00a0\u00bb. Une occasion rare de plonger au c\u0153ur de l\u2019histoire et de l\u2019art en d\u00e9couvrant les volets restaur\u00e9s du grand orgue de la cath\u00e9drale Saint-Jean-Baptiste.<\/p>\n<p>Ces immenses panneaux, mesurant 12,6 m\u00e8tres de haut sur 4,3 m\u00e8tres de large, remontent \u00e0 1504. Originellement fix\u00e9s sur le buffet de l\u2019orgue, ils se d\u00e9ployaient au gr\u00e9 des rituels liturgiques, entrant en harmonie avec les sonorit\u00e9s sacr\u00e9es de l\u2019instrument, les vo\u00fbtes de la cath\u00e9drale, et une forte symbolique religieuse. R\u00e9alis\u00e9s \u00e0 la d\u00e9trempe sur toile, les volets se distinguent par une riche polychromie sur leur face principale, tandis que leur revers d\u00e9voile une grisaille minutieuse.<\/p>\n<p>Malheureusement, au XIXe si\u00e8cle, ces volets spectaculaires furent d\u00e9mont\u00e9s et fix\u00e9s aux murs de la cath\u00e9drale, glissant peu \u00e0 peu dans l\u2019oubli malgr\u00e9 leur grandeur artistique. Mais tout cela change lorsqu\u2019en 2022, la Direction r\u00e9gionale des affaires culturelles d\u2019Occitanie lance des travaux de restauration d\u2019envergure. Ce chantier, m\u00ealant techniques de pointe, experts en conservation, et recherches historiques minutieuses, a permis de redonner tout leur \u00e9clat ainsi qu\u2019une nouvelle \u00e9tape de compr\u00e9hension \u00e0 ces chefs-d\u2019\u0153uvre oubli\u00e9s.<\/p>\n<p>L\u2019exposition au mus\u00e9e Hyacinthe Rigaud nous offre une chance unique : admirer ces panneaux restaur\u00e9s avant qu\u2019ils ne retrouvent leur emplacement d\u2019origine sur le buffet de l\u2019orgue. Les visiteurs seront plong\u00e9s dans l\u2019histoire mat\u00e9rielle et symbolique de ces volets qui t\u00e9moignent d\u2019un savoir-faire rare. Ils pourront explorer le g\u00e9nie artistique de ces peintures via leur richesse en couleurs, le travail de la grisaille, mais aussi en apprendre davantage sur les secrets d\u2019une restauration qui a exig\u00e9 plusieurs ann\u00e9es d\u2019efforts.<\/p>\n<p>En parcourant cette exposition, vous serez transport\u00e9 au c\u0153ur d\u2019un dialogue s\u00e9culaire entre la musique, l\u2019architecture et l\u2019image. \u00c0 travers un parcours didactique et immersif, l\u2019\u00e9v\u00e9nement s\u2019adresse aussi bien aux passionn\u00e9s d\u2019art et d\u2019histoire qu\u2019aux curieux en qu\u00eate d\u2019une nouvelle exp\u00e9rience culturelle.<\/p>\n<p>Apr\u00e8s cette exposition temporaire, les volets seront replac\u00e9s dans la cath\u00e9drale Saint-Jean-Baptiste, reconstituant ainsi l\u2019int\u00e9grit\u00e9 de cet ensemble monumental. C\u2019est donc une occasion qu\u2019il ne faut pas manquer pour voir ces peintures d\u2019exception dans un cadre privil\u00e9gi\u00e9.<\/p>\n<p>Ne passez pas \u00e0 c\u00f4t\u00e9 de ce rendez-vous avec l\u2019histoire et le patrimoine \u00e0 Perpignan. R\u00e9servez d\u00e8s maintenant votre visite au mus\u00e9e Hyacinthe Rigaud et laissez-vous \u00e9merveiller par l\u2019un des tr\u00e9sors picturaux les plus impressionnants d\u2019Europe.<\/p>\n<h3>Practical information<\/h3>\n<p>\ud83d\udcc5 QUAND ? Du 24 mars au 31 mai 2026<br \/>\ud83d\udccd O\u00d9 ? Mus\u00e9e Hyacinthe Rigaud, 21 Rue Mailly, Perpignan<br \/>\ud83d\udcb6 COMBIEN ? 8,00 \u20ac<\/p>","protected":false},"excerpt":{"rendered":"<p>Admirez les volets restaur\u00e9s du grand orgue de la cath\u00e9drale de Perpignan lors d&rsquo;une exposition unique au mus\u00e9e Hyacinthe Rigaud.<\/p>","protected":false},"author":5,"featured_media":6484,"comment_status":"closed","ping_status":"open","sticky":false,"template":"","format":"standard","meta":{"_yoast_wpseo_focuskw":"exposition chef-d'\u0153uvre monumental Perpignan","_yoast_wpseo_title":"La red\u00e9couverte d\u2019un chef-d\u2019\u0153uvre monumental Perpignan","_yoast_wpseo_metadesc":"La red\u00e9couverte d\u2019un chef-d\u2019\u0153uvre monumental Perpignan. D\u00e9couvrez les volets restaur\u00e9s du grand orgue de la cath\u00e9drale Saint-Jean-Baptiste. Une exposition unique dans les Pyr\u00e9n\u00e9es-Orientales.","_yoast_wpseo_canonical":"","_yoast_wpseo_opengraph-title":"Explorez l'art et l'histoire \u00e0 Perpignan : l'exposition des volets restaur\u00e9s du grand orgue","_yoast_wpseo_opengraph-description":"Imaginez des panneaux de 12 m\u00e8tres de haut, richement color\u00e9s, restaur\u00e9s apr\u00e8s des si\u00e8cles d'oubli. \u00c0 Perpignan, vivez une exp\u00e9rience artistique unique et plongez dans l'histoire.","_yoast_wpseo_opengraph-image":"https:\/\/www.locansol.fr\/wp-content\/uploads\/2026\/04\/exposition-chef-d-oeuvre-monumental-perpignan-1.webp","_yoast_wpseo_opengraph-image-id":"","_yoast_wpseo_twitter-title":"Ne manquez pas l'exposition des volets restaur\u00e9s du grand orgue \u00e0 Perpignan","_yoast_wpseo_twitter-description":"Du 24 mars au 31 mai 2026, le mus\u00e9e Hyacinthe Rigaud de Perpignan expose les volets restaur\u00e9s du grand orgue. Une exp\u00e9rience culturelle \u00e0 ne pas manquer.","_yoast_wpseo_twitter-image":"https:\/\/www.locansol.fr\/wp-content\/uploads\/2026\/04\/exposition-chef-d-oeuvre-monumental-perpignan-1.webp","_yoast_wpseo_twitter-image-id":"","yoast_primary_category":"Exposition","footnotes":""},"categories":[35],"tags":[66,76],"class_list":["post-6485","post","type-post","status-publish","format-standard","has-post-thumbnail","hentry","category-carnaval","tag-evenement-culturel","tag-pyrenees-orientales"],"yoast_head":"<!-- This site is optimized with the Yoast SEO Premium plugin v23.3 (Yoast SEO v26.9) - https:\/\/yoast.com\/product\/yoast-seo-premium-wordpress\/ -->\n<title>La red\u00e9couverte d\u2019un chef-d\u2019\u0153uvre monumental Perpignan<\/title>\n<meta name=\"description\" content=\"La red\u00e9couverte d\u2019un chef-d\u2019\u0153uvre monumental Perpignan. D\u00e9couvrez les volets restaur\u00e9s du grand orgue de la cath\u00e9drale Saint-Jean-Baptiste. Une exposition unique dans les Pyr\u00e9n\u00e9es-Orientales.\" \/>\n<meta name=\"robots\" content=\"index, follow, max-snippet:-1, max-image-preview:large, max-video-preview:-1\" \/>\n<link rel=\"canonical\" href=\"https:\/\/www.locansol.fr\/en\/exposition-chef-d-oeuvre-monumental-perpignan-2\/\" \/>\n<meta property=\"og:locale\" content=\"en_GB\" \/>\n<meta property=\"og:type\" content=\"article\" \/>\n<meta property=\"og:title\" content=\"Explorez l&#039;art et l&#039;histoire \u00e0 Perpignan : l&#039;exposition des volets restaur\u00e9s du grand orgue\" \/>\n<meta property=\"og:description\" content=\"Imaginez des panneaux de 12 m\u00e8tres de haut, richement color\u00e9s, restaur\u00e9s apr\u00e8s des si\u00e8cles d&#039;oubli. \u00c0 Perpignan, vivez une exp\u00e9rience artistique unique et plongez dans l&#039;histoire.\" \/>\n<meta property=\"og:url\" content=\"https:\/\/www.locansol.fr\/en\/exposition-chef-d-oeuvre-monumental-perpignan-2\/\" \/>\n<meta property=\"og:site_name\" content=\"Locansol, louer un h\u00e9bergement dans les Pyr\u00e9n\u00e9es Orientales\" \/>\n<meta property=\"article:published_time\" content=\"2026-04-25T04:10:10+00:00\" \/>\n<meta property=\"article:modified_time\" content=\"2026-04-25T04:10:14+00:00\" \/>\n<meta property=\"og:image\" content=\"https:\/\/www.locansol.fr\/wp-content\/uploads\/2026\/04\/exposition-chef-d-oeuvre-monumental-perpignan-1.webp\" \/>\n<meta name=\"author\" content=\"H\u00e9bergements Locansol\" \/>\n<meta name=\"twitter:card\" content=\"summary_large_image\" \/>\n<meta name=\"twitter:title\" content=\"Ne manquez pas l&#039;exposition des volets restaur\u00e9s du grand orgue \u00e0 Perpignan\" \/>\n<meta name=\"twitter:description\" content=\"Du 24 mars au 31 mai 2026, le mus\u00e9e Hyacinthe Rigaud de Perpignan expose les volets restaur\u00e9s du grand orgue. Une exp\u00e9rience culturelle \u00e0 ne pas manquer.\" \/>\n<meta name=\"twitter:image\" content=\"https:\/\/www.locansol.fr\/wp-content\/uploads\/2026\/04\/exposition-chef-d-oeuvre-monumental-perpignan-1.webp\" \/>\n<meta name=\"twitter:label1\" content=\"Written by\" \/>\n\t<meta name=\"twitter:data1\" content=\"H\u00e9bergements Locansol\" \/>\n\t<meta name=\"twitter:label2\" content=\"Estimated reading time\" \/>\n\t<meta name=\"twitter:data2\" content=\"2 minutes\" \/>\n<script type=\"application\/ld+json\" class=\"yoast-schema-graph\">{\"@context\":\"https:\/\/schema.org\",\"@graph\":[{\"@type\":\"Article\",\"@id\":\"https:\/\/www.locansol.fr\/exposition-chef-d-oeuvre-monumental-perpignan-2\/#article\",\"isPartOf\":{\"@id\":\"https:\/\/www.locansol.fr\/exposition-chef-d-oeuvre-monumental-perpignan-2\/\"},\"author\":{\"name\":\"H\u00e9bergements Locansol\",\"@id\":\"https:\/\/www.locansol.fr\/#\/schema\/person\/0b08d440f1ac44674c6d498107de351d\"},\"headline\":\"Perpignan, mars 2026 : Red\u00e9couvrez un chef-d&rsquo;\u0153uvre monumental au mus\u00e9e Hyacinthe Rigaud\",\"datePublished\":\"2026-04-25T04:10:10+00:00\",\"dateModified\":\"2026-04-25T04:10:14+00:00\",\"mainEntityOfPage\":{\"@id\":\"https:\/\/www.locansol.fr\/exposition-chef-d-oeuvre-monumental-perpignan-2\/\"},\"wordCount\":495,\"publisher\":{\"@id\":\"https:\/\/www.locansol.fr\/#organization\"},\"image\":{\"@id\":\"https:\/\/www.locansol.fr\/exposition-chef-d-oeuvre-monumental-perpignan-2\/#primaryimage\"},\"thumbnailUrl\":\"https:\/\/www.locansol.fr\/wp-content\/uploads\/2026\/04\/exposition-chef-d-oeuvre-monumental-perpignan-1.webp\",\"keywords\":[\"\u00c9v\u00e8nement culturel\",\"Pyr\u00e9n\u00e9es-Orientales\"],\"articleSection\":[\"Carnaval\"],\"inLanguage\":\"en-GB\"},{\"@type\":\"WebPage\",\"@id\":\"https:\/\/www.locansol.fr\/exposition-chef-d-oeuvre-monumental-perpignan-2\/\",\"url\":\"https:\/\/www.locansol.fr\/exposition-chef-d-oeuvre-monumental-perpignan-2\/\",\"name\":\"La red\u00e9couverte d\u2019un chef-d\u2019\u0153uvre monumental Perpignan\",\"isPartOf\":{\"@id\":\"https:\/\/www.locansol.fr\/#website\"},\"primaryImageOfPage\":{\"@id\":\"https:\/\/www.locansol.fr\/exposition-chef-d-oeuvre-monumental-perpignan-2\/#primaryimage\"},\"image\":{\"@id\":\"https:\/\/www.locansol.fr\/exposition-chef-d-oeuvre-monumental-perpignan-2\/#primaryimage\"},\"thumbnailUrl\":\"https:\/\/www.locansol.fr\/wp-content\/uploads\/2026\/04\/exposition-chef-d-oeuvre-monumental-perpignan-1.webp\",\"datePublished\":\"2026-04-25T04:10:10+00:00\",\"dateModified\":\"2026-04-25T04:10:14+00:00\",\"description\":\"La red\u00e9couverte d\u2019un chef-d\u2019\u0153uvre monumental Perpignan. D\u00e9couvrez les volets restaur\u00e9s du grand orgue de la cath\u00e9drale Saint-Jean-Baptiste. Une exposition unique dans les Pyr\u00e9n\u00e9es-Orientales.\",\"breadcrumb\":{\"@id\":\"https:\/\/www.locansol.fr\/exposition-chef-d-oeuvre-monumental-perpignan-2\/#breadcrumb\"},\"inLanguage\":\"en-GB\",\"potentialAction\":[{\"@type\":\"ReadAction\",\"target\":[\"https:\/\/www.locansol.fr\/exposition-chef-d-oeuvre-monumental-perpignan-2\/\"]}]},{\"@type\":\"ImageObject\",\"inLanguage\":\"en-GB\",\"@id\":\"https:\/\/www.locansol.fr\/exposition-chef-d-oeuvre-monumental-perpignan-2\/#primaryimage\",\"url\":\"https:\/\/www.locansol.fr\/wp-content\/uploads\/2026\/04\/exposition-chef-d-oeuvre-monumental-perpignan-1.webp\",\"contentUrl\":\"https:\/\/www.locansol.fr\/wp-content\/uploads\/2026\/04\/exposition-chef-d-oeuvre-monumental-perpignan-1.webp\",\"width\":1024,\"height\":605,\"caption\":\"La red\u00e9couverte d\u2019un chef-d\u2019\u0153uvre monumental Perpignan\"},{\"@type\":\"BreadcrumbList\",\"@id\":\"https:\/\/www.locansol.fr\/exposition-chef-d-oeuvre-monumental-perpignan-2\/#breadcrumb\",\"itemListElement\":[{\"@type\":\"ListItem\",\"position\":1,\"name\":\"Accueil\",\"item\":\"https:\/\/www.locansol.fr\/\"},{\"@type\":\"ListItem\",\"position\":2,\"name\":\"Perpignan, mars 2026 : Red\u00e9couvrez un chef-d&rsquo;\u0153uvre monumental au mus\u00e9e Hyacinthe Rigaud\"}]},{\"@type\":\"WebSite\",\"@id\":\"https:\/\/www.locansol.fr\/#website\",\"url\":\"https:\/\/www.locansol.fr\/\",\"name\":\"Locansol, louer un h\u00e9bergement dans les Pyr\u00e9n\u00e9es-Orientales\",\"description\":\"Location Mobil-home Mer M\u00e9diterran\u00e9e &amp; Chalet de Montagne dans les Pyr\u00e9n\u00e9es Orientales (Occitanie, 66). Weekend, s\u00e9jour &amp; vacances en famille et entre amis.\",\"publisher\":{\"@id\":\"https:\/\/www.locansol.fr\/#organization\"},\"alternateName\":\"Louer un h\u00e9bergement dans les Pyr\u00e9n\u00e9es Orientales, chalet & mobil-home en Occitanie\",\"potentialAction\":[{\"@type\":\"SearchAction\",\"target\":{\"@type\":\"EntryPoint\",\"urlTemplate\":\"https:\/\/www.locansol.fr\/?s={search_term_string}\"},\"query-input\":{\"@type\":\"PropertyValueSpecification\",\"valueRequired\":true,\"valueName\":\"search_term_string\"}}],\"inLanguage\":\"en-GB\"},{\"@type\":\"Organization\",\"@id\":\"https:\/\/www.locansol.fr\/#organization\",\"name\":\"Location MobilHome & chalet dans les Pyr\u00e9n\u00e9es Orientales\",\"alternateName\":\"Louer un h\u00e9bergement dans les Pyr\u00e9n\u00e9es Orientales en Occitanie\",\"url\":\"https:\/\/www.locansol.fr\/\",\"logo\":{\"@type\":\"ImageObject\",\"inLanguage\":\"en-GB\",\"@id\":\"https:\/\/www.locansol.fr\/#\/schema\/logo\/image\/\",\"url\":\"https:\/\/www.locansol.fr\/wp-content\/uploads\/2024\/04\/AdobeStock_303324767-scaled.jpeg\",\"contentUrl\":\"https:\/\/www.locansol.fr\/wp-content\/uploads\/2024\/04\/AdobeStock_303324767-scaled.jpeg\",\"width\":2560,\"height\":1707,\"caption\":\"Location MobilHome & chalet dans les Pyr\u00e9n\u00e9es Orientales\"},\"image\":{\"@id\":\"https:\/\/www.locansol.fr\/#\/schema\/logo\/image\/\"}},{\"@type\":\"Person\",\"@id\":\"https:\/\/www.locansol.fr\/#\/schema\/person\/0b08d440f1ac44674c6d498107de351d\",\"name\":\"H\u00e9bergements Locansol\",\"image\":{\"@type\":\"ImageObject\",\"inLanguage\":\"en-GB\",\"@id\":\"https:\/\/www.locansol.fr\/#\/schema\/person\/image\/\",\"url\":\"https:\/\/secure.gravatar.com\/avatar\/444436b93284204f8116b6e0eb964cd3fcb811519c737232bde6dd5743c37ee5?s=96&d=mm&r=g\",\"contentUrl\":\"https:\/\/secure.gravatar.com\/avatar\/444436b93284204f8116b6e0eb964cd3fcb811519c737232bde6dd5743c37ee5?s=96&d=mm&r=g\",\"caption\":\"H\u00e9bergements Locansol\"},\"sameAs\":[\"https:\/\/www.locansol.fr\/\"],\"url\":\"https:\/\/www.locansol.fr\/en\/author\/locansol\/\"}]}<\/script>\n<!-- \/ Yoast SEO Premium plugin. -->","yoast_head_json":{"title":"La red\u00e9couverte d\u2019un chef-d\u2019\u0153uvre monumental Perpignan","description":"La red\u00e9couverte d\u2019un chef-d\u2019\u0153uvre monumental Perpignan. D\u00e9couvrez les volets restaur\u00e9s du grand orgue de la cath\u00e9drale Saint-Jean-Baptiste. Une exposition unique dans les Pyr\u00e9n\u00e9es-Orientales.","robots":{"index":"index","follow":"follow","max-snippet":"max-snippet:-1","max-image-preview":"max-image-preview:large","max-video-preview":"max-video-preview:-1"},"canonical":"https:\/\/www.locansol.fr\/en\/exposition-chef-d-oeuvre-monumental-perpignan-2\/","og_locale":"en_GB","og_type":"article","og_title":"Explorez l'art et l'histoire \u00e0 Perpignan : l'exposition des volets restaur\u00e9s du grand orgue","og_description":"Imaginez des panneaux de 12 m\u00e8tres de haut, richement color\u00e9s, restaur\u00e9s apr\u00e8s des si\u00e8cles d'oubli. \u00c0 Perpignan, vivez une exp\u00e9rience artistique unique et plongez dans l'histoire.","og_url":"https:\/\/www.locansol.fr\/en\/exposition-chef-d-oeuvre-monumental-perpignan-2\/","og_site_name":"Locansol, louer un h\u00e9bergement dans les Pyr\u00e9n\u00e9es Orientales","article_published_time":"2026-04-25T04:10:10+00:00","article_modified_time":"2026-04-25T04:10:14+00:00","og_image":[{"url":"https:\/\/www.locansol.fr\/wp-content\/uploads\/2026\/04\/exposition-chef-d-oeuvre-monumental-perpignan-1.webp","type":"","width":"","height":""}],"author":"H\u00e9bergements Locansol","twitter_card":"summary_large_image","twitter_title":"Ne manquez pas l'exposition des volets restaur\u00e9s du grand orgue \u00e0 Perpignan","twitter_description":"Du 24 mars au 31 mai 2026, le mus\u00e9e Hyacinthe Rigaud de Perpignan expose les volets restaur\u00e9s du grand orgue. Une exp\u00e9rience culturelle \u00e0 ne pas manquer.","twitter_image":"https:\/\/www.locansol.fr\/wp-content\/uploads\/2026\/04\/exposition-chef-d-oeuvre-monumental-perpignan-1.webp","twitter_misc":{"Written by":"H\u00e9bergements Locansol","Estimated reading time":"2 minutes"},"schema":{"@context":"https:\/\/schema.org","@graph":[{"@type":"Article","@id":"https:\/\/www.locansol.fr\/exposition-chef-d-oeuvre-monumental-perpignan-2\/#article","isPartOf":{"@id":"https:\/\/www.locansol.fr\/exposition-chef-d-oeuvre-monumental-perpignan-2\/"},"author":{"name":"H\u00e9bergements Locansol","@id":"https:\/\/www.locansol.fr\/#\/schema\/person\/0b08d440f1ac44674c6d498107de351d"},"headline":"Perpignan, mars 2026 : Red\u00e9couvrez un chef-d&rsquo;\u0153uvre monumental au mus\u00e9e Hyacinthe Rigaud","datePublished":"2026-04-25T04:10:10+00:00","dateModified":"2026-04-25T04:10:14+00:00","mainEntityOfPage":{"@id":"https:\/\/www.locansol.fr\/exposition-chef-d-oeuvre-monumental-perpignan-2\/"},"wordCount":495,"publisher":{"@id":"https:\/\/www.locansol.fr\/#organization"},"image":{"@id":"https:\/\/www.locansol.fr\/exposition-chef-d-oeuvre-monumental-perpignan-2\/#primaryimage"},"thumbnailUrl":"https:\/\/www.locansol.fr\/wp-content\/uploads\/2026\/04\/exposition-chef-d-oeuvre-monumental-perpignan-1.webp","keywords":["\u00c9v\u00e8nement culturel","Pyr\u00e9n\u00e9es-Orientales"],"articleSection":["Carnaval"],"inLanguage":"en-GB"},{"@type":"WebPage","@id":"https:\/\/www.locansol.fr\/exposition-chef-d-oeuvre-monumental-perpignan-2\/","url":"https:\/\/www.locansol.fr\/exposition-chef-d-oeuvre-monumental-perpignan-2\/","name":"La red\u00e9couverte d\u2019un chef-d\u2019\u0153uvre monumental Perpignan","isPartOf":{"@id":"https:\/\/www.locansol.fr\/#website"},"primaryImageOfPage":{"@id":"https:\/\/www.locansol.fr\/exposition-chef-d-oeuvre-monumental-perpignan-2\/#primaryimage"},"image":{"@id":"https:\/\/www.locansol.fr\/exposition-chef-d-oeuvre-monumental-perpignan-2\/#primaryimage"},"thumbnailUrl":"https:\/\/www.locansol.fr\/wp-content\/uploads\/2026\/04\/exposition-chef-d-oeuvre-monumental-perpignan-1.webp","datePublished":"2026-04-25T04:10:10+00:00","dateModified":"2026-04-25T04:10:14+00:00","description":"La red\u00e9couverte d\u2019un chef-d\u2019\u0153uvre monumental Perpignan. D\u00e9couvrez les volets restaur\u00e9s du grand orgue de la cath\u00e9drale Saint-Jean-Baptiste. Une exposition unique dans les Pyr\u00e9n\u00e9es-Orientales.","breadcrumb":{"@id":"https:\/\/www.locansol.fr\/exposition-chef-d-oeuvre-monumental-perpignan-2\/#breadcrumb"},"inLanguage":"en-GB","potentialAction":[{"@type":"ReadAction","target":["https:\/\/www.locansol.fr\/exposition-chef-d-oeuvre-monumental-perpignan-2\/"]}]},{"@type":"ImageObject","inLanguage":"en-GB","@id":"https:\/\/www.locansol.fr\/exposition-chef-d-oeuvre-monumental-perpignan-2\/#primaryimage","url":"https:\/\/www.locansol.fr\/wp-content\/uploads\/2026\/04\/exposition-chef-d-oeuvre-monumental-perpignan-1.webp","contentUrl":"https:\/\/www.locansol.fr\/wp-content\/uploads\/2026\/04\/exposition-chef-d-oeuvre-monumental-perpignan-1.webp","width":1024,"height":605,"caption":"La red\u00e9couverte d\u2019un chef-d\u2019\u0153uvre monumental Perpignan"},{"@type":"BreadcrumbList","@id":"https:\/\/www.locansol.fr\/exposition-chef-d-oeuvre-monumental-perpignan-2\/#breadcrumb","itemListElement":[{"@type":"ListItem","position":1,"name":"Accueil","item":"https:\/\/www.locansol.fr\/"},{"@type":"ListItem","position":2,"name":"Perpignan, mars 2026 : Red\u00e9couvrez un chef-d&rsquo;\u0153uvre monumental au mus\u00e9e Hyacinthe Rigaud"}]},{"@type":"WebSite","@id":"https:\/\/www.locansol.fr\/#website","url":"https:\/\/www.locansol.fr\/","name":"Locansol, louer un h\u00e9bergement dans les Pyr\u00e9n\u00e9es-Orientales","description":"Location Mobil-home Mer M\u00e9diterran\u00e9e &amp; Chalet de Montagne dans les Pyr\u00e9n\u00e9es Orientales (Occitanie, 66). Weekend, s\u00e9jour &amp; vacances en famille et entre amis.","publisher":{"@id":"https:\/\/www.locansol.fr\/#organization"},"alternateName":"Louer un h\u00e9bergement dans les Pyr\u00e9n\u00e9es Orientales, chalet & mobil-home en Occitanie","potentialAction":[{"@type":"SearchAction","target":{"@type":"EntryPoint","urlTemplate":"https:\/\/www.locansol.fr\/?s={search_term_string}"},"query-input":{"@type":"PropertyValueSpecification","valueRequired":true,"valueName":"search_term_string"}}],"inLanguage":"en-GB"},{"@type":"Organization","@id":"https:\/\/www.locansol.fr\/#organization","name":"Location MobilHome & chalet dans les Pyr\u00e9n\u00e9es Orientales","alternateName":"Louer un h\u00e9bergement dans les Pyr\u00e9n\u00e9es Orientales en Occitanie","url":"https:\/\/www.locansol.fr\/","logo":{"@type":"ImageObject","inLanguage":"en-GB","@id":"https:\/\/www.locansol.fr\/#\/schema\/logo\/image\/","url":"https:\/\/www.locansol.fr\/wp-content\/uploads\/2024\/04\/AdobeStock_303324767-scaled.jpeg","contentUrl":"https:\/\/www.locansol.fr\/wp-content\/uploads\/2024\/04\/AdobeStock_303324767-scaled.jpeg","width":2560,"height":1707,"caption":"Location MobilHome & chalet dans les Pyr\u00e9n\u00e9es Orientales"},"image":{"@id":"https:\/\/www.locansol.fr\/#\/schema\/logo\/image\/"}},{"@type":"Person","@id":"https:\/\/www.locansol.fr\/#\/schema\/person\/0b08d440f1ac44674c6d498107de351d","name":"H\u00e9bergements Locansol","image":{"@type":"ImageObject","inLanguage":"en-GB","@id":"https:\/\/www.locansol.fr\/#\/schema\/person\/image\/","url":"https:\/\/secure.gravatar.com\/avatar\/444436b93284204f8116b6e0eb964cd3fcb811519c737232bde6dd5743c37ee5?s=96&d=mm&r=g","contentUrl":"https:\/\/secure.gravatar.com\/avatar\/444436b93284204f8116b6e0eb964cd3fcb811519c737232bde6dd5743c37ee5?s=96&d=mm&r=g","caption":"H\u00e9bergements Locansol"},"sameAs":["https:\/\/www.locansol.fr\/"],"url":"https:\/\/www.locansol.fr\/en\/author\/locansol\/"}]}},"_links":{"self":[{"href":"https:\/\/www.locansol.fr\/en\/wp-json\/wp\/v2\/posts\/6485","targetHints":{"allow":["GET"]}}],"collection":[{"href":"https:\/\/www.locansol.fr\/en\/wp-json\/wp\/v2\/posts"}],"about":[{"href":"https:\/\/www.locansol.fr\/en\/wp-json\/wp\/v2\/types\/post"}],"author":[{"embeddable":true,"href":"https:\/\/www.locansol.fr\/en\/wp-json\/wp\/v2\/users\/5"}],"replies":[{"embeddable":true,"href":"https:\/\/www.locansol.fr\/en\/wp-json\/wp\/v2\/comments?post=6485"}],"version-history":[{"count":1,"href":"https:\/\/www.locansol.fr\/en\/wp-json\/wp\/v2\/posts\/6485\/revisions"}],"predecessor-version":[{"id":6486,"href":"https:\/\/www.locansol.fr\/en\/wp-json\/wp\/v2\/posts\/6485\/revisions\/6486"}],"wp:featuredmedia":[{"embeddable":true,"href":"https:\/\/www.locansol.fr\/en\/wp-json\/wp\/v2\/media\/6484"}],"wp:attachment":[{"href":"https:\/\/www.locansol.fr\/en\/wp-json\/wp\/v2\/media?parent=6485"}],"wp:term":[{"taxonomy":"category","embeddable":true,"href":"https:\/\/www.locansol.fr\/en\/wp-json\/wp\/v2\/categories?post=6485"},{"taxonomy":"post_tag","embeddable":true,"href":"https:\/\/www.locansol.fr\/en\/wp-json\/wp\/v2\/tags?post=6485"}],"curies":[{"name":"wp","href":"https:\/\/api.w.org\/{rel}","templated":true}]}}