{"id":6490,"date":"2026-04-25T06:15:30","date_gmt":"2026-04-25T04:15:30","guid":{"rendered":"https:\/\/www.locansol.fr\/exposition-photo-castelnou-avril\/"},"modified":"2026-04-25T06:15:33","modified_gmt":"2026-04-25T04:15:33","slug":"exposition-photo-castelnou-avril","status":"publish","type":"post","link":"https:\/\/www.locansol.fr\/en\/exposition-photo-castelnou-avril\/","title":{"rendered":"Exposition photo \u00e0 Castelnou du 20 au 30 avril 2026 : Immersion artistique dans un cadre pittoresque"},"content":{"rendered":"<p>Du 20 au 30 avril 2026, ne manquez pas l\u2019opportunit\u00e9 de d\u00e9couvrir une exposition photographique exceptionnelle au c\u0153ur de Castelnou, l\u2019un des plus beaux villages des Pyr\u00e9n\u00e9es-Orientales. Pendant dix jours, le carrer del Mitg, ruelle embl\u00e9matique de ce village m\u00e9di\u00e9val, se transformera en galerie d\u2019art \u00e0 ciel ouvert pour accueillir les amateurs de photographie et de patrimoine.<\/p>\n<p>Cette exposition promet de s\u00e9duire par la vari\u00e9t\u00e9 de ses \u0153uvres, mettant \u00e0 l\u2019honneur diff\u00e9rents styles et techniques photographiques. Des paysages \u00e9poustouflants aux portraits pleins d\u2019\u00e9motions, en passant par des compositions abstraites et des sc\u00e8nes du quotidien, il y en aura pour tous les go\u00fbts. Cerise sur le g\u00e2teau, des artistes photographes locaux c\u00f4toieront des talents internationaux, offrant au public une vue d\u2019ensemble des tendances de la photographie contemporaine.<\/p>\n<p>Pourquoi devriez-vous absolument visiter cette exposition ? D\u2019abord parce qu\u2019elle est totalement gratuite, un v\u00e9ritable plus pour une sortie culturelle accessible \u00e0 tous. Ensuite, parce que le cadre unique de Castelnou, avec ses maisons en pierre et ses charmantes ruelles pav\u00e9es, constitue une \u0153uvre d\u2019art \u00e0 part enti\u00e8re. Une balade dans ce village \u2013 class\u00e9 parmi les \u00ab Plus Beaux Villages de France \u00bb \u2013 combin\u00e9e \u00e0 une d\u00e9couverte artistique promet une exp\u00e9rience \u00e0 la fois culturelle et d\u00e9paysante.<\/p>\n<p>L\u2019exposition se d\u00e9roule sur dix jours, un format id\u00e9al pour organiser une visite en famille ou entre amis. Que vous soyez amateur d\u2019art ou simple curieux \u00e0 la recherche d\u2019une sortie originale, vous avez tout \u00e0 gagner \u00e0 venir fl\u00e2ner dans cette exposition immersive. Laissez-vous captiver par les cr\u00e9ations visuelles, admirez les subtilit\u00e9s des clich\u00e9s, et pourquoi pas, engagez la conversation avec les artistes pr\u00e9sents sur place.<\/p>\n<p>Alors, bloquez vos agendas et pr\u00e9parez-vous \u00e0 un moment riche en d\u00e9couvertes et en \u00e9motion \u00e0 Castelnou ! Cette exposition est une belle occasion pour allier plaisir culturel et escapade dans l\u2019un des joyaux des Pyr\u00e9n\u00e9es-Orientales. On vous attend nombreux !<\/p>\n<h3>Practical information<\/h3>\n<p>\ud83d\udcc5 QUAND ? Du 20 au 30 avril 2026<br \/>\ud83d\udccd O\u00d9 ? Carrer del Mitg, Castelnou<br \/>\ud83d\udcb6 COMBIEN ? Gratuit<\/p>","protected":false},"excerpt":{"rendered":"<p>D\u00e9couvrez une exposition photo gratuite et envo\u00fbtante \u00e0 Castelnou, du 20 au 30 avril 2026. Immersion artistique garantie dans un cadre historique enchanteur.<\/p>","protected":false},"author":5,"featured_media":6489,"comment_status":"closed","ping_status":"open","sticky":false,"template":"","format":"standard","meta":{"_yoast_wpseo_focuskw":"Exposition photo Castelnou m\u00e9di\u00e9val","_yoast_wpseo_title":"Exposition photo \u00e0 Castelnou : immersion artistique en avril 2026","_yoast_wpseo_metadesc":"Exposition photo \u00e0 Castelnou du 20 au 30 avril 2026. D\u00e9couvrez une vari\u00e9t\u00e9 de styles photographiques dans un cadre pittoresque des Pyr\u00e9n\u00e9es-Orientales. Gratuit et accessible \u00e0 tous.","_yoast_wpseo_canonical":"","_yoast_wpseo_opengraph-title":"Plongez dans l'art : Exposition photo \u00e0 Castelnou \u2014 un voyage visuel en ruelles m\u00e9di\u00e9vales","_yoast_wpseo_opengraph-description":"Imaginez-vous fl\u00e2ner dans les ruelles pav\u00e9es de Castelnou, entour\u00e9 d'\u0153uvres photographiques captivantes. Une exp\u00e9rience immersive et gratuite vous attend du 20 au 30 avril 2026.","_yoast_wpseo_opengraph-image":"https:\/\/www.locansol.fr\/wp-content\/uploads\/2026\/04\/exposition-photo-castelnou-avril.webp","_yoast_wpseo_opengraph-image-id":"","_yoast_wpseo_twitter-title":"Exposition photo \u00e0 Castelnou : une immersion artistique unique","_yoast_wpseo_twitter-description":"D\u00e9couvrez une exposition photo exceptionnelle \u00e0 Castelnou du 20 au 30 avril 2026. Gratuit, immersif et dans un cadre pittoresque. Ne manquez pas cette exp\u00e9rience unique !","_yoast_wpseo_twitter-image":"https:\/\/www.locansol.fr\/wp-content\/uploads\/2026\/04\/exposition-photo-castelnou-avril.webp","_yoast_wpseo_twitter-image-id":"","yoast_primary_category":"Exposition","footnotes":""},"categories":[35],"tags":[66,67,76],"class_list":["post-6490","post","type-post","status-publish","format-standard","has-post-thumbnail","hentry","category-carnaval","tag-evenement-culturel","tag-loisirs","tag-pyrenees-orientales"],"yoast_head":"<!-- This site is optimized with the Yoast SEO Premium plugin v23.3 (Yoast SEO v26.9) - https:\/\/yoast.com\/product\/yoast-seo-premium-wordpress\/ -->\n<title>Exposition photo \u00e0 Castelnou : immersion artistique en avril 2026<\/title>\n<meta name=\"description\" content=\"Exposition photo \u00e0 Castelnou du 20 au 30 avril 2026. D\u00e9couvrez une vari\u00e9t\u00e9 de styles photographiques dans un cadre pittoresque des Pyr\u00e9n\u00e9es-Orientales. Gratuit et accessible \u00e0 tous.\" \/>\n<meta name=\"robots\" content=\"index, follow, max-snippet:-1, max-image-preview:large, max-video-preview:-1\" \/>\n<link rel=\"canonical\" href=\"https:\/\/www.locansol.fr\/en\/exposition-photo-castelnou-avril\/\" \/>\n<meta property=\"og:locale\" content=\"en_GB\" \/>\n<meta property=\"og:type\" content=\"article\" \/>\n<meta property=\"og:title\" content=\"Plongez dans l&#039;art : Exposition photo \u00e0 Castelnou \u2014 un voyage visuel en ruelles m\u00e9di\u00e9vales\" \/>\n<meta property=\"og:description\" content=\"Imaginez-vous fl\u00e2ner dans les ruelles pav\u00e9es de Castelnou, entour\u00e9 d&#039;\u0153uvres photographiques captivantes. Une exp\u00e9rience immersive et gratuite vous attend du 20 au 30 avril 2026.\" \/>\n<meta property=\"og:url\" content=\"https:\/\/www.locansol.fr\/en\/exposition-photo-castelnou-avril\/\" \/>\n<meta property=\"og:site_name\" content=\"Locansol, louer un h\u00e9bergement dans les Pyr\u00e9n\u00e9es Orientales\" \/>\n<meta property=\"article:published_time\" content=\"2026-04-25T04:15:30+00:00\" \/>\n<meta property=\"article:modified_time\" content=\"2026-04-25T04:15:33+00:00\" \/>\n<meta property=\"og:image\" content=\"https:\/\/www.locansol.fr\/wp-content\/uploads\/2026\/04\/exposition-photo-castelnou-avril.webp\" \/>\n<meta name=\"author\" content=\"H\u00e9bergements Locansol\" \/>\n<meta name=\"twitter:card\" content=\"summary_large_image\" \/>\n<meta name=\"twitter:title\" content=\"Exposition photo \u00e0 Castelnou : une immersion artistique unique\" \/>\n<meta name=\"twitter:description\" content=\"D\u00e9couvrez une exposition photo exceptionnelle \u00e0 Castelnou du 20 au 30 avril 2026. Gratuit, immersif et dans un cadre pittoresque. Ne manquez pas cette exp\u00e9rience unique !\" \/>\n<meta name=\"twitter:image\" content=\"https:\/\/www.locansol.fr\/wp-content\/uploads\/2026\/04\/exposition-photo-castelnou-avril.webp\" \/>\n<meta name=\"twitter:label1\" content=\"Written by\" \/>\n\t<meta name=\"twitter:data1\" content=\"H\u00e9bergements Locansol\" \/>\n\t<meta name=\"twitter:label2\" content=\"Estimated reading time\" \/>\n\t<meta name=\"twitter:data2\" content=\"2 minutes\" \/>\n<script type=\"application\/ld+json\" class=\"yoast-schema-graph\">{\"@context\":\"https:\/\/schema.org\",\"@graph\":[{\"@type\":\"Article\",\"@id\":\"https:\/\/www.locansol.fr\/exposition-photo-castelnou-avril\/#article\",\"isPartOf\":{\"@id\":\"https:\/\/www.locansol.fr\/exposition-photo-castelnou-avril\/\"},\"author\":{\"name\":\"H\u00e9bergements Locansol\",\"@id\":\"https:\/\/www.locansol.fr\/#\/schema\/person\/0b08d440f1ac44674c6d498107de351d\"},\"headline\":\"Exposition photo \u00e0 Castelnou du 20 au 30 avril 2026 : Immersion artistique dans un cadre pittoresque\",\"datePublished\":\"2026-04-25T04:15:30+00:00\",\"dateModified\":\"2026-04-25T04:15:33+00:00\",\"mainEntityOfPage\":{\"@id\":\"https:\/\/www.locansol.fr\/exposition-photo-castelnou-avril\/\"},\"wordCount\":362,\"publisher\":{\"@id\":\"https:\/\/www.locansol.fr\/#organization\"},\"image\":{\"@id\":\"https:\/\/www.locansol.fr\/exposition-photo-castelnou-avril\/#primaryimage\"},\"thumbnailUrl\":\"https:\/\/www.locansol.fr\/wp-content\/uploads\/2026\/04\/exposition-photo-castelnou-avril.webp\",\"keywords\":[\"\u00c9v\u00e8nement culturel\",\"Loisirs\",\"Pyr\u00e9n\u00e9es-Orientales\"],\"articleSection\":[\"Carnaval\"],\"inLanguage\":\"en-GB\"},{\"@type\":\"WebPage\",\"@id\":\"https:\/\/www.locansol.fr\/exposition-photo-castelnou-avril\/\",\"url\":\"https:\/\/www.locansol.fr\/exposition-photo-castelnou-avril\/\",\"name\":\"Exposition photo \u00e0 Castelnou : immersion artistique en avril 2026\",\"isPartOf\":{\"@id\":\"https:\/\/www.locansol.fr\/#website\"},\"primaryImageOfPage\":{\"@id\":\"https:\/\/www.locansol.fr\/exposition-photo-castelnou-avril\/#primaryimage\"},\"image\":{\"@id\":\"https:\/\/www.locansol.fr\/exposition-photo-castelnou-avril\/#primaryimage\"},\"thumbnailUrl\":\"https:\/\/www.locansol.fr\/wp-content\/uploads\/2026\/04\/exposition-photo-castelnou-avril.webp\",\"datePublished\":\"2026-04-25T04:15:30+00:00\",\"dateModified\":\"2026-04-25T04:15:33+00:00\",\"description\":\"Exposition photo \u00e0 Castelnou du 20 au 30 avril 2026. D\u00e9couvrez une vari\u00e9t\u00e9 de styles photographiques dans un cadre pittoresque des Pyr\u00e9n\u00e9es-Orientales. Gratuit et accessible \u00e0 tous.\",\"breadcrumb\":{\"@id\":\"https:\/\/www.locansol.fr\/exposition-photo-castelnou-avril\/#breadcrumb\"},\"inLanguage\":\"en-GB\",\"potentialAction\":[{\"@type\":\"ReadAction\",\"target\":[\"https:\/\/www.locansol.fr\/exposition-photo-castelnou-avril\/\"]}]},{\"@type\":\"ImageObject\",\"inLanguage\":\"en-GB\",\"@id\":\"https:\/\/www.locansol.fr\/exposition-photo-castelnou-avril\/#primaryimage\",\"url\":\"https:\/\/www.locansol.fr\/wp-content\/uploads\/2026\/04\/exposition-photo-castelnou-avril.webp\",\"contentUrl\":\"https:\/\/www.locansol.fr\/wp-content\/uploads\/2026\/04\/exposition-photo-castelnou-avril.webp\",\"width\":1358,\"height\":1920,\"caption\":\"Exposition photo \u00e0 Castelnou : immersion artistique en avril 2026\"},{\"@type\":\"BreadcrumbList\",\"@id\":\"https:\/\/www.locansol.fr\/exposition-photo-castelnou-avril\/#breadcrumb\",\"itemListElement\":[{\"@type\":\"ListItem\",\"position\":1,\"name\":\"Accueil\",\"item\":\"https:\/\/www.locansol.fr\/\"},{\"@type\":\"ListItem\",\"position\":2,\"name\":\"Exposition photo \u00e0 Castelnou du 20 au 30 avril 2026 : Immersion artistique dans un cadre pittoresque\"}]},{\"@type\":\"WebSite\",\"@id\":\"https:\/\/www.locansol.fr\/#website\",\"url\":\"https:\/\/www.locansol.fr\/\",\"name\":\"Locansol, louer un h\u00e9bergement dans les Pyr\u00e9n\u00e9es-Orientales\",\"description\":\"Location Mobil-home Mer M\u00e9diterran\u00e9e &amp; Chalet de Montagne dans les Pyr\u00e9n\u00e9es Orientales (Occitanie, 66). Weekend, s\u00e9jour &amp; vacances en famille et entre amis.\",\"publisher\":{\"@id\":\"https:\/\/www.locansol.fr\/#organization\"},\"alternateName\":\"Louer un h\u00e9bergement dans les Pyr\u00e9n\u00e9es Orientales, chalet & mobil-home en Occitanie\",\"potentialAction\":[{\"@type\":\"SearchAction\",\"target\":{\"@type\":\"EntryPoint\",\"urlTemplate\":\"https:\/\/www.locansol.fr\/?s={search_term_string}\"},\"query-input\":{\"@type\":\"PropertyValueSpecification\",\"valueRequired\":true,\"valueName\":\"search_term_string\"}}],\"inLanguage\":\"en-GB\"},{\"@type\":\"Organization\",\"@id\":\"https:\/\/www.locansol.fr\/#organization\",\"name\":\"Location MobilHome & chalet dans les Pyr\u00e9n\u00e9es Orientales\",\"alternateName\":\"Louer un h\u00e9bergement dans les Pyr\u00e9n\u00e9es Orientales en Occitanie\",\"url\":\"https:\/\/www.locansol.fr\/\",\"logo\":{\"@type\":\"ImageObject\",\"inLanguage\":\"en-GB\",\"@id\":\"https:\/\/www.locansol.fr\/#\/schema\/logo\/image\/\",\"url\":\"https:\/\/www.locansol.fr\/wp-content\/uploads\/2024\/04\/AdobeStock_303324767-scaled.jpeg\",\"contentUrl\":\"https:\/\/www.locansol.fr\/wp-content\/uploads\/2024\/04\/AdobeStock_303324767-scaled.jpeg\",\"width\":2560,\"height\":1707,\"caption\":\"Location MobilHome & chalet dans les Pyr\u00e9n\u00e9es Orientales\"},\"image\":{\"@id\":\"https:\/\/www.locansol.fr\/#\/schema\/logo\/image\/\"}},{\"@type\":\"Person\",\"@id\":\"https:\/\/www.locansol.fr\/#\/schema\/person\/0b08d440f1ac44674c6d498107de351d\",\"name\":\"H\u00e9bergements Locansol\",\"image\":{\"@type\":\"ImageObject\",\"inLanguage\":\"en-GB\",\"@id\":\"https:\/\/www.locansol.fr\/#\/schema\/person\/image\/\",\"url\":\"https:\/\/secure.gravatar.com\/avatar\/444436b93284204f8116b6e0eb964cd3fcb811519c737232bde6dd5743c37ee5?s=96&d=mm&r=g\",\"contentUrl\":\"https:\/\/secure.gravatar.com\/avatar\/444436b93284204f8116b6e0eb964cd3fcb811519c737232bde6dd5743c37ee5?s=96&d=mm&r=g\",\"caption\":\"H\u00e9bergements Locansol\"},\"sameAs\":[\"https:\/\/www.locansol.fr\/\"],\"url\":\"https:\/\/www.locansol.fr\/en\/author\/locansol\/\"}]}<\/script>\n<!-- \/ Yoast SEO Premium plugin. -->","yoast_head_json":{"title":"Exposition photo \u00e0 Castelnou : immersion artistique en avril 2026","description":"Exposition photo \u00e0 Castelnou du 20 au 30 avril 2026. D\u00e9couvrez une vari\u00e9t\u00e9 de styles photographiques dans un cadre pittoresque des Pyr\u00e9n\u00e9es-Orientales. Gratuit et accessible \u00e0 tous.","robots":{"index":"index","follow":"follow","max-snippet":"max-snippet:-1","max-image-preview":"max-image-preview:large","max-video-preview":"max-video-preview:-1"},"canonical":"https:\/\/www.locansol.fr\/en\/exposition-photo-castelnou-avril\/","og_locale":"en_GB","og_type":"article","og_title":"Plongez dans l'art : Exposition photo \u00e0 Castelnou \u2014 un voyage visuel en ruelles m\u00e9di\u00e9vales","og_description":"Imaginez-vous fl\u00e2ner dans les ruelles pav\u00e9es de Castelnou, entour\u00e9 d'\u0153uvres photographiques captivantes. Une exp\u00e9rience immersive et gratuite vous attend du 20 au 30 avril 2026.","og_url":"https:\/\/www.locansol.fr\/en\/exposition-photo-castelnou-avril\/","og_site_name":"Locansol, louer un h\u00e9bergement dans les Pyr\u00e9n\u00e9es Orientales","article_published_time":"2026-04-25T04:15:30+00:00","article_modified_time":"2026-04-25T04:15:33+00:00","og_image":[{"url":"https:\/\/www.locansol.fr\/wp-content\/uploads\/2026\/04\/exposition-photo-castelnou-avril.webp","type":"","width":"","height":""}],"author":"H\u00e9bergements Locansol","twitter_card":"summary_large_image","twitter_title":"Exposition photo \u00e0 Castelnou : une immersion artistique unique","twitter_description":"D\u00e9couvrez une exposition photo exceptionnelle \u00e0 Castelnou du 20 au 30 avril 2026. Gratuit, immersif et dans un cadre pittoresque. Ne manquez pas cette exp\u00e9rience unique !","twitter_image":"https:\/\/www.locansol.fr\/wp-content\/uploads\/2026\/04\/exposition-photo-castelnou-avril.webp","twitter_misc":{"Written by":"H\u00e9bergements Locansol","Estimated reading time":"2 minutes"},"schema":{"@context":"https:\/\/schema.org","@graph":[{"@type":"Article","@id":"https:\/\/www.locansol.fr\/exposition-photo-castelnou-avril\/#article","isPartOf":{"@id":"https:\/\/www.locansol.fr\/exposition-photo-castelnou-avril\/"},"author":{"name":"H\u00e9bergements Locansol","@id":"https:\/\/www.locansol.fr\/#\/schema\/person\/0b08d440f1ac44674c6d498107de351d"},"headline":"Exposition photo \u00e0 Castelnou du 20 au 30 avril 2026 : Immersion artistique dans un cadre pittoresque","datePublished":"2026-04-25T04:15:30+00:00","dateModified":"2026-04-25T04:15:33+00:00","mainEntityOfPage":{"@id":"https:\/\/www.locansol.fr\/exposition-photo-castelnou-avril\/"},"wordCount":362,"publisher":{"@id":"https:\/\/www.locansol.fr\/#organization"},"image":{"@id":"https:\/\/www.locansol.fr\/exposition-photo-castelnou-avril\/#primaryimage"},"thumbnailUrl":"https:\/\/www.locansol.fr\/wp-content\/uploads\/2026\/04\/exposition-photo-castelnou-avril.webp","keywords":["\u00c9v\u00e8nement culturel","Loisirs","Pyr\u00e9n\u00e9es-Orientales"],"articleSection":["Carnaval"],"inLanguage":"en-GB"},{"@type":"WebPage","@id":"https:\/\/www.locansol.fr\/exposition-photo-castelnou-avril\/","url":"https:\/\/www.locansol.fr\/exposition-photo-castelnou-avril\/","name":"Exposition photo \u00e0 Castelnou : immersion artistique en avril 2026","isPartOf":{"@id":"https:\/\/www.locansol.fr\/#website"},"primaryImageOfPage":{"@id":"https:\/\/www.locansol.fr\/exposition-photo-castelnou-avril\/#primaryimage"},"image":{"@id":"https:\/\/www.locansol.fr\/exposition-photo-castelnou-avril\/#primaryimage"},"thumbnailUrl":"https:\/\/www.locansol.fr\/wp-content\/uploads\/2026\/04\/exposition-photo-castelnou-avril.webp","datePublished":"2026-04-25T04:15:30+00:00","dateModified":"2026-04-25T04:15:33+00:00","description":"Exposition photo \u00e0 Castelnou du 20 au 30 avril 2026. D\u00e9couvrez une vari\u00e9t\u00e9 de styles photographiques dans un cadre pittoresque des Pyr\u00e9n\u00e9es-Orientales. Gratuit et accessible \u00e0 tous.","breadcrumb":{"@id":"https:\/\/www.locansol.fr\/exposition-photo-castelnou-avril\/#breadcrumb"},"inLanguage":"en-GB","potentialAction":[{"@type":"ReadAction","target":["https:\/\/www.locansol.fr\/exposition-photo-castelnou-avril\/"]}]},{"@type":"ImageObject","inLanguage":"en-GB","@id":"https:\/\/www.locansol.fr\/exposition-photo-castelnou-avril\/#primaryimage","url":"https:\/\/www.locansol.fr\/wp-content\/uploads\/2026\/04\/exposition-photo-castelnou-avril.webp","contentUrl":"https:\/\/www.locansol.fr\/wp-content\/uploads\/2026\/04\/exposition-photo-castelnou-avril.webp","width":1358,"height":1920,"caption":"Exposition photo \u00e0 Castelnou : immersion artistique en avril 2026"},{"@type":"BreadcrumbList","@id":"https:\/\/www.locansol.fr\/exposition-photo-castelnou-avril\/#breadcrumb","itemListElement":[{"@type":"ListItem","position":1,"name":"Accueil","item":"https:\/\/www.locansol.fr\/"},{"@type":"ListItem","position":2,"name":"Exposition photo \u00e0 Castelnou du 20 au 30 avril 2026 : Immersion artistique dans un cadre pittoresque"}]},{"@type":"WebSite","@id":"https:\/\/www.locansol.fr\/#website","url":"https:\/\/www.locansol.fr\/","name":"Locansol, louer un h\u00e9bergement dans les Pyr\u00e9n\u00e9es-Orientales","description":"Location Mobil-home Mer M\u00e9diterran\u00e9e &amp; Chalet de Montagne dans les Pyr\u00e9n\u00e9es Orientales (Occitanie, 66). Weekend, s\u00e9jour &amp; vacances en famille et entre amis.","publisher":{"@id":"https:\/\/www.locansol.fr\/#organization"},"alternateName":"Louer un h\u00e9bergement dans les Pyr\u00e9n\u00e9es Orientales, chalet & mobil-home en Occitanie","potentialAction":[{"@type":"SearchAction","target":{"@type":"EntryPoint","urlTemplate":"https:\/\/www.locansol.fr\/?s={search_term_string}"},"query-input":{"@type":"PropertyValueSpecification","valueRequired":true,"valueName":"search_term_string"}}],"inLanguage":"en-GB"},{"@type":"Organization","@id":"https:\/\/www.locansol.fr\/#organization","name":"Location MobilHome & chalet dans les Pyr\u00e9n\u00e9es Orientales","alternateName":"Louer un h\u00e9bergement dans les Pyr\u00e9n\u00e9es Orientales en Occitanie","url":"https:\/\/www.locansol.fr\/","logo":{"@type":"ImageObject","inLanguage":"en-GB","@id":"https:\/\/www.locansol.fr\/#\/schema\/logo\/image\/","url":"https:\/\/www.locansol.fr\/wp-content\/uploads\/2024\/04\/AdobeStock_303324767-scaled.jpeg","contentUrl":"https:\/\/www.locansol.fr\/wp-content\/uploads\/2024\/04\/AdobeStock_303324767-scaled.jpeg","width":2560,"height":1707,"caption":"Location MobilHome & chalet dans les Pyr\u00e9n\u00e9es Orientales"},"image":{"@id":"https:\/\/www.locansol.fr\/#\/schema\/logo\/image\/"}},{"@type":"Person","@id":"https:\/\/www.locansol.fr\/#\/schema\/person\/0b08d440f1ac44674c6d498107de351d","name":"H\u00e9bergements Locansol","image":{"@type":"ImageObject","inLanguage":"en-GB","@id":"https:\/\/www.locansol.fr\/#\/schema\/person\/image\/","url":"https:\/\/secure.gravatar.com\/avatar\/444436b93284204f8116b6e0eb964cd3fcb811519c737232bde6dd5743c37ee5?s=96&d=mm&r=g","contentUrl":"https:\/\/secure.gravatar.com\/avatar\/444436b93284204f8116b6e0eb964cd3fcb811519c737232bde6dd5743c37ee5?s=96&d=mm&r=g","caption":"H\u00e9bergements Locansol"},"sameAs":["https:\/\/www.locansol.fr\/"],"url":"https:\/\/www.locansol.fr\/en\/author\/locansol\/"}]}},"_links":{"self":[{"href":"https:\/\/www.locansol.fr\/en\/wp-json\/wp\/v2\/posts\/6490","targetHints":{"allow":["GET"]}}],"collection":[{"href":"https:\/\/www.locansol.fr\/en\/wp-json\/wp\/v2\/posts"}],"about":[{"href":"https:\/\/www.locansol.fr\/en\/wp-json\/wp\/v2\/types\/post"}],"author":[{"embeddable":true,"href":"https:\/\/www.locansol.fr\/en\/wp-json\/wp\/v2\/users\/5"}],"replies":[{"embeddable":true,"href":"https:\/\/www.locansol.fr\/en\/wp-json\/wp\/v2\/comments?post=6490"}],"version-history":[{"count":1,"href":"https:\/\/www.locansol.fr\/en\/wp-json\/wp\/v2\/posts\/6490\/revisions"}],"predecessor-version":[{"id":6491,"href":"https:\/\/www.locansol.fr\/en\/wp-json\/wp\/v2\/posts\/6490\/revisions\/6491"}],"wp:featuredmedia":[{"embeddable":true,"href":"https:\/\/www.locansol.fr\/en\/wp-json\/wp\/v2\/media\/6489"}],"wp:attachment":[{"href":"https:\/\/www.locansol.fr\/en\/wp-json\/wp\/v2\/media?parent=6490"}],"wp:term":[{"taxonomy":"category","embeddable":true,"href":"https:\/\/www.locansol.fr\/en\/wp-json\/wp\/v2\/categories?post=6490"},{"taxonomy":"post_tag","embeddable":true,"href":"https:\/\/www.locansol.fr\/en\/wp-json\/wp\/v2\/tags?post=6490"}],"curies":[{"name":"wp","href":"https:\/\/api.w.org\/{rel}","templated":true}]}}