{"id":6499,"date":"2026-04-25T08:09:31","date_gmt":"2026-04-25T06:09:31","guid":{"rendered":"https:\/\/www.locansol.fr\/exposition-volets-orgue-perpignan-9\/"},"modified":"2026-04-25T08:09:35","modified_gmt":"2026-04-25T06:09:35","slug":"exposition-volets-orgue-perpignan-9","status":"publish","type":"post","link":"https:\/\/www.locansol.fr\/en\/exposition-volets-orgue-perpignan-9\/","title":{"rendered":"Exposition exceptionnelle \u00e0 Perpignan (24 mars &#8211; 31 mai) : Rediscoverez un chef-d&rsquo;\u0153uvre monumental"},"content":{"rendered":"<p>Du 24 mars au 31 mai, plongez dans l\u2019histoire et l\u2019art sacr\u00e9 gr\u00e2ce \u00e0 une exposition unique en son genre. La cath\u00e9drale Saint-Jean-Baptiste de Perpignan, situ\u00e9e rue Mailly, ouvre ses portes pour mettre \u00e0 l\u2019honneur un v\u00e9ritable tr\u00e9sor patrimonial r\u00e9cemment restaur\u00e9 : \u00ab La red\u00e9couverte d\u2019un chef-d\u2019\u0153uvre monumental : les volets du grand orgue \u00bb.<\/p>\n<p>Ces volets, cr\u00e9\u00e9s en 1504, sont consid\u00e9r\u00e9s comme l\u2019un des ensembles picturaux les plus impressionnants d\u2019Europe. Avec 12,6 m\u00e8tres de hauteur et 4,3 m\u00e8tres de largeur pour chaque pi\u00e8ce, ils forment une surface picturale d\u00e9passant les 83 m\u00b2 chacun. Artistiquement, ils frappent par leur double face : une \u00e9tonnante polychromie aux couleurs \u00e9clatantes d\u2019un c\u00f4t\u00e9 et une grisaille soigneusement travaill\u00e9e de l\u2019autre. Originellement int\u00e9gr\u00e9s au buffet monumental de l\u2019orgue de la cath\u00e9drale, les volets avaient pour fonction d\u2019accompagner le calendrier liturgique en dialogue subtil avec la musique et l\u2019architecture.<\/p>\n<p>H\u00e9las, au XIXe si\u00e8cle, ils sont d\u00e9mont\u00e9s et install\u00e9s au-dessus de la porte de Bethl\u00e9em, tombant progressivement dans l\u2019oubli. Ce n\u2019est qu\u2019en 2022 qu\u2019un ambitieux chantier de restauration, coordonn\u00e9 par la Direction r\u00e9gionale des affaires culturelles d\u2019Occitanie, a permis de restituer leur lustre d\u2019antan. Ce travail technique, patrimonial et scientifique a non seulement permis de restaurer leur beaut\u00e9, mais aussi de mieux comprendre leur histoire et l\u2019\u00e9tendue du savoir-faire d\u00e9ploy\u00e9.<\/p>\n<p>L\u2019exposition est une chance rare de contempler ces \u0153uvres dans toute leur splendeur retrouv\u00e9e. Que vous soyez amateur d\u2019histoire, passionn\u00e9 de peinture ou simplement curieux, vous ne manquerez pas d\u2019\u00eatre \u00e9merveill\u00e9 par la grandeur et la finesse de ces peintures d\u2019exception. La visite, enrichissante et immersive, est aussi une plong\u00e9e dans l\u2019histoire artistique de la cath\u00e9drale Saint-Jean-Baptiste et de ses tr\u00e9sors.<\/p>\n<p>\u00c0 tous les amateurs de culture, cet \u00e9v\u00e9nement est un rendez-vous \u00e0 ne pas manquer ! Venez d\u00e9couvrir ou red\u00e9couvrir un chef-d\u2019\u0153uvre inestimable du patrimoine europ\u00e9en, magnifiquement install\u00e9 dans un \u00e9crin sacr\u00e9 au c\u0153ur historique de Perpignan.<\/p>\n<p>Informations pratiques : l\u2019entr\u00e9e \u00e0 l\u2019exposition est au tarif accessible de 8 \u20ac par personne.<\/p>\n<p>Ne manquez pas cette occasion sp\u00e9ciale de red\u00e9couvrir un tr\u00e9sor artistique \u00e0 la mesure de l\u2019histoire unique de Perpignan. Notez les dates dans vos agendas et laissez-vous \u00e9merveiller par ces tr\u00e9sors du pass\u00e9, revisit\u00e9s pour les g\u00e9n\u00e9rations actuelles.<\/p>\n<h3>Practical information<\/h3>\n<p>\ud83d\udcc5 QUAND ? Du 24 mars au 31 mai<br \/>\ud83d\udccd O\u00d9 ? Cath\u00e9drale Saint-Jean-Baptiste, 21 Rue Mailly, Perpignan<br \/>\ud83d\udcb6 COMBIEN ? 8,00 \u20ac<\/p>","protected":false},"excerpt":{"rendered":"<p>D\u00e9couvrez les volets restaur\u00e9s du grand orgue de la cath\u00e9drale de Perpignan, un chef-d&rsquo;\u0153uvre monumental, du 24 mars au 31 mai.<\/p>","protected":false},"author":5,"featured_media":6498,"comment_status":"closed","ping_status":"open","sticky":false,"template":"","format":"standard","meta":{"_yoast_wpseo_focuskw":"Exposition chef-d'\u0153uvre Perpignan art","_yoast_wpseo_title":"Exposition exceptionnelle \u00e0 Perpignan : red\u00e9couvrez un chef-d'\u0153uvre","_yoast_wpseo_metadesc":"Exposition exceptionnelle \u00e0 Perpignan : d\u00e9couvrez les volets du grand orgue, chefs-d'\u0153uvre monumentaux restaur\u00e9s. Plongez dans l'histoire et l'art sacr\u00e9 en Pyr\u00e9n\u00e9es-Orientales.","_yoast_wpseo_canonical":"","_yoast_wpseo_opengraph-title":"\u00c9merveillement garanti : Perpignan r\u00e9v\u00e8le un tr\u00e9sor artistique cach\u00e9 \u2013 des volets monumentaux","_yoast_wpseo_opengraph-description":"Plongez dans l'\u00e9clat des couleurs et l'histoire fascinante des volets du grand orgue de Perpignan. Une exp\u00e9rience immersive au c\u0153ur de l'art sacr\u00e9 vous attend.","_yoast_wpseo_opengraph-image":"https:\/\/www.locansol.fr\/wp-content\/uploads\/2026\/04\/exposition-volets-orgue-perpignan-8.webp","_yoast_wpseo_opengraph-image-id":"","_yoast_wpseo_twitter-title":"D\u00e9couvrez un tr\u00e9sor artistique \u00e0 Perpignan : les volets du grand orgue","_yoast_wpseo_twitter-description":"Ne manquez pas l'exposition exceptionnelle \u00e0 Perpignan ! D\u00e9couvrez les volets du grand orgue, chefs-d'\u0153uvre monumentaux restaur\u00e9s. Une plong\u00e9e dans l'histoire et l'art sacr\u00e9.","_yoast_wpseo_twitter-image":"https:\/\/www.locansol.fr\/wp-content\/uploads\/2026\/04\/exposition-volets-orgue-perpignan-8.webp","_yoast_wpseo_twitter-image-id":"","yoast_primary_category":"Exposition","footnotes":""},"categories":[35],"tags":[66,76],"class_list":["post-6499","post","type-post","status-publish","format-standard","has-post-thumbnail","hentry","category-carnaval","tag-evenement-culturel","tag-pyrenees-orientales"],"yoast_head":"<!-- This site is optimized with the Yoast SEO Premium plugin v23.3 (Yoast SEO v26.9) - https:\/\/yoast.com\/product\/yoast-seo-premium-wordpress\/ -->\n<title>Exposition exceptionnelle \u00e0 Perpignan : red\u00e9couvrez un chef-d&#039;\u0153uvre<\/title>\n<meta name=\"description\" content=\"Exposition exceptionnelle \u00e0 Perpignan : d\u00e9couvrez les volets du grand orgue, chefs-d&#039;\u0153uvre monumentaux restaur\u00e9s. Plongez dans l&#039;histoire et l&#039;art sacr\u00e9 en Pyr\u00e9n\u00e9es-Orientales.\" \/>\n<meta name=\"robots\" content=\"index, follow, max-snippet:-1, max-image-preview:large, max-video-preview:-1\" \/>\n<link rel=\"canonical\" href=\"https:\/\/www.locansol.fr\/en\/exposition-volets-orgue-perpignan-9\/\" \/>\n<meta property=\"og:locale\" content=\"en_GB\" \/>\n<meta property=\"og:type\" content=\"article\" \/>\n<meta property=\"og:title\" content=\"\u00c9merveillement garanti : Perpignan r\u00e9v\u00e8le un tr\u00e9sor artistique cach\u00e9 \u2013 des volets monumentaux\" \/>\n<meta property=\"og:description\" content=\"Plongez dans l&#039;\u00e9clat des couleurs et l&#039;histoire fascinante des volets du grand orgue de Perpignan. Une exp\u00e9rience immersive au c\u0153ur de l&#039;art sacr\u00e9 vous attend.\" \/>\n<meta property=\"og:url\" content=\"https:\/\/www.locansol.fr\/en\/exposition-volets-orgue-perpignan-9\/\" \/>\n<meta property=\"og:site_name\" content=\"Locansol, louer un h\u00e9bergement dans les Pyr\u00e9n\u00e9es Orientales\" \/>\n<meta property=\"article:published_time\" content=\"2026-04-25T06:09:31+00:00\" \/>\n<meta property=\"article:modified_time\" content=\"2026-04-25T06:09:35+00:00\" \/>\n<meta property=\"og:image\" content=\"https:\/\/www.locansol.fr\/wp-content\/uploads\/2026\/04\/exposition-volets-orgue-perpignan-8.webp\" \/>\n<meta name=\"author\" content=\"H\u00e9bergements Locansol\" \/>\n<meta name=\"twitter:card\" content=\"summary_large_image\" \/>\n<meta name=\"twitter:title\" content=\"D\u00e9couvrez un tr\u00e9sor artistique \u00e0 Perpignan : les volets du grand orgue\" \/>\n<meta name=\"twitter:description\" content=\"Ne manquez pas l&#039;exposition exceptionnelle \u00e0 Perpignan ! D\u00e9couvrez les volets du grand orgue, chefs-d&#039;\u0153uvre monumentaux restaur\u00e9s. Une plong\u00e9e dans l&#039;histoire et l&#039;art sacr\u00e9.\" \/>\n<meta name=\"twitter:image\" content=\"https:\/\/www.locansol.fr\/wp-content\/uploads\/2026\/04\/exposition-volets-orgue-perpignan-8.webp\" \/>\n<meta name=\"twitter:label1\" content=\"Written by\" \/>\n\t<meta name=\"twitter:data1\" content=\"H\u00e9bergements Locansol\" \/>\n\t<meta name=\"twitter:label2\" content=\"Estimated reading time\" \/>\n\t<meta name=\"twitter:data2\" content=\"2 minutes\" \/>\n<script type=\"application\/ld+json\" class=\"yoast-schema-graph\">{\"@context\":\"https:\/\/schema.org\",\"@graph\":[{\"@type\":\"Article\",\"@id\":\"https:\/\/www.locansol.fr\/exposition-volets-orgue-perpignan-9\/#article\",\"isPartOf\":{\"@id\":\"https:\/\/www.locansol.fr\/exposition-volets-orgue-perpignan-9\/\"},\"author\":{\"name\":\"H\u00e9bergements Locansol\",\"@id\":\"https:\/\/www.locansol.fr\/#\/schema\/person\/0b08d440f1ac44674c6d498107de351d\"},\"headline\":\"Exposition exceptionnelle \u00e0 Perpignan (24 mars &#8211; 31 mai) : Rediscoverez un chef-d&rsquo;\u0153uvre monumental\",\"datePublished\":\"2026-04-25T06:09:31+00:00\",\"dateModified\":\"2026-04-25T06:09:35+00:00\",\"mainEntityOfPage\":{\"@id\":\"https:\/\/www.locansol.fr\/exposition-volets-orgue-perpignan-9\/\"},\"wordCount\":441,\"publisher\":{\"@id\":\"https:\/\/www.locansol.fr\/#organization\"},\"image\":{\"@id\":\"https:\/\/www.locansol.fr\/exposition-volets-orgue-perpignan-9\/#primaryimage\"},\"thumbnailUrl\":\"https:\/\/www.locansol.fr\/wp-content\/uploads\/2026\/04\/exposition-volets-orgue-perpignan-8.webp\",\"keywords\":[\"\u00c9v\u00e8nement culturel\",\"Pyr\u00e9n\u00e9es-Orientales\"],\"articleSection\":[\"Carnaval\"],\"inLanguage\":\"en-GB\"},{\"@type\":\"WebPage\",\"@id\":\"https:\/\/www.locansol.fr\/exposition-volets-orgue-perpignan-9\/\",\"url\":\"https:\/\/www.locansol.fr\/exposition-volets-orgue-perpignan-9\/\",\"name\":\"Exposition exceptionnelle \u00e0 Perpignan : red\u00e9couvrez un chef-d'\u0153uvre\",\"isPartOf\":{\"@id\":\"https:\/\/www.locansol.fr\/#website\"},\"primaryImageOfPage\":{\"@id\":\"https:\/\/www.locansol.fr\/exposition-volets-orgue-perpignan-9\/#primaryimage\"},\"image\":{\"@id\":\"https:\/\/www.locansol.fr\/exposition-volets-orgue-perpignan-9\/#primaryimage\"},\"thumbnailUrl\":\"https:\/\/www.locansol.fr\/wp-content\/uploads\/2026\/04\/exposition-volets-orgue-perpignan-8.webp\",\"datePublished\":\"2026-04-25T06:09:31+00:00\",\"dateModified\":\"2026-04-25T06:09:35+00:00\",\"description\":\"Exposition exceptionnelle \u00e0 Perpignan : d\u00e9couvrez les volets du grand orgue, chefs-d'\u0153uvre monumentaux restaur\u00e9s. Plongez dans l'histoire et l'art sacr\u00e9 en Pyr\u00e9n\u00e9es-Orientales.\",\"breadcrumb\":{\"@id\":\"https:\/\/www.locansol.fr\/exposition-volets-orgue-perpignan-9\/#breadcrumb\"},\"inLanguage\":\"en-GB\",\"potentialAction\":[{\"@type\":\"ReadAction\",\"target\":[\"https:\/\/www.locansol.fr\/exposition-volets-orgue-perpignan-9\/\"]}]},{\"@type\":\"ImageObject\",\"inLanguage\":\"en-GB\",\"@id\":\"https:\/\/www.locansol.fr\/exposition-volets-orgue-perpignan-9\/#primaryimage\",\"url\":\"https:\/\/www.locansol.fr\/wp-content\/uploads\/2026\/04\/exposition-volets-orgue-perpignan-8.webp\",\"contentUrl\":\"https:\/\/www.locansol.fr\/wp-content\/uploads\/2026\/04\/exposition-volets-orgue-perpignan-8.webp\",\"width\":1024,\"height\":605,\"caption\":\"Exposition exceptionnelle \u00e0 Perpignan : red\u00e9couvrez un chef-d'\u0153uvre\"},{\"@type\":\"BreadcrumbList\",\"@id\":\"https:\/\/www.locansol.fr\/exposition-volets-orgue-perpignan-9\/#breadcrumb\",\"itemListElement\":[{\"@type\":\"ListItem\",\"position\":1,\"name\":\"Accueil\",\"item\":\"https:\/\/www.locansol.fr\/\"},{\"@type\":\"ListItem\",\"position\":2,\"name\":\"Exposition exceptionnelle \u00e0 Perpignan (24 mars &#8211; 31 mai) : Rediscoverez un chef-d&rsquo;\u0153uvre monumental\"}]},{\"@type\":\"WebSite\",\"@id\":\"https:\/\/www.locansol.fr\/#website\",\"url\":\"https:\/\/www.locansol.fr\/\",\"name\":\"Locansol, louer un h\u00e9bergement dans les Pyr\u00e9n\u00e9es-Orientales\",\"description\":\"Location Mobil-home Mer M\u00e9diterran\u00e9e &amp; Chalet de Montagne dans les Pyr\u00e9n\u00e9es Orientales (Occitanie, 66). Weekend, s\u00e9jour &amp; vacances en famille et entre amis.\",\"publisher\":{\"@id\":\"https:\/\/www.locansol.fr\/#organization\"},\"alternateName\":\"Louer un h\u00e9bergement dans les Pyr\u00e9n\u00e9es Orientales, chalet & mobil-home en Occitanie\",\"potentialAction\":[{\"@type\":\"SearchAction\",\"target\":{\"@type\":\"EntryPoint\",\"urlTemplate\":\"https:\/\/www.locansol.fr\/?s={search_term_string}\"},\"query-input\":{\"@type\":\"PropertyValueSpecification\",\"valueRequired\":true,\"valueName\":\"search_term_string\"}}],\"inLanguage\":\"en-GB\"},{\"@type\":\"Organization\",\"@id\":\"https:\/\/www.locansol.fr\/#organization\",\"name\":\"Location MobilHome & chalet dans les Pyr\u00e9n\u00e9es Orientales\",\"alternateName\":\"Louer un h\u00e9bergement dans les Pyr\u00e9n\u00e9es Orientales en Occitanie\",\"url\":\"https:\/\/www.locansol.fr\/\",\"logo\":{\"@type\":\"ImageObject\",\"inLanguage\":\"en-GB\",\"@id\":\"https:\/\/www.locansol.fr\/#\/schema\/logo\/image\/\",\"url\":\"https:\/\/www.locansol.fr\/wp-content\/uploads\/2024\/04\/AdobeStock_303324767-scaled.jpeg\",\"contentUrl\":\"https:\/\/www.locansol.fr\/wp-content\/uploads\/2024\/04\/AdobeStock_303324767-scaled.jpeg\",\"width\":2560,\"height\":1707,\"caption\":\"Location MobilHome & chalet dans les Pyr\u00e9n\u00e9es Orientales\"},\"image\":{\"@id\":\"https:\/\/www.locansol.fr\/#\/schema\/logo\/image\/\"}},{\"@type\":\"Person\",\"@id\":\"https:\/\/www.locansol.fr\/#\/schema\/person\/0b08d440f1ac44674c6d498107de351d\",\"name\":\"H\u00e9bergements Locansol\",\"image\":{\"@type\":\"ImageObject\",\"inLanguage\":\"en-GB\",\"@id\":\"https:\/\/www.locansol.fr\/#\/schema\/person\/image\/\",\"url\":\"https:\/\/secure.gravatar.com\/avatar\/444436b93284204f8116b6e0eb964cd3fcb811519c737232bde6dd5743c37ee5?s=96&d=mm&r=g\",\"contentUrl\":\"https:\/\/secure.gravatar.com\/avatar\/444436b93284204f8116b6e0eb964cd3fcb811519c737232bde6dd5743c37ee5?s=96&d=mm&r=g\",\"caption\":\"H\u00e9bergements Locansol\"},\"sameAs\":[\"https:\/\/www.locansol.fr\/\"],\"url\":\"https:\/\/www.locansol.fr\/en\/author\/locansol\/\"}]}<\/script>\n<!-- \/ Yoast SEO Premium plugin. -->","yoast_head_json":{"title":"Exposition exceptionnelle \u00e0 Perpignan : red\u00e9couvrez un chef-d'\u0153uvre","description":"Exposition exceptionnelle \u00e0 Perpignan : d\u00e9couvrez les volets du grand orgue, chefs-d'\u0153uvre monumentaux restaur\u00e9s. Plongez dans l'histoire et l'art sacr\u00e9 en Pyr\u00e9n\u00e9es-Orientales.","robots":{"index":"index","follow":"follow","max-snippet":"max-snippet:-1","max-image-preview":"max-image-preview:large","max-video-preview":"max-video-preview:-1"},"canonical":"https:\/\/www.locansol.fr\/en\/exposition-volets-orgue-perpignan-9\/","og_locale":"en_GB","og_type":"article","og_title":"\u00c9merveillement garanti : Perpignan r\u00e9v\u00e8le un tr\u00e9sor artistique cach\u00e9 \u2013 des volets monumentaux","og_description":"Plongez dans l'\u00e9clat des couleurs et l'histoire fascinante des volets du grand orgue de Perpignan. Une exp\u00e9rience immersive au c\u0153ur de l'art sacr\u00e9 vous attend.","og_url":"https:\/\/www.locansol.fr\/en\/exposition-volets-orgue-perpignan-9\/","og_site_name":"Locansol, louer un h\u00e9bergement dans les Pyr\u00e9n\u00e9es Orientales","article_published_time":"2026-04-25T06:09:31+00:00","article_modified_time":"2026-04-25T06:09:35+00:00","og_image":[{"url":"https:\/\/www.locansol.fr\/wp-content\/uploads\/2026\/04\/exposition-volets-orgue-perpignan-8.webp","type":"","width":"","height":""}],"author":"H\u00e9bergements Locansol","twitter_card":"summary_large_image","twitter_title":"D\u00e9couvrez un tr\u00e9sor artistique \u00e0 Perpignan : les volets du grand orgue","twitter_description":"Ne manquez pas l'exposition exceptionnelle \u00e0 Perpignan ! D\u00e9couvrez les volets du grand orgue, chefs-d'\u0153uvre monumentaux restaur\u00e9s. Une plong\u00e9e dans l'histoire et l'art sacr\u00e9.","twitter_image":"https:\/\/www.locansol.fr\/wp-content\/uploads\/2026\/04\/exposition-volets-orgue-perpignan-8.webp","twitter_misc":{"Written by":"H\u00e9bergements Locansol","Estimated reading time":"2 minutes"},"schema":{"@context":"https:\/\/schema.org","@graph":[{"@type":"Article","@id":"https:\/\/www.locansol.fr\/exposition-volets-orgue-perpignan-9\/#article","isPartOf":{"@id":"https:\/\/www.locansol.fr\/exposition-volets-orgue-perpignan-9\/"},"author":{"name":"H\u00e9bergements Locansol","@id":"https:\/\/www.locansol.fr\/#\/schema\/person\/0b08d440f1ac44674c6d498107de351d"},"headline":"Exposition exceptionnelle \u00e0 Perpignan (24 mars &#8211; 31 mai) : Rediscoverez un chef-d&rsquo;\u0153uvre monumental","datePublished":"2026-04-25T06:09:31+00:00","dateModified":"2026-04-25T06:09:35+00:00","mainEntityOfPage":{"@id":"https:\/\/www.locansol.fr\/exposition-volets-orgue-perpignan-9\/"},"wordCount":441,"publisher":{"@id":"https:\/\/www.locansol.fr\/#organization"},"image":{"@id":"https:\/\/www.locansol.fr\/exposition-volets-orgue-perpignan-9\/#primaryimage"},"thumbnailUrl":"https:\/\/www.locansol.fr\/wp-content\/uploads\/2026\/04\/exposition-volets-orgue-perpignan-8.webp","keywords":["\u00c9v\u00e8nement culturel","Pyr\u00e9n\u00e9es-Orientales"],"articleSection":["Carnaval"],"inLanguage":"en-GB"},{"@type":"WebPage","@id":"https:\/\/www.locansol.fr\/exposition-volets-orgue-perpignan-9\/","url":"https:\/\/www.locansol.fr\/exposition-volets-orgue-perpignan-9\/","name":"Exposition exceptionnelle \u00e0 Perpignan : red\u00e9couvrez un chef-d'\u0153uvre","isPartOf":{"@id":"https:\/\/www.locansol.fr\/#website"},"primaryImageOfPage":{"@id":"https:\/\/www.locansol.fr\/exposition-volets-orgue-perpignan-9\/#primaryimage"},"image":{"@id":"https:\/\/www.locansol.fr\/exposition-volets-orgue-perpignan-9\/#primaryimage"},"thumbnailUrl":"https:\/\/www.locansol.fr\/wp-content\/uploads\/2026\/04\/exposition-volets-orgue-perpignan-8.webp","datePublished":"2026-04-25T06:09:31+00:00","dateModified":"2026-04-25T06:09:35+00:00","description":"Exposition exceptionnelle \u00e0 Perpignan : d\u00e9couvrez les volets du grand orgue, chefs-d'\u0153uvre monumentaux restaur\u00e9s. Plongez dans l'histoire et l'art sacr\u00e9 en Pyr\u00e9n\u00e9es-Orientales.","breadcrumb":{"@id":"https:\/\/www.locansol.fr\/exposition-volets-orgue-perpignan-9\/#breadcrumb"},"inLanguage":"en-GB","potentialAction":[{"@type":"ReadAction","target":["https:\/\/www.locansol.fr\/exposition-volets-orgue-perpignan-9\/"]}]},{"@type":"ImageObject","inLanguage":"en-GB","@id":"https:\/\/www.locansol.fr\/exposition-volets-orgue-perpignan-9\/#primaryimage","url":"https:\/\/www.locansol.fr\/wp-content\/uploads\/2026\/04\/exposition-volets-orgue-perpignan-8.webp","contentUrl":"https:\/\/www.locansol.fr\/wp-content\/uploads\/2026\/04\/exposition-volets-orgue-perpignan-8.webp","width":1024,"height":605,"caption":"Exposition exceptionnelle \u00e0 Perpignan : red\u00e9couvrez un chef-d'\u0153uvre"},{"@type":"BreadcrumbList","@id":"https:\/\/www.locansol.fr\/exposition-volets-orgue-perpignan-9\/#breadcrumb","itemListElement":[{"@type":"ListItem","position":1,"name":"Accueil","item":"https:\/\/www.locansol.fr\/"},{"@type":"ListItem","position":2,"name":"Exposition exceptionnelle \u00e0 Perpignan (24 mars &#8211; 31 mai) : Rediscoverez un chef-d&rsquo;\u0153uvre monumental"}]},{"@type":"WebSite","@id":"https:\/\/www.locansol.fr\/#website","url":"https:\/\/www.locansol.fr\/","name":"Locansol, louer un h\u00e9bergement dans les Pyr\u00e9n\u00e9es-Orientales","description":"Location Mobil-home Mer M\u00e9diterran\u00e9e &amp; Chalet de Montagne dans les Pyr\u00e9n\u00e9es Orientales (Occitanie, 66). Weekend, s\u00e9jour &amp; vacances en famille et entre amis.","publisher":{"@id":"https:\/\/www.locansol.fr\/#organization"},"alternateName":"Louer un h\u00e9bergement dans les Pyr\u00e9n\u00e9es Orientales, chalet & mobil-home en Occitanie","potentialAction":[{"@type":"SearchAction","target":{"@type":"EntryPoint","urlTemplate":"https:\/\/www.locansol.fr\/?s={search_term_string}"},"query-input":{"@type":"PropertyValueSpecification","valueRequired":true,"valueName":"search_term_string"}}],"inLanguage":"en-GB"},{"@type":"Organization","@id":"https:\/\/www.locansol.fr\/#organization","name":"Location MobilHome & chalet dans les Pyr\u00e9n\u00e9es Orientales","alternateName":"Louer un h\u00e9bergement dans les Pyr\u00e9n\u00e9es Orientales en Occitanie","url":"https:\/\/www.locansol.fr\/","logo":{"@type":"ImageObject","inLanguage":"en-GB","@id":"https:\/\/www.locansol.fr\/#\/schema\/logo\/image\/","url":"https:\/\/www.locansol.fr\/wp-content\/uploads\/2024\/04\/AdobeStock_303324767-scaled.jpeg","contentUrl":"https:\/\/www.locansol.fr\/wp-content\/uploads\/2024\/04\/AdobeStock_303324767-scaled.jpeg","width":2560,"height":1707,"caption":"Location MobilHome & chalet dans les Pyr\u00e9n\u00e9es Orientales"},"image":{"@id":"https:\/\/www.locansol.fr\/#\/schema\/logo\/image\/"}},{"@type":"Person","@id":"https:\/\/www.locansol.fr\/#\/schema\/person\/0b08d440f1ac44674c6d498107de351d","name":"H\u00e9bergements Locansol","image":{"@type":"ImageObject","inLanguage":"en-GB","@id":"https:\/\/www.locansol.fr\/#\/schema\/person\/image\/","url":"https:\/\/secure.gravatar.com\/avatar\/444436b93284204f8116b6e0eb964cd3fcb811519c737232bde6dd5743c37ee5?s=96&d=mm&r=g","contentUrl":"https:\/\/secure.gravatar.com\/avatar\/444436b93284204f8116b6e0eb964cd3fcb811519c737232bde6dd5743c37ee5?s=96&d=mm&r=g","caption":"H\u00e9bergements Locansol"},"sameAs":["https:\/\/www.locansol.fr\/"],"url":"https:\/\/www.locansol.fr\/en\/author\/locansol\/"}]}},"_links":{"self":[{"href":"https:\/\/www.locansol.fr\/en\/wp-json\/wp\/v2\/posts\/6499","targetHints":{"allow":["GET"]}}],"collection":[{"href":"https:\/\/www.locansol.fr\/en\/wp-json\/wp\/v2\/posts"}],"about":[{"href":"https:\/\/www.locansol.fr\/en\/wp-json\/wp\/v2\/types\/post"}],"author":[{"embeddable":true,"href":"https:\/\/www.locansol.fr\/en\/wp-json\/wp\/v2\/users\/5"}],"replies":[{"embeddable":true,"href":"https:\/\/www.locansol.fr\/en\/wp-json\/wp\/v2\/comments?post=6499"}],"version-history":[{"count":1,"href":"https:\/\/www.locansol.fr\/en\/wp-json\/wp\/v2\/posts\/6499\/revisions"}],"predecessor-version":[{"id":6500,"href":"https:\/\/www.locansol.fr\/en\/wp-json\/wp\/v2\/posts\/6499\/revisions\/6500"}],"wp:featuredmedia":[{"embeddable":true,"href":"https:\/\/www.locansol.fr\/en\/wp-json\/wp\/v2\/media\/6498"}],"wp:attachment":[{"href":"https:\/\/www.locansol.fr\/en\/wp-json\/wp\/v2\/media?parent=6499"}],"wp:term":[{"taxonomy":"category","embeddable":true,"href":"https:\/\/www.locansol.fr\/en\/wp-json\/wp\/v2\/categories?post=6499"},{"taxonomy":"post_tag","embeddable":true,"href":"https:\/\/www.locansol.fr\/en\/wp-json\/wp\/v2\/tags?post=6499"}],"curies":[{"name":"wp","href":"https:\/\/api.w.org\/{rel}","templated":true}]}}