{"id":6508,"date":"2026-04-25T10:09:53","date_gmt":"2026-04-25T08:09:53","guid":{"rendered":"https:\/\/www.locansol.fr\/exposition-chef-d-oeuvre-monumental-perpignan-3\/"},"modified":"2026-04-25T10:09:58","modified_gmt":"2026-04-25T08:09:58","slug":"exposition-chef-d-oeuvre-monumental-perpignan-3","status":"publish","type":"post","link":"https:\/\/www.locansol.fr\/en\/exposition-chef-d-oeuvre-monumental-perpignan-3\/","title":{"rendered":"Exposition \u00e0 Perpignan (24 mars &#8211; 31 mai) : Red\u00e9couvrez un chef-d&rsquo;\u0153uvre monumental"},"content":{"rendered":"<p>Perpignan se transforme en un v\u00e9ritable lieu de d\u00e9couverte artistique cet hiver avec l\u2019exposition exceptionnelle intitul\u00e9e \u00ab La red\u00e9couverte d\u2019un chef-d\u2019\u0153uvre monumental \u00bb. Cet \u00e9v\u00e9nement, qui se tiendra du 24 mars au 31 mai, met en lumi\u00e8re les volets du grand orgue de la cath\u00e9drale Saint-Jean-Baptiste. Une opportunit\u00e9 rare de plonger dans l\u2019histoire fascinante d\u2019une \u0153uvre magistrale qui allie spiritualit\u00e9, technique et esth\u00e9tique.<\/p>\n<p>Ce projet ambitieux, lanc\u00e9 en 2022 sous la houlette de la Direction r\u00e9gionale des affaires culturelles d\u2019Occitanie, s\u2019inscrit dans une dynamique de pr\u00e9servation et de mise en valeur du patrimoine culturel. Les imposants volets expos\u00e9s, r\u00e9alis\u00e9s en 1504, forment l\u2019un des ensembles picturaux les plus impressionnants d\u2019Europe pour ce type d\u2019art monumental. Mesurant chacun 12,6 m\u00e8tres de haut sur 4,3 m\u00e8tres de large, ces immenses panneaux peints \u00e0 la d\u00e9trempe sur toile \u00e9taient con\u00e7us pour s\u2019int\u00e9grer au buffet d\u2019orgue gothique, un chef-d\u2019\u0153uvre architectural datant de 1899. Avec leur riche polychromie d\u2019un c\u00f4t\u00e9 et une grisaille d\u00e9licatement travaill\u00e9e de l\u2019autre, ces volets \u00e9taient \u00e0 l\u2019origine manipul\u00e9s selon les cycles liturgiques, offrant un spectacle visuel unique.<\/p>\n<p>Pour ceux qui appr\u00e9cient le mariage de l\u2019art et de l\u2019histoire, cette exposition est une p\u00e9pite. Elle d\u00e9voile le r\u00e9cit captivant de ces volets, de leur conception \u00e0 leur restauration actuelle. Durant le XIXe si\u00e8cle, ces \u0153uvres avaient \u00e9t\u00e9 d\u00e9mont\u00e9es et rel\u00e9gu\u00e9es au-dessus de la porte de Bethl\u00e9em dans la cath\u00e9drale, les \u00e9cartant de leur usage et de leur fonction originelle. Aujourd\u2019hui, cette exposition marque un tournant, rendant enfin justice \u00e0 leur grandeur et permettant aux visiteurs d\u2019en d\u00e9couvrir tous les d\u00e9tails dans des conditions optimales.<\/p>\n<p>Une autre particularit\u00e9 de l\u2019exposition est sa dimension p\u00e9dagogique. \u00c0 travers des explications sur les techniques de restauration utilis\u00e9es, les visiteurs auront un aper\u00e7u de la minutie et du savoir-faire n\u00e9cessaire \u00e0 la sauvegarde de ces tr\u00e9sors historiques. Entre t\u00e9moignages du pass\u00e9 et savoir-faire artisanal, chacun pourra prendre la mesure de l\u2019importance de la conservation de ce patrimoine unique.<\/p>\n<p>L\u2019exposition se tient au 21 Rue Mailly, au c\u0153ur de Perpignan. Accessible pour un tarif tr\u00e8s raisonnable de 8 euros, elle offre une excellente occasion de d\u00e9couvrir, ou red\u00e9couvrir, une partie pr\u00e9cieuse de l\u2019histoire de la r\u00e9gion. Au-del\u00e0 du simple plaisir des yeux, cette visite est une v\u00e9ritable plong\u00e9e dans le pass\u00e9 religieux, artistique et culturel d\u2019une \u00e9poque.<\/p>\n<p>Que vous soyez amateur d\u2019histoire de l\u2019art, curieux d\u2019en apprendre davantage sur les tr\u00e9sors locaux ou simplement en qu\u00eate d\u2019une activit\u00e9 enrichissante \u00e0 partager, cette exposition est une invitation \u00e0 admirer le g\u00e9nie des artistes du pass\u00e9 tout en t\u00e9moignant du travail indispensable pour pr\u00e9server ces h\u00e9ritages pour les g\u00e9n\u00e9rations futures.<\/p>\n<h3>Practical information<\/h3>\n<p>\ud83d\udcc5 QUAND ? Du 24 mars au 31 mai<br \/>\ud83d\udccd O\u00d9 ? 21 Rue Mailly, Perpignan<br \/>\ud83d\udcb6 COMBIEN ? 8,00 \u20ac<\/p>","protected":false},"excerpt":{"rendered":"<p>Une magnifique exposition \u00e0 Perpignan met en lumi\u00e8re les volets restaur\u00e9s du grand orgue de la cath\u00e9drale. \u00c0 d\u00e9couvrir du 24 mars au 31 mai au 21 Rue Mailly.<\/p>","protected":false},"author":5,"featured_media":6507,"comment_status":"closed","ping_status":"open","sticky":false,"template":"","format":"standard","meta":{"_yoast_wpseo_focuskw":"Exposition chef-d'\u0153uvre monumental Perpignan","_yoast_wpseo_title":"Exposition \u00e0 Perpignan : red\u00e9couvrez un chef-d'\u0153uvre monumental","_yoast_wpseo_metadesc":"Exposition \u00e0 Perpignan : d\u00e9couvrez les volets du grand orgue de la cath\u00e9drale Saint-Jean-Baptiste. Une plong\u00e9e dans l'histoire et l'art dans les Pyr\u00e9n\u00e9es-Orientales.","_yoast_wpseo_canonical":"","_yoast_wpseo_opengraph-title":"Plongez dans l'histoire : Perpignan expose un chef-d'\u0153uvre monumental","_yoast_wpseo_opengraph-description":"D\u00e9couvrez les impressionnants volets du grand orgue de la cath\u00e9drale de Perpignan. Une plong\u00e9e unique dans l'art et l'histoire vous attend.","_yoast_wpseo_opengraph-image":"https:\/\/www.locansol.fr\/wp-content\/uploads\/2026\/04\/exposition-chef-d-oeuvre-monumental-perpignan-2.webp","_yoast_wpseo_opengraph-image-id":"","_yoast_wpseo_twitter-title":"Exposition \u00e0 Perpignan : un chef-d'\u0153uvre monumental \u00e0 ne pas manquer","_yoast_wpseo_twitter-description":"D\u00e9couvrez l'exposition \u00e0 Perpignan : une plong\u00e9e dans l'histoire et l'art avec les volets du grand orgue de la cath\u00e9drale.","_yoast_wpseo_twitter-image":"https:\/\/www.locansol.fr\/wp-content\/uploads\/2026\/04\/exposition-chef-d-oeuvre-monumental-perpignan-2.webp","_yoast_wpseo_twitter-image-id":"","yoast_primary_category":"Exposition","footnotes":""},"categories":[35],"tags":[66,76],"class_list":["post-6508","post","type-post","status-publish","format-standard","has-post-thumbnail","hentry","category-carnaval","tag-evenement-culturel","tag-pyrenees-orientales"],"yoast_head":"<!-- This site is optimized with the Yoast SEO Premium plugin v23.3 (Yoast SEO v26.9) - https:\/\/yoast.com\/product\/yoast-seo-premium-wordpress\/ -->\n<title>Exposition \u00e0 Perpignan : red\u00e9couvrez un chef-d&#039;\u0153uvre monumental<\/title>\n<meta name=\"description\" content=\"Exposition \u00e0 Perpignan : d\u00e9couvrez les volets du grand orgue de la cath\u00e9drale Saint-Jean-Baptiste. Une plong\u00e9e dans l&#039;histoire et l&#039;art dans les Pyr\u00e9n\u00e9es-Orientales.\" \/>\n<meta name=\"robots\" content=\"index, follow, max-snippet:-1, max-image-preview:large, max-video-preview:-1\" \/>\n<link rel=\"canonical\" href=\"https:\/\/www.locansol.fr\/en\/exposition-chef-d-oeuvre-monumental-perpignan-3\/\" \/>\n<meta property=\"og:locale\" content=\"en_GB\" \/>\n<meta property=\"og:type\" content=\"article\" \/>\n<meta property=\"og:title\" content=\"Plongez dans l&#039;histoire : Perpignan expose un chef-d&#039;\u0153uvre monumental\" \/>\n<meta property=\"og:description\" content=\"D\u00e9couvrez les impressionnants volets du grand orgue de la cath\u00e9drale de Perpignan. Une plong\u00e9e unique dans l&#039;art et l&#039;histoire vous attend.\" \/>\n<meta property=\"og:url\" content=\"https:\/\/www.locansol.fr\/en\/exposition-chef-d-oeuvre-monumental-perpignan-3\/\" \/>\n<meta property=\"og:site_name\" content=\"Locansol, louer un h\u00e9bergement dans les Pyr\u00e9n\u00e9es Orientales\" \/>\n<meta property=\"article:published_time\" content=\"2026-04-25T08:09:53+00:00\" \/>\n<meta property=\"article:modified_time\" content=\"2026-04-25T08:09:58+00:00\" \/>\n<meta property=\"og:image\" content=\"https:\/\/www.locansol.fr\/wp-content\/uploads\/2026\/04\/exposition-chef-d-oeuvre-monumental-perpignan-2.webp\" \/>\n<meta name=\"author\" content=\"H\u00e9bergements Locansol\" \/>\n<meta name=\"twitter:card\" content=\"summary_large_image\" \/>\n<meta name=\"twitter:title\" content=\"Exposition \u00e0 Perpignan : un chef-d&#039;\u0153uvre monumental \u00e0 ne pas manquer\" \/>\n<meta name=\"twitter:description\" content=\"D\u00e9couvrez l&#039;exposition \u00e0 Perpignan : une plong\u00e9e dans l&#039;histoire et l&#039;art avec les volets du grand orgue de la cath\u00e9drale.\" \/>\n<meta name=\"twitter:image\" content=\"https:\/\/www.locansol.fr\/wp-content\/uploads\/2026\/04\/exposition-chef-d-oeuvre-monumental-perpignan-2.webp\" \/>\n<meta name=\"twitter:label1\" content=\"Written by\" \/>\n\t<meta name=\"twitter:data1\" content=\"H\u00e9bergements Locansol\" \/>\n\t<meta name=\"twitter:label2\" content=\"Estimated reading time\" \/>\n\t<meta name=\"twitter:data2\" content=\"3 minutes\" \/>\n<script type=\"application\/ld+json\" class=\"yoast-schema-graph\">{\"@context\":\"https:\/\/schema.org\",\"@graph\":[{\"@type\":\"Article\",\"@id\":\"https:\/\/www.locansol.fr\/exposition-chef-d-oeuvre-monumental-perpignan-3\/#article\",\"isPartOf\":{\"@id\":\"https:\/\/www.locansol.fr\/exposition-chef-d-oeuvre-monumental-perpignan-3\/\"},\"author\":{\"name\":\"H\u00e9bergements Locansol\",\"@id\":\"https:\/\/www.locansol.fr\/#\/schema\/person\/0b08d440f1ac44674c6d498107de351d\"},\"headline\":\"Exposition \u00e0 Perpignan (24 mars &#8211; 31 mai) : Red\u00e9couvrez un chef-d&rsquo;\u0153uvre monumental\",\"datePublished\":\"2026-04-25T08:09:53+00:00\",\"dateModified\":\"2026-04-25T08:09:58+00:00\",\"mainEntityOfPage\":{\"@id\":\"https:\/\/www.locansol.fr\/exposition-chef-d-oeuvre-monumental-perpignan-3\/\"},\"wordCount\":521,\"publisher\":{\"@id\":\"https:\/\/www.locansol.fr\/#organization\"},\"image\":{\"@id\":\"https:\/\/www.locansol.fr\/exposition-chef-d-oeuvre-monumental-perpignan-3\/#primaryimage\"},\"thumbnailUrl\":\"https:\/\/www.locansol.fr\/wp-content\/uploads\/2026\/04\/exposition-chef-d-oeuvre-monumental-perpignan-2.webp\",\"keywords\":[\"\u00c9v\u00e8nement culturel\",\"Pyr\u00e9n\u00e9es-Orientales\"],\"articleSection\":[\"Carnaval\"],\"inLanguage\":\"en-GB\"},{\"@type\":\"WebPage\",\"@id\":\"https:\/\/www.locansol.fr\/exposition-chef-d-oeuvre-monumental-perpignan-3\/\",\"url\":\"https:\/\/www.locansol.fr\/exposition-chef-d-oeuvre-monumental-perpignan-3\/\",\"name\":\"Exposition \u00e0 Perpignan : red\u00e9couvrez un chef-d'\u0153uvre monumental\",\"isPartOf\":{\"@id\":\"https:\/\/www.locansol.fr\/#website\"},\"primaryImageOfPage\":{\"@id\":\"https:\/\/www.locansol.fr\/exposition-chef-d-oeuvre-monumental-perpignan-3\/#primaryimage\"},\"image\":{\"@id\":\"https:\/\/www.locansol.fr\/exposition-chef-d-oeuvre-monumental-perpignan-3\/#primaryimage\"},\"thumbnailUrl\":\"https:\/\/www.locansol.fr\/wp-content\/uploads\/2026\/04\/exposition-chef-d-oeuvre-monumental-perpignan-2.webp\",\"datePublished\":\"2026-04-25T08:09:53+00:00\",\"dateModified\":\"2026-04-25T08:09:58+00:00\",\"description\":\"Exposition \u00e0 Perpignan : d\u00e9couvrez les volets du grand orgue de la cath\u00e9drale Saint-Jean-Baptiste. Une plong\u00e9e dans l'histoire et l'art dans les Pyr\u00e9n\u00e9es-Orientales.\",\"breadcrumb\":{\"@id\":\"https:\/\/www.locansol.fr\/exposition-chef-d-oeuvre-monumental-perpignan-3\/#breadcrumb\"},\"inLanguage\":\"en-GB\",\"potentialAction\":[{\"@type\":\"ReadAction\",\"target\":[\"https:\/\/www.locansol.fr\/exposition-chef-d-oeuvre-monumental-perpignan-3\/\"]}]},{\"@type\":\"ImageObject\",\"inLanguage\":\"en-GB\",\"@id\":\"https:\/\/www.locansol.fr\/exposition-chef-d-oeuvre-monumental-perpignan-3\/#primaryimage\",\"url\":\"https:\/\/www.locansol.fr\/wp-content\/uploads\/2026\/04\/exposition-chef-d-oeuvre-monumental-perpignan-2.webp\",\"contentUrl\":\"https:\/\/www.locansol.fr\/wp-content\/uploads\/2026\/04\/exposition-chef-d-oeuvre-monumental-perpignan-2.webp\",\"width\":1024,\"height\":605,\"caption\":\"Exposition \u00e0 Perpignan : red\u00e9couvrez un chef-d'\u0153uvre monumental\"},{\"@type\":\"BreadcrumbList\",\"@id\":\"https:\/\/www.locansol.fr\/exposition-chef-d-oeuvre-monumental-perpignan-3\/#breadcrumb\",\"itemListElement\":[{\"@type\":\"ListItem\",\"position\":1,\"name\":\"Accueil\",\"item\":\"https:\/\/www.locansol.fr\/\"},{\"@type\":\"ListItem\",\"position\":2,\"name\":\"Exposition \u00e0 Perpignan (24 mars &#8211; 31 mai) : Red\u00e9couvrez un chef-d&rsquo;\u0153uvre monumental\"}]},{\"@type\":\"WebSite\",\"@id\":\"https:\/\/www.locansol.fr\/#website\",\"url\":\"https:\/\/www.locansol.fr\/\",\"name\":\"Locansol, louer un h\u00e9bergement dans les Pyr\u00e9n\u00e9es-Orientales\",\"description\":\"Location Mobil-home Mer M\u00e9diterran\u00e9e &amp; Chalet de Montagne dans les Pyr\u00e9n\u00e9es Orientales (Occitanie, 66). Weekend, s\u00e9jour &amp; vacances en famille et entre amis.\",\"publisher\":{\"@id\":\"https:\/\/www.locansol.fr\/#organization\"},\"alternateName\":\"Louer un h\u00e9bergement dans les Pyr\u00e9n\u00e9es Orientales, chalet & mobil-home en Occitanie\",\"potentialAction\":[{\"@type\":\"SearchAction\",\"target\":{\"@type\":\"EntryPoint\",\"urlTemplate\":\"https:\/\/www.locansol.fr\/?s={search_term_string}\"},\"query-input\":{\"@type\":\"PropertyValueSpecification\",\"valueRequired\":true,\"valueName\":\"search_term_string\"}}],\"inLanguage\":\"en-GB\"},{\"@type\":\"Organization\",\"@id\":\"https:\/\/www.locansol.fr\/#organization\",\"name\":\"Location MobilHome & chalet dans les Pyr\u00e9n\u00e9es Orientales\",\"alternateName\":\"Louer un h\u00e9bergement dans les Pyr\u00e9n\u00e9es Orientales en Occitanie\",\"url\":\"https:\/\/www.locansol.fr\/\",\"logo\":{\"@type\":\"ImageObject\",\"inLanguage\":\"en-GB\",\"@id\":\"https:\/\/www.locansol.fr\/#\/schema\/logo\/image\/\",\"url\":\"https:\/\/www.locansol.fr\/wp-content\/uploads\/2024\/04\/AdobeStock_303324767-scaled.jpeg\",\"contentUrl\":\"https:\/\/www.locansol.fr\/wp-content\/uploads\/2024\/04\/AdobeStock_303324767-scaled.jpeg\",\"width\":2560,\"height\":1707,\"caption\":\"Location MobilHome & chalet dans les Pyr\u00e9n\u00e9es Orientales\"},\"image\":{\"@id\":\"https:\/\/www.locansol.fr\/#\/schema\/logo\/image\/\"}},{\"@type\":\"Person\",\"@id\":\"https:\/\/www.locansol.fr\/#\/schema\/person\/0b08d440f1ac44674c6d498107de351d\",\"name\":\"H\u00e9bergements Locansol\",\"image\":{\"@type\":\"ImageObject\",\"inLanguage\":\"en-GB\",\"@id\":\"https:\/\/www.locansol.fr\/#\/schema\/person\/image\/\",\"url\":\"https:\/\/secure.gravatar.com\/avatar\/444436b93284204f8116b6e0eb964cd3fcb811519c737232bde6dd5743c37ee5?s=96&d=mm&r=g\",\"contentUrl\":\"https:\/\/secure.gravatar.com\/avatar\/444436b93284204f8116b6e0eb964cd3fcb811519c737232bde6dd5743c37ee5?s=96&d=mm&r=g\",\"caption\":\"H\u00e9bergements Locansol\"},\"sameAs\":[\"https:\/\/www.locansol.fr\/\"],\"url\":\"https:\/\/www.locansol.fr\/en\/author\/locansol\/\"}]}<\/script>\n<!-- \/ Yoast SEO Premium plugin. -->","yoast_head_json":{"title":"Exposition \u00e0 Perpignan : red\u00e9couvrez un chef-d'\u0153uvre monumental","description":"Exposition \u00e0 Perpignan : d\u00e9couvrez les volets du grand orgue de la cath\u00e9drale Saint-Jean-Baptiste. Une plong\u00e9e dans l'histoire et l'art dans les Pyr\u00e9n\u00e9es-Orientales.","robots":{"index":"index","follow":"follow","max-snippet":"max-snippet:-1","max-image-preview":"max-image-preview:large","max-video-preview":"max-video-preview:-1"},"canonical":"https:\/\/www.locansol.fr\/en\/exposition-chef-d-oeuvre-monumental-perpignan-3\/","og_locale":"en_GB","og_type":"article","og_title":"Plongez dans l'histoire : Perpignan expose un chef-d'\u0153uvre monumental","og_description":"D\u00e9couvrez les impressionnants volets du grand orgue de la cath\u00e9drale de Perpignan. Une plong\u00e9e unique dans l'art et l'histoire vous attend.","og_url":"https:\/\/www.locansol.fr\/en\/exposition-chef-d-oeuvre-monumental-perpignan-3\/","og_site_name":"Locansol, louer un h\u00e9bergement dans les Pyr\u00e9n\u00e9es Orientales","article_published_time":"2026-04-25T08:09:53+00:00","article_modified_time":"2026-04-25T08:09:58+00:00","og_image":[{"url":"https:\/\/www.locansol.fr\/wp-content\/uploads\/2026\/04\/exposition-chef-d-oeuvre-monumental-perpignan-2.webp","type":"","width":"","height":""}],"author":"H\u00e9bergements Locansol","twitter_card":"summary_large_image","twitter_title":"Exposition \u00e0 Perpignan : un chef-d'\u0153uvre monumental \u00e0 ne pas manquer","twitter_description":"D\u00e9couvrez l'exposition \u00e0 Perpignan : une plong\u00e9e dans l'histoire et l'art avec les volets du grand orgue de la cath\u00e9drale.","twitter_image":"https:\/\/www.locansol.fr\/wp-content\/uploads\/2026\/04\/exposition-chef-d-oeuvre-monumental-perpignan-2.webp","twitter_misc":{"Written by":"H\u00e9bergements Locansol","Estimated reading time":"3 minutes"},"schema":{"@context":"https:\/\/schema.org","@graph":[{"@type":"Article","@id":"https:\/\/www.locansol.fr\/exposition-chef-d-oeuvre-monumental-perpignan-3\/#article","isPartOf":{"@id":"https:\/\/www.locansol.fr\/exposition-chef-d-oeuvre-monumental-perpignan-3\/"},"author":{"name":"H\u00e9bergements Locansol","@id":"https:\/\/www.locansol.fr\/#\/schema\/person\/0b08d440f1ac44674c6d498107de351d"},"headline":"Exposition \u00e0 Perpignan (24 mars &#8211; 31 mai) : Red\u00e9couvrez un chef-d&rsquo;\u0153uvre monumental","datePublished":"2026-04-25T08:09:53+00:00","dateModified":"2026-04-25T08:09:58+00:00","mainEntityOfPage":{"@id":"https:\/\/www.locansol.fr\/exposition-chef-d-oeuvre-monumental-perpignan-3\/"},"wordCount":521,"publisher":{"@id":"https:\/\/www.locansol.fr\/#organization"},"image":{"@id":"https:\/\/www.locansol.fr\/exposition-chef-d-oeuvre-monumental-perpignan-3\/#primaryimage"},"thumbnailUrl":"https:\/\/www.locansol.fr\/wp-content\/uploads\/2026\/04\/exposition-chef-d-oeuvre-monumental-perpignan-2.webp","keywords":["\u00c9v\u00e8nement culturel","Pyr\u00e9n\u00e9es-Orientales"],"articleSection":["Carnaval"],"inLanguage":"en-GB"},{"@type":"WebPage","@id":"https:\/\/www.locansol.fr\/exposition-chef-d-oeuvre-monumental-perpignan-3\/","url":"https:\/\/www.locansol.fr\/exposition-chef-d-oeuvre-monumental-perpignan-3\/","name":"Exposition \u00e0 Perpignan : red\u00e9couvrez un chef-d'\u0153uvre monumental","isPartOf":{"@id":"https:\/\/www.locansol.fr\/#website"},"primaryImageOfPage":{"@id":"https:\/\/www.locansol.fr\/exposition-chef-d-oeuvre-monumental-perpignan-3\/#primaryimage"},"image":{"@id":"https:\/\/www.locansol.fr\/exposition-chef-d-oeuvre-monumental-perpignan-3\/#primaryimage"},"thumbnailUrl":"https:\/\/www.locansol.fr\/wp-content\/uploads\/2026\/04\/exposition-chef-d-oeuvre-monumental-perpignan-2.webp","datePublished":"2026-04-25T08:09:53+00:00","dateModified":"2026-04-25T08:09:58+00:00","description":"Exposition \u00e0 Perpignan : d\u00e9couvrez les volets du grand orgue de la cath\u00e9drale Saint-Jean-Baptiste. Une plong\u00e9e dans l'histoire et l'art dans les Pyr\u00e9n\u00e9es-Orientales.","breadcrumb":{"@id":"https:\/\/www.locansol.fr\/exposition-chef-d-oeuvre-monumental-perpignan-3\/#breadcrumb"},"inLanguage":"en-GB","potentialAction":[{"@type":"ReadAction","target":["https:\/\/www.locansol.fr\/exposition-chef-d-oeuvre-monumental-perpignan-3\/"]}]},{"@type":"ImageObject","inLanguage":"en-GB","@id":"https:\/\/www.locansol.fr\/exposition-chef-d-oeuvre-monumental-perpignan-3\/#primaryimage","url":"https:\/\/www.locansol.fr\/wp-content\/uploads\/2026\/04\/exposition-chef-d-oeuvre-monumental-perpignan-2.webp","contentUrl":"https:\/\/www.locansol.fr\/wp-content\/uploads\/2026\/04\/exposition-chef-d-oeuvre-monumental-perpignan-2.webp","width":1024,"height":605,"caption":"Exposition \u00e0 Perpignan : red\u00e9couvrez un chef-d'\u0153uvre monumental"},{"@type":"BreadcrumbList","@id":"https:\/\/www.locansol.fr\/exposition-chef-d-oeuvre-monumental-perpignan-3\/#breadcrumb","itemListElement":[{"@type":"ListItem","position":1,"name":"Accueil","item":"https:\/\/www.locansol.fr\/"},{"@type":"ListItem","position":2,"name":"Exposition \u00e0 Perpignan (24 mars &#8211; 31 mai) : Red\u00e9couvrez un chef-d&rsquo;\u0153uvre monumental"}]},{"@type":"WebSite","@id":"https:\/\/www.locansol.fr\/#website","url":"https:\/\/www.locansol.fr\/","name":"Locansol, louer un h\u00e9bergement dans les Pyr\u00e9n\u00e9es-Orientales","description":"Location Mobil-home Mer M\u00e9diterran\u00e9e &amp; Chalet de Montagne dans les Pyr\u00e9n\u00e9es Orientales (Occitanie, 66). Weekend, s\u00e9jour &amp; vacances en famille et entre amis.","publisher":{"@id":"https:\/\/www.locansol.fr\/#organization"},"alternateName":"Louer un h\u00e9bergement dans les Pyr\u00e9n\u00e9es Orientales, chalet & mobil-home en Occitanie","potentialAction":[{"@type":"SearchAction","target":{"@type":"EntryPoint","urlTemplate":"https:\/\/www.locansol.fr\/?s={search_term_string}"},"query-input":{"@type":"PropertyValueSpecification","valueRequired":true,"valueName":"search_term_string"}}],"inLanguage":"en-GB"},{"@type":"Organization","@id":"https:\/\/www.locansol.fr\/#organization","name":"Location MobilHome & chalet dans les Pyr\u00e9n\u00e9es Orientales","alternateName":"Louer un h\u00e9bergement dans les Pyr\u00e9n\u00e9es Orientales en Occitanie","url":"https:\/\/www.locansol.fr\/","logo":{"@type":"ImageObject","inLanguage":"en-GB","@id":"https:\/\/www.locansol.fr\/#\/schema\/logo\/image\/","url":"https:\/\/www.locansol.fr\/wp-content\/uploads\/2024\/04\/AdobeStock_303324767-scaled.jpeg","contentUrl":"https:\/\/www.locansol.fr\/wp-content\/uploads\/2024\/04\/AdobeStock_303324767-scaled.jpeg","width":2560,"height":1707,"caption":"Location MobilHome & chalet dans les Pyr\u00e9n\u00e9es Orientales"},"image":{"@id":"https:\/\/www.locansol.fr\/#\/schema\/logo\/image\/"}},{"@type":"Person","@id":"https:\/\/www.locansol.fr\/#\/schema\/person\/0b08d440f1ac44674c6d498107de351d","name":"H\u00e9bergements Locansol","image":{"@type":"ImageObject","inLanguage":"en-GB","@id":"https:\/\/www.locansol.fr\/#\/schema\/person\/image\/","url":"https:\/\/secure.gravatar.com\/avatar\/444436b93284204f8116b6e0eb964cd3fcb811519c737232bde6dd5743c37ee5?s=96&d=mm&r=g","contentUrl":"https:\/\/secure.gravatar.com\/avatar\/444436b93284204f8116b6e0eb964cd3fcb811519c737232bde6dd5743c37ee5?s=96&d=mm&r=g","caption":"H\u00e9bergements Locansol"},"sameAs":["https:\/\/www.locansol.fr\/"],"url":"https:\/\/www.locansol.fr\/en\/author\/locansol\/"}]}},"_links":{"self":[{"href":"https:\/\/www.locansol.fr\/en\/wp-json\/wp\/v2\/posts\/6508","targetHints":{"allow":["GET"]}}],"collection":[{"href":"https:\/\/www.locansol.fr\/en\/wp-json\/wp\/v2\/posts"}],"about":[{"href":"https:\/\/www.locansol.fr\/en\/wp-json\/wp\/v2\/types\/post"}],"author":[{"embeddable":true,"href":"https:\/\/www.locansol.fr\/en\/wp-json\/wp\/v2\/users\/5"}],"replies":[{"embeddable":true,"href":"https:\/\/www.locansol.fr\/en\/wp-json\/wp\/v2\/comments?post=6508"}],"version-history":[{"count":1,"href":"https:\/\/www.locansol.fr\/en\/wp-json\/wp\/v2\/posts\/6508\/revisions"}],"predecessor-version":[{"id":6509,"href":"https:\/\/www.locansol.fr\/en\/wp-json\/wp\/v2\/posts\/6508\/revisions\/6509"}],"wp:featuredmedia":[{"embeddable":true,"href":"https:\/\/www.locansol.fr\/en\/wp-json\/wp\/v2\/media\/6507"}],"wp:attachment":[{"href":"https:\/\/www.locansol.fr\/en\/wp-json\/wp\/v2\/media?parent=6508"}],"wp:term":[{"taxonomy":"category","embeddable":true,"href":"https:\/\/www.locansol.fr\/en\/wp-json\/wp\/v2\/categories?post=6508"},{"taxonomy":"post_tag","embeddable":true,"href":"https:\/\/www.locansol.fr\/en\/wp-json\/wp\/v2\/tags?post=6508"}],"curies":[{"name":"wp","href":"https:\/\/api.w.org\/{rel}","templated":true}]}}