{"id":6513,"date":"2026-04-25T10:14:22","date_gmt":"2026-04-25T08:14:22","guid":{"rendered":"https:\/\/www.locansol.fr\/voyage-couleurs-saint-esteve-legros\/"},"modified":"2026-04-25T10:14:26","modified_gmt":"2026-04-25T08:14:26","slug":"voyage-couleurs-saint-esteve-legros","status":"publish","type":"post","link":"https:\/\/www.locansol.fr\/en\/voyage-couleurs-saint-esteve-legros\/","title":{"rendered":"Saint-Est\u00e8ve &#8211; Exposition du 21 avril au 3 mai 2023 &#8211; Voyage en couleurs de Bernard Legros"},"content":{"rendered":"<p>Du 21 avril au 3 mai 2023, le Mus\u00e9e du Mas Carbasse de Saint-Est\u00e8ve accueille une exposition haute en couleurs : \u00ab Voyage en couleurs \u00bb, une collection d\u2019\u0153uvres sign\u00e9es par l\u2019artiste peintre Bernard Legros. Si vous aimez l\u2019art, les paysages de la r\u00e9gion et les \u0153uvres expressives, ce rendez-vous est pour vous.<\/p>\n<p>Bernard Legros est un artiste autodidacte n\u00e9 \u00e0 Honfleur en 1955, une ville renomm\u00e9e pour son patrimoine artistique. Issu d\u2019une famille d\u2019artistes, il a naturellement trouv\u00e9 dans la peinture sa voie d\u2019expression. Depuis sa retraite, il se consacre enti\u00e8rement \u00e0 son art dans son atelier bas\u00e9 \u00e0 Perpignan. L\u2019univers de Bernard Legros combine abstrait, figuratif et semi-figuratif, avec une touche de cubisme, et ses \u0153uvres refl\u00e8tent une audace certaine dans l\u2019exploration des formes et des couleurs. Ses derni\u00e8res cr\u00e9ations, pr\u00e9sent\u00e9es lors de cette exposition, mettent en avant des sites embl\u00e9matiques des Pyr\u00e9n\u00e9es-Orientales, tout en invitant le visiteur \u00e0 voyager.<\/p>\n<p>L\u2019exposition \u00ab Voyage en couleurs \u00bb se veut \u00eatre une c\u00e9l\u00e9bration des paysages locaux et des sc\u00e8nes du quotidien. Vous aurez l\u2019occasion de d\u00e9couvrir des interpr\u00e9tations artistiques de monuments, de paysages embl\u00e9matiques, mais aussi de fleurs, fruits, trains et bateaux. Chaque toile est une explosion de couleurs et de vie, parfaitement en phase avec le dynamisme et la chaleur du territoire. Bernard Legros affectionne particuli\u00e8rement l\u2019acrylique et l\u2019huile, qu\u2019il manie avec ma\u00eetrise pour capturer l\u2019essence et l\u2019\u00e9motion de chaque sc\u00e8ne.<\/p>\n<p>Un des points forts de cet \u00e9v\u00e9nement est le vernissage pr\u00e9vu le 24 avril \u00e0 18h30. Ce sera l\u2019occasion id\u00e9ale pour \u00e9changer avec l\u2019artiste en personne, d\u00e9couvrir son inspiration et mieux comprendre son processus cr\u00e9atif. Imaginez-vous fl\u00e2ner dans un espace o\u00f9 les \u0153uvres respirent l\u2019\u00e2me de la r\u00e9gion, tout en dialoguant directement avec celui qui leur a donn\u00e9 vie.<\/p>\n<p>Le Mus\u00e9e du Mas Carbasse est un lieu accueillant et adapt\u00e9 aux visiteurs de tous \u00e2ges. Avec ses horaires flexibles (en semaine de 10h30 \u00e0 12h30 et de 13h30 \u00e0 18h30, le week-end de 14h \u00e0 18h), il invite \u00e0 faire une pause artistique lors d\u2019une apr\u00e8s-midi ou d\u2019une matin\u00e9e. Et bonne nouvelle : l\u2019entr\u00e9e \u00e0 l\u2019exposition est enti\u00e8rement gratuite, rendant cet \u00e9v\u00e9nement accessible \u00e0 tous.<\/p>\n<p>Alors n\u2019attendez plus pour bloquer votre agenda et organiser votre visite \u00e0 Saint-Est\u00e8ve ! Entre amis, en famille ou en solo, d\u00e9couvrez le monde saisissant de Bernard Legros et laissez-vous emporter dans ce voyage en couleurs. Une parenth\u00e8se artistique qui promet de ravir les amateurs d\u2019art comme les curieux en qu\u00eate d\u2019inspiration.<\/p>\n<h3>Practical information<\/h3>\n<p>\ud83d\udcc5 QUAND ? Du 21 avril au 3 mai 2023<br \/>\ud83d\udccd O\u00d9 ? Mus\u00e9e du Mas Carbasse, 10 rue Mas Carbasse, Saint-Est\u00e8ve<br \/>\ud83d\udcb6 COMBIEN ? Entr\u00e9e libre<\/p>","protected":false},"excerpt":{"rendered":"<p>D\u00e9couvrez l&rsquo;exposition \u00ab Voyage en couleurs \u00bb au Mus\u00e9e du Mas Carbasse \u00e0 Saint-Est\u00e8ve, du 21 avril au 3 mai 2023, pr\u00e9sentant les \u0153uvres vibrantes de Bernard Legros.<\/p>","protected":false},"author":5,"featured_media":6512,"comment_status":"closed","ping_status":"open","sticky":false,"template":"","format":"standard","meta":{"_yoast_wpseo_focuskw":"Voyage en couleurs Saint-Est\u00e8ve","_yoast_wpseo_title":"Voyage en couleurs de Bernard Legros Saint-Est\u00e8ve - Exposition","_yoast_wpseo_metadesc":"D\u00e9couvrez l'exposition Voyage en couleurs de Bernard Legros \u00e0 Saint-Est\u00e8ve. Explorez des paysages des Pyr\u00e9n\u00e9es-Orientales \u00e0 travers des \u0153uvres vibrantes et expressives. Entr\u00e9e gratuite, ouverts \u00e0 tous.","_yoast_wpseo_canonical":"","_yoast_wpseo_opengraph-title":"Immergez-vous dans un voyage en couleurs \u00e0 Saint-Est\u00e8ve \u2014 Expo Bernard Legros et ses paysages vibrants","_yoast_wpseo_opengraph-description":"Plongez dans l'univers color\u00e9 de Bernard Legros \u00e0 Saint-Est\u00e8ve. D\u00e9couvrez des toiles vibrantes inspir\u00e9es des Pyr\u00e9n\u00e9es-Orientales. Une exp\u00e9rience artistique inoubliable. Entr\u00e9e libre.","_yoast_wpseo_opengraph-image":"https:\/\/www.locansol.fr\/wp-content\/uploads\/2026\/04\/voyage-couleurs-saint-esteve-legros.webp","_yoast_wpseo_opengraph-image-id":"","_yoast_wpseo_twitter-title":"Exposition Voyage en couleurs \u00e0 Saint-Est\u00e8ve \u2014 Ne manquez pas Bernard Legros !","_yoast_wpseo_twitter-description":"D\u00e9couvrez les \u0153uvres vibrantes de Bernard Legros \u00e0 Saint-Est\u00e8ve. Une exposition gratuite qui c\u00e9l\u00e8bre les Pyr\u00e9n\u00e9es-Orientales. \u00c0 voir absolument !","_yoast_wpseo_twitter-image":"https:\/\/www.locansol.fr\/wp-content\/uploads\/2026\/04\/voyage-couleurs-saint-esteve-legros.webp","_yoast_wpseo_twitter-image-id":"","yoast_primary_category":"Exposition","footnotes":""},"categories":[35],"tags":[66,76],"class_list":["post-6513","post","type-post","status-publish","format-standard","has-post-thumbnail","hentry","category-carnaval","tag-evenement-culturel","tag-pyrenees-orientales"],"yoast_head":"<!-- This site is optimized with the Yoast SEO Premium plugin v23.3 (Yoast SEO v26.9) - https:\/\/yoast.com\/product\/yoast-seo-premium-wordpress\/ -->\n<title>Voyage en couleurs de Bernard Legros Saint-Est\u00e8ve - Exposition<\/title>\n<meta name=\"description\" content=\"D\u00e9couvrez l&#039;exposition Voyage en couleurs de Bernard Legros \u00e0 Saint-Est\u00e8ve. Explorez des paysages des Pyr\u00e9n\u00e9es-Orientales \u00e0 travers des \u0153uvres vibrantes et expressives. Entr\u00e9e gratuite, ouverts \u00e0 tous.\" \/>\n<meta name=\"robots\" content=\"index, follow, max-snippet:-1, max-image-preview:large, max-video-preview:-1\" \/>\n<link rel=\"canonical\" href=\"https:\/\/www.locansol.fr\/en\/voyage-couleurs-saint-esteve-legros\/\" \/>\n<meta property=\"og:locale\" content=\"en_GB\" \/>\n<meta property=\"og:type\" content=\"article\" \/>\n<meta property=\"og:title\" content=\"Immergez-vous dans un voyage en couleurs \u00e0 Saint-Est\u00e8ve \u2014 Expo Bernard Legros et ses paysages vibrants\" \/>\n<meta property=\"og:description\" content=\"Plongez dans l&#039;univers color\u00e9 de Bernard Legros \u00e0 Saint-Est\u00e8ve. D\u00e9couvrez des toiles vibrantes inspir\u00e9es des Pyr\u00e9n\u00e9es-Orientales. Une exp\u00e9rience artistique inoubliable. Entr\u00e9e libre.\" \/>\n<meta property=\"og:url\" content=\"https:\/\/www.locansol.fr\/en\/voyage-couleurs-saint-esteve-legros\/\" \/>\n<meta property=\"og:site_name\" content=\"Locansol, louer un h\u00e9bergement dans les Pyr\u00e9n\u00e9es Orientales\" \/>\n<meta property=\"article:published_time\" content=\"2026-04-25T08:14:22+00:00\" \/>\n<meta property=\"article:modified_time\" content=\"2026-04-25T08:14:26+00:00\" \/>\n<meta property=\"og:image\" content=\"https:\/\/www.locansol.fr\/wp-content\/uploads\/2026\/04\/voyage-couleurs-saint-esteve-legros.webp\" \/>\n<meta name=\"author\" content=\"H\u00e9bergements Locansol\" \/>\n<meta name=\"twitter:card\" content=\"summary_large_image\" \/>\n<meta name=\"twitter:title\" content=\"Exposition Voyage en couleurs \u00e0 Saint-Est\u00e8ve \u2014 Ne manquez pas Bernard Legros !\" \/>\n<meta name=\"twitter:description\" content=\"D\u00e9couvrez les \u0153uvres vibrantes de Bernard Legros \u00e0 Saint-Est\u00e8ve. Une exposition gratuite qui c\u00e9l\u00e8bre les Pyr\u00e9n\u00e9es-Orientales. \u00c0 voir absolument !\" \/>\n<meta name=\"twitter:image\" content=\"https:\/\/www.locansol.fr\/wp-content\/uploads\/2026\/04\/voyage-couleurs-saint-esteve-legros.webp\" \/>\n<meta name=\"twitter:label1\" content=\"Written by\" \/>\n\t<meta name=\"twitter:data1\" content=\"H\u00e9bergements Locansol\" \/>\n\t<meta name=\"twitter:label2\" content=\"Estimated reading time\" \/>\n\t<meta name=\"twitter:data2\" content=\"2 minutes\" \/>\n<script type=\"application\/ld+json\" class=\"yoast-schema-graph\">{\"@context\":\"https:\/\/schema.org\",\"@graph\":[{\"@type\":\"Article\",\"@id\":\"https:\/\/www.locansol.fr\/voyage-couleurs-saint-esteve-legros\/#article\",\"isPartOf\":{\"@id\":\"https:\/\/www.locansol.fr\/voyage-couleurs-saint-esteve-legros\/\"},\"author\":{\"name\":\"H\u00e9bergements Locansol\",\"@id\":\"https:\/\/www.locansol.fr\/#\/schema\/person\/0b08d440f1ac44674c6d498107de351d\"},\"headline\":\"Saint-Est\u00e8ve &#8211; Exposition du 21 avril au 3 mai 2023 &#8211; Voyage en couleurs de Bernard Legros\",\"datePublished\":\"2026-04-25T08:14:22+00:00\",\"dateModified\":\"2026-04-25T08:14:26+00:00\",\"mainEntityOfPage\":{\"@id\":\"https:\/\/www.locansol.fr\/voyage-couleurs-saint-esteve-legros\/\"},\"wordCount\":487,\"publisher\":{\"@id\":\"https:\/\/www.locansol.fr\/#organization\"},\"image\":{\"@id\":\"https:\/\/www.locansol.fr\/voyage-couleurs-saint-esteve-legros\/#primaryimage\"},\"thumbnailUrl\":\"https:\/\/www.locansol.fr\/wp-content\/uploads\/2026\/04\/voyage-couleurs-saint-esteve-legros.webp\",\"keywords\":[\"\u00c9v\u00e8nement culturel\",\"Pyr\u00e9n\u00e9es-Orientales\"],\"articleSection\":[\"Carnaval\"],\"inLanguage\":\"en-GB\"},{\"@type\":\"WebPage\",\"@id\":\"https:\/\/www.locansol.fr\/voyage-couleurs-saint-esteve-legros\/\",\"url\":\"https:\/\/www.locansol.fr\/voyage-couleurs-saint-esteve-legros\/\",\"name\":\"Voyage en couleurs de Bernard Legros Saint-Est\u00e8ve - Exposition\",\"isPartOf\":{\"@id\":\"https:\/\/www.locansol.fr\/#website\"},\"primaryImageOfPage\":{\"@id\":\"https:\/\/www.locansol.fr\/voyage-couleurs-saint-esteve-legros\/#primaryimage\"},\"image\":{\"@id\":\"https:\/\/www.locansol.fr\/voyage-couleurs-saint-esteve-legros\/#primaryimage\"},\"thumbnailUrl\":\"https:\/\/www.locansol.fr\/wp-content\/uploads\/2026\/04\/voyage-couleurs-saint-esteve-legros.webp\",\"datePublished\":\"2026-04-25T08:14:22+00:00\",\"dateModified\":\"2026-04-25T08:14:26+00:00\",\"description\":\"D\u00e9couvrez l'exposition Voyage en couleurs de Bernard Legros \u00e0 Saint-Est\u00e8ve. Explorez des paysages des Pyr\u00e9n\u00e9es-Orientales \u00e0 travers des \u0153uvres vibrantes et expressives. Entr\u00e9e gratuite, ouverts \u00e0 tous.\",\"breadcrumb\":{\"@id\":\"https:\/\/www.locansol.fr\/voyage-couleurs-saint-esteve-legros\/#breadcrumb\"},\"inLanguage\":\"en-GB\",\"potentialAction\":[{\"@type\":\"ReadAction\",\"target\":[\"https:\/\/www.locansol.fr\/voyage-couleurs-saint-esteve-legros\/\"]}]},{\"@type\":\"ImageObject\",\"inLanguage\":\"en-GB\",\"@id\":\"https:\/\/www.locansol.fr\/voyage-couleurs-saint-esteve-legros\/#primaryimage\",\"url\":\"https:\/\/www.locansol.fr\/wp-content\/uploads\/2026\/04\/voyage-couleurs-saint-esteve-legros.webp\",\"contentUrl\":\"https:\/\/www.locansol.fr\/wp-content\/uploads\/2026\/04\/voyage-couleurs-saint-esteve-legros.webp\",\"width\":1024,\"height\":852,\"caption\":\"Voyage en couleurs de Bernard Legros Saint-Est\u00e8ve - Exposition\"},{\"@type\":\"BreadcrumbList\",\"@id\":\"https:\/\/www.locansol.fr\/voyage-couleurs-saint-esteve-legros\/#breadcrumb\",\"itemListElement\":[{\"@type\":\"ListItem\",\"position\":1,\"name\":\"Accueil\",\"item\":\"https:\/\/www.locansol.fr\/\"},{\"@type\":\"ListItem\",\"position\":2,\"name\":\"Saint-Est\u00e8ve &#8211; Exposition du 21 avril au 3 mai 2023 &#8211; Voyage en couleurs de Bernard Legros\"}]},{\"@type\":\"WebSite\",\"@id\":\"https:\/\/www.locansol.fr\/#website\",\"url\":\"https:\/\/www.locansol.fr\/\",\"name\":\"Locansol, louer un h\u00e9bergement dans les Pyr\u00e9n\u00e9es-Orientales\",\"description\":\"Location Mobil-home Mer M\u00e9diterran\u00e9e &amp; Chalet de Montagne dans les Pyr\u00e9n\u00e9es Orientales (Occitanie, 66). Weekend, s\u00e9jour &amp; vacances en famille et entre amis.\",\"publisher\":{\"@id\":\"https:\/\/www.locansol.fr\/#organization\"},\"alternateName\":\"Louer un h\u00e9bergement dans les Pyr\u00e9n\u00e9es Orientales, chalet & mobil-home en Occitanie\",\"potentialAction\":[{\"@type\":\"SearchAction\",\"target\":{\"@type\":\"EntryPoint\",\"urlTemplate\":\"https:\/\/www.locansol.fr\/?s={search_term_string}\"},\"query-input\":{\"@type\":\"PropertyValueSpecification\",\"valueRequired\":true,\"valueName\":\"search_term_string\"}}],\"inLanguage\":\"en-GB\"},{\"@type\":\"Organization\",\"@id\":\"https:\/\/www.locansol.fr\/#organization\",\"name\":\"Location MobilHome & chalet dans les Pyr\u00e9n\u00e9es Orientales\",\"alternateName\":\"Louer un h\u00e9bergement dans les Pyr\u00e9n\u00e9es Orientales en Occitanie\",\"url\":\"https:\/\/www.locansol.fr\/\",\"logo\":{\"@type\":\"ImageObject\",\"inLanguage\":\"en-GB\",\"@id\":\"https:\/\/www.locansol.fr\/#\/schema\/logo\/image\/\",\"url\":\"https:\/\/www.locansol.fr\/wp-content\/uploads\/2024\/04\/AdobeStock_303324767-scaled.jpeg\",\"contentUrl\":\"https:\/\/www.locansol.fr\/wp-content\/uploads\/2024\/04\/AdobeStock_303324767-scaled.jpeg\",\"width\":2560,\"height\":1707,\"caption\":\"Location MobilHome & chalet dans les Pyr\u00e9n\u00e9es Orientales\"},\"image\":{\"@id\":\"https:\/\/www.locansol.fr\/#\/schema\/logo\/image\/\"}},{\"@type\":\"Person\",\"@id\":\"https:\/\/www.locansol.fr\/#\/schema\/person\/0b08d440f1ac44674c6d498107de351d\",\"name\":\"H\u00e9bergements Locansol\",\"image\":{\"@type\":\"ImageObject\",\"inLanguage\":\"en-GB\",\"@id\":\"https:\/\/www.locansol.fr\/#\/schema\/person\/image\/\",\"url\":\"https:\/\/secure.gravatar.com\/avatar\/444436b93284204f8116b6e0eb964cd3fcb811519c737232bde6dd5743c37ee5?s=96&d=mm&r=g\",\"contentUrl\":\"https:\/\/secure.gravatar.com\/avatar\/444436b93284204f8116b6e0eb964cd3fcb811519c737232bde6dd5743c37ee5?s=96&d=mm&r=g\",\"caption\":\"H\u00e9bergements Locansol\"},\"sameAs\":[\"https:\/\/www.locansol.fr\/\"],\"url\":\"https:\/\/www.locansol.fr\/en\/author\/locansol\/\"}]}<\/script>\n<!-- \/ Yoast SEO Premium plugin. -->","yoast_head_json":{"title":"Voyage en couleurs de Bernard Legros Saint-Est\u00e8ve - Exposition","description":"D\u00e9couvrez l'exposition Voyage en couleurs de Bernard Legros \u00e0 Saint-Est\u00e8ve. Explorez des paysages des Pyr\u00e9n\u00e9es-Orientales \u00e0 travers des \u0153uvres vibrantes et expressives. Entr\u00e9e gratuite, ouverts \u00e0 tous.","robots":{"index":"index","follow":"follow","max-snippet":"max-snippet:-1","max-image-preview":"max-image-preview:large","max-video-preview":"max-video-preview:-1"},"canonical":"https:\/\/www.locansol.fr\/en\/voyage-couleurs-saint-esteve-legros\/","og_locale":"en_GB","og_type":"article","og_title":"Immergez-vous dans un voyage en couleurs \u00e0 Saint-Est\u00e8ve \u2014 Expo Bernard Legros et ses paysages vibrants","og_description":"Plongez dans l'univers color\u00e9 de Bernard Legros \u00e0 Saint-Est\u00e8ve. D\u00e9couvrez des toiles vibrantes inspir\u00e9es des Pyr\u00e9n\u00e9es-Orientales. Une exp\u00e9rience artistique inoubliable. Entr\u00e9e libre.","og_url":"https:\/\/www.locansol.fr\/en\/voyage-couleurs-saint-esteve-legros\/","og_site_name":"Locansol, louer un h\u00e9bergement dans les Pyr\u00e9n\u00e9es Orientales","article_published_time":"2026-04-25T08:14:22+00:00","article_modified_time":"2026-04-25T08:14:26+00:00","og_image":[{"url":"https:\/\/www.locansol.fr\/wp-content\/uploads\/2026\/04\/voyage-couleurs-saint-esteve-legros.webp","type":"","width":"","height":""}],"author":"H\u00e9bergements Locansol","twitter_card":"summary_large_image","twitter_title":"Exposition Voyage en couleurs \u00e0 Saint-Est\u00e8ve \u2014 Ne manquez pas Bernard Legros !","twitter_description":"D\u00e9couvrez les \u0153uvres vibrantes de Bernard Legros \u00e0 Saint-Est\u00e8ve. Une exposition gratuite qui c\u00e9l\u00e8bre les Pyr\u00e9n\u00e9es-Orientales. \u00c0 voir absolument !","twitter_image":"https:\/\/www.locansol.fr\/wp-content\/uploads\/2026\/04\/voyage-couleurs-saint-esteve-legros.webp","twitter_misc":{"Written by":"H\u00e9bergements Locansol","Estimated reading time":"2 minutes"},"schema":{"@context":"https:\/\/schema.org","@graph":[{"@type":"Article","@id":"https:\/\/www.locansol.fr\/voyage-couleurs-saint-esteve-legros\/#article","isPartOf":{"@id":"https:\/\/www.locansol.fr\/voyage-couleurs-saint-esteve-legros\/"},"author":{"name":"H\u00e9bergements Locansol","@id":"https:\/\/www.locansol.fr\/#\/schema\/person\/0b08d440f1ac44674c6d498107de351d"},"headline":"Saint-Est\u00e8ve &#8211; Exposition du 21 avril au 3 mai 2023 &#8211; Voyage en couleurs de Bernard Legros","datePublished":"2026-04-25T08:14:22+00:00","dateModified":"2026-04-25T08:14:26+00:00","mainEntityOfPage":{"@id":"https:\/\/www.locansol.fr\/voyage-couleurs-saint-esteve-legros\/"},"wordCount":487,"publisher":{"@id":"https:\/\/www.locansol.fr\/#organization"},"image":{"@id":"https:\/\/www.locansol.fr\/voyage-couleurs-saint-esteve-legros\/#primaryimage"},"thumbnailUrl":"https:\/\/www.locansol.fr\/wp-content\/uploads\/2026\/04\/voyage-couleurs-saint-esteve-legros.webp","keywords":["\u00c9v\u00e8nement culturel","Pyr\u00e9n\u00e9es-Orientales"],"articleSection":["Carnaval"],"inLanguage":"en-GB"},{"@type":"WebPage","@id":"https:\/\/www.locansol.fr\/voyage-couleurs-saint-esteve-legros\/","url":"https:\/\/www.locansol.fr\/voyage-couleurs-saint-esteve-legros\/","name":"Voyage en couleurs de Bernard Legros Saint-Est\u00e8ve - Exposition","isPartOf":{"@id":"https:\/\/www.locansol.fr\/#website"},"primaryImageOfPage":{"@id":"https:\/\/www.locansol.fr\/voyage-couleurs-saint-esteve-legros\/#primaryimage"},"image":{"@id":"https:\/\/www.locansol.fr\/voyage-couleurs-saint-esteve-legros\/#primaryimage"},"thumbnailUrl":"https:\/\/www.locansol.fr\/wp-content\/uploads\/2026\/04\/voyage-couleurs-saint-esteve-legros.webp","datePublished":"2026-04-25T08:14:22+00:00","dateModified":"2026-04-25T08:14:26+00:00","description":"D\u00e9couvrez l'exposition Voyage en couleurs de Bernard Legros \u00e0 Saint-Est\u00e8ve. Explorez des paysages des Pyr\u00e9n\u00e9es-Orientales \u00e0 travers des \u0153uvres vibrantes et expressives. Entr\u00e9e gratuite, ouverts \u00e0 tous.","breadcrumb":{"@id":"https:\/\/www.locansol.fr\/voyage-couleurs-saint-esteve-legros\/#breadcrumb"},"inLanguage":"en-GB","potentialAction":[{"@type":"ReadAction","target":["https:\/\/www.locansol.fr\/voyage-couleurs-saint-esteve-legros\/"]}]},{"@type":"ImageObject","inLanguage":"en-GB","@id":"https:\/\/www.locansol.fr\/voyage-couleurs-saint-esteve-legros\/#primaryimage","url":"https:\/\/www.locansol.fr\/wp-content\/uploads\/2026\/04\/voyage-couleurs-saint-esteve-legros.webp","contentUrl":"https:\/\/www.locansol.fr\/wp-content\/uploads\/2026\/04\/voyage-couleurs-saint-esteve-legros.webp","width":1024,"height":852,"caption":"Voyage en couleurs de Bernard Legros Saint-Est\u00e8ve - Exposition"},{"@type":"BreadcrumbList","@id":"https:\/\/www.locansol.fr\/voyage-couleurs-saint-esteve-legros\/#breadcrumb","itemListElement":[{"@type":"ListItem","position":1,"name":"Accueil","item":"https:\/\/www.locansol.fr\/"},{"@type":"ListItem","position":2,"name":"Saint-Est\u00e8ve &#8211; Exposition du 21 avril au 3 mai 2023 &#8211; Voyage en couleurs de Bernard Legros"}]},{"@type":"WebSite","@id":"https:\/\/www.locansol.fr\/#website","url":"https:\/\/www.locansol.fr\/","name":"Locansol, louer un h\u00e9bergement dans les Pyr\u00e9n\u00e9es-Orientales","description":"Location Mobil-home Mer M\u00e9diterran\u00e9e &amp; Chalet de Montagne dans les Pyr\u00e9n\u00e9es Orientales (Occitanie, 66). Weekend, s\u00e9jour &amp; vacances en famille et entre amis.","publisher":{"@id":"https:\/\/www.locansol.fr\/#organization"},"alternateName":"Louer un h\u00e9bergement dans les Pyr\u00e9n\u00e9es Orientales, chalet & mobil-home en Occitanie","potentialAction":[{"@type":"SearchAction","target":{"@type":"EntryPoint","urlTemplate":"https:\/\/www.locansol.fr\/?s={search_term_string}"},"query-input":{"@type":"PropertyValueSpecification","valueRequired":true,"valueName":"search_term_string"}}],"inLanguage":"en-GB"},{"@type":"Organization","@id":"https:\/\/www.locansol.fr\/#organization","name":"Location MobilHome & chalet dans les Pyr\u00e9n\u00e9es Orientales","alternateName":"Louer un h\u00e9bergement dans les Pyr\u00e9n\u00e9es Orientales en Occitanie","url":"https:\/\/www.locansol.fr\/","logo":{"@type":"ImageObject","inLanguage":"en-GB","@id":"https:\/\/www.locansol.fr\/#\/schema\/logo\/image\/","url":"https:\/\/www.locansol.fr\/wp-content\/uploads\/2024\/04\/AdobeStock_303324767-scaled.jpeg","contentUrl":"https:\/\/www.locansol.fr\/wp-content\/uploads\/2024\/04\/AdobeStock_303324767-scaled.jpeg","width":2560,"height":1707,"caption":"Location MobilHome & chalet dans les Pyr\u00e9n\u00e9es Orientales"},"image":{"@id":"https:\/\/www.locansol.fr\/#\/schema\/logo\/image\/"}},{"@type":"Person","@id":"https:\/\/www.locansol.fr\/#\/schema\/person\/0b08d440f1ac44674c6d498107de351d","name":"H\u00e9bergements Locansol","image":{"@type":"ImageObject","inLanguage":"en-GB","@id":"https:\/\/www.locansol.fr\/#\/schema\/person\/image\/","url":"https:\/\/secure.gravatar.com\/avatar\/444436b93284204f8116b6e0eb964cd3fcb811519c737232bde6dd5743c37ee5?s=96&d=mm&r=g","contentUrl":"https:\/\/secure.gravatar.com\/avatar\/444436b93284204f8116b6e0eb964cd3fcb811519c737232bde6dd5743c37ee5?s=96&d=mm&r=g","caption":"H\u00e9bergements Locansol"},"sameAs":["https:\/\/www.locansol.fr\/"],"url":"https:\/\/www.locansol.fr\/en\/author\/locansol\/"}]}},"_links":{"self":[{"href":"https:\/\/www.locansol.fr\/en\/wp-json\/wp\/v2\/posts\/6513","targetHints":{"allow":["GET"]}}],"collection":[{"href":"https:\/\/www.locansol.fr\/en\/wp-json\/wp\/v2\/posts"}],"about":[{"href":"https:\/\/www.locansol.fr\/en\/wp-json\/wp\/v2\/types\/post"}],"author":[{"embeddable":true,"href":"https:\/\/www.locansol.fr\/en\/wp-json\/wp\/v2\/users\/5"}],"replies":[{"embeddable":true,"href":"https:\/\/www.locansol.fr\/en\/wp-json\/wp\/v2\/comments?post=6513"}],"version-history":[{"count":1,"href":"https:\/\/www.locansol.fr\/en\/wp-json\/wp\/v2\/posts\/6513\/revisions"}],"predecessor-version":[{"id":6514,"href":"https:\/\/www.locansol.fr\/en\/wp-json\/wp\/v2\/posts\/6513\/revisions\/6514"}],"wp:featuredmedia":[{"embeddable":true,"href":"https:\/\/www.locansol.fr\/en\/wp-json\/wp\/v2\/media\/6512"}],"wp:attachment":[{"href":"https:\/\/www.locansol.fr\/en\/wp-json\/wp\/v2\/media?parent=6513"}],"wp:term":[{"taxonomy":"category","embeddable":true,"href":"https:\/\/www.locansol.fr\/en\/wp-json\/wp\/v2\/categories?post=6513"},{"taxonomy":"post_tag","embeddable":true,"href":"https:\/\/www.locansol.fr\/en\/wp-json\/wp\/v2\/tags?post=6513"}],"curies":[{"name":"wp","href":"https:\/\/api.w.org\/{rel}","templated":true}]}}