{"id":6519,"date":"2026-04-25T10:16:37","date_gmt":"2026-04-25T08:16:37","guid":{"rendered":"https:\/\/www.locansol.fr\/exposition-extraits-reves-saint-cyprien\/"},"modified":"2026-04-25T10:16:41","modified_gmt":"2026-04-25T08:16:41","slug":"exposition-extraits-reves-saint-cyprien","status":"publish","type":"post","link":"https:\/\/www.locansol.fr\/en\/exposition-extraits-reves-saint-cyprien\/","title":{"rendered":"Exposition \u00ab Extraits de r\u00eaves \u00bb \u00e0 Saint-Cyprien (22-25 avril 2026) \u2013 Une immersion artistique gratuite"},"content":{"rendered":"<p>Du 22 au 25 avril 2026, l&rsquo;Arabesque Centre d&rsquo;Art Maison bleue, situ\u00e9 place de la R\u00e9publique \u00e0 Saint-Cyprien, ouvrira ses portes pour accueillir l&rsquo;exposition exceptionnelle \u00ab Extraits de r\u00eaves \u00bb de l&rsquo;artiste Martina Villard. Cet \u00e9v\u00e9nement gratuit promet une escapade artistique et contemplative au c\u0153ur de paysages color\u00e9s et po\u00e9tiques, entre m\u00e9moire, \u00e9motion et douceur picturale.<\/p>\n<p>Connue pour ses peintures \u00e0 l&rsquo;acuit\u00e9 presque photographique, Martina Villard propose une plong\u00e9e dans un univers onirique o\u00f9 la nature prend vie sous des pinceaux empreints de sensibilit\u00e9. L&rsquo;exposition \u00ab Extraits de r\u00eaves \u00bb vous invite \u00e0 d\u00e9couvrir des tableaux qui capturent la beaut\u00e9 et l&rsquo;essence des souvenirs et des \u00e9motions, offrant une exp\u00e9rience immersive hors du temps. L&rsquo;artiste sera \u00e9galement pr\u00e9sente pour inaugurer l&rsquo;exposition, rendant la rencontre encore plus riche et personnelle pour les amateurs d&rsquo;art.<\/p>\n<p>Le lieu lui-m\u00eame, l&rsquo;Arabesque Centre d&rsquo;Art Maison bleue, contribue \u00e0 l&rsquo;atmosph\u00e8re envo\u00fbtante de l&rsquo;\u00e9v\u00e9nement. Cet espace atypique et intimiste, nich\u00e9 au c\u0153ur de la ville de Saint-Cyprien, s&rsquo;accorde parfaitement avec le caract\u00e8re po\u00e9tique des \u0153uvres expos\u00e9es. Les visiteurs pourront profiter d&rsquo;horaires d&rsquo;ouverture adapt\u00e9s pour d\u00e9couvrir \u00e0 leur rythme ces paysages r\u00eav\u00e9s : de 10h \u00e0 12h le matin, puis de 17h \u00e0 19h l&rsquo;apr\u00e8s-midi.<\/p>\n<p>Si vous \u00eates \u00e0 la recherche d&rsquo;une activit\u00e9 culturelle gratuite et enrichissante au printemps, l&rsquo;exposition \u00ab Extraits de r\u00eaves \u00bb est une belle occasion de vous \u00e9vader dans un univers o\u00f9 l&rsquo;art se m\u00eale \u00e0 la contemplation. Accessible \u00e0 tous, elle s&rsquo;inscrit comme un rendez-vous incontournable pour les amateurs d&rsquo;art ou pour ceux souhaitant simplement vivre une exp\u00e9rience douce et po\u00e9tique.<\/p>\n<p>Pour plus d&rsquo;informations sur l&rsquo;\u00e9v\u00e9nement ou pour toute question, vous pouvez contacter le 06 47 92 61 32 ou envoyer un email \u00e0 arabesquestcyp@gmail.com. Ne manquez pas cette chance de d\u00e9couvrir et d&rsquo;appr\u00e9cier le talent de Martina Villard dans un cadre exceptionnel.<\/p>\n<h3>Practical information<\/h3>\n<p>\ud83d\udcc5 QUAND ? Du 22 au 25 avril 2026<br \/>\ud83d\udccd O\u00d9 ? Arabesque Centre d&rsquo;Art Maison bleue, Place de la R\u00e9publique, Saint-Cyprien<br \/>\ud83d\udcb6 COMBIEN ? Gratuit<\/p>","protected":false},"excerpt":{"rendered":"<p>D\u00e9couvrez l&rsquo;exposition gratuite \u00ab Extraits de r\u00eaves \u00bb de Martina Villard \u00e0 Saint-Cyprien, du 22 au 25 avril 2026, et plongez dans un univers artistique po\u00e9tique et immersif.<\/p>","protected":false},"author":5,"featured_media":6518,"comment_status":"closed","ping_status":"open","sticky":false,"template":"","format":"standard","meta":{"_yoast_wpseo_focuskw":"Exposition Extraits de r\u00eaves Saint-Cyprien","_yoast_wpseo_title":"Exposition Extraits de r\u00eaves Saint-Cyprien \u2013 Immersion artistique gratuite","_yoast_wpseo_metadesc":"Exposition Extraits de r\u00eaves Saint-Cyprien : D\u00e9couvrez une immersion artistique gratuite dans les Pyr\u00e9n\u00e9es-Orientales. Plongez dans un univers onirique et po\u00e9tique avec les \u0153uvres de Martina Villard.","_yoast_wpseo_canonical":"","_yoast_wpseo_opengraph-title":"Plongez dans un univers onirique : Exposition \u00e0 Saint-Cyprien","_yoast_wpseo_opengraph-description":"D\u00e9couvrez des paysages color\u00e9s et po\u00e9tiques lors de l'exposition \u00ab Extraits de r\u00eaves \u00bb \u00e0 Saint-Cyprien. Une exp\u00e9rience immersive et gratuite vous attend.","_yoast_wpseo_opengraph-image":"https:\/\/www.locansol.fr\/wp-content\/uploads\/2026\/04\/exposition-extraits-reves-saint-cyprien.webp","_yoast_wpseo_opengraph-image-id":"","_yoast_wpseo_twitter-title":"D\u00e9couvrez l'exposition \u00ab Extraits de r\u00eaves \u00bb \u00e0 Saint-Cyprien","_yoast_wpseo_twitter-description":"Plongez dans un univers onirique et po\u00e9tique avec les \u0153uvres de Martina Villard. Une exposition gratuite \u00e0 ne pas manquer \u00e0 Saint-Cyprien.","_yoast_wpseo_twitter-image":"https:\/\/www.locansol.fr\/wp-content\/uploads\/2026\/04\/exposition-extraits-reves-saint-cyprien.webp","_yoast_wpseo_twitter-image-id":"","yoast_primary_category":"Exposition","footnotes":""},"categories":[35],"tags":[66,76],"class_list":["post-6519","post","type-post","status-publish","format-standard","has-post-thumbnail","hentry","category-carnaval","tag-evenement-culturel","tag-pyrenees-orientales"],"yoast_head":"<!-- This site is optimized with the Yoast SEO Premium plugin v23.3 (Yoast SEO v26.9) - https:\/\/yoast.com\/product\/yoast-seo-premium-wordpress\/ -->\n<title>Exposition Extraits de r\u00eaves Saint-Cyprien \u2013 Immersion artistique gratuite<\/title>\n<meta name=\"description\" content=\"Exposition Extraits de r\u00eaves Saint-Cyprien : D\u00e9couvrez une immersion artistique gratuite dans les Pyr\u00e9n\u00e9es-Orientales. Plongez dans un univers onirique et po\u00e9tique avec les \u0153uvres de Martina Villard.\" \/>\n<meta name=\"robots\" content=\"index, follow, max-snippet:-1, max-image-preview:large, max-video-preview:-1\" \/>\n<link rel=\"canonical\" href=\"https:\/\/www.locansol.fr\/en\/exposition-extraits-reves-saint-cyprien\/\" \/>\n<meta property=\"og:locale\" content=\"en_GB\" \/>\n<meta property=\"og:type\" content=\"article\" \/>\n<meta property=\"og:title\" content=\"Plongez dans un univers onirique : Exposition \u00e0 Saint-Cyprien\" \/>\n<meta property=\"og:description\" content=\"D\u00e9couvrez des paysages color\u00e9s et po\u00e9tiques lors de l&#039;exposition \u00ab Extraits de r\u00eaves \u00bb \u00e0 Saint-Cyprien. Une exp\u00e9rience immersive et gratuite vous attend.\" \/>\n<meta property=\"og:url\" content=\"https:\/\/www.locansol.fr\/en\/exposition-extraits-reves-saint-cyprien\/\" \/>\n<meta property=\"og:site_name\" content=\"Locansol, louer un h\u00e9bergement dans les Pyr\u00e9n\u00e9es Orientales\" \/>\n<meta property=\"article:published_time\" content=\"2026-04-25T08:16:37+00:00\" \/>\n<meta property=\"article:modified_time\" content=\"2026-04-25T08:16:41+00:00\" \/>\n<meta property=\"og:image\" content=\"https:\/\/www.locansol.fr\/wp-content\/uploads\/2026\/04\/exposition-extraits-reves-saint-cyprien.webp\" \/>\n<meta name=\"author\" content=\"H\u00e9bergements Locansol\" \/>\n<meta name=\"twitter:card\" content=\"summary_large_image\" \/>\n<meta name=\"twitter:title\" content=\"D\u00e9couvrez l&#039;exposition \u00ab Extraits de r\u00eaves \u00bb \u00e0 Saint-Cyprien\" \/>\n<meta name=\"twitter:description\" content=\"Plongez dans un univers onirique et po\u00e9tique avec les \u0153uvres de Martina Villard. Une exposition gratuite \u00e0 ne pas manquer \u00e0 Saint-Cyprien.\" \/>\n<meta name=\"twitter:image\" content=\"https:\/\/www.locansol.fr\/wp-content\/uploads\/2026\/04\/exposition-extraits-reves-saint-cyprien.webp\" \/>\n<meta name=\"twitter:label1\" content=\"Written by\" \/>\n\t<meta name=\"twitter:data1\" content=\"H\u00e9bergements Locansol\" \/>\n\t<meta name=\"twitter:label2\" content=\"Estimated reading time\" \/>\n\t<meta name=\"twitter:data2\" content=\"2 minutes\" \/>\n<script type=\"application\/ld+json\" class=\"yoast-schema-graph\">{\"@context\":\"https:\/\/schema.org\",\"@graph\":[{\"@type\":\"Article\",\"@id\":\"https:\/\/www.locansol.fr\/exposition-extraits-reves-saint-cyprien\/#article\",\"isPartOf\":{\"@id\":\"https:\/\/www.locansol.fr\/exposition-extraits-reves-saint-cyprien\/\"},\"author\":{\"name\":\"H\u00e9bergements Locansol\",\"@id\":\"https:\/\/www.locansol.fr\/#\/schema\/person\/0b08d440f1ac44674c6d498107de351d\"},\"headline\":\"Exposition \u00ab Extraits de r\u00eaves \u00bb \u00e0 Saint-Cyprien (22-25 avril 2026) \u2013 Une immersion artistique gratuite\",\"datePublished\":\"2026-04-25T08:16:37+00:00\",\"dateModified\":\"2026-04-25T08:16:41+00:00\",\"mainEntityOfPage\":{\"@id\":\"https:\/\/www.locansol.fr\/exposition-extraits-reves-saint-cyprien\/\"},\"wordCount\":367,\"publisher\":{\"@id\":\"https:\/\/www.locansol.fr\/#organization\"},\"image\":{\"@id\":\"https:\/\/www.locansol.fr\/exposition-extraits-reves-saint-cyprien\/#primaryimage\"},\"thumbnailUrl\":\"https:\/\/www.locansol.fr\/wp-content\/uploads\/2026\/04\/exposition-extraits-reves-saint-cyprien.webp\",\"keywords\":[\"\u00c9v\u00e8nement culturel\",\"Pyr\u00e9n\u00e9es-Orientales\"],\"articleSection\":[\"Carnaval\"],\"inLanguage\":\"en-GB\"},{\"@type\":\"WebPage\",\"@id\":\"https:\/\/www.locansol.fr\/exposition-extraits-reves-saint-cyprien\/\",\"url\":\"https:\/\/www.locansol.fr\/exposition-extraits-reves-saint-cyprien\/\",\"name\":\"Exposition Extraits de r\u00eaves Saint-Cyprien \u2013 Immersion artistique gratuite\",\"isPartOf\":{\"@id\":\"https:\/\/www.locansol.fr\/#website\"},\"primaryImageOfPage\":{\"@id\":\"https:\/\/www.locansol.fr\/exposition-extraits-reves-saint-cyprien\/#primaryimage\"},\"image\":{\"@id\":\"https:\/\/www.locansol.fr\/exposition-extraits-reves-saint-cyprien\/#primaryimage\"},\"thumbnailUrl\":\"https:\/\/www.locansol.fr\/wp-content\/uploads\/2026\/04\/exposition-extraits-reves-saint-cyprien.webp\",\"datePublished\":\"2026-04-25T08:16:37+00:00\",\"dateModified\":\"2026-04-25T08:16:41+00:00\",\"description\":\"Exposition Extraits de r\u00eaves Saint-Cyprien : D\u00e9couvrez une immersion artistique gratuite dans les Pyr\u00e9n\u00e9es-Orientales. Plongez dans un univers onirique et po\u00e9tique avec les \u0153uvres de Martina Villard.\",\"breadcrumb\":{\"@id\":\"https:\/\/www.locansol.fr\/exposition-extraits-reves-saint-cyprien\/#breadcrumb\"},\"inLanguage\":\"en-GB\",\"potentialAction\":[{\"@type\":\"ReadAction\",\"target\":[\"https:\/\/www.locansol.fr\/exposition-extraits-reves-saint-cyprien\/\"]}]},{\"@type\":\"ImageObject\",\"inLanguage\":\"en-GB\",\"@id\":\"https:\/\/www.locansol.fr\/exposition-extraits-reves-saint-cyprien\/#primaryimage\",\"url\":\"https:\/\/www.locansol.fr\/wp-content\/uploads\/2026\/04\/exposition-extraits-reves-saint-cyprien.webp\",\"contentUrl\":\"https:\/\/www.locansol.fr\/wp-content\/uploads\/2026\/04\/exposition-extraits-reves-saint-cyprien.webp\",\"width\":1358,\"height\":1920,\"caption\":\"Exposition Extraits de r\u00eaves Saint-Cyprien \u2013 Immersion artistique gratuite\"},{\"@type\":\"BreadcrumbList\",\"@id\":\"https:\/\/www.locansol.fr\/exposition-extraits-reves-saint-cyprien\/#breadcrumb\",\"itemListElement\":[{\"@type\":\"ListItem\",\"position\":1,\"name\":\"Accueil\",\"item\":\"https:\/\/www.locansol.fr\/\"},{\"@type\":\"ListItem\",\"position\":2,\"name\":\"Exposition \u00ab Extraits de r\u00eaves \u00bb \u00e0 Saint-Cyprien (22-25 avril 2026) \u2013 Une immersion artistique gratuite\"}]},{\"@type\":\"WebSite\",\"@id\":\"https:\/\/www.locansol.fr\/#website\",\"url\":\"https:\/\/www.locansol.fr\/\",\"name\":\"Locansol, louer un h\u00e9bergement dans les Pyr\u00e9n\u00e9es-Orientales\",\"description\":\"Location Mobil-home Mer M\u00e9diterran\u00e9e &amp; Chalet de Montagne dans les Pyr\u00e9n\u00e9es Orientales (Occitanie, 66). Weekend, s\u00e9jour &amp; vacances en famille et entre amis.\",\"publisher\":{\"@id\":\"https:\/\/www.locansol.fr\/#organization\"},\"alternateName\":\"Louer un h\u00e9bergement dans les Pyr\u00e9n\u00e9es Orientales, chalet & mobil-home en Occitanie\",\"potentialAction\":[{\"@type\":\"SearchAction\",\"target\":{\"@type\":\"EntryPoint\",\"urlTemplate\":\"https:\/\/www.locansol.fr\/?s={search_term_string}\"},\"query-input\":{\"@type\":\"PropertyValueSpecification\",\"valueRequired\":true,\"valueName\":\"search_term_string\"}}],\"inLanguage\":\"en-GB\"},{\"@type\":\"Organization\",\"@id\":\"https:\/\/www.locansol.fr\/#organization\",\"name\":\"Location MobilHome & chalet dans les Pyr\u00e9n\u00e9es Orientales\",\"alternateName\":\"Louer un h\u00e9bergement dans les Pyr\u00e9n\u00e9es Orientales en Occitanie\",\"url\":\"https:\/\/www.locansol.fr\/\",\"logo\":{\"@type\":\"ImageObject\",\"inLanguage\":\"en-GB\",\"@id\":\"https:\/\/www.locansol.fr\/#\/schema\/logo\/image\/\",\"url\":\"https:\/\/www.locansol.fr\/wp-content\/uploads\/2024\/04\/AdobeStock_303324767-scaled.jpeg\",\"contentUrl\":\"https:\/\/www.locansol.fr\/wp-content\/uploads\/2024\/04\/AdobeStock_303324767-scaled.jpeg\",\"width\":2560,\"height\":1707,\"caption\":\"Location MobilHome & chalet dans les Pyr\u00e9n\u00e9es Orientales\"},\"image\":{\"@id\":\"https:\/\/www.locansol.fr\/#\/schema\/logo\/image\/\"}},{\"@type\":\"Person\",\"@id\":\"https:\/\/www.locansol.fr\/#\/schema\/person\/0b08d440f1ac44674c6d498107de351d\",\"name\":\"H\u00e9bergements Locansol\",\"image\":{\"@type\":\"ImageObject\",\"inLanguage\":\"en-GB\",\"@id\":\"https:\/\/www.locansol.fr\/#\/schema\/person\/image\/\",\"url\":\"https:\/\/secure.gravatar.com\/avatar\/444436b93284204f8116b6e0eb964cd3fcb811519c737232bde6dd5743c37ee5?s=96&d=mm&r=g\",\"contentUrl\":\"https:\/\/secure.gravatar.com\/avatar\/444436b93284204f8116b6e0eb964cd3fcb811519c737232bde6dd5743c37ee5?s=96&d=mm&r=g\",\"caption\":\"H\u00e9bergements Locansol\"},\"sameAs\":[\"https:\/\/www.locansol.fr\/\"],\"url\":\"https:\/\/www.locansol.fr\/en\/author\/locansol\/\"}]}<\/script>\n<!-- \/ Yoast SEO Premium plugin. -->","yoast_head_json":{"title":"Exposition Extraits de r\u00eaves Saint-Cyprien \u2013 Immersion artistique gratuite","description":"Exposition Extraits de r\u00eaves Saint-Cyprien : D\u00e9couvrez une immersion artistique gratuite dans les Pyr\u00e9n\u00e9es-Orientales. Plongez dans un univers onirique et po\u00e9tique avec les \u0153uvres de Martina Villard.","robots":{"index":"index","follow":"follow","max-snippet":"max-snippet:-1","max-image-preview":"max-image-preview:large","max-video-preview":"max-video-preview:-1"},"canonical":"https:\/\/www.locansol.fr\/en\/exposition-extraits-reves-saint-cyprien\/","og_locale":"en_GB","og_type":"article","og_title":"Plongez dans un univers onirique : Exposition \u00e0 Saint-Cyprien","og_description":"D\u00e9couvrez des paysages color\u00e9s et po\u00e9tiques lors de l'exposition \u00ab Extraits de r\u00eaves \u00bb \u00e0 Saint-Cyprien. Une exp\u00e9rience immersive et gratuite vous attend.","og_url":"https:\/\/www.locansol.fr\/en\/exposition-extraits-reves-saint-cyprien\/","og_site_name":"Locansol, louer un h\u00e9bergement dans les Pyr\u00e9n\u00e9es Orientales","article_published_time":"2026-04-25T08:16:37+00:00","article_modified_time":"2026-04-25T08:16:41+00:00","og_image":[{"url":"https:\/\/www.locansol.fr\/wp-content\/uploads\/2026\/04\/exposition-extraits-reves-saint-cyprien.webp","type":"","width":"","height":""}],"author":"H\u00e9bergements Locansol","twitter_card":"summary_large_image","twitter_title":"D\u00e9couvrez l'exposition \u00ab Extraits de r\u00eaves \u00bb \u00e0 Saint-Cyprien","twitter_description":"Plongez dans un univers onirique et po\u00e9tique avec les \u0153uvres de Martina Villard. Une exposition gratuite \u00e0 ne pas manquer \u00e0 Saint-Cyprien.","twitter_image":"https:\/\/www.locansol.fr\/wp-content\/uploads\/2026\/04\/exposition-extraits-reves-saint-cyprien.webp","twitter_misc":{"Written by":"H\u00e9bergements Locansol","Estimated reading time":"2 minutes"},"schema":{"@context":"https:\/\/schema.org","@graph":[{"@type":"Article","@id":"https:\/\/www.locansol.fr\/exposition-extraits-reves-saint-cyprien\/#article","isPartOf":{"@id":"https:\/\/www.locansol.fr\/exposition-extraits-reves-saint-cyprien\/"},"author":{"name":"H\u00e9bergements Locansol","@id":"https:\/\/www.locansol.fr\/#\/schema\/person\/0b08d440f1ac44674c6d498107de351d"},"headline":"Exposition \u00ab Extraits de r\u00eaves \u00bb \u00e0 Saint-Cyprien (22-25 avril 2026) \u2013 Une immersion artistique gratuite","datePublished":"2026-04-25T08:16:37+00:00","dateModified":"2026-04-25T08:16:41+00:00","mainEntityOfPage":{"@id":"https:\/\/www.locansol.fr\/exposition-extraits-reves-saint-cyprien\/"},"wordCount":367,"publisher":{"@id":"https:\/\/www.locansol.fr\/#organization"},"image":{"@id":"https:\/\/www.locansol.fr\/exposition-extraits-reves-saint-cyprien\/#primaryimage"},"thumbnailUrl":"https:\/\/www.locansol.fr\/wp-content\/uploads\/2026\/04\/exposition-extraits-reves-saint-cyprien.webp","keywords":["\u00c9v\u00e8nement culturel","Pyr\u00e9n\u00e9es-Orientales"],"articleSection":["Carnaval"],"inLanguage":"en-GB"},{"@type":"WebPage","@id":"https:\/\/www.locansol.fr\/exposition-extraits-reves-saint-cyprien\/","url":"https:\/\/www.locansol.fr\/exposition-extraits-reves-saint-cyprien\/","name":"Exposition Extraits de r\u00eaves Saint-Cyprien \u2013 Immersion artistique gratuite","isPartOf":{"@id":"https:\/\/www.locansol.fr\/#website"},"primaryImageOfPage":{"@id":"https:\/\/www.locansol.fr\/exposition-extraits-reves-saint-cyprien\/#primaryimage"},"image":{"@id":"https:\/\/www.locansol.fr\/exposition-extraits-reves-saint-cyprien\/#primaryimage"},"thumbnailUrl":"https:\/\/www.locansol.fr\/wp-content\/uploads\/2026\/04\/exposition-extraits-reves-saint-cyprien.webp","datePublished":"2026-04-25T08:16:37+00:00","dateModified":"2026-04-25T08:16:41+00:00","description":"Exposition Extraits de r\u00eaves Saint-Cyprien : D\u00e9couvrez une immersion artistique gratuite dans les Pyr\u00e9n\u00e9es-Orientales. Plongez dans un univers onirique et po\u00e9tique avec les \u0153uvres de Martina Villard.","breadcrumb":{"@id":"https:\/\/www.locansol.fr\/exposition-extraits-reves-saint-cyprien\/#breadcrumb"},"inLanguage":"en-GB","potentialAction":[{"@type":"ReadAction","target":["https:\/\/www.locansol.fr\/exposition-extraits-reves-saint-cyprien\/"]}]},{"@type":"ImageObject","inLanguage":"en-GB","@id":"https:\/\/www.locansol.fr\/exposition-extraits-reves-saint-cyprien\/#primaryimage","url":"https:\/\/www.locansol.fr\/wp-content\/uploads\/2026\/04\/exposition-extraits-reves-saint-cyprien.webp","contentUrl":"https:\/\/www.locansol.fr\/wp-content\/uploads\/2026\/04\/exposition-extraits-reves-saint-cyprien.webp","width":1358,"height":1920,"caption":"Exposition Extraits de r\u00eaves Saint-Cyprien \u2013 Immersion artistique gratuite"},{"@type":"BreadcrumbList","@id":"https:\/\/www.locansol.fr\/exposition-extraits-reves-saint-cyprien\/#breadcrumb","itemListElement":[{"@type":"ListItem","position":1,"name":"Accueil","item":"https:\/\/www.locansol.fr\/"},{"@type":"ListItem","position":2,"name":"Exposition \u00ab Extraits de r\u00eaves \u00bb \u00e0 Saint-Cyprien (22-25 avril 2026) \u2013 Une immersion artistique gratuite"}]},{"@type":"WebSite","@id":"https:\/\/www.locansol.fr\/#website","url":"https:\/\/www.locansol.fr\/","name":"Locansol, louer un h\u00e9bergement dans les Pyr\u00e9n\u00e9es-Orientales","description":"Location Mobil-home Mer M\u00e9diterran\u00e9e &amp; Chalet de Montagne dans les Pyr\u00e9n\u00e9es Orientales (Occitanie, 66). Weekend, s\u00e9jour &amp; vacances en famille et entre amis.","publisher":{"@id":"https:\/\/www.locansol.fr\/#organization"},"alternateName":"Louer un h\u00e9bergement dans les Pyr\u00e9n\u00e9es Orientales, chalet & mobil-home en Occitanie","potentialAction":[{"@type":"SearchAction","target":{"@type":"EntryPoint","urlTemplate":"https:\/\/www.locansol.fr\/?s={search_term_string}"},"query-input":{"@type":"PropertyValueSpecification","valueRequired":true,"valueName":"search_term_string"}}],"inLanguage":"en-GB"},{"@type":"Organization","@id":"https:\/\/www.locansol.fr\/#organization","name":"Location MobilHome & chalet dans les Pyr\u00e9n\u00e9es Orientales","alternateName":"Louer un h\u00e9bergement dans les Pyr\u00e9n\u00e9es Orientales en Occitanie","url":"https:\/\/www.locansol.fr\/","logo":{"@type":"ImageObject","inLanguage":"en-GB","@id":"https:\/\/www.locansol.fr\/#\/schema\/logo\/image\/","url":"https:\/\/www.locansol.fr\/wp-content\/uploads\/2024\/04\/AdobeStock_303324767-scaled.jpeg","contentUrl":"https:\/\/www.locansol.fr\/wp-content\/uploads\/2024\/04\/AdobeStock_303324767-scaled.jpeg","width":2560,"height":1707,"caption":"Location MobilHome & chalet dans les Pyr\u00e9n\u00e9es Orientales"},"image":{"@id":"https:\/\/www.locansol.fr\/#\/schema\/logo\/image\/"}},{"@type":"Person","@id":"https:\/\/www.locansol.fr\/#\/schema\/person\/0b08d440f1ac44674c6d498107de351d","name":"H\u00e9bergements Locansol","image":{"@type":"ImageObject","inLanguage":"en-GB","@id":"https:\/\/www.locansol.fr\/#\/schema\/person\/image\/","url":"https:\/\/secure.gravatar.com\/avatar\/444436b93284204f8116b6e0eb964cd3fcb811519c737232bde6dd5743c37ee5?s=96&d=mm&r=g","contentUrl":"https:\/\/secure.gravatar.com\/avatar\/444436b93284204f8116b6e0eb964cd3fcb811519c737232bde6dd5743c37ee5?s=96&d=mm&r=g","caption":"H\u00e9bergements Locansol"},"sameAs":["https:\/\/www.locansol.fr\/"],"url":"https:\/\/www.locansol.fr\/en\/author\/locansol\/"}]}},"_links":{"self":[{"href":"https:\/\/www.locansol.fr\/en\/wp-json\/wp\/v2\/posts\/6519","targetHints":{"allow":["GET"]}}],"collection":[{"href":"https:\/\/www.locansol.fr\/en\/wp-json\/wp\/v2\/posts"}],"about":[{"href":"https:\/\/www.locansol.fr\/en\/wp-json\/wp\/v2\/types\/post"}],"author":[{"embeddable":true,"href":"https:\/\/www.locansol.fr\/en\/wp-json\/wp\/v2\/users\/5"}],"replies":[{"embeddable":true,"href":"https:\/\/www.locansol.fr\/en\/wp-json\/wp\/v2\/comments?post=6519"}],"version-history":[{"count":1,"href":"https:\/\/www.locansol.fr\/en\/wp-json\/wp\/v2\/posts\/6519\/revisions"}],"predecessor-version":[{"id":6520,"href":"https:\/\/www.locansol.fr\/en\/wp-json\/wp\/v2\/posts\/6519\/revisions\/6520"}],"wp:featuredmedia":[{"embeddable":true,"href":"https:\/\/www.locansol.fr\/en\/wp-json\/wp\/v2\/media\/6518"}],"wp:attachment":[{"href":"https:\/\/www.locansol.fr\/en\/wp-json\/wp\/v2\/media?parent=6519"}],"wp:term":[{"taxonomy":"category","embeddable":true,"href":"https:\/\/www.locansol.fr\/en\/wp-json\/wp\/v2\/categories?post=6519"},{"taxonomy":"post_tag","embeddable":true,"href":"https:\/\/www.locansol.fr\/en\/wp-json\/wp\/v2\/tags?post=6519"}],"curies":[{"name":"wp","href":"https:\/\/api.w.org\/{rel}","templated":true}]}}