{"id":6527,"date":"2026-04-25T14:08:26","date_gmt":"2026-04-25T12:08:26","guid":{"rendered":"https:\/\/www.locansol.fr\/exposition-volets-monumentaux-perpignan\/"},"modified":"2026-04-25T14:08:30","modified_gmt":"2026-04-25T12:08:30","slug":"exposition-volets-monumentaux-perpignan","status":"publish","type":"post","link":"https:\/\/www.locansol.fr\/en\/exposition-volets-monumentaux-perpignan\/","title":{"rendered":"Exposition \u00e0 Perpignan (24 mars &#8211; 31 mai) : Plongez dans l&rsquo;histoire des volets monumentaux de la cath\u00e9drale"},"content":{"rendered":"<p>Avis aux amateurs d\u2019art et de patrimoine culturel ! Du 24 mars au 31 mai, Perpignan accueille une exposition exceptionnelle intitul\u00e9e \u00ab La red\u00e9couverte d\u2019un chef-d\u2019\u0153uvre monumental \u00bb. L\u2019\u00e9v\u00e9nement, qui se tient au 21 rue Mailly, met en lumi\u00e8re un tr\u00e9sor restaur\u00e9 : les volets monumentaux du grand orgue de la cath\u00e9drale Saint-Jean-Baptiste.<\/p>\n<p>Ces peintures gigantesques, r\u00e9alis\u00e9es en 1504, figurent parmi les ensembles picturaux les plus spectaculaires en Europe. Chaque volet, mesurant 12,6 m\u00e8tres de haut sur 4,3 m\u00e8tres de large, couvre une surface impressionnante de plus de 83 m\u00b2. Peintes \u00e0 la d\u00e9trempe sur toile, elles r\u00e9v\u00e8lent une polychromie riche et vibrante sur leur face principale, tandis que leur revers en grisaille t\u00e9moigne d&rsquo;un raffinement artistique rare.<\/p>\n<p>Ces \u0153uvres uniques n\u2019\u00e9taient pas que de simples ornements ; elles jouaient un r\u00f4le central dans le rythme liturgique de la cath\u00e9drale. D\u00e9ploy\u00e9s en fonction du calendrier religieux, les volets orchestrait une symbiose \u00e9l\u00e9gante entre musique, architecture et art sacr\u00e9. Or, les peintures avaient peu \u00e0 peu sombr\u00e9 dans l\u2019oubli apr\u00e8s leur d\u00e9montage et leur repositionnement au XIXe si\u00e8cle : fix\u00e9es au mur au-dessus de la porte de Bethl\u00e9em, elles \u00e9taient devenues difficiles \u00e0 admirer et avaient fini par \u00eatre n\u00e9glig\u00e9es.<\/p>\n<p>Depuis 2022, un projet de restauration d\u2019envergure men\u00e9 par la Direction r\u00e9gionale des affaires culturelles d\u2019Occitanie, s\u2019est attach\u00e9 \u00e0 redonner tout leur \u00e9clat et leur importance historique \u00e0 ces volets monumentaux. Pour la premi\u00e8re fois, l\u2019exposition offre au public l\u2019occasion unique d\u2019approcher ces peintures d\u2019une envergure exceptionnelle, et d\u2019en comprendre toute la port\u00e9e religieuse et artistique. Une section p\u00e9dagogie retracera \u00e9galement les techniques employ\u00e9es il y a plus de cinq si\u00e8cles pour leur r\u00e9alisation et leur restauration r\u00e9cente.<\/p>\n<p>La visite s\u2019adresse autant aux passionn\u00e9s d\u2019art et d\u2019histoire qu\u2019aux curieux d\u00e9sireux d\u2019en apprendre davantage sur le patrimoine catalan. Tout est pens\u00e9 pour rendre l\u2019exp\u00e9rience enrichissante : vous pourrez admirer le travail m\u00e9ticuleux des restaurateurs et mieux comprendre l\u2019importance de ces \u0153uvres pour l\u2019histoire de Perpignan et au-del\u00e0.<\/p>\n<p>Pour admirer de pr\u00e8s ce chef-d\u2019\u0153uvre m\u00e9connu, rendez-vous au 21 Rue Mailly \u00e0 Perpignan. Le tarif de l\u2019entr\u00e9e est de 8 euros, somme modique pour un voyage \u00e0 travers l\u2019histoire et l\u2019art de la r\u00e9gion. Ne manquez pas cette opportunit\u00e9 rare, entre d\u00e9couverte artistique et immersion dans le pass\u00e9 d\u2019un lieu embl\u00e9matique des Pyr\u00e9n\u00e9es-Orientales.<\/p>\n<h3>Practical information<\/h3>\n<p>\ud83d\udcc5 QUAND ? Du 24 mars au 31 mai<br \/>\ud83d\udccd O\u00d9 ? 21 Rue Mailly, Perpignan<br \/>\ud83d\udcb6 COMBIEN ? 8,00 \u20ac<\/p>","protected":false},"excerpt":{"rendered":"<p>D\u00e9couvrez, \u00e0 Perpignan, une exposition exceptionnelle mettant en lumi\u00e8re les volets restaur\u00e9s du grand orgue de la cath\u00e9drale Saint-Jean-Baptiste.<\/p>","protected":false},"author":5,"featured_media":6526,"comment_status":"closed","ping_status":"open","sticky":false,"template":"","format":"standard","meta":{"_yoast_wpseo_focuskw":"Exposition volets monumentaux Perpignan","_yoast_wpseo_title":"Exposition Perpignan : D\u00e9couvrez les volets monumentaux","_yoast_wpseo_metadesc":"Exposition Perpignan : D\u00e9couvrez les volets monumentaux de la cath\u00e9drale Saint-Jean-Baptiste. Plongez dans l'histoire et l'art des Pyr\u00e9n\u00e9es-Orientales avec des peintures gigantesques restaur\u00e9es.","_yoast_wpseo_canonical":"","_yoast_wpseo_opengraph-title":"Plongez dans l'histoire \u00e0 Perpignan : Les volets monumentaux","_yoast_wpseo_opengraph-description":"Imaginez des peintures g\u00e9antes de 1504, restaur\u00e9es \u00e0 leur gloire pass\u00e9e. D\u00e9couvrez ces chefs-d'\u0153uvre \u00e0 Perpignan et vivez une exp\u00e9rience artistique unique.","_yoast_wpseo_opengraph-image":"https:\/\/www.locansol.fr\/wp-content\/uploads\/2026\/04\/exposition-volets-monumentaux-perpignan.webp","_yoast_wpseo_opengraph-image-id":"","_yoast_wpseo_twitter-title":"D\u00e9couvrez les volets monumentaux \u00e0 Perpignan","_yoast_wpseo_twitter-description":"Plongez dans l'histoire et l'art avec les volets monumentaux de la cath\u00e9drale de Perpignan. Une exposition \u00e0 ne pas manquer !","_yoast_wpseo_twitter-image":"https:\/\/www.locansol.fr\/wp-content\/uploads\/2026\/04\/exposition-volets-monumentaux-perpignan.webp","_yoast_wpseo_twitter-image-id":"","yoast_primary_category":"Exposition","footnotes":""},"categories":[35],"tags":[66,76],"class_list":["post-6527","post","type-post","status-publish","format-standard","has-post-thumbnail","hentry","category-carnaval","tag-evenement-culturel","tag-pyrenees-orientales"],"yoast_head":"<!-- This site is optimized with the Yoast SEO Premium plugin v23.3 (Yoast SEO v26.9) - https:\/\/yoast.com\/product\/yoast-seo-premium-wordpress\/ -->\n<title>Exposition Perpignan : D\u00e9couvrez les volets monumentaux<\/title>\n<meta name=\"description\" content=\"Exposition Perpignan : D\u00e9couvrez les volets monumentaux de la cath\u00e9drale Saint-Jean-Baptiste. Plongez dans l&#039;histoire et l&#039;art des Pyr\u00e9n\u00e9es-Orientales avec des peintures gigantesques restaur\u00e9es.\" \/>\n<meta name=\"robots\" content=\"index, follow, max-snippet:-1, max-image-preview:large, max-video-preview:-1\" \/>\n<link rel=\"canonical\" href=\"https:\/\/www.locansol.fr\/en\/exposition-volets-monumentaux-perpignan\/\" \/>\n<meta property=\"og:locale\" content=\"en_GB\" \/>\n<meta property=\"og:type\" content=\"article\" \/>\n<meta property=\"og:title\" content=\"Plongez dans l&#039;histoire \u00e0 Perpignan : Les volets monumentaux\" \/>\n<meta property=\"og:description\" content=\"Imaginez des peintures g\u00e9antes de 1504, restaur\u00e9es \u00e0 leur gloire pass\u00e9e. D\u00e9couvrez ces chefs-d&#039;\u0153uvre \u00e0 Perpignan et vivez une exp\u00e9rience artistique unique.\" \/>\n<meta property=\"og:url\" content=\"https:\/\/www.locansol.fr\/en\/exposition-volets-monumentaux-perpignan\/\" \/>\n<meta property=\"og:site_name\" content=\"Locansol, louer un h\u00e9bergement dans les Pyr\u00e9n\u00e9es Orientales\" \/>\n<meta property=\"article:published_time\" content=\"2026-04-25T12:08:26+00:00\" \/>\n<meta property=\"article:modified_time\" content=\"2026-04-25T12:08:30+00:00\" \/>\n<meta property=\"og:image\" content=\"https:\/\/www.locansol.fr\/wp-content\/uploads\/2026\/04\/exposition-volets-monumentaux-perpignan.webp\" \/>\n<meta name=\"author\" content=\"H\u00e9bergements Locansol\" \/>\n<meta name=\"twitter:card\" content=\"summary_large_image\" \/>\n<meta name=\"twitter:title\" content=\"D\u00e9couvrez les volets monumentaux \u00e0 Perpignan\" \/>\n<meta name=\"twitter:description\" content=\"Plongez dans l&#039;histoire et l&#039;art avec les volets monumentaux de la cath\u00e9drale de Perpignan. Une exposition \u00e0 ne pas manquer !\" \/>\n<meta name=\"twitter:image\" content=\"https:\/\/www.locansol.fr\/wp-content\/uploads\/2026\/04\/exposition-volets-monumentaux-perpignan.webp\" \/>\n<meta name=\"twitter:label1\" content=\"Written by\" \/>\n\t<meta name=\"twitter:data1\" content=\"H\u00e9bergements Locansol\" \/>\n\t<meta name=\"twitter:label2\" content=\"Estimated reading time\" \/>\n\t<meta name=\"twitter:data2\" content=\"2 minutes\" \/>\n<script type=\"application\/ld+json\" class=\"yoast-schema-graph\">{\"@context\":\"https:\/\/schema.org\",\"@graph\":[{\"@type\":\"Article\",\"@id\":\"https:\/\/www.locansol.fr\/exposition-volets-monumentaux-perpignan\/#article\",\"isPartOf\":{\"@id\":\"https:\/\/www.locansol.fr\/exposition-volets-monumentaux-perpignan\/\"},\"author\":{\"name\":\"H\u00e9bergements Locansol\",\"@id\":\"https:\/\/www.locansol.fr\/#\/schema\/person\/0b08d440f1ac44674c6d498107de351d\"},\"headline\":\"Exposition \u00e0 Perpignan (24 mars &#8211; 31 mai) : Plongez dans l&rsquo;histoire des volets monumentaux de la cath\u00e9drale\",\"datePublished\":\"2026-04-25T12:08:26+00:00\",\"dateModified\":\"2026-04-25T12:08:30+00:00\",\"mainEntityOfPage\":{\"@id\":\"https:\/\/www.locansol.fr\/exposition-volets-monumentaux-perpignan\/\"},\"wordCount\":457,\"publisher\":{\"@id\":\"https:\/\/www.locansol.fr\/#organization\"},\"image\":{\"@id\":\"https:\/\/www.locansol.fr\/exposition-volets-monumentaux-perpignan\/#primaryimage\"},\"thumbnailUrl\":\"https:\/\/www.locansol.fr\/wp-content\/uploads\/2026\/04\/exposition-volets-monumentaux-perpignan.webp\",\"keywords\":[\"\u00c9v\u00e8nement culturel\",\"Pyr\u00e9n\u00e9es-Orientales\"],\"articleSection\":[\"Carnaval\"],\"inLanguage\":\"en-GB\"},{\"@type\":\"WebPage\",\"@id\":\"https:\/\/www.locansol.fr\/exposition-volets-monumentaux-perpignan\/\",\"url\":\"https:\/\/www.locansol.fr\/exposition-volets-monumentaux-perpignan\/\",\"name\":\"Exposition Perpignan : D\u00e9couvrez les volets monumentaux\",\"isPartOf\":{\"@id\":\"https:\/\/www.locansol.fr\/#website\"},\"primaryImageOfPage\":{\"@id\":\"https:\/\/www.locansol.fr\/exposition-volets-monumentaux-perpignan\/#primaryimage\"},\"image\":{\"@id\":\"https:\/\/www.locansol.fr\/exposition-volets-monumentaux-perpignan\/#primaryimage\"},\"thumbnailUrl\":\"https:\/\/www.locansol.fr\/wp-content\/uploads\/2026\/04\/exposition-volets-monumentaux-perpignan.webp\",\"datePublished\":\"2026-04-25T12:08:26+00:00\",\"dateModified\":\"2026-04-25T12:08:30+00:00\",\"description\":\"Exposition Perpignan : D\u00e9couvrez les volets monumentaux de la cath\u00e9drale Saint-Jean-Baptiste. Plongez dans l'histoire et l'art des Pyr\u00e9n\u00e9es-Orientales avec des peintures gigantesques restaur\u00e9es.\",\"breadcrumb\":{\"@id\":\"https:\/\/www.locansol.fr\/exposition-volets-monumentaux-perpignan\/#breadcrumb\"},\"inLanguage\":\"en-GB\",\"potentialAction\":[{\"@type\":\"ReadAction\",\"target\":[\"https:\/\/www.locansol.fr\/exposition-volets-monumentaux-perpignan\/\"]}]},{\"@type\":\"ImageObject\",\"inLanguage\":\"en-GB\",\"@id\":\"https:\/\/www.locansol.fr\/exposition-volets-monumentaux-perpignan\/#primaryimage\",\"url\":\"https:\/\/www.locansol.fr\/wp-content\/uploads\/2026\/04\/exposition-volets-monumentaux-perpignan.webp\",\"contentUrl\":\"https:\/\/www.locansol.fr\/wp-content\/uploads\/2026\/04\/exposition-volets-monumentaux-perpignan.webp\",\"width\":1024,\"height\":605,\"caption\":\"Exposition Perpignan : D\u00e9couvrez les volets monumentaux\"},{\"@type\":\"BreadcrumbList\",\"@id\":\"https:\/\/www.locansol.fr\/exposition-volets-monumentaux-perpignan\/#breadcrumb\",\"itemListElement\":[{\"@type\":\"ListItem\",\"position\":1,\"name\":\"Accueil\",\"item\":\"https:\/\/www.locansol.fr\/\"},{\"@type\":\"ListItem\",\"position\":2,\"name\":\"Exposition \u00e0 Perpignan (24 mars &#8211; 31 mai) : Plongez dans l&rsquo;histoire des volets monumentaux de la cath\u00e9drale\"}]},{\"@type\":\"WebSite\",\"@id\":\"https:\/\/www.locansol.fr\/#website\",\"url\":\"https:\/\/www.locansol.fr\/\",\"name\":\"Locansol, louer un h\u00e9bergement dans les Pyr\u00e9n\u00e9es-Orientales\",\"description\":\"Location Mobil-home Mer M\u00e9diterran\u00e9e &amp; Chalet de Montagne dans les Pyr\u00e9n\u00e9es Orientales (Occitanie, 66). Weekend, s\u00e9jour &amp; vacances en famille et entre amis.\",\"publisher\":{\"@id\":\"https:\/\/www.locansol.fr\/#organization\"},\"alternateName\":\"Louer un h\u00e9bergement dans les Pyr\u00e9n\u00e9es Orientales, chalet & mobil-home en Occitanie\",\"potentialAction\":[{\"@type\":\"SearchAction\",\"target\":{\"@type\":\"EntryPoint\",\"urlTemplate\":\"https:\/\/www.locansol.fr\/?s={search_term_string}\"},\"query-input\":{\"@type\":\"PropertyValueSpecification\",\"valueRequired\":true,\"valueName\":\"search_term_string\"}}],\"inLanguage\":\"en-GB\"},{\"@type\":\"Organization\",\"@id\":\"https:\/\/www.locansol.fr\/#organization\",\"name\":\"Location MobilHome & chalet dans les Pyr\u00e9n\u00e9es Orientales\",\"alternateName\":\"Louer un h\u00e9bergement dans les Pyr\u00e9n\u00e9es Orientales en Occitanie\",\"url\":\"https:\/\/www.locansol.fr\/\",\"logo\":{\"@type\":\"ImageObject\",\"inLanguage\":\"en-GB\",\"@id\":\"https:\/\/www.locansol.fr\/#\/schema\/logo\/image\/\",\"url\":\"https:\/\/www.locansol.fr\/wp-content\/uploads\/2024\/04\/AdobeStock_303324767-scaled.jpeg\",\"contentUrl\":\"https:\/\/www.locansol.fr\/wp-content\/uploads\/2024\/04\/AdobeStock_303324767-scaled.jpeg\",\"width\":2560,\"height\":1707,\"caption\":\"Location MobilHome & chalet dans les Pyr\u00e9n\u00e9es Orientales\"},\"image\":{\"@id\":\"https:\/\/www.locansol.fr\/#\/schema\/logo\/image\/\"}},{\"@type\":\"Person\",\"@id\":\"https:\/\/www.locansol.fr\/#\/schema\/person\/0b08d440f1ac44674c6d498107de351d\",\"name\":\"H\u00e9bergements Locansol\",\"image\":{\"@type\":\"ImageObject\",\"inLanguage\":\"en-GB\",\"@id\":\"https:\/\/www.locansol.fr\/#\/schema\/person\/image\/\",\"url\":\"https:\/\/secure.gravatar.com\/avatar\/444436b93284204f8116b6e0eb964cd3fcb811519c737232bde6dd5743c37ee5?s=96&d=mm&r=g\",\"contentUrl\":\"https:\/\/secure.gravatar.com\/avatar\/444436b93284204f8116b6e0eb964cd3fcb811519c737232bde6dd5743c37ee5?s=96&d=mm&r=g\",\"caption\":\"H\u00e9bergements Locansol\"},\"sameAs\":[\"https:\/\/www.locansol.fr\/\"],\"url\":\"https:\/\/www.locansol.fr\/en\/author\/locansol\/\"}]}<\/script>\n<!-- \/ Yoast SEO Premium plugin. -->","yoast_head_json":{"title":"Exposition Perpignan : D\u00e9couvrez les volets monumentaux","description":"Exposition Perpignan : D\u00e9couvrez les volets monumentaux de la cath\u00e9drale Saint-Jean-Baptiste. Plongez dans l'histoire et l'art des Pyr\u00e9n\u00e9es-Orientales avec des peintures gigantesques restaur\u00e9es.","robots":{"index":"index","follow":"follow","max-snippet":"max-snippet:-1","max-image-preview":"max-image-preview:large","max-video-preview":"max-video-preview:-1"},"canonical":"https:\/\/www.locansol.fr\/en\/exposition-volets-monumentaux-perpignan\/","og_locale":"en_GB","og_type":"article","og_title":"Plongez dans l'histoire \u00e0 Perpignan : Les volets monumentaux","og_description":"Imaginez des peintures g\u00e9antes de 1504, restaur\u00e9es \u00e0 leur gloire pass\u00e9e. D\u00e9couvrez ces chefs-d'\u0153uvre \u00e0 Perpignan et vivez une exp\u00e9rience artistique unique.","og_url":"https:\/\/www.locansol.fr\/en\/exposition-volets-monumentaux-perpignan\/","og_site_name":"Locansol, louer un h\u00e9bergement dans les Pyr\u00e9n\u00e9es Orientales","article_published_time":"2026-04-25T12:08:26+00:00","article_modified_time":"2026-04-25T12:08:30+00:00","og_image":[{"url":"https:\/\/www.locansol.fr\/wp-content\/uploads\/2026\/04\/exposition-volets-monumentaux-perpignan.webp","type":"","width":"","height":""}],"author":"H\u00e9bergements Locansol","twitter_card":"summary_large_image","twitter_title":"D\u00e9couvrez les volets monumentaux \u00e0 Perpignan","twitter_description":"Plongez dans l'histoire et l'art avec les volets monumentaux de la cath\u00e9drale de Perpignan. Une exposition \u00e0 ne pas manquer !","twitter_image":"https:\/\/www.locansol.fr\/wp-content\/uploads\/2026\/04\/exposition-volets-monumentaux-perpignan.webp","twitter_misc":{"Written by":"H\u00e9bergements Locansol","Estimated reading time":"2 minutes"},"schema":{"@context":"https:\/\/schema.org","@graph":[{"@type":"Article","@id":"https:\/\/www.locansol.fr\/exposition-volets-monumentaux-perpignan\/#article","isPartOf":{"@id":"https:\/\/www.locansol.fr\/exposition-volets-monumentaux-perpignan\/"},"author":{"name":"H\u00e9bergements Locansol","@id":"https:\/\/www.locansol.fr\/#\/schema\/person\/0b08d440f1ac44674c6d498107de351d"},"headline":"Exposition \u00e0 Perpignan (24 mars &#8211; 31 mai) : Plongez dans l&rsquo;histoire des volets monumentaux de la cath\u00e9drale","datePublished":"2026-04-25T12:08:26+00:00","dateModified":"2026-04-25T12:08:30+00:00","mainEntityOfPage":{"@id":"https:\/\/www.locansol.fr\/exposition-volets-monumentaux-perpignan\/"},"wordCount":457,"publisher":{"@id":"https:\/\/www.locansol.fr\/#organization"},"image":{"@id":"https:\/\/www.locansol.fr\/exposition-volets-monumentaux-perpignan\/#primaryimage"},"thumbnailUrl":"https:\/\/www.locansol.fr\/wp-content\/uploads\/2026\/04\/exposition-volets-monumentaux-perpignan.webp","keywords":["\u00c9v\u00e8nement culturel","Pyr\u00e9n\u00e9es-Orientales"],"articleSection":["Carnaval"],"inLanguage":"en-GB"},{"@type":"WebPage","@id":"https:\/\/www.locansol.fr\/exposition-volets-monumentaux-perpignan\/","url":"https:\/\/www.locansol.fr\/exposition-volets-monumentaux-perpignan\/","name":"Exposition Perpignan : D\u00e9couvrez les volets monumentaux","isPartOf":{"@id":"https:\/\/www.locansol.fr\/#website"},"primaryImageOfPage":{"@id":"https:\/\/www.locansol.fr\/exposition-volets-monumentaux-perpignan\/#primaryimage"},"image":{"@id":"https:\/\/www.locansol.fr\/exposition-volets-monumentaux-perpignan\/#primaryimage"},"thumbnailUrl":"https:\/\/www.locansol.fr\/wp-content\/uploads\/2026\/04\/exposition-volets-monumentaux-perpignan.webp","datePublished":"2026-04-25T12:08:26+00:00","dateModified":"2026-04-25T12:08:30+00:00","description":"Exposition Perpignan : D\u00e9couvrez les volets monumentaux de la cath\u00e9drale Saint-Jean-Baptiste. Plongez dans l'histoire et l'art des Pyr\u00e9n\u00e9es-Orientales avec des peintures gigantesques restaur\u00e9es.","breadcrumb":{"@id":"https:\/\/www.locansol.fr\/exposition-volets-monumentaux-perpignan\/#breadcrumb"},"inLanguage":"en-GB","potentialAction":[{"@type":"ReadAction","target":["https:\/\/www.locansol.fr\/exposition-volets-monumentaux-perpignan\/"]}]},{"@type":"ImageObject","inLanguage":"en-GB","@id":"https:\/\/www.locansol.fr\/exposition-volets-monumentaux-perpignan\/#primaryimage","url":"https:\/\/www.locansol.fr\/wp-content\/uploads\/2026\/04\/exposition-volets-monumentaux-perpignan.webp","contentUrl":"https:\/\/www.locansol.fr\/wp-content\/uploads\/2026\/04\/exposition-volets-monumentaux-perpignan.webp","width":1024,"height":605,"caption":"Exposition Perpignan : D\u00e9couvrez les volets monumentaux"},{"@type":"BreadcrumbList","@id":"https:\/\/www.locansol.fr\/exposition-volets-monumentaux-perpignan\/#breadcrumb","itemListElement":[{"@type":"ListItem","position":1,"name":"Accueil","item":"https:\/\/www.locansol.fr\/"},{"@type":"ListItem","position":2,"name":"Exposition \u00e0 Perpignan (24 mars &#8211; 31 mai) : Plongez dans l&rsquo;histoire des volets monumentaux de la cath\u00e9drale"}]},{"@type":"WebSite","@id":"https:\/\/www.locansol.fr\/#website","url":"https:\/\/www.locansol.fr\/","name":"Locansol, louer un h\u00e9bergement dans les Pyr\u00e9n\u00e9es-Orientales","description":"Location Mobil-home Mer M\u00e9diterran\u00e9e &amp; Chalet de Montagne dans les Pyr\u00e9n\u00e9es Orientales (Occitanie, 66). Weekend, s\u00e9jour &amp; vacances en famille et entre amis.","publisher":{"@id":"https:\/\/www.locansol.fr\/#organization"},"alternateName":"Louer un h\u00e9bergement dans les Pyr\u00e9n\u00e9es Orientales, chalet & mobil-home en Occitanie","potentialAction":[{"@type":"SearchAction","target":{"@type":"EntryPoint","urlTemplate":"https:\/\/www.locansol.fr\/?s={search_term_string}"},"query-input":{"@type":"PropertyValueSpecification","valueRequired":true,"valueName":"search_term_string"}}],"inLanguage":"en-GB"},{"@type":"Organization","@id":"https:\/\/www.locansol.fr\/#organization","name":"Location MobilHome & chalet dans les Pyr\u00e9n\u00e9es Orientales","alternateName":"Louer un h\u00e9bergement dans les Pyr\u00e9n\u00e9es Orientales en Occitanie","url":"https:\/\/www.locansol.fr\/","logo":{"@type":"ImageObject","inLanguage":"en-GB","@id":"https:\/\/www.locansol.fr\/#\/schema\/logo\/image\/","url":"https:\/\/www.locansol.fr\/wp-content\/uploads\/2024\/04\/AdobeStock_303324767-scaled.jpeg","contentUrl":"https:\/\/www.locansol.fr\/wp-content\/uploads\/2024\/04\/AdobeStock_303324767-scaled.jpeg","width":2560,"height":1707,"caption":"Location MobilHome & chalet dans les Pyr\u00e9n\u00e9es Orientales"},"image":{"@id":"https:\/\/www.locansol.fr\/#\/schema\/logo\/image\/"}},{"@type":"Person","@id":"https:\/\/www.locansol.fr\/#\/schema\/person\/0b08d440f1ac44674c6d498107de351d","name":"H\u00e9bergements Locansol","image":{"@type":"ImageObject","inLanguage":"en-GB","@id":"https:\/\/www.locansol.fr\/#\/schema\/person\/image\/","url":"https:\/\/secure.gravatar.com\/avatar\/444436b93284204f8116b6e0eb964cd3fcb811519c737232bde6dd5743c37ee5?s=96&d=mm&r=g","contentUrl":"https:\/\/secure.gravatar.com\/avatar\/444436b93284204f8116b6e0eb964cd3fcb811519c737232bde6dd5743c37ee5?s=96&d=mm&r=g","caption":"H\u00e9bergements Locansol"},"sameAs":["https:\/\/www.locansol.fr\/"],"url":"https:\/\/www.locansol.fr\/en\/author\/locansol\/"}]}},"_links":{"self":[{"href":"https:\/\/www.locansol.fr\/en\/wp-json\/wp\/v2\/posts\/6527","targetHints":{"allow":["GET"]}}],"collection":[{"href":"https:\/\/www.locansol.fr\/en\/wp-json\/wp\/v2\/posts"}],"about":[{"href":"https:\/\/www.locansol.fr\/en\/wp-json\/wp\/v2\/types\/post"}],"author":[{"embeddable":true,"href":"https:\/\/www.locansol.fr\/en\/wp-json\/wp\/v2\/users\/5"}],"replies":[{"embeddable":true,"href":"https:\/\/www.locansol.fr\/en\/wp-json\/wp\/v2\/comments?post=6527"}],"version-history":[{"count":1,"href":"https:\/\/www.locansol.fr\/en\/wp-json\/wp\/v2\/posts\/6527\/revisions"}],"predecessor-version":[{"id":6528,"href":"https:\/\/www.locansol.fr\/en\/wp-json\/wp\/v2\/posts\/6527\/revisions\/6528"}],"wp:featuredmedia":[{"embeddable":true,"href":"https:\/\/www.locansol.fr\/en\/wp-json\/wp\/v2\/media\/6526"}],"wp:attachment":[{"href":"https:\/\/www.locansol.fr\/en\/wp-json\/wp\/v2\/media?parent=6527"}],"wp:term":[{"taxonomy":"category","embeddable":true,"href":"https:\/\/www.locansol.fr\/en\/wp-json\/wp\/v2\/categories?post=6527"},{"taxonomy":"post_tag","embeddable":true,"href":"https:\/\/www.locansol.fr\/en\/wp-json\/wp\/v2\/tags?post=6527"}],"curies":[{"name":"wp","href":"https:\/\/api.w.org\/{rel}","templated":true}]}}