{"id":6557,"date":"2026-04-25T18:09:32","date_gmt":"2026-04-25T16:09:32","guid":{"rendered":"https:\/\/www.locansol.fr\/exposition-volets-orgue-perpignan-11\/"},"modified":"2026-04-25T18:09:36","modified_gmt":"2026-04-25T16:09:36","slug":"exposition-volets-orgue-perpignan-11","status":"publish","type":"post","link":"https:\/\/www.locansol.fr\/en\/exposition-volets-orgue-perpignan-11\/","title":{"rendered":"Perpignan &#8211; Exposition des volets du grand orgue (24 mars &#8211; 31 mai) : Plong\u00e9e dans un chef-d&rsquo;\u0153uvre monumental"},"content":{"rendered":"<p>Situ\u00e9e au c\u0153ur de Perpignan, l&rsquo;exposition \u00ab La red\u00e9couverte d\u2019un chef-d\u2019\u0153uvre monumental : les volets du grand orgue de la cath\u00e9drale de Perpignan \u00bb s\u2019annonce comme un v\u00e9ritable \u00e9v\u00e9nement culturel incontournable de ce printemps. Organis\u00e9e au mus\u00e9e d\u2019art Hyacinthe Rigaud, elle invite le public \u00e0 se plonger dans l\u2019histoire fascinante et la restauration spectaculaire de ces volets gigantesques du 24 mars au 31 mai, avec des \u0153uvres qui n\u2019ont pas fini d\u2019\u00e9merveiller.<\/p>\n<p>R\u00e9alis\u00e9s en 1504, les volets du grand orgue de la cath\u00e9drale Saint-Jean-Baptiste de Perpignan sont un ensemble artistique exceptionnel par leur \u00e2ge, leurs dimensions monumentales et leur forte charge symbolique. Mesurant chacun 12,6 m\u00e8tres de haut sur 4,3 m\u00e8tres de large, ces panneaux peints \u00e0 la d\u00e9trempe sur toile repr\u00e9sentent une prouesse technique. Avec une surface de plus de 83m\u00b2 par volet, il s\u2019agit d\u2019un des plus spectaculaires ensembles picturaux de ce type dans toute l\u2019Europe. Leur polychromie \u00e9blouissante et leurs grisailles d\u00e9licates sur la face arri\u00e8re r\u00e9v\u00e8lent leur double nature aussi bien artistique que spirituelle.<\/p>\n<p>Ces \u0153uvres avaient initialement une fonction liturgique, install\u00e9es sur le buffet de l\u2019orgue et se d\u00e9ployant au rythme du calendrier religieux. Malheureusement, elles ont connu des exils \u00e0 r\u00e9p\u00e9tition, avant d&rsquo;\u00eatre d\u00e9plac\u00e9es au 19\u1d49 si\u00e8cle pour \u00eatre fix\u00e9es au-dessus de la porte de \u00ab Bethl\u00e9em \u00bb dans la cath\u00e9drale. Avec le temps, leur splendeur a \u00e9t\u00e9 oubli\u00e9e. Depuis ao\u00fbt 2022, les volets sont l\u2019objet d\u2019un soin tout particulier gr\u00e2ce \u00e0 un ambitieux projet de restauration pilot\u00e9 par la DRAC Occitanie et supervis\u00e9 par L\u00e9da Martines, conservatrice des monuments historiques. Ce travail m\u00e9ticuleux a r\u00e9v\u00e9l\u00e9 la richesse de leur composition, tout en permettant de percer les secrets de leur cr\u00e9ation et de leur histoire mat\u00e9rielle.<\/p>\n<p>Gr\u00e2ce \u00e0 cette exposition con\u00e7ue autour de ces tr\u00e9sors restaur\u00e9s au mus\u00e9e d&rsquo;art Hyacinthe Rigaud, les visiteurs auront une occasion unique d\u2019approcher ces \u0153uvres dans des conditions de visibilit\u00e9 exceptionnelles. Outre les volets eux-m\u00eames, des supports p\u00e9dagogiques permettent de mieux comprendre leurs origines, leur usage au fil des si\u00e8cles, et les \u00e9tapes pr\u00e9cises de leur retour \u00e0 leur gloire d\u2019antan. Une immersion passionnante dans l\u2019histoire du patrimoine artistique de la r\u00e9gion et une fa\u00e7on de d\u00e9couvrir la minutie qu\u2019exige la restauration d\u2019un patrimoine aussi pr\u00e9cieux.<\/p>\n<p>Le mus\u00e9e d\u2019art Hyacinthe Rigaud, situ\u00e9 au 21 rue Mailly, \u00e0 Perpignan, propose ainsi, le cadre id\u00e9al pour une telle red\u00e9couverte. Depuis sa r\u00e9novation, ce lieu est devenu un v\u00e9ritable incontournable de la vie culturelle perpignanaise, m\u00ealant expositions temporaires et collections permanentes d\u2019exception. Que vous soyez amateur d\u2019art, passionn\u00e9 d\u2019histoire ou simple curieux, vous serez \u00e9merveill\u00e9 par cette red\u00e9couverte unique en son genre.<\/p>\n<p>Ainsi, du 24 mars au 31 mai, ne manquez pas cette invitation au voyage dans le temps : au contact de ces volets monumentaux, vous marcherez sur les pas des artisans d&rsquo;antan et vous laisserez transporter par la magie d&rsquo;une \u00e9poque r\u00e9volue o\u00f9 l&rsquo;art et la foi convergeaient dans des \u0153uvres titanesques.<\/p>\n<p>\ud83d\udcc5 L&rsquo;exposition \u00ab La red\u00e9couverte d\u2019un chef-d\u2019\u0153uvre monumental : les volets du grand orgue de la cath\u00e9drale de Perpignan \u00bb se tient jusqu\u2019au 31 mai au mus\u00e9e d\u2019art Hyacinthe Rigaud, au c\u0153ur de Perpignan. Une exp\u00e9rience culturelle qui enrichit et \u00e9meut, tout simplement.<\/p>\n<h3>Practical information<\/h3>\n<p>\ud83d\udcc5 QUAND ? Du 24 mars au 31 mai<br \/>\ud83d\udccd O\u00d9 ? Mus\u00e9e d&rsquo;art Hyacinthe Rigaud, 21 rue Mailly, Perpignan<br \/>\ud83d\udcb6 COMBIEN ? 8 \u20ac<\/p>","protected":false},"excerpt":{"rendered":"<p>D\u00e9couvrez les volets restaur\u00e9s du grand orgue de la cath\u00e9drale de Perpignan, exposition monumentale au mus\u00e9e Hyacinthe Rigaud (24 mars \u2013 31 mai).<\/p>","protected":false},"author":5,"featured_media":6556,"comment_status":"closed","ping_status":"open","sticky":false,"template":"","format":"standard","meta":{"_yoast_wpseo_focuskw":"Exposition volets orgue Perpignan","_yoast_wpseo_title":"Exposition des volets du grand orgue Perpignan : \u00e0 ne pas manquer","_yoast_wpseo_metadesc":"Exposition des volets du grand orgue Perpignan. D\u00e9couvrez l'histoire et la restauration de ces chefs-d'\u0153uvre monumentaux du 24 mars au 31 mai au mus\u00e9e d'art Hyacinthe Rigaud, dans les Pyr\u00e9n\u00e9es-Orientales.","_yoast_wpseo_canonical":"","_yoast_wpseo_opengraph-title":"D\u00e9couvrez un chef-d'\u0153uvre monumental : Perpignan \u2014 Les volets du grand orgue","_yoast_wpseo_opengraph-description":"Plongez dans l'histoire fascinante des volets du grand orgue de Perpignan. Une exposition immersive au mus\u00e9e d'art Hyacinthe Rigaud vous attend pour une exp\u00e9rience culturelle unique.","_yoast_wpseo_opengraph-image":"https:\/\/www.locansol.fr\/wp-content\/uploads\/2026\/04\/exposition-volets-orgue-perpignan-10.webp","_yoast_wpseo_opengraph-image-id":"","_yoast_wpseo_twitter-title":"D\u00e9couvrez les volets du grand orgue \u00e0 Perpignan","_yoast_wpseo_twitter-description":"Explorez l'histoire et la beaut\u00e9 des volets du grand orgue de Perpignan. Une exposition \u00e0 ne pas manquer au mus\u00e9e d'art Hyacinthe Rigaud.","_yoast_wpseo_twitter-image":"https:\/\/www.locansol.fr\/wp-content\/uploads\/2026\/04\/exposition-volets-orgue-perpignan-10.webp","_yoast_wpseo_twitter-image-id":"","yoast_primary_category":"Exposition","footnotes":""},"categories":[35],"tags":[66,76],"class_list":["post-6557","post","type-post","status-publish","format-standard","has-post-thumbnail","hentry","category-carnaval","tag-evenement-culturel","tag-pyrenees-orientales"],"yoast_head":"<!-- This site is optimized with the Yoast SEO Premium plugin v23.3 (Yoast SEO v26.9) - https:\/\/yoast.com\/product\/yoast-seo-premium-wordpress\/ -->\n<title>Exposition des volets du grand orgue Perpignan : \u00e0 ne pas manquer<\/title>\n<meta name=\"description\" content=\"Exposition des volets du grand orgue Perpignan. D\u00e9couvrez l&#039;histoire et la restauration de ces chefs-d&#039;\u0153uvre monumentaux du 24 mars au 31 mai au mus\u00e9e d&#039;art Hyacinthe Rigaud, dans les Pyr\u00e9n\u00e9es-Orientales.\" \/>\n<meta name=\"robots\" content=\"index, follow, max-snippet:-1, max-image-preview:large, max-video-preview:-1\" \/>\n<link rel=\"canonical\" href=\"https:\/\/www.locansol.fr\/en\/exposition-volets-orgue-perpignan-11\/\" \/>\n<meta property=\"og:locale\" content=\"en_GB\" \/>\n<meta property=\"og:type\" content=\"article\" \/>\n<meta property=\"og:title\" content=\"D\u00e9couvrez un chef-d&#039;\u0153uvre monumental : Perpignan \u2014 Les volets du grand orgue\" \/>\n<meta property=\"og:description\" content=\"Plongez dans l&#039;histoire fascinante des volets du grand orgue de Perpignan. Une exposition immersive au mus\u00e9e d&#039;art Hyacinthe Rigaud vous attend pour une exp\u00e9rience culturelle unique.\" \/>\n<meta property=\"og:url\" content=\"https:\/\/www.locansol.fr\/en\/exposition-volets-orgue-perpignan-11\/\" \/>\n<meta property=\"og:site_name\" content=\"Locansol, louer un h\u00e9bergement dans les Pyr\u00e9n\u00e9es Orientales\" \/>\n<meta property=\"article:published_time\" content=\"2026-04-25T16:09:32+00:00\" \/>\n<meta property=\"article:modified_time\" content=\"2026-04-25T16:09:36+00:00\" \/>\n<meta property=\"og:image\" content=\"https:\/\/www.locansol.fr\/wp-content\/uploads\/2026\/04\/exposition-volets-orgue-perpignan-10.webp\" \/>\n<meta name=\"author\" content=\"H\u00e9bergements Locansol\" \/>\n<meta name=\"twitter:card\" content=\"summary_large_image\" \/>\n<meta name=\"twitter:title\" content=\"D\u00e9couvrez les volets du grand orgue \u00e0 Perpignan\" \/>\n<meta name=\"twitter:description\" content=\"Explorez l&#039;histoire et la beaut\u00e9 des volets du grand orgue de Perpignan. Une exposition \u00e0 ne pas manquer au mus\u00e9e d&#039;art Hyacinthe Rigaud.\" \/>\n<meta name=\"twitter:image\" content=\"https:\/\/www.locansol.fr\/wp-content\/uploads\/2026\/04\/exposition-volets-orgue-perpignan-10.webp\" \/>\n<meta name=\"twitter:label1\" content=\"Written by\" \/>\n\t<meta name=\"twitter:data1\" content=\"H\u00e9bergements Locansol\" \/>\n\t<meta name=\"twitter:label2\" content=\"Estimated reading time\" \/>\n\t<meta name=\"twitter:data2\" content=\"3 minutes\" \/>\n<script type=\"application\/ld+json\" class=\"yoast-schema-graph\">{\"@context\":\"https:\/\/schema.org\",\"@graph\":[{\"@type\":\"Article\",\"@id\":\"https:\/\/www.locansol.fr\/exposition-volets-orgue-perpignan-11\/#article\",\"isPartOf\":{\"@id\":\"https:\/\/www.locansol.fr\/exposition-volets-orgue-perpignan-11\/\"},\"author\":{\"name\":\"H\u00e9bergements Locansol\",\"@id\":\"https:\/\/www.locansol.fr\/#\/schema\/person\/0b08d440f1ac44674c6d498107de351d\"},\"headline\":\"Perpignan &#8211; Exposition des volets du grand orgue (24 mars &#8211; 31 mai) : Plong\u00e9e dans un chef-d&rsquo;\u0153uvre monumental\",\"datePublished\":\"2026-04-25T16:09:32+00:00\",\"dateModified\":\"2026-04-25T16:09:36+00:00\",\"mainEntityOfPage\":{\"@id\":\"https:\/\/www.locansol.fr\/exposition-volets-orgue-perpignan-11\/\"},\"wordCount\":630,\"publisher\":{\"@id\":\"https:\/\/www.locansol.fr\/#organization\"},\"image\":{\"@id\":\"https:\/\/www.locansol.fr\/exposition-volets-orgue-perpignan-11\/#primaryimage\"},\"thumbnailUrl\":\"https:\/\/www.locansol.fr\/wp-content\/uploads\/2026\/04\/exposition-volets-orgue-perpignan-10.webp\",\"keywords\":[\"\u00c9v\u00e8nement culturel\",\"Pyr\u00e9n\u00e9es-Orientales\"],\"articleSection\":[\"Carnaval\"],\"inLanguage\":\"en-GB\"},{\"@type\":\"WebPage\",\"@id\":\"https:\/\/www.locansol.fr\/exposition-volets-orgue-perpignan-11\/\",\"url\":\"https:\/\/www.locansol.fr\/exposition-volets-orgue-perpignan-11\/\",\"name\":\"Exposition des volets du grand orgue Perpignan : \u00e0 ne pas manquer\",\"isPartOf\":{\"@id\":\"https:\/\/www.locansol.fr\/#website\"},\"primaryImageOfPage\":{\"@id\":\"https:\/\/www.locansol.fr\/exposition-volets-orgue-perpignan-11\/#primaryimage\"},\"image\":{\"@id\":\"https:\/\/www.locansol.fr\/exposition-volets-orgue-perpignan-11\/#primaryimage\"},\"thumbnailUrl\":\"https:\/\/www.locansol.fr\/wp-content\/uploads\/2026\/04\/exposition-volets-orgue-perpignan-10.webp\",\"datePublished\":\"2026-04-25T16:09:32+00:00\",\"dateModified\":\"2026-04-25T16:09:36+00:00\",\"description\":\"Exposition des volets du grand orgue Perpignan. D\u00e9couvrez l'histoire et la restauration de ces chefs-d'\u0153uvre monumentaux du 24 mars au 31 mai au mus\u00e9e d'art Hyacinthe Rigaud, dans les Pyr\u00e9n\u00e9es-Orientales.\",\"breadcrumb\":{\"@id\":\"https:\/\/www.locansol.fr\/exposition-volets-orgue-perpignan-11\/#breadcrumb\"},\"inLanguage\":\"en-GB\",\"potentialAction\":[{\"@type\":\"ReadAction\",\"target\":[\"https:\/\/www.locansol.fr\/exposition-volets-orgue-perpignan-11\/\"]}]},{\"@type\":\"ImageObject\",\"inLanguage\":\"en-GB\",\"@id\":\"https:\/\/www.locansol.fr\/exposition-volets-orgue-perpignan-11\/#primaryimage\",\"url\":\"https:\/\/www.locansol.fr\/wp-content\/uploads\/2026\/04\/exposition-volets-orgue-perpignan-10.webp\",\"contentUrl\":\"https:\/\/www.locansol.fr\/wp-content\/uploads\/2026\/04\/exposition-volets-orgue-perpignan-10.webp\",\"width\":1024,\"height\":605,\"caption\":\"Exposition des volets du grand orgue Perpignan : \u00e0 ne pas manquer\"},{\"@type\":\"BreadcrumbList\",\"@id\":\"https:\/\/www.locansol.fr\/exposition-volets-orgue-perpignan-11\/#breadcrumb\",\"itemListElement\":[{\"@type\":\"ListItem\",\"position\":1,\"name\":\"Accueil\",\"item\":\"https:\/\/www.locansol.fr\/\"},{\"@type\":\"ListItem\",\"position\":2,\"name\":\"Perpignan &#8211; Exposition des volets du grand orgue (24 mars &#8211; 31 mai) : Plong\u00e9e dans un chef-d&rsquo;\u0153uvre monumental\"}]},{\"@type\":\"WebSite\",\"@id\":\"https:\/\/www.locansol.fr\/#website\",\"url\":\"https:\/\/www.locansol.fr\/\",\"name\":\"Locansol, louer un h\u00e9bergement dans les Pyr\u00e9n\u00e9es-Orientales\",\"description\":\"Location Mobil-home Mer M\u00e9diterran\u00e9e &amp; Chalet de Montagne dans les Pyr\u00e9n\u00e9es Orientales (Occitanie, 66). Weekend, s\u00e9jour &amp; vacances en famille et entre amis.\",\"publisher\":{\"@id\":\"https:\/\/www.locansol.fr\/#organization\"},\"alternateName\":\"Louer un h\u00e9bergement dans les Pyr\u00e9n\u00e9es Orientales, chalet & mobil-home en Occitanie\",\"potentialAction\":[{\"@type\":\"SearchAction\",\"target\":{\"@type\":\"EntryPoint\",\"urlTemplate\":\"https:\/\/www.locansol.fr\/?s={search_term_string}\"},\"query-input\":{\"@type\":\"PropertyValueSpecification\",\"valueRequired\":true,\"valueName\":\"search_term_string\"}}],\"inLanguage\":\"en-GB\"},{\"@type\":\"Organization\",\"@id\":\"https:\/\/www.locansol.fr\/#organization\",\"name\":\"Location MobilHome & chalet dans les Pyr\u00e9n\u00e9es Orientales\",\"alternateName\":\"Louer un h\u00e9bergement dans les Pyr\u00e9n\u00e9es Orientales en Occitanie\",\"url\":\"https:\/\/www.locansol.fr\/\",\"logo\":{\"@type\":\"ImageObject\",\"inLanguage\":\"en-GB\",\"@id\":\"https:\/\/www.locansol.fr\/#\/schema\/logo\/image\/\",\"url\":\"https:\/\/www.locansol.fr\/wp-content\/uploads\/2024\/04\/AdobeStock_303324767-scaled.jpeg\",\"contentUrl\":\"https:\/\/www.locansol.fr\/wp-content\/uploads\/2024\/04\/AdobeStock_303324767-scaled.jpeg\",\"width\":2560,\"height\":1707,\"caption\":\"Location MobilHome & chalet dans les Pyr\u00e9n\u00e9es Orientales\"},\"image\":{\"@id\":\"https:\/\/www.locansol.fr\/#\/schema\/logo\/image\/\"}},{\"@type\":\"Person\",\"@id\":\"https:\/\/www.locansol.fr\/#\/schema\/person\/0b08d440f1ac44674c6d498107de351d\",\"name\":\"H\u00e9bergements Locansol\",\"image\":{\"@type\":\"ImageObject\",\"inLanguage\":\"en-GB\",\"@id\":\"https:\/\/www.locansol.fr\/#\/schema\/person\/image\/\",\"url\":\"https:\/\/secure.gravatar.com\/avatar\/444436b93284204f8116b6e0eb964cd3fcb811519c737232bde6dd5743c37ee5?s=96&d=mm&r=g\",\"contentUrl\":\"https:\/\/secure.gravatar.com\/avatar\/444436b93284204f8116b6e0eb964cd3fcb811519c737232bde6dd5743c37ee5?s=96&d=mm&r=g\",\"caption\":\"H\u00e9bergements Locansol\"},\"sameAs\":[\"https:\/\/www.locansol.fr\/\"],\"url\":\"https:\/\/www.locansol.fr\/en\/author\/locansol\/\"}]}<\/script>\n<!-- \/ Yoast SEO Premium plugin. -->","yoast_head_json":{"title":"Exposition des volets du grand orgue Perpignan : \u00e0 ne pas manquer","description":"Exposition des volets du grand orgue Perpignan. D\u00e9couvrez l'histoire et la restauration de ces chefs-d'\u0153uvre monumentaux du 24 mars au 31 mai au mus\u00e9e d'art Hyacinthe Rigaud, dans les Pyr\u00e9n\u00e9es-Orientales.","robots":{"index":"index","follow":"follow","max-snippet":"max-snippet:-1","max-image-preview":"max-image-preview:large","max-video-preview":"max-video-preview:-1"},"canonical":"https:\/\/www.locansol.fr\/en\/exposition-volets-orgue-perpignan-11\/","og_locale":"en_GB","og_type":"article","og_title":"D\u00e9couvrez un chef-d'\u0153uvre monumental : Perpignan \u2014 Les volets du grand orgue","og_description":"Plongez dans l'histoire fascinante des volets du grand orgue de Perpignan. Une exposition immersive au mus\u00e9e d'art Hyacinthe Rigaud vous attend pour une exp\u00e9rience culturelle unique.","og_url":"https:\/\/www.locansol.fr\/en\/exposition-volets-orgue-perpignan-11\/","og_site_name":"Locansol, louer un h\u00e9bergement dans les Pyr\u00e9n\u00e9es Orientales","article_published_time":"2026-04-25T16:09:32+00:00","article_modified_time":"2026-04-25T16:09:36+00:00","og_image":[{"url":"https:\/\/www.locansol.fr\/wp-content\/uploads\/2026\/04\/exposition-volets-orgue-perpignan-10.webp","type":"","width":"","height":""}],"author":"H\u00e9bergements Locansol","twitter_card":"summary_large_image","twitter_title":"D\u00e9couvrez les volets du grand orgue \u00e0 Perpignan","twitter_description":"Explorez l'histoire et la beaut\u00e9 des volets du grand orgue de Perpignan. Une exposition \u00e0 ne pas manquer au mus\u00e9e d'art Hyacinthe Rigaud.","twitter_image":"https:\/\/www.locansol.fr\/wp-content\/uploads\/2026\/04\/exposition-volets-orgue-perpignan-10.webp","twitter_misc":{"Written by":"H\u00e9bergements Locansol","Estimated reading time":"3 minutes"},"schema":{"@context":"https:\/\/schema.org","@graph":[{"@type":"Article","@id":"https:\/\/www.locansol.fr\/exposition-volets-orgue-perpignan-11\/#article","isPartOf":{"@id":"https:\/\/www.locansol.fr\/exposition-volets-orgue-perpignan-11\/"},"author":{"name":"H\u00e9bergements Locansol","@id":"https:\/\/www.locansol.fr\/#\/schema\/person\/0b08d440f1ac44674c6d498107de351d"},"headline":"Perpignan &#8211; Exposition des volets du grand orgue (24 mars &#8211; 31 mai) : Plong\u00e9e dans un chef-d&rsquo;\u0153uvre monumental","datePublished":"2026-04-25T16:09:32+00:00","dateModified":"2026-04-25T16:09:36+00:00","mainEntityOfPage":{"@id":"https:\/\/www.locansol.fr\/exposition-volets-orgue-perpignan-11\/"},"wordCount":630,"publisher":{"@id":"https:\/\/www.locansol.fr\/#organization"},"image":{"@id":"https:\/\/www.locansol.fr\/exposition-volets-orgue-perpignan-11\/#primaryimage"},"thumbnailUrl":"https:\/\/www.locansol.fr\/wp-content\/uploads\/2026\/04\/exposition-volets-orgue-perpignan-10.webp","keywords":["\u00c9v\u00e8nement culturel","Pyr\u00e9n\u00e9es-Orientales"],"articleSection":["Carnaval"],"inLanguage":"en-GB"},{"@type":"WebPage","@id":"https:\/\/www.locansol.fr\/exposition-volets-orgue-perpignan-11\/","url":"https:\/\/www.locansol.fr\/exposition-volets-orgue-perpignan-11\/","name":"Exposition des volets du grand orgue Perpignan : \u00e0 ne pas manquer","isPartOf":{"@id":"https:\/\/www.locansol.fr\/#website"},"primaryImageOfPage":{"@id":"https:\/\/www.locansol.fr\/exposition-volets-orgue-perpignan-11\/#primaryimage"},"image":{"@id":"https:\/\/www.locansol.fr\/exposition-volets-orgue-perpignan-11\/#primaryimage"},"thumbnailUrl":"https:\/\/www.locansol.fr\/wp-content\/uploads\/2026\/04\/exposition-volets-orgue-perpignan-10.webp","datePublished":"2026-04-25T16:09:32+00:00","dateModified":"2026-04-25T16:09:36+00:00","description":"Exposition des volets du grand orgue Perpignan. D\u00e9couvrez l'histoire et la restauration de ces chefs-d'\u0153uvre monumentaux du 24 mars au 31 mai au mus\u00e9e d'art Hyacinthe Rigaud, dans les Pyr\u00e9n\u00e9es-Orientales.","breadcrumb":{"@id":"https:\/\/www.locansol.fr\/exposition-volets-orgue-perpignan-11\/#breadcrumb"},"inLanguage":"en-GB","potentialAction":[{"@type":"ReadAction","target":["https:\/\/www.locansol.fr\/exposition-volets-orgue-perpignan-11\/"]}]},{"@type":"ImageObject","inLanguage":"en-GB","@id":"https:\/\/www.locansol.fr\/exposition-volets-orgue-perpignan-11\/#primaryimage","url":"https:\/\/www.locansol.fr\/wp-content\/uploads\/2026\/04\/exposition-volets-orgue-perpignan-10.webp","contentUrl":"https:\/\/www.locansol.fr\/wp-content\/uploads\/2026\/04\/exposition-volets-orgue-perpignan-10.webp","width":1024,"height":605,"caption":"Exposition des volets du grand orgue Perpignan : \u00e0 ne pas manquer"},{"@type":"BreadcrumbList","@id":"https:\/\/www.locansol.fr\/exposition-volets-orgue-perpignan-11\/#breadcrumb","itemListElement":[{"@type":"ListItem","position":1,"name":"Accueil","item":"https:\/\/www.locansol.fr\/"},{"@type":"ListItem","position":2,"name":"Perpignan &#8211; Exposition des volets du grand orgue (24 mars &#8211; 31 mai) : Plong\u00e9e dans un chef-d&rsquo;\u0153uvre monumental"}]},{"@type":"WebSite","@id":"https:\/\/www.locansol.fr\/#website","url":"https:\/\/www.locansol.fr\/","name":"Locansol, louer un h\u00e9bergement dans les Pyr\u00e9n\u00e9es-Orientales","description":"Location Mobil-home Mer M\u00e9diterran\u00e9e &amp; Chalet de Montagne dans les Pyr\u00e9n\u00e9es Orientales (Occitanie, 66). Weekend, s\u00e9jour &amp; vacances en famille et entre amis.","publisher":{"@id":"https:\/\/www.locansol.fr\/#organization"},"alternateName":"Louer un h\u00e9bergement dans les Pyr\u00e9n\u00e9es Orientales, chalet & mobil-home en Occitanie","potentialAction":[{"@type":"SearchAction","target":{"@type":"EntryPoint","urlTemplate":"https:\/\/www.locansol.fr\/?s={search_term_string}"},"query-input":{"@type":"PropertyValueSpecification","valueRequired":true,"valueName":"search_term_string"}}],"inLanguage":"en-GB"},{"@type":"Organization","@id":"https:\/\/www.locansol.fr\/#organization","name":"Location MobilHome & chalet dans les Pyr\u00e9n\u00e9es Orientales","alternateName":"Louer un h\u00e9bergement dans les Pyr\u00e9n\u00e9es Orientales en Occitanie","url":"https:\/\/www.locansol.fr\/","logo":{"@type":"ImageObject","inLanguage":"en-GB","@id":"https:\/\/www.locansol.fr\/#\/schema\/logo\/image\/","url":"https:\/\/www.locansol.fr\/wp-content\/uploads\/2024\/04\/AdobeStock_303324767-scaled.jpeg","contentUrl":"https:\/\/www.locansol.fr\/wp-content\/uploads\/2024\/04\/AdobeStock_303324767-scaled.jpeg","width":2560,"height":1707,"caption":"Location MobilHome & chalet dans les Pyr\u00e9n\u00e9es Orientales"},"image":{"@id":"https:\/\/www.locansol.fr\/#\/schema\/logo\/image\/"}},{"@type":"Person","@id":"https:\/\/www.locansol.fr\/#\/schema\/person\/0b08d440f1ac44674c6d498107de351d","name":"H\u00e9bergements Locansol","image":{"@type":"ImageObject","inLanguage":"en-GB","@id":"https:\/\/www.locansol.fr\/#\/schema\/person\/image\/","url":"https:\/\/secure.gravatar.com\/avatar\/444436b93284204f8116b6e0eb964cd3fcb811519c737232bde6dd5743c37ee5?s=96&d=mm&r=g","contentUrl":"https:\/\/secure.gravatar.com\/avatar\/444436b93284204f8116b6e0eb964cd3fcb811519c737232bde6dd5743c37ee5?s=96&d=mm&r=g","caption":"H\u00e9bergements Locansol"},"sameAs":["https:\/\/www.locansol.fr\/"],"url":"https:\/\/www.locansol.fr\/en\/author\/locansol\/"}]}},"_links":{"self":[{"href":"https:\/\/www.locansol.fr\/en\/wp-json\/wp\/v2\/posts\/6557","targetHints":{"allow":["GET"]}}],"collection":[{"href":"https:\/\/www.locansol.fr\/en\/wp-json\/wp\/v2\/posts"}],"about":[{"href":"https:\/\/www.locansol.fr\/en\/wp-json\/wp\/v2\/types\/post"}],"author":[{"embeddable":true,"href":"https:\/\/www.locansol.fr\/en\/wp-json\/wp\/v2\/users\/5"}],"replies":[{"embeddable":true,"href":"https:\/\/www.locansol.fr\/en\/wp-json\/wp\/v2\/comments?post=6557"}],"version-history":[{"count":1,"href":"https:\/\/www.locansol.fr\/en\/wp-json\/wp\/v2\/posts\/6557\/revisions"}],"predecessor-version":[{"id":6558,"href":"https:\/\/www.locansol.fr\/en\/wp-json\/wp\/v2\/posts\/6557\/revisions\/6558"}],"wp:featuredmedia":[{"embeddable":true,"href":"https:\/\/www.locansol.fr\/en\/wp-json\/wp\/v2\/media\/6556"}],"wp:attachment":[{"href":"https:\/\/www.locansol.fr\/en\/wp-json\/wp\/v2\/media?parent=6557"}],"wp:term":[{"taxonomy":"category","embeddable":true,"href":"https:\/\/www.locansol.fr\/en\/wp-json\/wp\/v2\/categories?post=6557"},{"taxonomy":"post_tag","embeddable":true,"href":"https:\/\/www.locansol.fr\/en\/wp-json\/wp\/v2\/tags?post=6557"}],"curies":[{"name":"wp","href":"https:\/\/api.w.org\/{rel}","templated":true}]}}