{"id":6580,"date":"2026-04-26T10:11:11","date_gmt":"2026-04-26T08:11:11","guid":{"rendered":"https:\/\/www.locansol.fr\/volets-grand-orgue-perpignan-4\/"},"modified":"2026-04-26T10:11:17","modified_gmt":"2026-04-26T08:11:17","slug":"volets-grand-orgue-perpignan-4","status":"publish","type":"post","link":"https:\/\/www.locansol.fr\/en\/volets-grand-orgue-perpignan-4\/","title":{"rendered":"Perpignan, 24 mars-31 mai : Exposition des volets du grand orgue, un chef-d&rsquo;\u0153uvre r\u00e9v\u00e9l\u00e9"},"content":{"rendered":"<p>Du 24 mars au 31 mai, la ville de Perpignan offre aux amateurs d\u2019art et de patrimoine une occasion exceptionnelle : d\u00e9couvrir les volets peints du grand orgue de la cath\u00e9drale Saint-Jean-Baptiste, un chef-d\u2019\u0153uvre du XVIe si\u00e8cle restaur\u00e9 avec soin et passion. Cette exposition, intitul\u00e9e \u00ab Les Volets du Grand Orgue de la Cath\u00e9drale de Perpignan \u00bb, se tient au mus\u00e9e Hyacinthe Rigaud, un lieu charg\u00e9 d&rsquo;histoire qui compl\u00e8te parfaitement cette exp\u00e9rience unique.<\/p>\n<p>Ces volets peints, r\u00e9alis\u00e9s en 1504, comptent parmi les \u0153uvres les plus spectaculaires de leur \u00e9poque en Europe. \u00c0 l&rsquo;origine, ils \u00e9taient fix\u00e9s sur le buffet de l\u2019orgue de la cath\u00e9drale et d\u00e9ploy\u00e9s en fonction du calendrier liturgique, contribuant \u00e0 un dialogue saisissant entre musique, architecture et images sacr\u00e9es. Peints \u00e0 la d\u00e9trempe sur toile, ces volets impressionnent par leur riche polychromie et leurs grisailles d\u00e9licates sur le revers. Class\u00e9s au titre des monuments historiques depuis 1964, ils constituent un v\u00e9ritable tr\u00e9sor patrimonial, d\u00e9sormais accessible au grand public apr\u00e8s pr\u00e8s de quatre ans de restauration minutieuse.<\/p>\n<p>Sous la direction experte de la DRAC Occitanie, cette restauration a permis de redonner aux volets leur splendeur d&rsquo;origine tout en d\u00e9voilant des secrets sur leur histoire mat\u00e9rielle et leur conception. Lors de l&rsquo;exposition, vous aurez donc l&rsquo;opportunit\u00e9 non seulement d&rsquo;admirer la beaut\u00e9 de ces \u0153uvres monumentales, mais aussi de mieux comprendre les techniques et le savoir-faire inestimables qui ont permis de les pr\u00e9server.<\/p>\n<p>Le mus\u00e9e Hyacinthe Rigaud, avec son ambiance \u00e9l\u00e9gante et son architecture remarquable, constitue le cadre id\u00e9al pour mettre en valeur ces tr\u00e9sors inestimables. Situ\u00e9 au c\u0153ur de Perpignan, au 21 rue Mailly, ce mus\u00e9e r\u00e9put\u00e9 pour accueillir des expositions prestigieuses invite \u00e0 une immersion culturelle et artistique unique. Les visiteurs auront acc\u00e8s \u00e0 des explications d\u00e9taill\u00e9es sur les volets peints et les \u00e9tapes de leur restauration, rendant cette exp\u00e9rience encore plus enrichissante.<\/p>\n<p>Pour profiter de cette plong\u00e9e dans le patrimoine et l\u2019histoire de l\u2019art, il vous suffira de vous acquitter d\u2019un droit d\u2019entr\u00e9e de 8,00 \u20ac. Une somme modeste pour un rendez-vous qui promet fascination et \u00e9merveillement. Que vous soyez un passionn\u00e9 d\u2019histoire, un amateur d\u2019art ou simplement curieux, cette exposition vous permettra d\u2019appr\u00e9cier un pan m\u00e9connu mais essentiel du patrimoine europ\u00e9en.<\/p>\n<p>Ne manquez pas cette chance unique d\u2019admirer ces \u0153uvres exceptionnelles et de vous plonger dans des si\u00e8cles d\u2019histoire sublim\u00e9s par l\u2019art et la restauration. Rendez-vous au mus\u00e9e Hyacinthe Rigaud avant le 31 mai pour d\u00e9couvrir toute la richesse de ce chef-d\u2019\u0153uvre monumental !<\/p>\n<h3>Practical information<\/h3>\n<p>\ud83d\udcc5 QUAND ? Du 24 mars au 31 mai<br \/>\ud83d\udccd O\u00d9 ? Mus\u00e9e Hyacinthe Rigaud, Perpignan<br \/>\ud83d\udcb6 COMBIEN ? 8,00 \u20ac<\/p>","protected":false},"excerpt":{"rendered":"<p>D\u00e9couvrez les volets du grand orgue de la cath\u00e9drale de Perpignan, chef-d&rsquo;\u0153uvre restaur\u00e9, expos\u00e9s au mus\u00e9e Hyacinthe Rigaud jusqu&rsquo;au 31 mai.<\/p>","protected":false},"author":5,"featured_media":6579,"comment_status":"closed","ping_status":"open","sticky":false,"template":"","format":"standard","meta":{"_yoast_wpseo_focuskw":"volets grand orgue Perpignan","_yoast_wpseo_title":"Exposition des volets du grand orgue Perpignan - Chef-d'\u0153uvre","_yoast_wpseo_metadesc":"Exposition des volets du grand orgue Perpignan. D\u00e9couvrez un chef-d'\u0153uvre du XVIe si\u00e8cle restaur\u00e9 au mus\u00e9e Hyacinthe Rigaud. Pyr\u00e9n\u00e9es-Orientales.","_yoast_wpseo_canonical":"","_yoast_wpseo_opengraph-title":"D\u00e9couvrez un tr\u00e9sor cach\u00e9 : les volets du grand orgue de Perpignan","_yoast_wpseo_opengraph-description":"Plongez dans l'histoire et admirez les volets peints du grand orgue de Perpignan, un chef-d'\u0153uvre du XVIe si\u00e8cle. Une exp\u00e9rience unique au mus\u00e9e Hyacinthe Rigaud.","_yoast_wpseo_opengraph-image":"https:\/\/www.locansol.fr\/wp-content\/uploads\/2026\/04\/volets-grand-orgue-perpignan-2.webp","_yoast_wpseo_opengraph-image-id":"","_yoast_wpseo_twitter-title":"D\u00e9couvrez les volets du grand orgue de Perpignan","_yoast_wpseo_twitter-description":"Ne manquez pas l'exposition des volets du grand orgue de Perpignan. Un chef-d'\u0153uvre du XVIe si\u00e8cle \u00e0 d\u00e9couvrir au mus\u00e9e Hyacinthe Rigaud.","_yoast_wpseo_twitter-image":"https:\/\/www.locansol.fr\/wp-content\/uploads\/2026\/04\/volets-grand-orgue-perpignan-2.webp","_yoast_wpseo_twitter-image-id":"","yoast_primary_category":"Exposition","footnotes":""},"categories":[35],"tags":[66,76],"class_list":["post-6580","post","type-post","status-publish","format-standard","has-post-thumbnail","hentry","category-carnaval","tag-evenement-culturel","tag-pyrenees-orientales"],"yoast_head":"<!-- This site is optimized with the Yoast SEO Premium plugin v23.3 (Yoast SEO v26.9) - https:\/\/yoast.com\/product\/yoast-seo-premium-wordpress\/ -->\n<title>Exposition des volets du grand orgue Perpignan - Chef-d&#039;\u0153uvre<\/title>\n<meta name=\"description\" content=\"Exposition des volets du grand orgue Perpignan. D\u00e9couvrez un chef-d&#039;\u0153uvre du XVIe si\u00e8cle restaur\u00e9 au mus\u00e9e Hyacinthe Rigaud. Pyr\u00e9n\u00e9es-Orientales.\" \/>\n<meta name=\"robots\" content=\"index, follow, max-snippet:-1, max-image-preview:large, max-video-preview:-1\" \/>\n<link rel=\"canonical\" href=\"https:\/\/www.locansol.fr\/en\/volets-grand-orgue-perpignan-4\/\" \/>\n<meta property=\"og:locale\" content=\"en_GB\" \/>\n<meta property=\"og:type\" content=\"article\" \/>\n<meta property=\"og:title\" content=\"D\u00e9couvrez un tr\u00e9sor cach\u00e9 : les volets du grand orgue de Perpignan\" \/>\n<meta property=\"og:description\" content=\"Plongez dans l&#039;histoire et admirez les volets peints du grand orgue de Perpignan, un chef-d&#039;\u0153uvre du XVIe si\u00e8cle. Une exp\u00e9rience unique au mus\u00e9e Hyacinthe Rigaud.\" \/>\n<meta property=\"og:url\" content=\"https:\/\/www.locansol.fr\/en\/volets-grand-orgue-perpignan-4\/\" \/>\n<meta property=\"og:site_name\" content=\"Locansol, louer un h\u00e9bergement dans les Pyr\u00e9n\u00e9es Orientales\" \/>\n<meta property=\"article:published_time\" content=\"2026-04-26T08:11:11+00:00\" \/>\n<meta property=\"article:modified_time\" content=\"2026-04-26T08:11:17+00:00\" \/>\n<meta property=\"og:image\" content=\"https:\/\/www.locansol.fr\/wp-content\/uploads\/2026\/04\/volets-grand-orgue-perpignan-2.webp\" \/>\n<meta name=\"author\" content=\"H\u00e9bergements Locansol\" \/>\n<meta name=\"twitter:card\" content=\"summary_large_image\" \/>\n<meta name=\"twitter:title\" content=\"D\u00e9couvrez les volets du grand orgue de Perpignan\" \/>\n<meta name=\"twitter:description\" content=\"Ne manquez pas l&#039;exposition des volets du grand orgue de Perpignan. Un chef-d&#039;\u0153uvre du XVIe si\u00e8cle \u00e0 d\u00e9couvrir au mus\u00e9e Hyacinthe Rigaud.\" \/>\n<meta name=\"twitter:image\" content=\"https:\/\/www.locansol.fr\/wp-content\/uploads\/2026\/04\/volets-grand-orgue-perpignan-2.webp\" \/>\n<meta name=\"twitter:label1\" content=\"Written by\" \/>\n\t<meta name=\"twitter:data1\" content=\"H\u00e9bergements Locansol\" \/>\n\t<meta name=\"twitter:label2\" content=\"Estimated reading time\" \/>\n\t<meta name=\"twitter:data2\" content=\"2 minutes\" \/>\n<script type=\"application\/ld+json\" class=\"yoast-schema-graph\">{\"@context\":\"https:\/\/schema.org\",\"@graph\":[{\"@type\":\"Article\",\"@id\":\"https:\/\/www.locansol.fr\/volets-grand-orgue-perpignan-4\/#article\",\"isPartOf\":{\"@id\":\"https:\/\/www.locansol.fr\/volets-grand-orgue-perpignan-4\/\"},\"author\":{\"name\":\"H\u00e9bergements Locansol\",\"@id\":\"https:\/\/www.locansol.fr\/#\/schema\/person\/0b08d440f1ac44674c6d498107de351d\"},\"headline\":\"Perpignan, 24 mars-31 mai : Exposition des volets du grand orgue, un chef-d&rsquo;\u0153uvre r\u00e9v\u00e9l\u00e9\",\"datePublished\":\"2026-04-26T08:11:11+00:00\",\"dateModified\":\"2026-04-26T08:11:17+00:00\",\"mainEntityOfPage\":{\"@id\":\"https:\/\/www.locansol.fr\/volets-grand-orgue-perpignan-4\/\"},\"wordCount\":486,\"publisher\":{\"@id\":\"https:\/\/www.locansol.fr\/#organization\"},\"image\":{\"@id\":\"https:\/\/www.locansol.fr\/volets-grand-orgue-perpignan-4\/#primaryimage\"},\"thumbnailUrl\":\"https:\/\/www.locansol.fr\/wp-content\/uploads\/2026\/04\/volets-grand-orgue-perpignan-2.webp\",\"keywords\":[\"\u00c9v\u00e8nement culturel\",\"Pyr\u00e9n\u00e9es-Orientales\"],\"articleSection\":[\"Carnaval\"],\"inLanguage\":\"en-GB\"},{\"@type\":\"WebPage\",\"@id\":\"https:\/\/www.locansol.fr\/volets-grand-orgue-perpignan-4\/\",\"url\":\"https:\/\/www.locansol.fr\/volets-grand-orgue-perpignan-4\/\",\"name\":\"Exposition des volets du grand orgue Perpignan - Chef-d'\u0153uvre\",\"isPartOf\":{\"@id\":\"https:\/\/www.locansol.fr\/#website\"},\"primaryImageOfPage\":{\"@id\":\"https:\/\/www.locansol.fr\/volets-grand-orgue-perpignan-4\/#primaryimage\"},\"image\":{\"@id\":\"https:\/\/www.locansol.fr\/volets-grand-orgue-perpignan-4\/#primaryimage\"},\"thumbnailUrl\":\"https:\/\/www.locansol.fr\/wp-content\/uploads\/2026\/04\/volets-grand-orgue-perpignan-2.webp\",\"datePublished\":\"2026-04-26T08:11:11+00:00\",\"dateModified\":\"2026-04-26T08:11:17+00:00\",\"description\":\"Exposition des volets du grand orgue Perpignan. D\u00e9couvrez un chef-d'\u0153uvre du XVIe si\u00e8cle restaur\u00e9 au mus\u00e9e Hyacinthe Rigaud. Pyr\u00e9n\u00e9es-Orientales.\",\"breadcrumb\":{\"@id\":\"https:\/\/www.locansol.fr\/volets-grand-orgue-perpignan-4\/#breadcrumb\"},\"inLanguage\":\"en-GB\",\"potentialAction\":[{\"@type\":\"ReadAction\",\"target\":[\"https:\/\/www.locansol.fr\/volets-grand-orgue-perpignan-4\/\"]}]},{\"@type\":\"ImageObject\",\"inLanguage\":\"en-GB\",\"@id\":\"https:\/\/www.locansol.fr\/volets-grand-orgue-perpignan-4\/#primaryimage\",\"url\":\"https:\/\/www.locansol.fr\/wp-content\/uploads\/2026\/04\/volets-grand-orgue-perpignan-2.webp\",\"contentUrl\":\"https:\/\/www.locansol.fr\/wp-content\/uploads\/2026\/04\/volets-grand-orgue-perpignan-2.webp\",\"width\":1024,\"height\":605,\"caption\":\"Exposition des volets du grand orgue Perpignan - Chef-d'\u0153uvre\"},{\"@type\":\"BreadcrumbList\",\"@id\":\"https:\/\/www.locansol.fr\/volets-grand-orgue-perpignan-4\/#breadcrumb\",\"itemListElement\":[{\"@type\":\"ListItem\",\"position\":1,\"name\":\"Accueil\",\"item\":\"https:\/\/www.locansol.fr\/\"},{\"@type\":\"ListItem\",\"position\":2,\"name\":\"Perpignan, 24 mars-31 mai : Exposition des volets du grand orgue, un chef-d&rsquo;\u0153uvre r\u00e9v\u00e9l\u00e9\"}]},{\"@type\":\"WebSite\",\"@id\":\"https:\/\/www.locansol.fr\/#website\",\"url\":\"https:\/\/www.locansol.fr\/\",\"name\":\"Locansol, louer un h\u00e9bergement dans les Pyr\u00e9n\u00e9es-Orientales\",\"description\":\"Location Mobil-home Mer M\u00e9diterran\u00e9e &amp; Chalet de Montagne dans les Pyr\u00e9n\u00e9es Orientales (Occitanie, 66). Weekend, s\u00e9jour &amp; vacances en famille et entre amis.\",\"publisher\":{\"@id\":\"https:\/\/www.locansol.fr\/#organization\"},\"alternateName\":\"Louer un h\u00e9bergement dans les Pyr\u00e9n\u00e9es Orientales, chalet & mobil-home en Occitanie\",\"potentialAction\":[{\"@type\":\"SearchAction\",\"target\":{\"@type\":\"EntryPoint\",\"urlTemplate\":\"https:\/\/www.locansol.fr\/?s={search_term_string}\"},\"query-input\":{\"@type\":\"PropertyValueSpecification\",\"valueRequired\":true,\"valueName\":\"search_term_string\"}}],\"inLanguage\":\"en-GB\"},{\"@type\":\"Organization\",\"@id\":\"https:\/\/www.locansol.fr\/#organization\",\"name\":\"Location MobilHome & chalet dans les Pyr\u00e9n\u00e9es Orientales\",\"alternateName\":\"Louer un h\u00e9bergement dans les Pyr\u00e9n\u00e9es Orientales en Occitanie\",\"url\":\"https:\/\/www.locansol.fr\/\",\"logo\":{\"@type\":\"ImageObject\",\"inLanguage\":\"en-GB\",\"@id\":\"https:\/\/www.locansol.fr\/#\/schema\/logo\/image\/\",\"url\":\"https:\/\/www.locansol.fr\/wp-content\/uploads\/2024\/04\/AdobeStock_303324767-scaled.jpeg\",\"contentUrl\":\"https:\/\/www.locansol.fr\/wp-content\/uploads\/2024\/04\/AdobeStock_303324767-scaled.jpeg\",\"width\":2560,\"height\":1707,\"caption\":\"Location MobilHome & chalet dans les Pyr\u00e9n\u00e9es Orientales\"},\"image\":{\"@id\":\"https:\/\/www.locansol.fr\/#\/schema\/logo\/image\/\"}},{\"@type\":\"Person\",\"@id\":\"https:\/\/www.locansol.fr\/#\/schema\/person\/0b08d440f1ac44674c6d498107de351d\",\"name\":\"H\u00e9bergements Locansol\",\"image\":{\"@type\":\"ImageObject\",\"inLanguage\":\"en-GB\",\"@id\":\"https:\/\/www.locansol.fr\/#\/schema\/person\/image\/\",\"url\":\"https:\/\/secure.gravatar.com\/avatar\/444436b93284204f8116b6e0eb964cd3fcb811519c737232bde6dd5743c37ee5?s=96&d=mm&r=g\",\"contentUrl\":\"https:\/\/secure.gravatar.com\/avatar\/444436b93284204f8116b6e0eb964cd3fcb811519c737232bde6dd5743c37ee5?s=96&d=mm&r=g\",\"caption\":\"H\u00e9bergements Locansol\"},\"sameAs\":[\"https:\/\/www.locansol.fr\/\"],\"url\":\"https:\/\/www.locansol.fr\/en\/author\/locansol\/\"}]}<\/script>\n<!-- \/ Yoast SEO Premium plugin. -->","yoast_head_json":{"title":"Exposition des volets du grand orgue Perpignan - Chef-d'\u0153uvre","description":"Exposition des volets du grand orgue Perpignan. D\u00e9couvrez un chef-d'\u0153uvre du XVIe si\u00e8cle restaur\u00e9 au mus\u00e9e Hyacinthe Rigaud. Pyr\u00e9n\u00e9es-Orientales.","robots":{"index":"index","follow":"follow","max-snippet":"max-snippet:-1","max-image-preview":"max-image-preview:large","max-video-preview":"max-video-preview:-1"},"canonical":"https:\/\/www.locansol.fr\/en\/volets-grand-orgue-perpignan-4\/","og_locale":"en_GB","og_type":"article","og_title":"D\u00e9couvrez un tr\u00e9sor cach\u00e9 : les volets du grand orgue de Perpignan","og_description":"Plongez dans l'histoire et admirez les volets peints du grand orgue de Perpignan, un chef-d'\u0153uvre du XVIe si\u00e8cle. Une exp\u00e9rience unique au mus\u00e9e Hyacinthe Rigaud.","og_url":"https:\/\/www.locansol.fr\/en\/volets-grand-orgue-perpignan-4\/","og_site_name":"Locansol, louer un h\u00e9bergement dans les Pyr\u00e9n\u00e9es Orientales","article_published_time":"2026-04-26T08:11:11+00:00","article_modified_time":"2026-04-26T08:11:17+00:00","og_image":[{"url":"https:\/\/www.locansol.fr\/wp-content\/uploads\/2026\/04\/volets-grand-orgue-perpignan-2.webp","type":"","width":"","height":""}],"author":"H\u00e9bergements Locansol","twitter_card":"summary_large_image","twitter_title":"D\u00e9couvrez les volets du grand orgue de Perpignan","twitter_description":"Ne manquez pas l'exposition des volets du grand orgue de Perpignan. Un chef-d'\u0153uvre du XVIe si\u00e8cle \u00e0 d\u00e9couvrir au mus\u00e9e Hyacinthe Rigaud.","twitter_image":"https:\/\/www.locansol.fr\/wp-content\/uploads\/2026\/04\/volets-grand-orgue-perpignan-2.webp","twitter_misc":{"Written by":"H\u00e9bergements Locansol","Estimated reading time":"2 minutes"},"schema":{"@context":"https:\/\/schema.org","@graph":[{"@type":"Article","@id":"https:\/\/www.locansol.fr\/volets-grand-orgue-perpignan-4\/#article","isPartOf":{"@id":"https:\/\/www.locansol.fr\/volets-grand-orgue-perpignan-4\/"},"author":{"name":"H\u00e9bergements Locansol","@id":"https:\/\/www.locansol.fr\/#\/schema\/person\/0b08d440f1ac44674c6d498107de351d"},"headline":"Perpignan, 24 mars-31 mai : Exposition des volets du grand orgue, un chef-d&rsquo;\u0153uvre r\u00e9v\u00e9l\u00e9","datePublished":"2026-04-26T08:11:11+00:00","dateModified":"2026-04-26T08:11:17+00:00","mainEntityOfPage":{"@id":"https:\/\/www.locansol.fr\/volets-grand-orgue-perpignan-4\/"},"wordCount":486,"publisher":{"@id":"https:\/\/www.locansol.fr\/#organization"},"image":{"@id":"https:\/\/www.locansol.fr\/volets-grand-orgue-perpignan-4\/#primaryimage"},"thumbnailUrl":"https:\/\/www.locansol.fr\/wp-content\/uploads\/2026\/04\/volets-grand-orgue-perpignan-2.webp","keywords":["\u00c9v\u00e8nement culturel","Pyr\u00e9n\u00e9es-Orientales"],"articleSection":["Carnaval"],"inLanguage":"en-GB"},{"@type":"WebPage","@id":"https:\/\/www.locansol.fr\/volets-grand-orgue-perpignan-4\/","url":"https:\/\/www.locansol.fr\/volets-grand-orgue-perpignan-4\/","name":"Exposition des volets du grand orgue Perpignan - Chef-d'\u0153uvre","isPartOf":{"@id":"https:\/\/www.locansol.fr\/#website"},"primaryImageOfPage":{"@id":"https:\/\/www.locansol.fr\/volets-grand-orgue-perpignan-4\/#primaryimage"},"image":{"@id":"https:\/\/www.locansol.fr\/volets-grand-orgue-perpignan-4\/#primaryimage"},"thumbnailUrl":"https:\/\/www.locansol.fr\/wp-content\/uploads\/2026\/04\/volets-grand-orgue-perpignan-2.webp","datePublished":"2026-04-26T08:11:11+00:00","dateModified":"2026-04-26T08:11:17+00:00","description":"Exposition des volets du grand orgue Perpignan. D\u00e9couvrez un chef-d'\u0153uvre du XVIe si\u00e8cle restaur\u00e9 au mus\u00e9e Hyacinthe Rigaud. Pyr\u00e9n\u00e9es-Orientales.","breadcrumb":{"@id":"https:\/\/www.locansol.fr\/volets-grand-orgue-perpignan-4\/#breadcrumb"},"inLanguage":"en-GB","potentialAction":[{"@type":"ReadAction","target":["https:\/\/www.locansol.fr\/volets-grand-orgue-perpignan-4\/"]}]},{"@type":"ImageObject","inLanguage":"en-GB","@id":"https:\/\/www.locansol.fr\/volets-grand-orgue-perpignan-4\/#primaryimage","url":"https:\/\/www.locansol.fr\/wp-content\/uploads\/2026\/04\/volets-grand-orgue-perpignan-2.webp","contentUrl":"https:\/\/www.locansol.fr\/wp-content\/uploads\/2026\/04\/volets-grand-orgue-perpignan-2.webp","width":1024,"height":605,"caption":"Exposition des volets du grand orgue Perpignan - Chef-d'\u0153uvre"},{"@type":"BreadcrumbList","@id":"https:\/\/www.locansol.fr\/volets-grand-orgue-perpignan-4\/#breadcrumb","itemListElement":[{"@type":"ListItem","position":1,"name":"Accueil","item":"https:\/\/www.locansol.fr\/"},{"@type":"ListItem","position":2,"name":"Perpignan, 24 mars-31 mai : Exposition des volets du grand orgue, un chef-d&rsquo;\u0153uvre r\u00e9v\u00e9l\u00e9"}]},{"@type":"WebSite","@id":"https:\/\/www.locansol.fr\/#website","url":"https:\/\/www.locansol.fr\/","name":"Locansol, louer un h\u00e9bergement dans les Pyr\u00e9n\u00e9es-Orientales","description":"Location Mobil-home Mer M\u00e9diterran\u00e9e &amp; Chalet de Montagne dans les Pyr\u00e9n\u00e9es Orientales (Occitanie, 66). Weekend, s\u00e9jour &amp; vacances en famille et entre amis.","publisher":{"@id":"https:\/\/www.locansol.fr\/#organization"},"alternateName":"Louer un h\u00e9bergement dans les Pyr\u00e9n\u00e9es Orientales, chalet & mobil-home en Occitanie","potentialAction":[{"@type":"SearchAction","target":{"@type":"EntryPoint","urlTemplate":"https:\/\/www.locansol.fr\/?s={search_term_string}"},"query-input":{"@type":"PropertyValueSpecification","valueRequired":true,"valueName":"search_term_string"}}],"inLanguage":"en-GB"},{"@type":"Organization","@id":"https:\/\/www.locansol.fr\/#organization","name":"Location MobilHome & chalet dans les Pyr\u00e9n\u00e9es Orientales","alternateName":"Louer un h\u00e9bergement dans les Pyr\u00e9n\u00e9es Orientales en Occitanie","url":"https:\/\/www.locansol.fr\/","logo":{"@type":"ImageObject","inLanguage":"en-GB","@id":"https:\/\/www.locansol.fr\/#\/schema\/logo\/image\/","url":"https:\/\/www.locansol.fr\/wp-content\/uploads\/2024\/04\/AdobeStock_303324767-scaled.jpeg","contentUrl":"https:\/\/www.locansol.fr\/wp-content\/uploads\/2024\/04\/AdobeStock_303324767-scaled.jpeg","width":2560,"height":1707,"caption":"Location MobilHome & chalet dans les Pyr\u00e9n\u00e9es Orientales"},"image":{"@id":"https:\/\/www.locansol.fr\/#\/schema\/logo\/image\/"}},{"@type":"Person","@id":"https:\/\/www.locansol.fr\/#\/schema\/person\/0b08d440f1ac44674c6d498107de351d","name":"H\u00e9bergements Locansol","image":{"@type":"ImageObject","inLanguage":"en-GB","@id":"https:\/\/www.locansol.fr\/#\/schema\/person\/image\/","url":"https:\/\/secure.gravatar.com\/avatar\/444436b93284204f8116b6e0eb964cd3fcb811519c737232bde6dd5743c37ee5?s=96&d=mm&r=g","contentUrl":"https:\/\/secure.gravatar.com\/avatar\/444436b93284204f8116b6e0eb964cd3fcb811519c737232bde6dd5743c37ee5?s=96&d=mm&r=g","caption":"H\u00e9bergements Locansol"},"sameAs":["https:\/\/www.locansol.fr\/"],"url":"https:\/\/www.locansol.fr\/en\/author\/locansol\/"}]}},"_links":{"self":[{"href":"https:\/\/www.locansol.fr\/en\/wp-json\/wp\/v2\/posts\/6580","targetHints":{"allow":["GET"]}}],"collection":[{"href":"https:\/\/www.locansol.fr\/en\/wp-json\/wp\/v2\/posts"}],"about":[{"href":"https:\/\/www.locansol.fr\/en\/wp-json\/wp\/v2\/types\/post"}],"author":[{"embeddable":true,"href":"https:\/\/www.locansol.fr\/en\/wp-json\/wp\/v2\/users\/5"}],"replies":[{"embeddable":true,"href":"https:\/\/www.locansol.fr\/en\/wp-json\/wp\/v2\/comments?post=6580"}],"version-history":[{"count":1,"href":"https:\/\/www.locansol.fr\/en\/wp-json\/wp\/v2\/posts\/6580\/revisions"}],"predecessor-version":[{"id":6581,"href":"https:\/\/www.locansol.fr\/en\/wp-json\/wp\/v2\/posts\/6580\/revisions\/6581"}],"wp:featuredmedia":[{"embeddable":true,"href":"https:\/\/www.locansol.fr\/en\/wp-json\/wp\/v2\/media\/6579"}],"wp:attachment":[{"href":"https:\/\/www.locansol.fr\/en\/wp-json\/wp\/v2\/media?parent=6580"}],"wp:term":[{"taxonomy":"category","embeddable":true,"href":"https:\/\/www.locansol.fr\/en\/wp-json\/wp\/v2\/categories?post=6580"},{"taxonomy":"post_tag","embeddable":true,"href":"https:\/\/www.locansol.fr\/en\/wp-json\/wp\/v2\/tags?post=6580"}],"curies":[{"name":"wp","href":"https:\/\/api.w.org\/{rel}","templated":true}]}}