{"id":6585,"date":"2026-04-26T12:09:29","date_gmt":"2026-04-26T10:09:29","guid":{"rendered":"https:\/\/www.locansol.fr\/volets-grand-orgue-perpignan-5\/"},"modified":"2026-04-26T12:09:33","modified_gmt":"2026-04-26T10:09:33","slug":"volets-grand-orgue-perpignan-5","status":"publish","type":"post","link":"https:\/\/www.locansol.fr\/en\/volets-grand-orgue-perpignan-5\/","title":{"rendered":"Perpignan &#8211; Mars \u00e0 Mai 2024 &#8211; Exposition exceptionnelle des volets du grand orgue de la cath\u00e9drale"},"content":{"rendered":"<p>Quand le patrimoine retrouve sa splendeur, cela devient un \u00e9v\u00e9nement \u00e0 ne pas manquer ! Du 24 mars au 31 mai 2024, la cath\u00e9drale Saint-Jean-Baptiste de Perpignan accueille une exposition exceptionnelle intitul\u00e9e \u00ab La red\u00e9couverte d\u2019un chef-d\u2019\u0153uvre monumental : les volets du grand orgue de la cath\u00e9drale de Perpignan \u00bb. Situ\u00e9e au 21 rue Mailly, en plein c\u0153ur historique de la ville, cette exposition promet une plong\u00e9e fascinante dans le patrimoine artistique et sacr\u00e9 de la r\u00e9gion.<\/p>\n<p>Les visiteurs auront le privil\u00e8ge d\u2019admirer les volets monumentaux du grand orgue, des peintures datant de 1504 et consid\u00e9r\u00e9es comme parmi les plus spectaculaires de ce type en Europe. Mesurant 12,6 m\u00e8tres de haut sur 4,3 m\u00e8tres de large, ces volets, peints \u00e0 la d\u00e9trempe sur toile, t\u00e9moignent d\u2019une ma\u00eetrise extraordinaire de la polychromie et de l\u2019art de la grisaille. Ils offraient autrefois un v\u00e9ritable spectacle visuel en se d\u00e9ployant au rythme du calendrier liturgique dans une relation unique avec les sons de l\u2019orgue et l\u2019architecture de la cath\u00e9drale.<\/p>\n<p>D\u00e9mont\u00e9s au XIXe si\u00e8cle et accroch\u00e9s bien au-dessus des fervents visiteurs, les volets avaient peu \u00e0 peu sombr\u00e9 dans l\u2019oubli. Gr\u00e2ce \u00e0 une restauration rigoureuse men\u00e9e par la Direction r\u00e9gionale des affaires culturelles d\u2019Occitanie, ces tr\u00e9sors sont aujourd\u2019hui r\u00e9v\u00e9l\u00e9s dans toute leur splendeur. Non seulement les amateurs d\u2019art seront \u00e9merveill\u00e9s par leur qualit\u00e9 artistique exceptionnelle, mais ils pourront \u00e9galement d\u00e9couvrir l\u2019histoire et la technique de r\u00e9alisation de ces \u0153uvres, v\u00e9ritables joyaux du patrimoine local.<\/p>\n<p>Le cadre majestueux de la cath\u00e9drale Saint-Jean-Baptiste ajoute une dimension spirituelle et immersive \u00e0 l\u2019exp\u00e9rience. La lueur des bougies, la grandeur historique de l\u2019\u00e9difice et le silence recueilli des lieux rendent la visite encore plus m\u00e9morable. Cet \u00e9v\u00e9nement est donc une occasion unique de red\u00e9couvrir l\u2019histoire culturelle et religieuse de Perpignan.<\/p>\n<p>Planifiez d\u00e8s \u00e0 pr\u00e9sent votre visite pour ne pas manquer cette rencontre avec l\u2019art et l\u2019histoire. Les portes de la cath\u00e9drale seront ouvertes tous les jours durant la p\u00e9riode de l\u2019exposition. Une participation modique de 8,00 \u20ac est demand\u00e9e \u00e0 l\u2019entr\u00e9e. Alors, seul ou en famille, venez explorer l\u2019un des joyaux m\u00e9connus de Perpignan.<\/p>\n<p>Pour plus d\u2019informations sur l\u2019\u00e9v\u00e9nement, visitez le site du Mus\u00e9e Hyacinthe Rigaud \u00e0 l\u2019adresse suivante : [Locansol \u2013 volets grand orgue Perpignan cath\u00e9drale](https:\/\/www.locansol.fr\/volets-grand-orgue-perpignan-cathedrale\/).<\/p>\n<h3>Practical information<\/h3>\n<p>\ud83d\udcc5 QUAND ? Du 24 mars au 31 mai 2024<br \/>\ud83d\udccd O\u00d9 ? Cath\u00e9drale Saint-Jean-Baptiste, Perpignan<br \/>\ud83d\udcb6 COMBIEN ? 8,00 \u20ac<\/p>","protected":false},"excerpt":{"rendered":"<p>Plongez dans le patrimoine artistique de Perpignan avec l&rsquo;exposition des volets du grand orgue, chef-d&rsquo;\u0153uvre monumental restaur\u00e9 \u00e0 la cath\u00e9drale Saint-Jean-Baptiste.<\/p>","protected":false},"author":5,"featured_media":6584,"comment_status":"closed","ping_status":"open","sticky":false,"template":"","format":"standard","meta":{"_yoast_wpseo_focuskw":"volets grand orgue Perpignan","_yoast_wpseo_title":"Exposition volets grand orgue cath\u00e9drale Perpignan - 2024","_yoast_wpseo_metadesc":"Exposition exceptionnelle des volets du grand orgue de la cath\u00e9drale Perpignan. D\u00e9couvrez des peintures spectaculaires de 1504 dans les Pyr\u00e9n\u00e9es-Orientales. Une plong\u00e9e unique dans l'art et l'histoire.","_yoast_wpseo_canonical":"","_yoast_wpseo_opengraph-title":"\u00c9merveillement garanti : les volets du grand orgue de Perpignan en exposition","_yoast_wpseo_opengraph-description":"Imaginez des peintures monumentales de 1504, restaur\u00e9es dans toute leur splendeur. Venez admirer les volets du grand orgue de la cath\u00e9drale de Perpignan et vivez une exp\u00e9rience artistique unique.","_yoast_wpseo_opengraph-image":"https:\/\/www.locansol.fr\/wp-content\/uploads\/2026\/04\/volets-grand-orgue-perpignan-3.webp","_yoast_wpseo_opengraph-image-id":"","_yoast_wpseo_twitter-title":"Exposition unique : les volets du grand orgue de Perpignan \u00e0 ne pas manquer !","_yoast_wpseo_twitter-description":"Plongez dans l'histoire et l'art avec les volets du grand orgue de la cath\u00e9drale de Perpignan. Une exposition exceptionnelle \u00e0 ne pas manquer !","_yoast_wpseo_twitter-image":"https:\/\/www.locansol.fr\/wp-content\/uploads\/2026\/04\/volets-grand-orgue-perpignan-3.webp","_yoast_wpseo_twitter-image-id":"","yoast_primary_category":"Exposition","footnotes":""},"categories":[35],"tags":[66,76],"class_list":["post-6585","post","type-post","status-publish","format-standard","has-post-thumbnail","hentry","category-carnaval","tag-evenement-culturel","tag-pyrenees-orientales"],"yoast_head":"<!-- This site is optimized with the Yoast SEO Premium plugin v23.3 (Yoast SEO v26.9) - https:\/\/yoast.com\/product\/yoast-seo-premium-wordpress\/ -->\n<title>Exposition volets grand orgue cath\u00e9drale Perpignan - 2024<\/title>\n<meta name=\"description\" content=\"Exposition exceptionnelle des volets du grand orgue de la cath\u00e9drale Perpignan. D\u00e9couvrez des peintures spectaculaires de 1504 dans les Pyr\u00e9n\u00e9es-Orientales. Une plong\u00e9e unique dans l&#039;art et l&#039;histoire.\" \/>\n<meta name=\"robots\" content=\"index, follow, max-snippet:-1, max-image-preview:large, max-video-preview:-1\" \/>\n<link rel=\"canonical\" href=\"https:\/\/www.locansol.fr\/en\/volets-grand-orgue-perpignan-5\/\" \/>\n<meta property=\"og:locale\" content=\"en_GB\" \/>\n<meta property=\"og:type\" content=\"article\" \/>\n<meta property=\"og:title\" content=\"\u00c9merveillement garanti : les volets du grand orgue de Perpignan en exposition\" \/>\n<meta property=\"og:description\" content=\"Imaginez des peintures monumentales de 1504, restaur\u00e9es dans toute leur splendeur. Venez admirer les volets du grand orgue de la cath\u00e9drale de Perpignan et vivez une exp\u00e9rience artistique unique.\" \/>\n<meta property=\"og:url\" content=\"https:\/\/www.locansol.fr\/en\/volets-grand-orgue-perpignan-5\/\" \/>\n<meta property=\"og:site_name\" content=\"Locansol, louer un h\u00e9bergement dans les Pyr\u00e9n\u00e9es Orientales\" \/>\n<meta property=\"article:published_time\" content=\"2026-04-26T10:09:29+00:00\" \/>\n<meta property=\"article:modified_time\" content=\"2026-04-26T10:09:33+00:00\" \/>\n<meta property=\"og:image\" content=\"https:\/\/www.locansol.fr\/wp-content\/uploads\/2026\/04\/volets-grand-orgue-perpignan-3.webp\" \/>\n<meta name=\"author\" content=\"H\u00e9bergements Locansol\" \/>\n<meta name=\"twitter:card\" content=\"summary_large_image\" \/>\n<meta name=\"twitter:title\" content=\"Exposition unique : les volets du grand orgue de Perpignan \u00e0 ne pas manquer !\" \/>\n<meta name=\"twitter:description\" content=\"Plongez dans l&#039;histoire et l&#039;art avec les volets du grand orgue de la cath\u00e9drale de Perpignan. Une exposition exceptionnelle \u00e0 ne pas manquer !\" \/>\n<meta name=\"twitter:image\" content=\"https:\/\/www.locansol.fr\/wp-content\/uploads\/2026\/04\/volets-grand-orgue-perpignan-3.webp\" \/>\n<meta name=\"twitter:label1\" content=\"Written by\" \/>\n\t<meta name=\"twitter:data1\" content=\"H\u00e9bergements Locansol\" \/>\n\t<meta name=\"twitter:label2\" content=\"Estimated reading time\" \/>\n\t<meta name=\"twitter:data2\" content=\"2 minutes\" \/>\n<script type=\"application\/ld+json\" class=\"yoast-schema-graph\">{\"@context\":\"https:\/\/schema.org\",\"@graph\":[{\"@type\":\"Article\",\"@id\":\"https:\/\/www.locansol.fr\/volets-grand-orgue-perpignan-5\/#article\",\"isPartOf\":{\"@id\":\"https:\/\/www.locansol.fr\/volets-grand-orgue-perpignan-5\/\"},\"author\":{\"name\":\"H\u00e9bergements Locansol\",\"@id\":\"https:\/\/www.locansol.fr\/#\/schema\/person\/0b08d440f1ac44674c6d498107de351d\"},\"headline\":\"Perpignan &#8211; Mars \u00e0 Mai 2024 &#8211; Exposition exceptionnelle des volets du grand orgue de la cath\u00e9drale\",\"datePublished\":\"2026-04-26T10:09:29+00:00\",\"dateModified\":\"2026-04-26T10:09:33+00:00\",\"mainEntityOfPage\":{\"@id\":\"https:\/\/www.locansol.fr\/volets-grand-orgue-perpignan-5\/\"},\"wordCount\":452,\"publisher\":{\"@id\":\"https:\/\/www.locansol.fr\/#organization\"},\"image\":{\"@id\":\"https:\/\/www.locansol.fr\/volets-grand-orgue-perpignan-5\/#primaryimage\"},\"thumbnailUrl\":\"https:\/\/www.locansol.fr\/wp-content\/uploads\/2026\/04\/volets-grand-orgue-perpignan-3.webp\",\"keywords\":[\"\u00c9v\u00e8nement culturel\",\"Pyr\u00e9n\u00e9es-Orientales\"],\"articleSection\":[\"Carnaval\"],\"inLanguage\":\"en-GB\"},{\"@type\":\"WebPage\",\"@id\":\"https:\/\/www.locansol.fr\/volets-grand-orgue-perpignan-5\/\",\"url\":\"https:\/\/www.locansol.fr\/volets-grand-orgue-perpignan-5\/\",\"name\":\"Exposition volets grand orgue cath\u00e9drale Perpignan - 2024\",\"isPartOf\":{\"@id\":\"https:\/\/www.locansol.fr\/#website\"},\"primaryImageOfPage\":{\"@id\":\"https:\/\/www.locansol.fr\/volets-grand-orgue-perpignan-5\/#primaryimage\"},\"image\":{\"@id\":\"https:\/\/www.locansol.fr\/volets-grand-orgue-perpignan-5\/#primaryimage\"},\"thumbnailUrl\":\"https:\/\/www.locansol.fr\/wp-content\/uploads\/2026\/04\/volets-grand-orgue-perpignan-3.webp\",\"datePublished\":\"2026-04-26T10:09:29+00:00\",\"dateModified\":\"2026-04-26T10:09:33+00:00\",\"description\":\"Exposition exceptionnelle des volets du grand orgue de la cath\u00e9drale Perpignan. D\u00e9couvrez des peintures spectaculaires de 1504 dans les Pyr\u00e9n\u00e9es-Orientales. Une plong\u00e9e unique dans l'art et l'histoire.\",\"breadcrumb\":{\"@id\":\"https:\/\/www.locansol.fr\/volets-grand-orgue-perpignan-5\/#breadcrumb\"},\"inLanguage\":\"en-GB\",\"potentialAction\":[{\"@type\":\"ReadAction\",\"target\":[\"https:\/\/www.locansol.fr\/volets-grand-orgue-perpignan-5\/\"]}]},{\"@type\":\"ImageObject\",\"inLanguage\":\"en-GB\",\"@id\":\"https:\/\/www.locansol.fr\/volets-grand-orgue-perpignan-5\/#primaryimage\",\"url\":\"https:\/\/www.locansol.fr\/wp-content\/uploads\/2026\/04\/volets-grand-orgue-perpignan-3.webp\",\"contentUrl\":\"https:\/\/www.locansol.fr\/wp-content\/uploads\/2026\/04\/volets-grand-orgue-perpignan-3.webp\",\"width\":1024,\"height\":605,\"caption\":\"Exposition volets grand orgue cath\u00e9drale Perpignan - 2024\"},{\"@type\":\"BreadcrumbList\",\"@id\":\"https:\/\/www.locansol.fr\/volets-grand-orgue-perpignan-5\/#breadcrumb\",\"itemListElement\":[{\"@type\":\"ListItem\",\"position\":1,\"name\":\"Accueil\",\"item\":\"https:\/\/www.locansol.fr\/\"},{\"@type\":\"ListItem\",\"position\":2,\"name\":\"Perpignan &#8211; Mars \u00e0 Mai 2024 &#8211; Exposition exceptionnelle des volets du grand orgue de la cath\u00e9drale\"}]},{\"@type\":\"WebSite\",\"@id\":\"https:\/\/www.locansol.fr\/#website\",\"url\":\"https:\/\/www.locansol.fr\/\",\"name\":\"Locansol, louer un h\u00e9bergement dans les Pyr\u00e9n\u00e9es-Orientales\",\"description\":\"Location Mobil-home Mer M\u00e9diterran\u00e9e &amp; Chalet de Montagne dans les Pyr\u00e9n\u00e9es Orientales (Occitanie, 66). Weekend, s\u00e9jour &amp; vacances en famille et entre amis.\",\"publisher\":{\"@id\":\"https:\/\/www.locansol.fr\/#organization\"},\"alternateName\":\"Louer un h\u00e9bergement dans les Pyr\u00e9n\u00e9es Orientales, chalet & mobil-home en Occitanie\",\"potentialAction\":[{\"@type\":\"SearchAction\",\"target\":{\"@type\":\"EntryPoint\",\"urlTemplate\":\"https:\/\/www.locansol.fr\/?s={search_term_string}\"},\"query-input\":{\"@type\":\"PropertyValueSpecification\",\"valueRequired\":true,\"valueName\":\"search_term_string\"}}],\"inLanguage\":\"en-GB\"},{\"@type\":\"Organization\",\"@id\":\"https:\/\/www.locansol.fr\/#organization\",\"name\":\"Location MobilHome & chalet dans les Pyr\u00e9n\u00e9es Orientales\",\"alternateName\":\"Louer un h\u00e9bergement dans les Pyr\u00e9n\u00e9es Orientales en Occitanie\",\"url\":\"https:\/\/www.locansol.fr\/\",\"logo\":{\"@type\":\"ImageObject\",\"inLanguage\":\"en-GB\",\"@id\":\"https:\/\/www.locansol.fr\/#\/schema\/logo\/image\/\",\"url\":\"https:\/\/www.locansol.fr\/wp-content\/uploads\/2024\/04\/AdobeStock_303324767-scaled.jpeg\",\"contentUrl\":\"https:\/\/www.locansol.fr\/wp-content\/uploads\/2024\/04\/AdobeStock_303324767-scaled.jpeg\",\"width\":2560,\"height\":1707,\"caption\":\"Location MobilHome & chalet dans les Pyr\u00e9n\u00e9es Orientales\"},\"image\":{\"@id\":\"https:\/\/www.locansol.fr\/#\/schema\/logo\/image\/\"}},{\"@type\":\"Person\",\"@id\":\"https:\/\/www.locansol.fr\/#\/schema\/person\/0b08d440f1ac44674c6d498107de351d\",\"name\":\"H\u00e9bergements Locansol\",\"image\":{\"@type\":\"ImageObject\",\"inLanguage\":\"en-GB\",\"@id\":\"https:\/\/www.locansol.fr\/#\/schema\/person\/image\/\",\"url\":\"https:\/\/secure.gravatar.com\/avatar\/444436b93284204f8116b6e0eb964cd3fcb811519c737232bde6dd5743c37ee5?s=96&d=mm&r=g\",\"contentUrl\":\"https:\/\/secure.gravatar.com\/avatar\/444436b93284204f8116b6e0eb964cd3fcb811519c737232bde6dd5743c37ee5?s=96&d=mm&r=g\",\"caption\":\"H\u00e9bergements Locansol\"},\"sameAs\":[\"https:\/\/www.locansol.fr\/\"],\"url\":\"https:\/\/www.locansol.fr\/en\/author\/locansol\/\"}]}<\/script>\n<!-- \/ Yoast SEO Premium plugin. -->","yoast_head_json":{"title":"Exposition volets grand orgue cath\u00e9drale Perpignan - 2024","description":"Exposition exceptionnelle des volets du grand orgue de la cath\u00e9drale Perpignan. D\u00e9couvrez des peintures spectaculaires de 1504 dans les Pyr\u00e9n\u00e9es-Orientales. Une plong\u00e9e unique dans l'art et l'histoire.","robots":{"index":"index","follow":"follow","max-snippet":"max-snippet:-1","max-image-preview":"max-image-preview:large","max-video-preview":"max-video-preview:-1"},"canonical":"https:\/\/www.locansol.fr\/en\/volets-grand-orgue-perpignan-5\/","og_locale":"en_GB","og_type":"article","og_title":"\u00c9merveillement garanti : les volets du grand orgue de Perpignan en exposition","og_description":"Imaginez des peintures monumentales de 1504, restaur\u00e9es dans toute leur splendeur. Venez admirer les volets du grand orgue de la cath\u00e9drale de Perpignan et vivez une exp\u00e9rience artistique unique.","og_url":"https:\/\/www.locansol.fr\/en\/volets-grand-orgue-perpignan-5\/","og_site_name":"Locansol, louer un h\u00e9bergement dans les Pyr\u00e9n\u00e9es Orientales","article_published_time":"2026-04-26T10:09:29+00:00","article_modified_time":"2026-04-26T10:09:33+00:00","og_image":[{"url":"https:\/\/www.locansol.fr\/wp-content\/uploads\/2026\/04\/volets-grand-orgue-perpignan-3.webp","type":"","width":"","height":""}],"author":"H\u00e9bergements Locansol","twitter_card":"summary_large_image","twitter_title":"Exposition unique : les volets du grand orgue de Perpignan \u00e0 ne pas manquer !","twitter_description":"Plongez dans l'histoire et l'art avec les volets du grand orgue de la cath\u00e9drale de Perpignan. Une exposition exceptionnelle \u00e0 ne pas manquer !","twitter_image":"https:\/\/www.locansol.fr\/wp-content\/uploads\/2026\/04\/volets-grand-orgue-perpignan-3.webp","twitter_misc":{"Written by":"H\u00e9bergements Locansol","Estimated reading time":"2 minutes"},"schema":{"@context":"https:\/\/schema.org","@graph":[{"@type":"Article","@id":"https:\/\/www.locansol.fr\/volets-grand-orgue-perpignan-5\/#article","isPartOf":{"@id":"https:\/\/www.locansol.fr\/volets-grand-orgue-perpignan-5\/"},"author":{"name":"H\u00e9bergements Locansol","@id":"https:\/\/www.locansol.fr\/#\/schema\/person\/0b08d440f1ac44674c6d498107de351d"},"headline":"Perpignan &#8211; Mars \u00e0 Mai 2024 &#8211; Exposition exceptionnelle des volets du grand orgue de la cath\u00e9drale","datePublished":"2026-04-26T10:09:29+00:00","dateModified":"2026-04-26T10:09:33+00:00","mainEntityOfPage":{"@id":"https:\/\/www.locansol.fr\/volets-grand-orgue-perpignan-5\/"},"wordCount":452,"publisher":{"@id":"https:\/\/www.locansol.fr\/#organization"},"image":{"@id":"https:\/\/www.locansol.fr\/volets-grand-orgue-perpignan-5\/#primaryimage"},"thumbnailUrl":"https:\/\/www.locansol.fr\/wp-content\/uploads\/2026\/04\/volets-grand-orgue-perpignan-3.webp","keywords":["\u00c9v\u00e8nement culturel","Pyr\u00e9n\u00e9es-Orientales"],"articleSection":["Carnaval"],"inLanguage":"en-GB"},{"@type":"WebPage","@id":"https:\/\/www.locansol.fr\/volets-grand-orgue-perpignan-5\/","url":"https:\/\/www.locansol.fr\/volets-grand-orgue-perpignan-5\/","name":"Exposition volets grand orgue cath\u00e9drale Perpignan - 2024","isPartOf":{"@id":"https:\/\/www.locansol.fr\/#website"},"primaryImageOfPage":{"@id":"https:\/\/www.locansol.fr\/volets-grand-orgue-perpignan-5\/#primaryimage"},"image":{"@id":"https:\/\/www.locansol.fr\/volets-grand-orgue-perpignan-5\/#primaryimage"},"thumbnailUrl":"https:\/\/www.locansol.fr\/wp-content\/uploads\/2026\/04\/volets-grand-orgue-perpignan-3.webp","datePublished":"2026-04-26T10:09:29+00:00","dateModified":"2026-04-26T10:09:33+00:00","description":"Exposition exceptionnelle des volets du grand orgue de la cath\u00e9drale Perpignan. D\u00e9couvrez des peintures spectaculaires de 1504 dans les Pyr\u00e9n\u00e9es-Orientales. Une plong\u00e9e unique dans l'art et l'histoire.","breadcrumb":{"@id":"https:\/\/www.locansol.fr\/volets-grand-orgue-perpignan-5\/#breadcrumb"},"inLanguage":"en-GB","potentialAction":[{"@type":"ReadAction","target":["https:\/\/www.locansol.fr\/volets-grand-orgue-perpignan-5\/"]}]},{"@type":"ImageObject","inLanguage":"en-GB","@id":"https:\/\/www.locansol.fr\/volets-grand-orgue-perpignan-5\/#primaryimage","url":"https:\/\/www.locansol.fr\/wp-content\/uploads\/2026\/04\/volets-grand-orgue-perpignan-3.webp","contentUrl":"https:\/\/www.locansol.fr\/wp-content\/uploads\/2026\/04\/volets-grand-orgue-perpignan-3.webp","width":1024,"height":605,"caption":"Exposition volets grand orgue cath\u00e9drale Perpignan - 2024"},{"@type":"BreadcrumbList","@id":"https:\/\/www.locansol.fr\/volets-grand-orgue-perpignan-5\/#breadcrumb","itemListElement":[{"@type":"ListItem","position":1,"name":"Accueil","item":"https:\/\/www.locansol.fr\/"},{"@type":"ListItem","position":2,"name":"Perpignan &#8211; Mars \u00e0 Mai 2024 &#8211; Exposition exceptionnelle des volets du grand orgue de la cath\u00e9drale"}]},{"@type":"WebSite","@id":"https:\/\/www.locansol.fr\/#website","url":"https:\/\/www.locansol.fr\/","name":"Locansol, louer un h\u00e9bergement dans les Pyr\u00e9n\u00e9es-Orientales","description":"Location Mobil-home Mer M\u00e9diterran\u00e9e &amp; Chalet de Montagne dans les Pyr\u00e9n\u00e9es Orientales (Occitanie, 66). Weekend, s\u00e9jour &amp; vacances en famille et entre amis.","publisher":{"@id":"https:\/\/www.locansol.fr\/#organization"},"alternateName":"Louer un h\u00e9bergement dans les Pyr\u00e9n\u00e9es Orientales, chalet & mobil-home en Occitanie","potentialAction":[{"@type":"SearchAction","target":{"@type":"EntryPoint","urlTemplate":"https:\/\/www.locansol.fr\/?s={search_term_string}"},"query-input":{"@type":"PropertyValueSpecification","valueRequired":true,"valueName":"search_term_string"}}],"inLanguage":"en-GB"},{"@type":"Organization","@id":"https:\/\/www.locansol.fr\/#organization","name":"Location MobilHome & chalet dans les Pyr\u00e9n\u00e9es Orientales","alternateName":"Louer un h\u00e9bergement dans les Pyr\u00e9n\u00e9es Orientales en Occitanie","url":"https:\/\/www.locansol.fr\/","logo":{"@type":"ImageObject","inLanguage":"en-GB","@id":"https:\/\/www.locansol.fr\/#\/schema\/logo\/image\/","url":"https:\/\/www.locansol.fr\/wp-content\/uploads\/2024\/04\/AdobeStock_303324767-scaled.jpeg","contentUrl":"https:\/\/www.locansol.fr\/wp-content\/uploads\/2024\/04\/AdobeStock_303324767-scaled.jpeg","width":2560,"height":1707,"caption":"Location MobilHome & chalet dans les Pyr\u00e9n\u00e9es Orientales"},"image":{"@id":"https:\/\/www.locansol.fr\/#\/schema\/logo\/image\/"}},{"@type":"Person","@id":"https:\/\/www.locansol.fr\/#\/schema\/person\/0b08d440f1ac44674c6d498107de351d","name":"H\u00e9bergements Locansol","image":{"@type":"ImageObject","inLanguage":"en-GB","@id":"https:\/\/www.locansol.fr\/#\/schema\/person\/image\/","url":"https:\/\/secure.gravatar.com\/avatar\/444436b93284204f8116b6e0eb964cd3fcb811519c737232bde6dd5743c37ee5?s=96&d=mm&r=g","contentUrl":"https:\/\/secure.gravatar.com\/avatar\/444436b93284204f8116b6e0eb964cd3fcb811519c737232bde6dd5743c37ee5?s=96&d=mm&r=g","caption":"H\u00e9bergements Locansol"},"sameAs":["https:\/\/www.locansol.fr\/"],"url":"https:\/\/www.locansol.fr\/en\/author\/locansol\/"}]}},"_links":{"self":[{"href":"https:\/\/www.locansol.fr\/en\/wp-json\/wp\/v2\/posts\/6585","targetHints":{"allow":["GET"]}}],"collection":[{"href":"https:\/\/www.locansol.fr\/en\/wp-json\/wp\/v2\/posts"}],"about":[{"href":"https:\/\/www.locansol.fr\/en\/wp-json\/wp\/v2\/types\/post"}],"author":[{"embeddable":true,"href":"https:\/\/www.locansol.fr\/en\/wp-json\/wp\/v2\/users\/5"}],"replies":[{"embeddable":true,"href":"https:\/\/www.locansol.fr\/en\/wp-json\/wp\/v2\/comments?post=6585"}],"version-history":[{"count":1,"href":"https:\/\/www.locansol.fr\/en\/wp-json\/wp\/v2\/posts\/6585\/revisions"}],"predecessor-version":[{"id":6586,"href":"https:\/\/www.locansol.fr\/en\/wp-json\/wp\/v2\/posts\/6585\/revisions\/6586"}],"wp:featuredmedia":[{"embeddable":true,"href":"https:\/\/www.locansol.fr\/en\/wp-json\/wp\/v2\/media\/6584"}],"wp:attachment":[{"href":"https:\/\/www.locansol.fr\/en\/wp-json\/wp\/v2\/media?parent=6585"}],"wp:term":[{"taxonomy":"category","embeddable":true,"href":"https:\/\/www.locansol.fr\/en\/wp-json\/wp\/v2\/categories?post=6585"},{"taxonomy":"post_tag","embeddable":true,"href":"https:\/\/www.locansol.fr\/en\/wp-json\/wp\/v2\/tags?post=6585"}],"curies":[{"name":"wp","href":"https:\/\/api.w.org\/{rel}","templated":true}]}}