{"id":6590,"date":"2026-04-26T14:12:38","date_gmt":"2026-04-26T12:12:38","guid":{"rendered":"https:\/\/www.locansol.fr\/exposition-volets-orgue-perpignan-13\/"},"modified":"2026-04-26T14:12:43","modified_gmt":"2026-04-26T12:12:43","slug":"exposition-volets-orgue-perpignan-13","status":"publish","type":"post","link":"https:\/\/www.locansol.fr\/en\/exposition-volets-orgue-perpignan-13\/","title":{"rendered":"Perpignan | 24 mars-31 mai 2026 | Exposition : La red\u00e9couverte des volets du grand orgue"},"content":{"rendered":"<p>Laissez-vous \u00e9merveiller par l\u2019histoire artistique riche et m\u00e9connue de Perpignan gr\u00e2ce \u00e0 l\u2019exposition tant attendue \u00ab La red\u00e9couverte d\u2019un chef-d\u2019\u0153uvre monumental \u00bb. Cet \u00e9v\u00e9nement culturel captivant se tiendra du 24 mars au 31 mai 2026, au prestigieux mus\u00e9e Hyacinthe Rigaud, situ\u00e9 en plein c\u0153ur de la ville, au 21 Rue Mailly. Cette exposition remarquable c\u00e9l\u00e8bre une restauration magistrale des volets du grand orgue de la cath\u00e9drale Saint-Jean-Baptiste.<\/p>\n<p>Les volets en question, r\u00e9alis\u00e9s en 1504 et peints \u00e0 la d\u00e9trempe sur toile, constituent un t\u00e9moignage unique du g\u00e9nie artistique et liturgique de leur \u00e9poque. Avec leurs dimensions imposantes de 12,6 m\u00e8tres de haut sur 4,3 m\u00e8tres de large chacun, ces panneaux g\u00e9ants offrent une surface picturale exceptionnelle, atteignant plus de 83 m\u00b2 chacun. Leur polychromie \u00e9clatante sur la face principale et les d\u00e9licates grisailles au verso t\u00e9moignent d\u2019un savoir-faire artistique in\u00e9gal\u00e9.<\/p>\n<p>Initialement int\u00e9gr\u00e9s au buffet du grand orgue de la cath\u00e9drale, les volets \u00e9taient \u00e0 l\u2019origine d\u00e9ploy\u00e9s selon le calendrier liturgique, articulant harmonieusement musique, architecture et images sacr\u00e9es. Malheureusement d\u00e9plac\u00e9s au XIXe si\u00e8cle, ils ont \u00e9t\u00e9 fix\u00e9s au-dessus de la porte de Bethl\u00e9em de la cath\u00e9drale, rendant leur observation plus difficile et contribuant \u00e0 leur relative \u00e9clipse. Ce n\u2019est qu\u2019apr\u00e8s un vaste chantier de restauration, lanc\u00e9 en 2022 sous la direction de la DRAC Occitanie, que ces tr\u00e9sors artistiques ont retrouv\u00e9 leur \u00e9clat et r\u00e9v\u00e9l\u00e9 les myst\u00e8res de leur cr\u00e9ation.<\/p>\n<p>L\u2019exposition \u00ab La red\u00e9couverte d\u2019un chef-d\u2019\u0153uvre monumental \u00bb est bien plus qu\u2019une simple pr\u00e9sentation d\u2019art ancien. Les visiteurs seront invit\u00e9s \u00e0 plonger dans un voyage immersif au c\u0153ur de l\u2019histoire et des traditions liturgiques de la r\u00e9gion. Les panneaux, m\u00e9ticuleusement restaur\u00e9s, mettent en avant le dialogue unique entre les arts picturaux et musicaux qui r\u00e9gnait au c\u0153ur de la cath\u00e9drale Saint-Jean-Baptiste. Une occasion rare de contempler ces \u0153uvres dans toute leur splendeur et d\u2019en percer les secrets artistiques et historiques.<\/p>\n<p>En vous rendant au mus\u00e9e Hyacinthe Rigaud, vous d\u00e9couvrirez non seulement l\u2019h\u00e9ritage exceptionnel de Perpignan mais aussi l\u2019implication passionn\u00e9e des experts pour pr\u00e9server ce patrimoine culturel inestimable. Accessible au tarif modeste de 8 \u20ac, cette exposition vous garantit une exp\u00e9rience culturelle inoubliable, \u00e0 la crois\u00e9e de l\u2019art, de la musique et de la spiritualit\u00e9.<\/p>\n<p>Ne manquez pas cette chance unique de c\u00e9l\u00e9brer le patrimoine exceptionnel de la r\u00e9gion et d\u2019explorer les merveilles restaur\u00e9es des volets du grand orgue de la cath\u00e9drale Saint-Jean-Baptiste. Prenez rendez-vous avec l\u2019art et l\u2019histoire, et laissez-vous transporter par l\u2019\u00e9motion et la grandeur de ces chefs-d\u2019\u0153uvre monumentaux au mus\u00e9e Hyacinthe Rigaud.<\/p>\n<p>\u00c0 vos agendas, l\u2019exposition \u00ab La red\u00e9couverte d\u2019un chef-d\u2019\u0153uvre monumental \u00bb promet une exp\u00e9rience m\u00e9morable et incontournable !<\/p>\n<h3>Practical information<\/h3>\n<p>\ud83d\udcc5 QUAND ? Du 24 mars au 31 mai 2026<br \/>\ud83d\udccd O\u00d9 ? Mus\u00e9e Hyacinthe Rigaud, 21 Rue Mailly, Perpignan<br \/>\ud83d\udcb6 COMBIEN ? Plein tarif : 8,00 \u20ac<\/p>","protected":false},"excerpt":{"rendered":"<p>D\u00e9couvrez la grandeur des volets du grand orgue de la cath\u00e9drale Saint-Jean-Baptiste de Perpignan, restaur\u00e9s avec soin et expos\u00e9s au mus\u00e9e Hyacinthe Rigaud du 24 mars au 31 mai 2026.<\/p>","protected":false},"author":5,"featured_media":6589,"comment_status":"closed","ping_status":"open","sticky":false,"template":"","format":"standard","meta":{"_yoast_wpseo_focuskw":"Exposition volets orgue Perpignan","_yoast_wpseo_title":"Exposition La red\u00e9couverte des volets du grand orgue Perpignan","_yoast_wpseo_metadesc":"Exposition La red\u00e9couverte des volets du grand orgue Perpignan. D\u00e9couvrez l'histoire et la restauration de ces chefs-d'\u0153uvre au mus\u00e9e Hyacinthe Rigaud. Pyr\u00e9n\u00e9es-Orientales.","_yoast_wpseo_canonical":"","_yoast_wpseo_opengraph-title":"D\u00e9couvrez l'art et l'histoire : Perpignan expose ses volets d'orgue monumentaux","_yoast_wpseo_opengraph-description":"Immergez-vous dans l'histoire et l'art de Perpignan avec les volets du grand orgue restaur\u00e9s. Une exp\u00e9rience visuelle et \u00e9motionnelle unique au mus\u00e9e Hyacinthe Rigaud.","_yoast_wpseo_opengraph-image":"https:\/\/www.locansol.fr\/wp-content\/uploads\/2026\/04\/exposition-volets-orgue-perpignan-12.webp","_yoast_wpseo_opengraph-image-id":"","_yoast_wpseo_twitter-title":"Ne manquez pas l'exposition des volets du grand orgue \u00e0 Perpignan","_yoast_wpseo_twitter-description":"D\u00e9couvrez l'histoire et la beaut\u00e9 des volets du grand orgue de Perpignan, expos\u00e9s au mus\u00e9e Hyacinthe Rigaud. Une exp\u00e9rience inoubliable.","_yoast_wpseo_twitter-image":"https:\/\/www.locansol.fr\/wp-content\/uploads\/2026\/04\/exposition-volets-orgue-perpignan-12.webp","_yoast_wpseo_twitter-image-id":"","yoast_primary_category":"Exposition","footnotes":""},"categories":[35],"tags":[66,76],"class_list":["post-6590","post","type-post","status-publish","format-standard","has-post-thumbnail","hentry","category-carnaval","tag-evenement-culturel","tag-pyrenees-orientales"],"yoast_head":"<!-- This site is optimized with the Yoast SEO Premium plugin v23.3 (Yoast SEO v26.9) - https:\/\/yoast.com\/product\/yoast-seo-premium-wordpress\/ -->\n<title>Exposition La red\u00e9couverte des volets du grand orgue Perpignan<\/title>\n<meta name=\"description\" content=\"Exposition La red\u00e9couverte des volets du grand orgue Perpignan. D\u00e9couvrez l&#039;histoire et la restauration de ces chefs-d&#039;\u0153uvre au mus\u00e9e Hyacinthe Rigaud. Pyr\u00e9n\u00e9es-Orientales.\" \/>\n<meta name=\"robots\" content=\"index, follow, max-snippet:-1, max-image-preview:large, max-video-preview:-1\" \/>\n<link rel=\"canonical\" href=\"https:\/\/www.locansol.fr\/en\/exposition-volets-orgue-perpignan-13\/\" \/>\n<meta property=\"og:locale\" content=\"en_GB\" \/>\n<meta property=\"og:type\" content=\"article\" \/>\n<meta property=\"og:title\" content=\"D\u00e9couvrez l&#039;art et l&#039;histoire : Perpignan expose ses volets d&#039;orgue monumentaux\" \/>\n<meta property=\"og:description\" content=\"Immergez-vous dans l&#039;histoire et l&#039;art de Perpignan avec les volets du grand orgue restaur\u00e9s. Une exp\u00e9rience visuelle et \u00e9motionnelle unique au mus\u00e9e Hyacinthe Rigaud.\" \/>\n<meta property=\"og:url\" content=\"https:\/\/www.locansol.fr\/en\/exposition-volets-orgue-perpignan-13\/\" \/>\n<meta property=\"og:site_name\" content=\"Locansol, louer un h\u00e9bergement dans les Pyr\u00e9n\u00e9es Orientales\" \/>\n<meta property=\"article:published_time\" content=\"2026-04-26T12:12:38+00:00\" \/>\n<meta property=\"article:modified_time\" content=\"2026-04-26T12:12:43+00:00\" \/>\n<meta property=\"og:image\" content=\"https:\/\/www.locansol.fr\/wp-content\/uploads\/2026\/04\/exposition-volets-orgue-perpignan-12.webp\" \/>\n<meta name=\"author\" content=\"H\u00e9bergements Locansol\" \/>\n<meta name=\"twitter:card\" content=\"summary_large_image\" \/>\n<meta name=\"twitter:title\" content=\"Ne manquez pas l&#039;exposition des volets du grand orgue \u00e0 Perpignan\" \/>\n<meta name=\"twitter:description\" content=\"D\u00e9couvrez l&#039;histoire et la beaut\u00e9 des volets du grand orgue de Perpignan, expos\u00e9s au mus\u00e9e Hyacinthe Rigaud. Une exp\u00e9rience inoubliable.\" \/>\n<meta name=\"twitter:image\" content=\"https:\/\/www.locansol.fr\/wp-content\/uploads\/2026\/04\/exposition-volets-orgue-perpignan-12.webp\" \/>\n<meta name=\"twitter:label1\" content=\"Written by\" \/>\n\t<meta name=\"twitter:data1\" content=\"H\u00e9bergements Locansol\" \/>\n\t<meta name=\"twitter:label2\" content=\"Estimated reading time\" \/>\n\t<meta name=\"twitter:data2\" content=\"3 minutes\" \/>\n<script type=\"application\/ld+json\" class=\"yoast-schema-graph\">{\"@context\":\"https:\/\/schema.org\",\"@graph\":[{\"@type\":\"Article\",\"@id\":\"https:\/\/www.locansol.fr\/exposition-volets-orgue-perpignan-13\/#article\",\"isPartOf\":{\"@id\":\"https:\/\/www.locansol.fr\/exposition-volets-orgue-perpignan-13\/\"},\"author\":{\"name\":\"H\u00e9bergements Locansol\",\"@id\":\"https:\/\/www.locansol.fr\/#\/schema\/person\/0b08d440f1ac44674c6d498107de351d\"},\"headline\":\"Perpignan | 24 mars-31 mai 2026 | Exposition : La red\u00e9couverte des volets du grand orgue\",\"datePublished\":\"2026-04-26T12:12:38+00:00\",\"dateModified\":\"2026-04-26T12:12:43+00:00\",\"mainEntityOfPage\":{\"@id\":\"https:\/\/www.locansol.fr\/exposition-volets-orgue-perpignan-13\/\"},\"wordCount\":526,\"publisher\":{\"@id\":\"https:\/\/www.locansol.fr\/#organization\"},\"image\":{\"@id\":\"https:\/\/www.locansol.fr\/exposition-volets-orgue-perpignan-13\/#primaryimage\"},\"thumbnailUrl\":\"https:\/\/www.locansol.fr\/wp-content\/uploads\/2026\/04\/exposition-volets-orgue-perpignan-12.webp\",\"keywords\":[\"\u00c9v\u00e8nement culturel\",\"Pyr\u00e9n\u00e9es-Orientales\"],\"articleSection\":[\"Carnaval\"],\"inLanguage\":\"en-GB\"},{\"@type\":\"WebPage\",\"@id\":\"https:\/\/www.locansol.fr\/exposition-volets-orgue-perpignan-13\/\",\"url\":\"https:\/\/www.locansol.fr\/exposition-volets-orgue-perpignan-13\/\",\"name\":\"Exposition La red\u00e9couverte des volets du grand orgue Perpignan\",\"isPartOf\":{\"@id\":\"https:\/\/www.locansol.fr\/#website\"},\"primaryImageOfPage\":{\"@id\":\"https:\/\/www.locansol.fr\/exposition-volets-orgue-perpignan-13\/#primaryimage\"},\"image\":{\"@id\":\"https:\/\/www.locansol.fr\/exposition-volets-orgue-perpignan-13\/#primaryimage\"},\"thumbnailUrl\":\"https:\/\/www.locansol.fr\/wp-content\/uploads\/2026\/04\/exposition-volets-orgue-perpignan-12.webp\",\"datePublished\":\"2026-04-26T12:12:38+00:00\",\"dateModified\":\"2026-04-26T12:12:43+00:00\",\"description\":\"Exposition La red\u00e9couverte des volets du grand orgue Perpignan. D\u00e9couvrez l'histoire et la restauration de ces chefs-d'\u0153uvre au mus\u00e9e Hyacinthe Rigaud. Pyr\u00e9n\u00e9es-Orientales.\",\"breadcrumb\":{\"@id\":\"https:\/\/www.locansol.fr\/exposition-volets-orgue-perpignan-13\/#breadcrumb\"},\"inLanguage\":\"en-GB\",\"potentialAction\":[{\"@type\":\"ReadAction\",\"target\":[\"https:\/\/www.locansol.fr\/exposition-volets-orgue-perpignan-13\/\"]}]},{\"@type\":\"ImageObject\",\"inLanguage\":\"en-GB\",\"@id\":\"https:\/\/www.locansol.fr\/exposition-volets-orgue-perpignan-13\/#primaryimage\",\"url\":\"https:\/\/www.locansol.fr\/wp-content\/uploads\/2026\/04\/exposition-volets-orgue-perpignan-12.webp\",\"contentUrl\":\"https:\/\/www.locansol.fr\/wp-content\/uploads\/2026\/04\/exposition-volets-orgue-perpignan-12.webp\",\"width\":1024,\"height\":605,\"caption\":\"Exposition La red\u00e9couverte des volets du grand orgue Perpignan\"},{\"@type\":\"BreadcrumbList\",\"@id\":\"https:\/\/www.locansol.fr\/exposition-volets-orgue-perpignan-13\/#breadcrumb\",\"itemListElement\":[{\"@type\":\"ListItem\",\"position\":1,\"name\":\"Accueil\",\"item\":\"https:\/\/www.locansol.fr\/\"},{\"@type\":\"ListItem\",\"position\":2,\"name\":\"Perpignan | 24 mars-31 mai 2026 | Exposition : La red\u00e9couverte des volets du grand orgue\"}]},{\"@type\":\"WebSite\",\"@id\":\"https:\/\/www.locansol.fr\/#website\",\"url\":\"https:\/\/www.locansol.fr\/\",\"name\":\"Locansol, louer un h\u00e9bergement dans les Pyr\u00e9n\u00e9es-Orientales\",\"description\":\"Location Mobil-home Mer M\u00e9diterran\u00e9e &amp; Chalet de Montagne dans les Pyr\u00e9n\u00e9es Orientales (Occitanie, 66). Weekend, s\u00e9jour &amp; vacances en famille et entre amis.\",\"publisher\":{\"@id\":\"https:\/\/www.locansol.fr\/#organization\"},\"alternateName\":\"Louer un h\u00e9bergement dans les Pyr\u00e9n\u00e9es Orientales, chalet & mobil-home en Occitanie\",\"potentialAction\":[{\"@type\":\"SearchAction\",\"target\":{\"@type\":\"EntryPoint\",\"urlTemplate\":\"https:\/\/www.locansol.fr\/?s={search_term_string}\"},\"query-input\":{\"@type\":\"PropertyValueSpecification\",\"valueRequired\":true,\"valueName\":\"search_term_string\"}}],\"inLanguage\":\"en-GB\"},{\"@type\":\"Organization\",\"@id\":\"https:\/\/www.locansol.fr\/#organization\",\"name\":\"Location MobilHome & chalet dans les Pyr\u00e9n\u00e9es Orientales\",\"alternateName\":\"Louer un h\u00e9bergement dans les Pyr\u00e9n\u00e9es Orientales en Occitanie\",\"url\":\"https:\/\/www.locansol.fr\/\",\"logo\":{\"@type\":\"ImageObject\",\"inLanguage\":\"en-GB\",\"@id\":\"https:\/\/www.locansol.fr\/#\/schema\/logo\/image\/\",\"url\":\"https:\/\/www.locansol.fr\/wp-content\/uploads\/2024\/04\/AdobeStock_303324767-scaled.jpeg\",\"contentUrl\":\"https:\/\/www.locansol.fr\/wp-content\/uploads\/2024\/04\/AdobeStock_303324767-scaled.jpeg\",\"width\":2560,\"height\":1707,\"caption\":\"Location MobilHome & chalet dans les Pyr\u00e9n\u00e9es Orientales\"},\"image\":{\"@id\":\"https:\/\/www.locansol.fr\/#\/schema\/logo\/image\/\"}},{\"@type\":\"Person\",\"@id\":\"https:\/\/www.locansol.fr\/#\/schema\/person\/0b08d440f1ac44674c6d498107de351d\",\"name\":\"H\u00e9bergements Locansol\",\"image\":{\"@type\":\"ImageObject\",\"inLanguage\":\"en-GB\",\"@id\":\"https:\/\/www.locansol.fr\/#\/schema\/person\/image\/\",\"url\":\"https:\/\/secure.gravatar.com\/avatar\/444436b93284204f8116b6e0eb964cd3fcb811519c737232bde6dd5743c37ee5?s=96&d=mm&r=g\",\"contentUrl\":\"https:\/\/secure.gravatar.com\/avatar\/444436b93284204f8116b6e0eb964cd3fcb811519c737232bde6dd5743c37ee5?s=96&d=mm&r=g\",\"caption\":\"H\u00e9bergements Locansol\"},\"sameAs\":[\"https:\/\/www.locansol.fr\/\"],\"url\":\"https:\/\/www.locansol.fr\/en\/author\/locansol\/\"}]}<\/script>\n<!-- \/ Yoast SEO Premium plugin. -->","yoast_head_json":{"title":"Exposition La red\u00e9couverte des volets du grand orgue Perpignan","description":"Exposition La red\u00e9couverte des volets du grand orgue Perpignan. D\u00e9couvrez l'histoire et la restauration de ces chefs-d'\u0153uvre au mus\u00e9e Hyacinthe Rigaud. Pyr\u00e9n\u00e9es-Orientales.","robots":{"index":"index","follow":"follow","max-snippet":"max-snippet:-1","max-image-preview":"max-image-preview:large","max-video-preview":"max-video-preview:-1"},"canonical":"https:\/\/www.locansol.fr\/en\/exposition-volets-orgue-perpignan-13\/","og_locale":"en_GB","og_type":"article","og_title":"D\u00e9couvrez l'art et l'histoire : Perpignan expose ses volets d'orgue monumentaux","og_description":"Immergez-vous dans l'histoire et l'art de Perpignan avec les volets du grand orgue restaur\u00e9s. Une exp\u00e9rience visuelle et \u00e9motionnelle unique au mus\u00e9e Hyacinthe Rigaud.","og_url":"https:\/\/www.locansol.fr\/en\/exposition-volets-orgue-perpignan-13\/","og_site_name":"Locansol, louer un h\u00e9bergement dans les Pyr\u00e9n\u00e9es Orientales","article_published_time":"2026-04-26T12:12:38+00:00","article_modified_time":"2026-04-26T12:12:43+00:00","og_image":[{"url":"https:\/\/www.locansol.fr\/wp-content\/uploads\/2026\/04\/exposition-volets-orgue-perpignan-12.webp","type":"","width":"","height":""}],"author":"H\u00e9bergements Locansol","twitter_card":"summary_large_image","twitter_title":"Ne manquez pas l'exposition des volets du grand orgue \u00e0 Perpignan","twitter_description":"D\u00e9couvrez l'histoire et la beaut\u00e9 des volets du grand orgue de Perpignan, expos\u00e9s au mus\u00e9e Hyacinthe Rigaud. Une exp\u00e9rience inoubliable.","twitter_image":"https:\/\/www.locansol.fr\/wp-content\/uploads\/2026\/04\/exposition-volets-orgue-perpignan-12.webp","twitter_misc":{"Written by":"H\u00e9bergements Locansol","Estimated reading time":"3 minutes"},"schema":{"@context":"https:\/\/schema.org","@graph":[{"@type":"Article","@id":"https:\/\/www.locansol.fr\/exposition-volets-orgue-perpignan-13\/#article","isPartOf":{"@id":"https:\/\/www.locansol.fr\/exposition-volets-orgue-perpignan-13\/"},"author":{"name":"H\u00e9bergements Locansol","@id":"https:\/\/www.locansol.fr\/#\/schema\/person\/0b08d440f1ac44674c6d498107de351d"},"headline":"Perpignan | 24 mars-31 mai 2026 | Exposition : La red\u00e9couverte des volets du grand orgue","datePublished":"2026-04-26T12:12:38+00:00","dateModified":"2026-04-26T12:12:43+00:00","mainEntityOfPage":{"@id":"https:\/\/www.locansol.fr\/exposition-volets-orgue-perpignan-13\/"},"wordCount":526,"publisher":{"@id":"https:\/\/www.locansol.fr\/#organization"},"image":{"@id":"https:\/\/www.locansol.fr\/exposition-volets-orgue-perpignan-13\/#primaryimage"},"thumbnailUrl":"https:\/\/www.locansol.fr\/wp-content\/uploads\/2026\/04\/exposition-volets-orgue-perpignan-12.webp","keywords":["\u00c9v\u00e8nement culturel","Pyr\u00e9n\u00e9es-Orientales"],"articleSection":["Carnaval"],"inLanguage":"en-GB"},{"@type":"WebPage","@id":"https:\/\/www.locansol.fr\/exposition-volets-orgue-perpignan-13\/","url":"https:\/\/www.locansol.fr\/exposition-volets-orgue-perpignan-13\/","name":"Exposition La red\u00e9couverte des volets du grand orgue Perpignan","isPartOf":{"@id":"https:\/\/www.locansol.fr\/#website"},"primaryImageOfPage":{"@id":"https:\/\/www.locansol.fr\/exposition-volets-orgue-perpignan-13\/#primaryimage"},"image":{"@id":"https:\/\/www.locansol.fr\/exposition-volets-orgue-perpignan-13\/#primaryimage"},"thumbnailUrl":"https:\/\/www.locansol.fr\/wp-content\/uploads\/2026\/04\/exposition-volets-orgue-perpignan-12.webp","datePublished":"2026-04-26T12:12:38+00:00","dateModified":"2026-04-26T12:12:43+00:00","description":"Exposition La red\u00e9couverte des volets du grand orgue Perpignan. D\u00e9couvrez l'histoire et la restauration de ces chefs-d'\u0153uvre au mus\u00e9e Hyacinthe Rigaud. Pyr\u00e9n\u00e9es-Orientales.","breadcrumb":{"@id":"https:\/\/www.locansol.fr\/exposition-volets-orgue-perpignan-13\/#breadcrumb"},"inLanguage":"en-GB","potentialAction":[{"@type":"ReadAction","target":["https:\/\/www.locansol.fr\/exposition-volets-orgue-perpignan-13\/"]}]},{"@type":"ImageObject","inLanguage":"en-GB","@id":"https:\/\/www.locansol.fr\/exposition-volets-orgue-perpignan-13\/#primaryimage","url":"https:\/\/www.locansol.fr\/wp-content\/uploads\/2026\/04\/exposition-volets-orgue-perpignan-12.webp","contentUrl":"https:\/\/www.locansol.fr\/wp-content\/uploads\/2026\/04\/exposition-volets-orgue-perpignan-12.webp","width":1024,"height":605,"caption":"Exposition La red\u00e9couverte des volets du grand orgue Perpignan"},{"@type":"BreadcrumbList","@id":"https:\/\/www.locansol.fr\/exposition-volets-orgue-perpignan-13\/#breadcrumb","itemListElement":[{"@type":"ListItem","position":1,"name":"Accueil","item":"https:\/\/www.locansol.fr\/"},{"@type":"ListItem","position":2,"name":"Perpignan | 24 mars-31 mai 2026 | Exposition : La red\u00e9couverte des volets du grand orgue"}]},{"@type":"WebSite","@id":"https:\/\/www.locansol.fr\/#website","url":"https:\/\/www.locansol.fr\/","name":"Locansol, louer un h\u00e9bergement dans les Pyr\u00e9n\u00e9es-Orientales","description":"Location Mobil-home Mer M\u00e9diterran\u00e9e &amp; Chalet de Montagne dans les Pyr\u00e9n\u00e9es Orientales (Occitanie, 66). Weekend, s\u00e9jour &amp; vacances en famille et entre amis.","publisher":{"@id":"https:\/\/www.locansol.fr\/#organization"},"alternateName":"Louer un h\u00e9bergement dans les Pyr\u00e9n\u00e9es Orientales, chalet & mobil-home en Occitanie","potentialAction":[{"@type":"SearchAction","target":{"@type":"EntryPoint","urlTemplate":"https:\/\/www.locansol.fr\/?s={search_term_string}"},"query-input":{"@type":"PropertyValueSpecification","valueRequired":true,"valueName":"search_term_string"}}],"inLanguage":"en-GB"},{"@type":"Organization","@id":"https:\/\/www.locansol.fr\/#organization","name":"Location MobilHome & chalet dans les Pyr\u00e9n\u00e9es Orientales","alternateName":"Louer un h\u00e9bergement dans les Pyr\u00e9n\u00e9es Orientales en Occitanie","url":"https:\/\/www.locansol.fr\/","logo":{"@type":"ImageObject","inLanguage":"en-GB","@id":"https:\/\/www.locansol.fr\/#\/schema\/logo\/image\/","url":"https:\/\/www.locansol.fr\/wp-content\/uploads\/2024\/04\/AdobeStock_303324767-scaled.jpeg","contentUrl":"https:\/\/www.locansol.fr\/wp-content\/uploads\/2024\/04\/AdobeStock_303324767-scaled.jpeg","width":2560,"height":1707,"caption":"Location MobilHome & chalet dans les Pyr\u00e9n\u00e9es Orientales"},"image":{"@id":"https:\/\/www.locansol.fr\/#\/schema\/logo\/image\/"}},{"@type":"Person","@id":"https:\/\/www.locansol.fr\/#\/schema\/person\/0b08d440f1ac44674c6d498107de351d","name":"H\u00e9bergements Locansol","image":{"@type":"ImageObject","inLanguage":"en-GB","@id":"https:\/\/www.locansol.fr\/#\/schema\/person\/image\/","url":"https:\/\/secure.gravatar.com\/avatar\/444436b93284204f8116b6e0eb964cd3fcb811519c737232bde6dd5743c37ee5?s=96&d=mm&r=g","contentUrl":"https:\/\/secure.gravatar.com\/avatar\/444436b93284204f8116b6e0eb964cd3fcb811519c737232bde6dd5743c37ee5?s=96&d=mm&r=g","caption":"H\u00e9bergements Locansol"},"sameAs":["https:\/\/www.locansol.fr\/"],"url":"https:\/\/www.locansol.fr\/en\/author\/locansol\/"}]}},"_links":{"self":[{"href":"https:\/\/www.locansol.fr\/en\/wp-json\/wp\/v2\/posts\/6590","targetHints":{"allow":["GET"]}}],"collection":[{"href":"https:\/\/www.locansol.fr\/en\/wp-json\/wp\/v2\/posts"}],"about":[{"href":"https:\/\/www.locansol.fr\/en\/wp-json\/wp\/v2\/types\/post"}],"author":[{"embeddable":true,"href":"https:\/\/www.locansol.fr\/en\/wp-json\/wp\/v2\/users\/5"}],"replies":[{"embeddable":true,"href":"https:\/\/www.locansol.fr\/en\/wp-json\/wp\/v2\/comments?post=6590"}],"version-history":[{"count":1,"href":"https:\/\/www.locansol.fr\/en\/wp-json\/wp\/v2\/posts\/6590\/revisions"}],"predecessor-version":[{"id":6591,"href":"https:\/\/www.locansol.fr\/en\/wp-json\/wp\/v2\/posts\/6590\/revisions\/6591"}],"wp:featuredmedia":[{"embeddable":true,"href":"https:\/\/www.locansol.fr\/en\/wp-json\/wp\/v2\/media\/6589"}],"wp:attachment":[{"href":"https:\/\/www.locansol.fr\/en\/wp-json\/wp\/v2\/media?parent=6590"}],"wp:term":[{"taxonomy":"category","embeddable":true,"href":"https:\/\/www.locansol.fr\/en\/wp-json\/wp\/v2\/categories?post=6590"},{"taxonomy":"post_tag","embeddable":true,"href":"https:\/\/www.locansol.fr\/en\/wp-json\/wp\/v2\/tags?post=6590"}],"curies":[{"name":"wp","href":"https:\/\/api.w.org\/{rel}","templated":true}]}}