{"id":6622,"date":"2026-04-27T08:08:43","date_gmt":"2026-04-27T06:08:43","guid":{"rendered":"https:\/\/www.locansol.fr\/volets-orgue-cathedrale-perpignan-2\/"},"modified":"2026-04-27T08:08:46","modified_gmt":"2026-04-27T06:08:46","slug":"volets-orgue-cathedrale-perpignan-2","status":"publish","type":"post","link":"https:\/\/www.locansol.fr\/en\/volets-orgue-cathedrale-perpignan-2\/","title":{"rendered":"Perpignan &#8211; 24 mars au 31 mai : Exposition sur les volets du grand orgue de la cath\u00e9drale"},"content":{"rendered":"<p>La ville de Perpignan d\u00e9voile un tr\u00e9sor insoup\u00e7onn\u00e9 de son patrimoine historique. Du 24 mars au 31 mai, la magnifique cath\u00e9drale Saint-Jean-Baptiste, situ\u00e9e au 21 Rue Mailly, invite les visiteurs \u00e0 plonger dans l\u2019histoire fascinante des volets monumentaux du grand orgue. Cette exposition unique raconte l\u2019histoire de ces impressionnantes pi\u00e8ces qui, apr\u00e8s une restauration m\u00e9ticuleuse, retrouvent enfin leur \u00e9clat d\u2019antan.<\/p>\n<p>### Une \u0153uvre monumentale \u00e0 red\u00e9couvrir<br \/>Les volets du grand orgue de la cath\u00e9drale de Perpignan sont une v\u00e9ritable prouesse artistique et technique datant de 1504. Avec leurs dimensions impressionnantes (12,6 m\u00e8tres de haut et 4,3 m\u00e8tres de large, soit plus de 83 m\u00b2 chacun), ils constituent l\u2019un des ensembles picturaux les plus imposants d\u2019Europe. Ces volets occupaient initialement une place centrale dans la liturgie, se d\u00e9ployant en fonction des moments cl\u00e9s du calendrier religieux. Peints \u00e0 la d\u00e9trempe sur toile, ils allient une riche polychromie sur le recto et une grisaille soign\u00e9e sur le verso.<\/p>\n<p>Cependant, leur histoire est marqu\u00e9e par des changements notables : au XIXe si\u00e8cle, ces volets furent enlev\u00e9s du buffet de l\u2019orgue et fix\u00e9s aux murs de la cath\u00e9drale, au-dessus de la \u00ab porte de Bethl\u00e9em \u00bb. C\u2019est ainsi qu\u2019au fil du temps, leur importance a peu \u00e0 peu sombr\u00e9 dans l\u2019oubli.<\/p>\n<p>### Un chantier de restauration exceptionnel<br \/>Gr\u00e2ce au soutien de la Direction r\u00e9gionale des affaires culturelles d\u2019Occitanie (DRAC), un projet ambitieux de restauration, d\u00e9marr\u00e9 en 2022, a permis de leur donner une seconde vie. Les sp\u00e9cialistes ayant travaill\u00e9 sur ces \u0153uvres n\u2019ont laiss\u00e9 aucun d\u00e9tail au hasard pour restituer leur \u00e9clat originel, r\u00e9v\u00e9lant une richesse artistique et une finesse technique remarquables.<\/p>\n<p>L\u2019exposition actuelle d\u00e9voile le fruit de ces efforts consid\u00e9rables. En plus de d\u00e9couvrir les volets eux-m\u00eames, les visiteurs auront acc\u00e8s \u00e0 des explications compl\u00e8tes sur les techniques employ\u00e9es pour leur restauration. C\u2019est l\u2019occasion d\u2019appr\u00e9hender l\u2019importance culturelle, historique et spirituelle des volets dans le contexte de la cath\u00e9drale et, plus g\u00e9n\u00e9ralement, de la r\u00e9gion.<\/p>\n<p>### Une exp\u00e9rience culturelle unique pour tous<br \/>Cette exposition s\u2019adresse \u00e0 tous : amateurs d\u2019art, passionn\u00e9s d\u2019histoire, ou simples curieux \u00e0 la recherche d\u2019une exp\u00e9rience immersive au c\u0153ur du patrimoine local. La d\u00e9couverte des volets du grand orgue dote Perpignan d\u2019une richesse suppl\u00e9mentaire, ancr\u00e9e dans son histoire et dans un contexte architectural unique. En visitant l\u2019exposition, vous serez \u00e9merveill\u00e9 par la grandeur de ces \u0153uvres et leur histoire incroyable.<\/p>\n<p>### Venez explorer ce joyau du patrimoine perpignanais<br \/>Que vous habitiez Perpignan ou soyez simplement de passage, prenez le temps de visiter la cath\u00e9drale Saint-Jean-Baptiste pour vivre une exp\u00e9rience culturelle enrichissante. Ne laissez pas passer cette opportunit\u00e9 rare de contempler de pr\u00e8s ce chef-d\u2019\u0153uvre restaur\u00e9, t\u00e9moin d\u2019une \u00e9poque r\u00e9volue et d\u2019un savoir-faire remarquable.<\/p>\n<p>N\u2019attendez plus : prenez vos billets et laissez-vous envo\u00fbter par la splendeur des volets du grand orgue, une visite qui apportera une dimension culturelle et spirituelle \u00e0 votre s\u00e9jour dans les Pyr\u00e9n\u00e9es-Orientales.<\/p>\n<h3>Practical information<\/h3>\n<p>\ud83d\udcc5 QUAND ? Du 24 mars au 31 mai<br \/>\ud83d\udccd O\u00d9 ? 21 Rue Mailly, Perpignan<br \/>\ud83d\udcb6 COMBIEN ? 8,00 \u20ac<\/p>","protected":false},"excerpt":{"rendered":"<p>D\u00e9couvrez l&rsquo;exposition exceptionnelle des volets restaur\u00e9s du grand orgue de la cath\u00e9drale de Perpignan, un chef-d&rsquo;\u0153uvre monumental de l&rsquo;art europ\u00e9en.<\/p>","protected":false},"author":5,"featured_media":6621,"comment_status":"closed","ping_status":"open","sticky":false,"template":"","format":"standard","meta":{"_yoast_wpseo_focuskw":"Volets orgue cath\u00e9drale Perpignan","_yoast_wpseo_title":"Exposition volets grand orgue cath\u00e9drale Perpignan - 24 mars au 31 mai","_yoast_wpseo_metadesc":"Exposition volets grand orgue cath\u00e9drale Perpignan. D\u00e9couvrez l'histoire fascinante des volets monumentaux du grand orgue de la cath\u00e9drale Saint-Jean-Baptiste. Une exp\u00e9rience culturelle unique dans les Pyr\u00e9n\u00e9es-Orientales.","_yoast_wpseo_canonical":"","_yoast_wpseo_opengraph-title":"D\u00e9couvrez un tr\u00e9sor cach\u00e9 : les volets du grand orgue de Perpignan \u2014 Une plong\u00e9e dans l'histoire","_yoast_wpseo_opengraph-description":"Plongez dans l'univers fascinant des volets monumentaux du grand orgue de la cath\u00e9drale de Perpignan. D\u00e9couvrez leur histoire, leur restauration et leur \u00e9clat d'antan. Une exp\u00e9rience immersive \u00e0 ne pas manquer.","_yoast_wpseo_opengraph-image":"https:\/\/www.locansol.fr\/wp-content\/uploads\/2026\/04\/volets-orgue-cathedrale-perpignan-1.webp","_yoast_wpseo_opengraph-image-id":"","_yoast_wpseo_twitter-title":"D\u00e9couvrez les volets du grand orgue de Perpignan \u2014 Une exposition \u00e0 ne pas manquer !","_yoast_wpseo_twitter-description":"Plongez dans l'histoire fascinante des volets du grand orgue de la cath\u00e9drale de Perpignan. Une exposition unique du 24 mars au 31 mai. \u00c0 ne pas manquer !","_yoast_wpseo_twitter-image":"https:\/\/www.locansol.fr\/wp-content\/uploads\/2026\/04\/volets-orgue-cathedrale-perpignan-1.webp","_yoast_wpseo_twitter-image-id":"","yoast_primary_category":"Exposition","footnotes":""},"categories":[35],"tags":[66,76],"class_list":["post-6622","post","type-post","status-publish","format-standard","has-post-thumbnail","hentry","category-carnaval","tag-evenement-culturel","tag-pyrenees-orientales"],"yoast_head":"<!-- This site is optimized with the Yoast SEO Premium plugin v23.3 (Yoast SEO v26.9) - https:\/\/yoast.com\/product\/yoast-seo-premium-wordpress\/ -->\n<title>Exposition volets grand orgue cath\u00e9drale Perpignan - 24 mars au 31 mai<\/title>\n<meta name=\"description\" content=\"Exposition volets grand orgue cath\u00e9drale Perpignan. D\u00e9couvrez l&#039;histoire fascinante des volets monumentaux du grand orgue de la cath\u00e9drale Saint-Jean-Baptiste. Une exp\u00e9rience culturelle unique dans les Pyr\u00e9n\u00e9es-Orientales.\" \/>\n<meta name=\"robots\" content=\"index, follow, max-snippet:-1, max-image-preview:large, max-video-preview:-1\" \/>\n<link rel=\"canonical\" href=\"https:\/\/www.locansol.fr\/en\/volets-orgue-cathedrale-perpignan-2\/\" \/>\n<meta property=\"og:locale\" content=\"en_GB\" \/>\n<meta property=\"og:type\" content=\"article\" \/>\n<meta property=\"og:title\" content=\"D\u00e9couvrez un tr\u00e9sor cach\u00e9 : les volets du grand orgue de Perpignan \u2014 Une plong\u00e9e dans l&#039;histoire\" \/>\n<meta property=\"og:description\" content=\"Plongez dans l&#039;univers fascinant des volets monumentaux du grand orgue de la cath\u00e9drale de Perpignan. D\u00e9couvrez leur histoire, leur restauration et leur \u00e9clat d&#039;antan. Une exp\u00e9rience immersive \u00e0 ne pas manquer.\" \/>\n<meta property=\"og:url\" content=\"https:\/\/www.locansol.fr\/en\/volets-orgue-cathedrale-perpignan-2\/\" \/>\n<meta property=\"og:site_name\" content=\"Locansol, louer un h\u00e9bergement dans les Pyr\u00e9n\u00e9es Orientales\" \/>\n<meta property=\"article:published_time\" content=\"2026-04-27T06:08:43+00:00\" \/>\n<meta property=\"article:modified_time\" content=\"2026-04-27T06:08:46+00:00\" \/>\n<meta property=\"og:image\" content=\"https:\/\/www.locansol.fr\/wp-content\/uploads\/2026\/04\/volets-orgue-cathedrale-perpignan-1.webp\" \/>\n<meta name=\"author\" content=\"H\u00e9bergements Locansol\" \/>\n<meta name=\"twitter:card\" content=\"summary_large_image\" \/>\n<meta name=\"twitter:title\" content=\"D\u00e9couvrez les volets du grand orgue de Perpignan \u2014 Une exposition \u00e0 ne pas manquer !\" \/>\n<meta name=\"twitter:description\" content=\"Plongez dans l&#039;histoire fascinante des volets du grand orgue de la cath\u00e9drale de Perpignan. Une exposition unique du 24 mars au 31 mai. \u00c0 ne pas manquer !\" \/>\n<meta name=\"twitter:image\" content=\"https:\/\/www.locansol.fr\/wp-content\/uploads\/2026\/04\/volets-orgue-cathedrale-perpignan-1.webp\" \/>\n<meta name=\"twitter:label1\" content=\"Written by\" \/>\n\t<meta name=\"twitter:data1\" content=\"H\u00e9bergements Locansol\" \/>\n\t<meta name=\"twitter:label2\" content=\"Estimated reading time\" \/>\n\t<meta name=\"twitter:data2\" content=\"3 minutes\" \/>\n<script type=\"application\/ld+json\" class=\"yoast-schema-graph\">{\"@context\":\"https:\/\/schema.org\",\"@graph\":[{\"@type\":\"Article\",\"@id\":\"https:\/\/www.locansol.fr\/volets-orgue-cathedrale-perpignan-2\/#article\",\"isPartOf\":{\"@id\":\"https:\/\/www.locansol.fr\/volets-orgue-cathedrale-perpignan-2\/\"},\"author\":{\"name\":\"H\u00e9bergements Locansol\",\"@id\":\"https:\/\/www.locansol.fr\/#\/schema\/person\/0b08d440f1ac44674c6d498107de351d\"},\"headline\":\"Perpignan &#8211; 24 mars au 31 mai : Exposition sur les volets du grand orgue de la cath\u00e9drale\",\"datePublished\":\"2026-04-27T06:08:43+00:00\",\"dateModified\":\"2026-04-27T06:08:46+00:00\",\"mainEntityOfPage\":{\"@id\":\"https:\/\/www.locansol.fr\/volets-orgue-cathedrale-perpignan-2\/\"},\"wordCount\":558,\"publisher\":{\"@id\":\"https:\/\/www.locansol.fr\/#organization\"},\"image\":{\"@id\":\"https:\/\/www.locansol.fr\/volets-orgue-cathedrale-perpignan-2\/#primaryimage\"},\"thumbnailUrl\":\"https:\/\/www.locansol.fr\/wp-content\/uploads\/2026\/04\/volets-orgue-cathedrale-perpignan-1.webp\",\"keywords\":[\"\u00c9v\u00e8nement culturel\",\"Pyr\u00e9n\u00e9es-Orientales\"],\"articleSection\":[\"Carnaval\"],\"inLanguage\":\"en-GB\"},{\"@type\":\"WebPage\",\"@id\":\"https:\/\/www.locansol.fr\/volets-orgue-cathedrale-perpignan-2\/\",\"url\":\"https:\/\/www.locansol.fr\/volets-orgue-cathedrale-perpignan-2\/\",\"name\":\"Exposition volets grand orgue cath\u00e9drale Perpignan - 24 mars au 31 mai\",\"isPartOf\":{\"@id\":\"https:\/\/www.locansol.fr\/#website\"},\"primaryImageOfPage\":{\"@id\":\"https:\/\/www.locansol.fr\/volets-orgue-cathedrale-perpignan-2\/#primaryimage\"},\"image\":{\"@id\":\"https:\/\/www.locansol.fr\/volets-orgue-cathedrale-perpignan-2\/#primaryimage\"},\"thumbnailUrl\":\"https:\/\/www.locansol.fr\/wp-content\/uploads\/2026\/04\/volets-orgue-cathedrale-perpignan-1.webp\",\"datePublished\":\"2026-04-27T06:08:43+00:00\",\"dateModified\":\"2026-04-27T06:08:46+00:00\",\"description\":\"Exposition volets grand orgue cath\u00e9drale Perpignan. D\u00e9couvrez l'histoire fascinante des volets monumentaux du grand orgue de la cath\u00e9drale Saint-Jean-Baptiste. Une exp\u00e9rience culturelle unique dans les Pyr\u00e9n\u00e9es-Orientales.\",\"breadcrumb\":{\"@id\":\"https:\/\/www.locansol.fr\/volets-orgue-cathedrale-perpignan-2\/#breadcrumb\"},\"inLanguage\":\"en-GB\",\"potentialAction\":[{\"@type\":\"ReadAction\",\"target\":[\"https:\/\/www.locansol.fr\/volets-orgue-cathedrale-perpignan-2\/\"]}]},{\"@type\":\"ImageObject\",\"inLanguage\":\"en-GB\",\"@id\":\"https:\/\/www.locansol.fr\/volets-orgue-cathedrale-perpignan-2\/#primaryimage\",\"url\":\"https:\/\/www.locansol.fr\/wp-content\/uploads\/2026\/04\/volets-orgue-cathedrale-perpignan-1.webp\",\"contentUrl\":\"https:\/\/www.locansol.fr\/wp-content\/uploads\/2026\/04\/volets-orgue-cathedrale-perpignan-1.webp\",\"width\":1024,\"height\":605,\"caption\":\"Exposition volets grand orgue cath\u00e9drale Perpignan - 24 mars au 31 mai\"},{\"@type\":\"BreadcrumbList\",\"@id\":\"https:\/\/www.locansol.fr\/volets-orgue-cathedrale-perpignan-2\/#breadcrumb\",\"itemListElement\":[{\"@type\":\"ListItem\",\"position\":1,\"name\":\"Accueil\",\"item\":\"https:\/\/www.locansol.fr\/\"},{\"@type\":\"ListItem\",\"position\":2,\"name\":\"Perpignan &#8211; 24 mars au 31 mai : Exposition sur les volets du grand orgue de la cath\u00e9drale\"}]},{\"@type\":\"WebSite\",\"@id\":\"https:\/\/www.locansol.fr\/#website\",\"url\":\"https:\/\/www.locansol.fr\/\",\"name\":\"Locansol, louer un h\u00e9bergement dans les Pyr\u00e9n\u00e9es-Orientales\",\"description\":\"Location Mobil-home Mer M\u00e9diterran\u00e9e &amp; Chalet de Montagne dans les Pyr\u00e9n\u00e9es Orientales (Occitanie, 66). Weekend, s\u00e9jour &amp; vacances en famille et entre amis.\",\"publisher\":{\"@id\":\"https:\/\/www.locansol.fr\/#organization\"},\"alternateName\":\"Louer un h\u00e9bergement dans les Pyr\u00e9n\u00e9es Orientales, chalet & mobil-home en Occitanie\",\"potentialAction\":[{\"@type\":\"SearchAction\",\"target\":{\"@type\":\"EntryPoint\",\"urlTemplate\":\"https:\/\/www.locansol.fr\/?s={search_term_string}\"},\"query-input\":{\"@type\":\"PropertyValueSpecification\",\"valueRequired\":true,\"valueName\":\"search_term_string\"}}],\"inLanguage\":\"en-GB\"},{\"@type\":\"Organization\",\"@id\":\"https:\/\/www.locansol.fr\/#organization\",\"name\":\"Location MobilHome & chalet dans les Pyr\u00e9n\u00e9es Orientales\",\"alternateName\":\"Louer un h\u00e9bergement dans les Pyr\u00e9n\u00e9es Orientales en Occitanie\",\"url\":\"https:\/\/www.locansol.fr\/\",\"logo\":{\"@type\":\"ImageObject\",\"inLanguage\":\"en-GB\",\"@id\":\"https:\/\/www.locansol.fr\/#\/schema\/logo\/image\/\",\"url\":\"https:\/\/www.locansol.fr\/wp-content\/uploads\/2024\/04\/AdobeStock_303324767-scaled.jpeg\",\"contentUrl\":\"https:\/\/www.locansol.fr\/wp-content\/uploads\/2024\/04\/AdobeStock_303324767-scaled.jpeg\",\"width\":2560,\"height\":1707,\"caption\":\"Location MobilHome & chalet dans les Pyr\u00e9n\u00e9es Orientales\"},\"image\":{\"@id\":\"https:\/\/www.locansol.fr\/#\/schema\/logo\/image\/\"}},{\"@type\":\"Person\",\"@id\":\"https:\/\/www.locansol.fr\/#\/schema\/person\/0b08d440f1ac44674c6d498107de351d\",\"name\":\"H\u00e9bergements Locansol\",\"image\":{\"@type\":\"ImageObject\",\"inLanguage\":\"en-GB\",\"@id\":\"https:\/\/www.locansol.fr\/#\/schema\/person\/image\/\",\"url\":\"https:\/\/secure.gravatar.com\/avatar\/444436b93284204f8116b6e0eb964cd3fcb811519c737232bde6dd5743c37ee5?s=96&d=mm&r=g\",\"contentUrl\":\"https:\/\/secure.gravatar.com\/avatar\/444436b93284204f8116b6e0eb964cd3fcb811519c737232bde6dd5743c37ee5?s=96&d=mm&r=g\",\"caption\":\"H\u00e9bergements Locansol\"},\"sameAs\":[\"https:\/\/www.locansol.fr\/\"],\"url\":\"https:\/\/www.locansol.fr\/en\/author\/locansol\/\"}]}<\/script>\n<!-- \/ Yoast SEO Premium plugin. -->","yoast_head_json":{"title":"Exposition volets grand orgue cath\u00e9drale Perpignan - 24 mars au 31 mai","description":"Exposition volets grand orgue cath\u00e9drale Perpignan. D\u00e9couvrez l'histoire fascinante des volets monumentaux du grand orgue de la cath\u00e9drale Saint-Jean-Baptiste. Une exp\u00e9rience culturelle unique dans les Pyr\u00e9n\u00e9es-Orientales.","robots":{"index":"index","follow":"follow","max-snippet":"max-snippet:-1","max-image-preview":"max-image-preview:large","max-video-preview":"max-video-preview:-1"},"canonical":"https:\/\/www.locansol.fr\/en\/volets-orgue-cathedrale-perpignan-2\/","og_locale":"en_GB","og_type":"article","og_title":"D\u00e9couvrez un tr\u00e9sor cach\u00e9 : les volets du grand orgue de Perpignan \u2014 Une plong\u00e9e dans l'histoire","og_description":"Plongez dans l'univers fascinant des volets monumentaux du grand orgue de la cath\u00e9drale de Perpignan. D\u00e9couvrez leur histoire, leur restauration et leur \u00e9clat d'antan. Une exp\u00e9rience immersive \u00e0 ne pas manquer.","og_url":"https:\/\/www.locansol.fr\/en\/volets-orgue-cathedrale-perpignan-2\/","og_site_name":"Locansol, louer un h\u00e9bergement dans les Pyr\u00e9n\u00e9es Orientales","article_published_time":"2026-04-27T06:08:43+00:00","article_modified_time":"2026-04-27T06:08:46+00:00","og_image":[{"url":"https:\/\/www.locansol.fr\/wp-content\/uploads\/2026\/04\/volets-orgue-cathedrale-perpignan-1.webp","type":"","width":"","height":""}],"author":"H\u00e9bergements Locansol","twitter_card":"summary_large_image","twitter_title":"D\u00e9couvrez les volets du grand orgue de Perpignan \u2014 Une exposition \u00e0 ne pas manquer !","twitter_description":"Plongez dans l'histoire fascinante des volets du grand orgue de la cath\u00e9drale de Perpignan. Une exposition unique du 24 mars au 31 mai. \u00c0 ne pas manquer !","twitter_image":"https:\/\/www.locansol.fr\/wp-content\/uploads\/2026\/04\/volets-orgue-cathedrale-perpignan-1.webp","twitter_misc":{"Written by":"H\u00e9bergements Locansol","Estimated reading time":"3 minutes"},"schema":{"@context":"https:\/\/schema.org","@graph":[{"@type":"Article","@id":"https:\/\/www.locansol.fr\/volets-orgue-cathedrale-perpignan-2\/#article","isPartOf":{"@id":"https:\/\/www.locansol.fr\/volets-orgue-cathedrale-perpignan-2\/"},"author":{"name":"H\u00e9bergements Locansol","@id":"https:\/\/www.locansol.fr\/#\/schema\/person\/0b08d440f1ac44674c6d498107de351d"},"headline":"Perpignan &#8211; 24 mars au 31 mai : Exposition sur les volets du grand orgue de la cath\u00e9drale","datePublished":"2026-04-27T06:08:43+00:00","dateModified":"2026-04-27T06:08:46+00:00","mainEntityOfPage":{"@id":"https:\/\/www.locansol.fr\/volets-orgue-cathedrale-perpignan-2\/"},"wordCount":558,"publisher":{"@id":"https:\/\/www.locansol.fr\/#organization"},"image":{"@id":"https:\/\/www.locansol.fr\/volets-orgue-cathedrale-perpignan-2\/#primaryimage"},"thumbnailUrl":"https:\/\/www.locansol.fr\/wp-content\/uploads\/2026\/04\/volets-orgue-cathedrale-perpignan-1.webp","keywords":["\u00c9v\u00e8nement culturel","Pyr\u00e9n\u00e9es-Orientales"],"articleSection":["Carnaval"],"inLanguage":"en-GB"},{"@type":"WebPage","@id":"https:\/\/www.locansol.fr\/volets-orgue-cathedrale-perpignan-2\/","url":"https:\/\/www.locansol.fr\/volets-orgue-cathedrale-perpignan-2\/","name":"Exposition volets grand orgue cath\u00e9drale Perpignan - 24 mars au 31 mai","isPartOf":{"@id":"https:\/\/www.locansol.fr\/#website"},"primaryImageOfPage":{"@id":"https:\/\/www.locansol.fr\/volets-orgue-cathedrale-perpignan-2\/#primaryimage"},"image":{"@id":"https:\/\/www.locansol.fr\/volets-orgue-cathedrale-perpignan-2\/#primaryimage"},"thumbnailUrl":"https:\/\/www.locansol.fr\/wp-content\/uploads\/2026\/04\/volets-orgue-cathedrale-perpignan-1.webp","datePublished":"2026-04-27T06:08:43+00:00","dateModified":"2026-04-27T06:08:46+00:00","description":"Exposition volets grand orgue cath\u00e9drale Perpignan. D\u00e9couvrez l'histoire fascinante des volets monumentaux du grand orgue de la cath\u00e9drale Saint-Jean-Baptiste. Une exp\u00e9rience culturelle unique dans les Pyr\u00e9n\u00e9es-Orientales.","breadcrumb":{"@id":"https:\/\/www.locansol.fr\/volets-orgue-cathedrale-perpignan-2\/#breadcrumb"},"inLanguage":"en-GB","potentialAction":[{"@type":"ReadAction","target":["https:\/\/www.locansol.fr\/volets-orgue-cathedrale-perpignan-2\/"]}]},{"@type":"ImageObject","inLanguage":"en-GB","@id":"https:\/\/www.locansol.fr\/volets-orgue-cathedrale-perpignan-2\/#primaryimage","url":"https:\/\/www.locansol.fr\/wp-content\/uploads\/2026\/04\/volets-orgue-cathedrale-perpignan-1.webp","contentUrl":"https:\/\/www.locansol.fr\/wp-content\/uploads\/2026\/04\/volets-orgue-cathedrale-perpignan-1.webp","width":1024,"height":605,"caption":"Exposition volets grand orgue cath\u00e9drale Perpignan - 24 mars au 31 mai"},{"@type":"BreadcrumbList","@id":"https:\/\/www.locansol.fr\/volets-orgue-cathedrale-perpignan-2\/#breadcrumb","itemListElement":[{"@type":"ListItem","position":1,"name":"Accueil","item":"https:\/\/www.locansol.fr\/"},{"@type":"ListItem","position":2,"name":"Perpignan &#8211; 24 mars au 31 mai : Exposition sur les volets du grand orgue de la cath\u00e9drale"}]},{"@type":"WebSite","@id":"https:\/\/www.locansol.fr\/#website","url":"https:\/\/www.locansol.fr\/","name":"Locansol, louer un h\u00e9bergement dans les Pyr\u00e9n\u00e9es-Orientales","description":"Location Mobil-home Mer M\u00e9diterran\u00e9e &amp; Chalet de Montagne dans les Pyr\u00e9n\u00e9es Orientales (Occitanie, 66). Weekend, s\u00e9jour &amp; vacances en famille et entre amis.","publisher":{"@id":"https:\/\/www.locansol.fr\/#organization"},"alternateName":"Louer un h\u00e9bergement dans les Pyr\u00e9n\u00e9es Orientales, chalet & mobil-home en Occitanie","potentialAction":[{"@type":"SearchAction","target":{"@type":"EntryPoint","urlTemplate":"https:\/\/www.locansol.fr\/?s={search_term_string}"},"query-input":{"@type":"PropertyValueSpecification","valueRequired":true,"valueName":"search_term_string"}}],"inLanguage":"en-GB"},{"@type":"Organization","@id":"https:\/\/www.locansol.fr\/#organization","name":"Location MobilHome & chalet dans les Pyr\u00e9n\u00e9es Orientales","alternateName":"Louer un h\u00e9bergement dans les Pyr\u00e9n\u00e9es Orientales en Occitanie","url":"https:\/\/www.locansol.fr\/","logo":{"@type":"ImageObject","inLanguage":"en-GB","@id":"https:\/\/www.locansol.fr\/#\/schema\/logo\/image\/","url":"https:\/\/www.locansol.fr\/wp-content\/uploads\/2024\/04\/AdobeStock_303324767-scaled.jpeg","contentUrl":"https:\/\/www.locansol.fr\/wp-content\/uploads\/2024\/04\/AdobeStock_303324767-scaled.jpeg","width":2560,"height":1707,"caption":"Location MobilHome & chalet dans les Pyr\u00e9n\u00e9es Orientales"},"image":{"@id":"https:\/\/www.locansol.fr\/#\/schema\/logo\/image\/"}},{"@type":"Person","@id":"https:\/\/www.locansol.fr\/#\/schema\/person\/0b08d440f1ac44674c6d498107de351d","name":"H\u00e9bergements Locansol","image":{"@type":"ImageObject","inLanguage":"en-GB","@id":"https:\/\/www.locansol.fr\/#\/schema\/person\/image\/","url":"https:\/\/secure.gravatar.com\/avatar\/444436b93284204f8116b6e0eb964cd3fcb811519c737232bde6dd5743c37ee5?s=96&d=mm&r=g","contentUrl":"https:\/\/secure.gravatar.com\/avatar\/444436b93284204f8116b6e0eb964cd3fcb811519c737232bde6dd5743c37ee5?s=96&d=mm&r=g","caption":"H\u00e9bergements Locansol"},"sameAs":["https:\/\/www.locansol.fr\/"],"url":"https:\/\/www.locansol.fr\/en\/author\/locansol\/"}]}},"_links":{"self":[{"href":"https:\/\/www.locansol.fr\/en\/wp-json\/wp\/v2\/posts\/6622","targetHints":{"allow":["GET"]}}],"collection":[{"href":"https:\/\/www.locansol.fr\/en\/wp-json\/wp\/v2\/posts"}],"about":[{"href":"https:\/\/www.locansol.fr\/en\/wp-json\/wp\/v2\/types\/post"}],"author":[{"embeddable":true,"href":"https:\/\/www.locansol.fr\/en\/wp-json\/wp\/v2\/users\/5"}],"replies":[{"embeddable":true,"href":"https:\/\/www.locansol.fr\/en\/wp-json\/wp\/v2\/comments?post=6622"}],"version-history":[{"count":1,"href":"https:\/\/www.locansol.fr\/en\/wp-json\/wp\/v2\/posts\/6622\/revisions"}],"predecessor-version":[{"id":6623,"href":"https:\/\/www.locansol.fr\/en\/wp-json\/wp\/v2\/posts\/6622\/revisions\/6623"}],"wp:featuredmedia":[{"embeddable":true,"href":"https:\/\/www.locansol.fr\/en\/wp-json\/wp\/v2\/media\/6621"}],"wp:attachment":[{"href":"https:\/\/www.locansol.fr\/en\/wp-json\/wp\/v2\/media?parent=6622"}],"wp:term":[{"taxonomy":"category","embeddable":true,"href":"https:\/\/www.locansol.fr\/en\/wp-json\/wp\/v2\/categories?post=6622"},{"taxonomy":"post_tag","embeddable":true,"href":"https:\/\/www.locansol.fr\/en\/wp-json\/wp\/v2\/tags?post=6622"}],"curies":[{"name":"wp","href":"https:\/\/api.w.org\/{rel}","templated":true}]}}