{"id":6666,"date":"2026-04-28T14:10:25","date_gmt":"2026-04-28T12:10:25","guid":{"rendered":"https:\/\/www.locansol.fr\/exposition-art-monumental-perpignan\/"},"modified":"2026-04-28T14:10:30","modified_gmt":"2026-04-28T12:10:30","slug":"exposition-art-monumental-perpignan","status":"publish","type":"post","link":"https:\/\/www.locansol.fr\/en\/exposition-art-monumental-perpignan\/","title":{"rendered":"Perpignan, mars-mai 2024 : Exposition d&rsquo;art monumental \u00e0 la cath\u00e9drale Saint-Jean-Baptiste"},"content":{"rendered":"<p>Du 24 mars au 31 mai 2024, plongez dans l\u2019histoire et l\u2019art avec l\u2019exposition \u00ab La red\u00e9couverte d\u2019un chef-d\u2019\u0153uvre monumental : les volets du grand orgue de la cath\u00e9drale de Perpignan \u00bb. Cet \u00e9v\u00e9nement fascinant, organis\u00e9 \u00e0 la cath\u00e9drale Saint-Jean-Baptiste de Perpignan, vous invite \u00e0 admirer un tr\u00e9sor restaur\u00e9 qui t\u00e9moigne d\u2019un savoir-faire artistique \u00e9poustouflant.<\/p>\n<p>Les volets du grand orgue de la cath\u00e9drale, restaur\u00e9s apr\u00e8s un minutieux chantier amorc\u00e9 en 2022 sous l\u2019\u00e9gide de la Direction r\u00e9gionale des affaires culturelles d\u2019Occitanie, sont \u00e0 l\u2019honneur. Ces peintures titanesques, d\u2019une hauteur de 12,6 m\u00e8tres et d\u2019une largeur de 4,3 m\u00e8tres, comptent parmi les plus imposantes de ce type en Europe. R\u00e9alis\u00e9es en 1504, elles enrichissaient jadis le buffet de l\u2019orgue et s\u2019animaient selon le calendrier liturgique, m\u00ealant harmonieusement musique, architecture et images sacr\u00e9es.<\/p>\n<p>D\u2019un c\u00f4t\u00e9, vous d\u00e9couvrirez de vibrantes repr\u00e9sentations en polychromie, tandis que l\u2019autre face r\u00e9v\u00e8le des motifs en grisaille, offrant un contraste saisissant entre couleur et monochromie. Cette dualit\u00e9 visuelle sublime la dimension artistique et spirituelle des \u0153uvres. Malheureusement rel\u00e9gu\u00e9s au XIXe si\u00e8cle en hauteur, au-dessus de la porte dite de Bethl\u00e9em, ces volets avaient alors \u00e9t\u00e9 rendus difficilement visibles. Gr\u00e2ce \u00e0 leur r\u00e9cente restauration, ils retrouvent aujourd\u2019hui leur \u00e9clat d\u2019antan et leur importance patrimoniale.<\/p>\n<p>La cath\u00e9drale Saint-Jean-Baptiste, \u00e9crin de cette exposition exceptionnelle, est elle-m\u00eame un joyau de l\u2019architecture gothique m\u00e9ridionale. Construite \u00e0 partir de 1324 sur l\u2019impulsion de San\u00e7 de Majorque, son histoire est indissociable de celle de la ville de Perpignan. Elle a succ\u00e9d\u00e9 \u00e0 l\u2019\u00e9glise romane Saint-Jean-le-Vieux pour devenir l\u2019un des monuments les plus embl\u00e9matiques de la r\u00e9gion.<\/p>\n<p>Au-del\u00e0 de l\u2019\u00e9tonnement devant ces chefs-d\u2019\u0153uvre, l\u2019exposition promet une v\u00e9ritable immersion culturelle. Les visiteurs auront l\u2019occasion d\u2019appr\u00e9cier non seulement la magnificence des volets restaur\u00e9s, mais aussi de s\u2019immerger dans le cadre magique de la cath\u00e9drale avec ses impressionnantes vo\u00fbtes et son riche mobilier d\u2019\u00e9poque. Pour ne rien manquer de ce rendez-vous unique avec l\u2019Histoire, inscrivez la visite de cette exposition dans votre agenda : une parenth\u00e8se culturelle pr\u00e9cieuse et inspirante vous attend !<\/p>\n<p>\ud83d\udcc5 QUAND ? Du 24 mars au 31 mai 2024<br \/>\ud83d\udccd O\u00d9 ? Cath\u00e9drale Saint-Jean-Baptiste, 21 Rue Mailly, Perpignan<br \/>\ud83d\udcb6 COMBIEN ? 8,00 \u20ac<\/p>\n<h3>Practical information<\/h3>\n<p>\ud83d\udcc5 QUAND ? Du 24 mars au 31 mai 2024<br \/>\ud83d\udccd O\u00d9 ? Cath\u00e9drale Saint-Jean-Baptiste, 21 Rue Mailly, Perpignan<br \/>\ud83d\udcb6 COMBIEN ? 8,00 \u20ac<\/p>","protected":false},"excerpt":{"rendered":"<p>D\u00e9couvrez l&rsquo;exposition des volets monumentaux du grand orgue de la cath\u00e9drale Saint-Jean-Baptiste \u00e0 Perpignan, restaur\u00e9s et mis en lumi\u00e8re du 24 mars au 31 mai 2024.<\/p>","protected":false},"author":5,"featured_media":6665,"comment_status":"closed","ping_status":"open","sticky":false,"template":"","format":"standard","meta":{"_yoast_wpseo_focuskw":"Exposition art monumental Perpignan","_yoast_wpseo_title":"Exposition d'art monumental Perpignan - Cath\u00e9drale Saint-Jean-Baptiste","_yoast_wpseo_metadesc":"Exposition d'art monumental Perpignan. D\u00e9couvrez les volets restaur\u00e9s du grand orgue de la cath\u00e9drale Saint-Jean-Baptiste, un tr\u00e9sor artistique des Pyr\u00e9n\u00e9es-Orientales. Plongez dans l\u2019histoire et l\u2019art avec des peintures titanesques.","_yoast_wpseo_canonical":"","_yoast_wpseo_opengraph-title":"D\u00e9couvrez un tr\u00e9sor artistique : Perpignan \u2014 Exposition monumentale","_yoast_wpseo_opengraph-description":"Plongez dans l\u2019\u00e9clat des volets restaur\u00e9s du grand orgue de la cath\u00e9drale Saint-Jean-Baptiste. Une immersion unique dans l\u2019art et l\u2019histoire \u00e0 Perpignan.","_yoast_wpseo_opengraph-image":"https:\/\/www.locansol.fr\/wp-content\/uploads\/2026\/04\/exposition-art-monumental-perpignan.webp","_yoast_wpseo_opengraph-image-id":"","_yoast_wpseo_twitter-title":"Exposition monumentale \u00e0 Perpignan : un voyage dans l\u2019art","_yoast_wpseo_twitter-description":"D\u00e9couvrez les volets restaur\u00e9s du grand orgue de la cath\u00e9drale Saint-Jean-Baptiste \u00e0 Perpignan. Une exp\u00e9rience artistique et historique unique.","_yoast_wpseo_twitter-image":"https:\/\/www.locansol.fr\/wp-content\/uploads\/2026\/04\/exposition-art-monumental-perpignan.webp","_yoast_wpseo_twitter-image-id":"","yoast_primary_category":"Exposition","footnotes":""},"categories":[35],"tags":[66,76],"class_list":["post-6666","post","type-post","status-publish","format-standard","has-post-thumbnail","hentry","category-carnaval","tag-evenement-culturel","tag-pyrenees-orientales"],"yoast_head":"<!-- This site is optimized with the Yoast SEO Premium plugin v23.3 (Yoast SEO v26.9) - https:\/\/yoast.com\/product\/yoast-seo-premium-wordpress\/ -->\n<title>Exposition d&#039;art monumental Perpignan - Cath\u00e9drale Saint-Jean-Baptiste<\/title>\n<meta name=\"description\" content=\"Exposition d&#039;art monumental Perpignan. D\u00e9couvrez les volets restaur\u00e9s du grand orgue de la cath\u00e9drale Saint-Jean-Baptiste, un tr\u00e9sor artistique des Pyr\u00e9n\u00e9es-Orientales. Plongez dans l\u2019histoire et l\u2019art avec des peintures titanesques.\" \/>\n<meta name=\"robots\" content=\"index, follow, max-snippet:-1, max-image-preview:large, max-video-preview:-1\" \/>\n<link rel=\"canonical\" href=\"https:\/\/www.locansol.fr\/en\/exposition-art-monumental-perpignan\/\" \/>\n<meta property=\"og:locale\" content=\"en_GB\" \/>\n<meta property=\"og:type\" content=\"article\" \/>\n<meta property=\"og:title\" content=\"D\u00e9couvrez un tr\u00e9sor artistique : Perpignan \u2014 Exposition monumentale\" \/>\n<meta property=\"og:description\" content=\"Plongez dans l\u2019\u00e9clat des volets restaur\u00e9s du grand orgue de la cath\u00e9drale Saint-Jean-Baptiste. Une immersion unique dans l\u2019art et l\u2019histoire \u00e0 Perpignan.\" \/>\n<meta property=\"og:url\" content=\"https:\/\/www.locansol.fr\/en\/exposition-art-monumental-perpignan\/\" \/>\n<meta property=\"og:site_name\" content=\"Locansol, louer un h\u00e9bergement dans les Pyr\u00e9n\u00e9es Orientales\" \/>\n<meta property=\"article:published_time\" content=\"2026-04-28T12:10:25+00:00\" \/>\n<meta property=\"article:modified_time\" content=\"2026-04-28T12:10:30+00:00\" \/>\n<meta property=\"og:image\" content=\"https:\/\/www.locansol.fr\/wp-content\/uploads\/2026\/04\/exposition-art-monumental-perpignan.webp\" \/>\n<meta name=\"author\" content=\"H\u00e9bergements Locansol\" \/>\n<meta name=\"twitter:card\" content=\"summary_large_image\" \/>\n<meta name=\"twitter:title\" content=\"Exposition monumentale \u00e0 Perpignan : un voyage dans l\u2019art\" \/>\n<meta name=\"twitter:description\" content=\"D\u00e9couvrez les volets restaur\u00e9s du grand orgue de la cath\u00e9drale Saint-Jean-Baptiste \u00e0 Perpignan. Une exp\u00e9rience artistique et historique unique.\" \/>\n<meta name=\"twitter:image\" content=\"https:\/\/www.locansol.fr\/wp-content\/uploads\/2026\/04\/exposition-art-monumental-perpignan.webp\" \/>\n<meta name=\"twitter:label1\" content=\"Written by\" \/>\n\t<meta name=\"twitter:data1\" content=\"H\u00e9bergements Locansol\" \/>\n\t<meta name=\"twitter:label2\" content=\"Estimated reading time\" \/>\n\t<meta name=\"twitter:data2\" content=\"2 minutes\" \/>\n<script type=\"application\/ld+json\" class=\"yoast-schema-graph\">{\"@context\":\"https:\/\/schema.org\",\"@graph\":[{\"@type\":\"Article\",\"@id\":\"https:\/\/www.locansol.fr\/exposition-art-monumental-perpignan\/#article\",\"isPartOf\":{\"@id\":\"https:\/\/www.locansol.fr\/exposition-art-monumental-perpignan\/\"},\"author\":{\"name\":\"H\u00e9bergements Locansol\",\"@id\":\"https:\/\/www.locansol.fr\/#\/schema\/person\/0b08d440f1ac44674c6d498107de351d\"},\"headline\":\"Perpignan, mars-mai 2024 : Exposition d&rsquo;art monumental \u00e0 la cath\u00e9drale Saint-Jean-Baptiste\",\"datePublished\":\"2026-04-28T12:10:25+00:00\",\"dateModified\":\"2026-04-28T12:10:30+00:00\",\"mainEntityOfPage\":{\"@id\":\"https:\/\/www.locansol.fr\/exposition-art-monumental-perpignan\/\"},\"wordCount\":422,\"publisher\":{\"@id\":\"https:\/\/www.locansol.fr\/#organization\"},\"image\":{\"@id\":\"https:\/\/www.locansol.fr\/exposition-art-monumental-perpignan\/#primaryimage\"},\"thumbnailUrl\":\"https:\/\/www.locansol.fr\/wp-content\/uploads\/2026\/04\/exposition-art-monumental-perpignan.webp\",\"keywords\":[\"\u00c9v\u00e8nement culturel\",\"Pyr\u00e9n\u00e9es-Orientales\"],\"articleSection\":[\"Carnaval\"],\"inLanguage\":\"en-GB\"},{\"@type\":\"WebPage\",\"@id\":\"https:\/\/www.locansol.fr\/exposition-art-monumental-perpignan\/\",\"url\":\"https:\/\/www.locansol.fr\/exposition-art-monumental-perpignan\/\",\"name\":\"Exposition d'art monumental Perpignan - Cath\u00e9drale Saint-Jean-Baptiste\",\"isPartOf\":{\"@id\":\"https:\/\/www.locansol.fr\/#website\"},\"primaryImageOfPage\":{\"@id\":\"https:\/\/www.locansol.fr\/exposition-art-monumental-perpignan\/#primaryimage\"},\"image\":{\"@id\":\"https:\/\/www.locansol.fr\/exposition-art-monumental-perpignan\/#primaryimage\"},\"thumbnailUrl\":\"https:\/\/www.locansol.fr\/wp-content\/uploads\/2026\/04\/exposition-art-monumental-perpignan.webp\",\"datePublished\":\"2026-04-28T12:10:25+00:00\",\"dateModified\":\"2026-04-28T12:10:30+00:00\",\"description\":\"Exposition d'art monumental Perpignan. D\u00e9couvrez les volets restaur\u00e9s du grand orgue de la cath\u00e9drale Saint-Jean-Baptiste, un tr\u00e9sor artistique des Pyr\u00e9n\u00e9es-Orientales. Plongez dans l\u2019histoire et l\u2019art avec des peintures titanesques.\",\"breadcrumb\":{\"@id\":\"https:\/\/www.locansol.fr\/exposition-art-monumental-perpignan\/#breadcrumb\"},\"inLanguage\":\"en-GB\",\"potentialAction\":[{\"@type\":\"ReadAction\",\"target\":[\"https:\/\/www.locansol.fr\/exposition-art-monumental-perpignan\/\"]}]},{\"@type\":\"ImageObject\",\"inLanguage\":\"en-GB\",\"@id\":\"https:\/\/www.locansol.fr\/exposition-art-monumental-perpignan\/#primaryimage\",\"url\":\"https:\/\/www.locansol.fr\/wp-content\/uploads\/2026\/04\/exposition-art-monumental-perpignan.webp\",\"contentUrl\":\"https:\/\/www.locansol.fr\/wp-content\/uploads\/2026\/04\/exposition-art-monumental-perpignan.webp\",\"width\":1024,\"height\":605,\"caption\":\"Exposition d'art monumental Perpignan - Cath\u00e9drale Saint-Jean-Baptiste\"},{\"@type\":\"BreadcrumbList\",\"@id\":\"https:\/\/www.locansol.fr\/exposition-art-monumental-perpignan\/#breadcrumb\",\"itemListElement\":[{\"@type\":\"ListItem\",\"position\":1,\"name\":\"Accueil\",\"item\":\"https:\/\/www.locansol.fr\/\"},{\"@type\":\"ListItem\",\"position\":2,\"name\":\"Perpignan, mars-mai 2024 : Exposition d&rsquo;art monumental \u00e0 la cath\u00e9drale Saint-Jean-Baptiste\"}]},{\"@type\":\"WebSite\",\"@id\":\"https:\/\/www.locansol.fr\/#website\",\"url\":\"https:\/\/www.locansol.fr\/\",\"name\":\"Locansol, louer un h\u00e9bergement dans les Pyr\u00e9n\u00e9es-Orientales\",\"description\":\"Location Mobil-home Mer M\u00e9diterran\u00e9e &amp; Chalet de Montagne dans les Pyr\u00e9n\u00e9es Orientales (Occitanie, 66). Weekend, s\u00e9jour &amp; vacances en famille et entre amis.\",\"publisher\":{\"@id\":\"https:\/\/www.locansol.fr\/#organization\"},\"alternateName\":\"Louer un h\u00e9bergement dans les Pyr\u00e9n\u00e9es Orientales, chalet & mobil-home en Occitanie\",\"potentialAction\":[{\"@type\":\"SearchAction\",\"target\":{\"@type\":\"EntryPoint\",\"urlTemplate\":\"https:\/\/www.locansol.fr\/?s={search_term_string}\"},\"query-input\":{\"@type\":\"PropertyValueSpecification\",\"valueRequired\":true,\"valueName\":\"search_term_string\"}}],\"inLanguage\":\"en-GB\"},{\"@type\":\"Organization\",\"@id\":\"https:\/\/www.locansol.fr\/#organization\",\"name\":\"Location MobilHome & chalet dans les Pyr\u00e9n\u00e9es Orientales\",\"alternateName\":\"Louer un h\u00e9bergement dans les Pyr\u00e9n\u00e9es Orientales en Occitanie\",\"url\":\"https:\/\/www.locansol.fr\/\",\"logo\":{\"@type\":\"ImageObject\",\"inLanguage\":\"en-GB\",\"@id\":\"https:\/\/www.locansol.fr\/#\/schema\/logo\/image\/\",\"url\":\"https:\/\/www.locansol.fr\/wp-content\/uploads\/2024\/04\/AdobeStock_303324767-scaled.jpeg\",\"contentUrl\":\"https:\/\/www.locansol.fr\/wp-content\/uploads\/2024\/04\/AdobeStock_303324767-scaled.jpeg\",\"width\":2560,\"height\":1707,\"caption\":\"Location MobilHome & chalet dans les Pyr\u00e9n\u00e9es Orientales\"},\"image\":{\"@id\":\"https:\/\/www.locansol.fr\/#\/schema\/logo\/image\/\"}},{\"@type\":\"Person\",\"@id\":\"https:\/\/www.locansol.fr\/#\/schema\/person\/0b08d440f1ac44674c6d498107de351d\",\"name\":\"H\u00e9bergements Locansol\",\"image\":{\"@type\":\"ImageObject\",\"inLanguage\":\"en-GB\",\"@id\":\"https:\/\/www.locansol.fr\/#\/schema\/person\/image\/\",\"url\":\"https:\/\/secure.gravatar.com\/avatar\/444436b93284204f8116b6e0eb964cd3fcb811519c737232bde6dd5743c37ee5?s=96&d=mm&r=g\",\"contentUrl\":\"https:\/\/secure.gravatar.com\/avatar\/444436b93284204f8116b6e0eb964cd3fcb811519c737232bde6dd5743c37ee5?s=96&d=mm&r=g\",\"caption\":\"H\u00e9bergements Locansol\"},\"sameAs\":[\"https:\/\/www.locansol.fr\/\"],\"url\":\"https:\/\/www.locansol.fr\/en\/author\/locansol\/\"}]}<\/script>\n<!-- \/ Yoast SEO Premium plugin. -->","yoast_head_json":{"title":"Exposition d'art monumental Perpignan - Cath\u00e9drale Saint-Jean-Baptiste","description":"Exposition d'art monumental Perpignan. D\u00e9couvrez les volets restaur\u00e9s du grand orgue de la cath\u00e9drale Saint-Jean-Baptiste, un tr\u00e9sor artistique des Pyr\u00e9n\u00e9es-Orientales. Plongez dans l\u2019histoire et l\u2019art avec des peintures titanesques.","robots":{"index":"index","follow":"follow","max-snippet":"max-snippet:-1","max-image-preview":"max-image-preview:large","max-video-preview":"max-video-preview:-1"},"canonical":"https:\/\/www.locansol.fr\/en\/exposition-art-monumental-perpignan\/","og_locale":"en_GB","og_type":"article","og_title":"D\u00e9couvrez un tr\u00e9sor artistique : Perpignan \u2014 Exposition monumentale","og_description":"Plongez dans l\u2019\u00e9clat des volets restaur\u00e9s du grand orgue de la cath\u00e9drale Saint-Jean-Baptiste. Une immersion unique dans l\u2019art et l\u2019histoire \u00e0 Perpignan.","og_url":"https:\/\/www.locansol.fr\/en\/exposition-art-monumental-perpignan\/","og_site_name":"Locansol, louer un h\u00e9bergement dans les Pyr\u00e9n\u00e9es Orientales","article_published_time":"2026-04-28T12:10:25+00:00","article_modified_time":"2026-04-28T12:10:30+00:00","og_image":[{"url":"https:\/\/www.locansol.fr\/wp-content\/uploads\/2026\/04\/exposition-art-monumental-perpignan.webp","type":"","width":"","height":""}],"author":"H\u00e9bergements Locansol","twitter_card":"summary_large_image","twitter_title":"Exposition monumentale \u00e0 Perpignan : un voyage dans l\u2019art","twitter_description":"D\u00e9couvrez les volets restaur\u00e9s du grand orgue de la cath\u00e9drale Saint-Jean-Baptiste \u00e0 Perpignan. Une exp\u00e9rience artistique et historique unique.","twitter_image":"https:\/\/www.locansol.fr\/wp-content\/uploads\/2026\/04\/exposition-art-monumental-perpignan.webp","twitter_misc":{"Written by":"H\u00e9bergements Locansol","Estimated reading time":"2 minutes"},"schema":{"@context":"https:\/\/schema.org","@graph":[{"@type":"Article","@id":"https:\/\/www.locansol.fr\/exposition-art-monumental-perpignan\/#article","isPartOf":{"@id":"https:\/\/www.locansol.fr\/exposition-art-monumental-perpignan\/"},"author":{"name":"H\u00e9bergements Locansol","@id":"https:\/\/www.locansol.fr\/#\/schema\/person\/0b08d440f1ac44674c6d498107de351d"},"headline":"Perpignan, mars-mai 2024 : Exposition d&rsquo;art monumental \u00e0 la cath\u00e9drale Saint-Jean-Baptiste","datePublished":"2026-04-28T12:10:25+00:00","dateModified":"2026-04-28T12:10:30+00:00","mainEntityOfPage":{"@id":"https:\/\/www.locansol.fr\/exposition-art-monumental-perpignan\/"},"wordCount":422,"publisher":{"@id":"https:\/\/www.locansol.fr\/#organization"},"image":{"@id":"https:\/\/www.locansol.fr\/exposition-art-monumental-perpignan\/#primaryimage"},"thumbnailUrl":"https:\/\/www.locansol.fr\/wp-content\/uploads\/2026\/04\/exposition-art-monumental-perpignan.webp","keywords":["\u00c9v\u00e8nement culturel","Pyr\u00e9n\u00e9es-Orientales"],"articleSection":["Carnaval"],"inLanguage":"en-GB"},{"@type":"WebPage","@id":"https:\/\/www.locansol.fr\/exposition-art-monumental-perpignan\/","url":"https:\/\/www.locansol.fr\/exposition-art-monumental-perpignan\/","name":"Exposition d'art monumental Perpignan - Cath\u00e9drale Saint-Jean-Baptiste","isPartOf":{"@id":"https:\/\/www.locansol.fr\/#website"},"primaryImageOfPage":{"@id":"https:\/\/www.locansol.fr\/exposition-art-monumental-perpignan\/#primaryimage"},"image":{"@id":"https:\/\/www.locansol.fr\/exposition-art-monumental-perpignan\/#primaryimage"},"thumbnailUrl":"https:\/\/www.locansol.fr\/wp-content\/uploads\/2026\/04\/exposition-art-monumental-perpignan.webp","datePublished":"2026-04-28T12:10:25+00:00","dateModified":"2026-04-28T12:10:30+00:00","description":"Exposition d'art monumental Perpignan. D\u00e9couvrez les volets restaur\u00e9s du grand orgue de la cath\u00e9drale Saint-Jean-Baptiste, un tr\u00e9sor artistique des Pyr\u00e9n\u00e9es-Orientales. Plongez dans l\u2019histoire et l\u2019art avec des peintures titanesques.","breadcrumb":{"@id":"https:\/\/www.locansol.fr\/exposition-art-monumental-perpignan\/#breadcrumb"},"inLanguage":"en-GB","potentialAction":[{"@type":"ReadAction","target":["https:\/\/www.locansol.fr\/exposition-art-monumental-perpignan\/"]}]},{"@type":"ImageObject","inLanguage":"en-GB","@id":"https:\/\/www.locansol.fr\/exposition-art-monumental-perpignan\/#primaryimage","url":"https:\/\/www.locansol.fr\/wp-content\/uploads\/2026\/04\/exposition-art-monumental-perpignan.webp","contentUrl":"https:\/\/www.locansol.fr\/wp-content\/uploads\/2026\/04\/exposition-art-monumental-perpignan.webp","width":1024,"height":605,"caption":"Exposition d'art monumental Perpignan - Cath\u00e9drale Saint-Jean-Baptiste"},{"@type":"BreadcrumbList","@id":"https:\/\/www.locansol.fr\/exposition-art-monumental-perpignan\/#breadcrumb","itemListElement":[{"@type":"ListItem","position":1,"name":"Accueil","item":"https:\/\/www.locansol.fr\/"},{"@type":"ListItem","position":2,"name":"Perpignan, mars-mai 2024 : Exposition d&rsquo;art monumental \u00e0 la cath\u00e9drale Saint-Jean-Baptiste"}]},{"@type":"WebSite","@id":"https:\/\/www.locansol.fr\/#website","url":"https:\/\/www.locansol.fr\/","name":"Locansol, louer un h\u00e9bergement dans les Pyr\u00e9n\u00e9es-Orientales","description":"Location Mobil-home Mer M\u00e9diterran\u00e9e &amp; Chalet de Montagne dans les Pyr\u00e9n\u00e9es Orientales (Occitanie, 66). Weekend, s\u00e9jour &amp; vacances en famille et entre amis.","publisher":{"@id":"https:\/\/www.locansol.fr\/#organization"},"alternateName":"Louer un h\u00e9bergement dans les Pyr\u00e9n\u00e9es Orientales, chalet & mobil-home en Occitanie","potentialAction":[{"@type":"SearchAction","target":{"@type":"EntryPoint","urlTemplate":"https:\/\/www.locansol.fr\/?s={search_term_string}"},"query-input":{"@type":"PropertyValueSpecification","valueRequired":true,"valueName":"search_term_string"}}],"inLanguage":"en-GB"},{"@type":"Organization","@id":"https:\/\/www.locansol.fr\/#organization","name":"Location MobilHome & chalet dans les Pyr\u00e9n\u00e9es Orientales","alternateName":"Louer un h\u00e9bergement dans les Pyr\u00e9n\u00e9es Orientales en Occitanie","url":"https:\/\/www.locansol.fr\/","logo":{"@type":"ImageObject","inLanguage":"en-GB","@id":"https:\/\/www.locansol.fr\/#\/schema\/logo\/image\/","url":"https:\/\/www.locansol.fr\/wp-content\/uploads\/2024\/04\/AdobeStock_303324767-scaled.jpeg","contentUrl":"https:\/\/www.locansol.fr\/wp-content\/uploads\/2024\/04\/AdobeStock_303324767-scaled.jpeg","width":2560,"height":1707,"caption":"Location MobilHome & chalet dans les Pyr\u00e9n\u00e9es Orientales"},"image":{"@id":"https:\/\/www.locansol.fr\/#\/schema\/logo\/image\/"}},{"@type":"Person","@id":"https:\/\/www.locansol.fr\/#\/schema\/person\/0b08d440f1ac44674c6d498107de351d","name":"H\u00e9bergements Locansol","image":{"@type":"ImageObject","inLanguage":"en-GB","@id":"https:\/\/www.locansol.fr\/#\/schema\/person\/image\/","url":"https:\/\/secure.gravatar.com\/avatar\/444436b93284204f8116b6e0eb964cd3fcb811519c737232bde6dd5743c37ee5?s=96&d=mm&r=g","contentUrl":"https:\/\/secure.gravatar.com\/avatar\/444436b93284204f8116b6e0eb964cd3fcb811519c737232bde6dd5743c37ee5?s=96&d=mm&r=g","caption":"H\u00e9bergements Locansol"},"sameAs":["https:\/\/www.locansol.fr\/"],"url":"https:\/\/www.locansol.fr\/en\/author\/locansol\/"}]}},"_links":{"self":[{"href":"https:\/\/www.locansol.fr\/en\/wp-json\/wp\/v2\/posts\/6666","targetHints":{"allow":["GET"]}}],"collection":[{"href":"https:\/\/www.locansol.fr\/en\/wp-json\/wp\/v2\/posts"}],"about":[{"href":"https:\/\/www.locansol.fr\/en\/wp-json\/wp\/v2\/types\/post"}],"author":[{"embeddable":true,"href":"https:\/\/www.locansol.fr\/en\/wp-json\/wp\/v2\/users\/5"}],"replies":[{"embeddable":true,"href":"https:\/\/www.locansol.fr\/en\/wp-json\/wp\/v2\/comments?post=6666"}],"version-history":[{"count":1,"href":"https:\/\/www.locansol.fr\/en\/wp-json\/wp\/v2\/posts\/6666\/revisions"}],"predecessor-version":[{"id":6667,"href":"https:\/\/www.locansol.fr\/en\/wp-json\/wp\/v2\/posts\/6666\/revisions\/6667"}],"wp:featuredmedia":[{"embeddable":true,"href":"https:\/\/www.locansol.fr\/en\/wp-json\/wp\/v2\/media\/6665"}],"wp:attachment":[{"href":"https:\/\/www.locansol.fr\/en\/wp-json\/wp\/v2\/media?parent=6666"}],"wp:term":[{"taxonomy":"category","embeddable":true,"href":"https:\/\/www.locansol.fr\/en\/wp-json\/wp\/v2\/categories?post=6666"},{"taxonomy":"post_tag","embeddable":true,"href":"https:\/\/www.locansol.fr\/en\/wp-json\/wp\/v2\/tags?post=6666"}],"curies":[{"name":"wp","href":"https:\/\/api.w.org\/{rel}","templated":true}]}}