{"id":6676,"date":"2026-04-28T20:13:32","date_gmt":"2026-04-28T18:13:32","guid":{"rendered":"https:\/\/www.locansol.fr\/exposition-chef-d-oeuvre-perpignan\/"},"modified":"2026-04-28T20:13:36","modified_gmt":"2026-04-28T18:13:36","slug":"exposition-chef-d-oeuvre-perpignan","status":"publish","type":"post","link":"https:\/\/www.locansol.fr\/en\/exposition-chef-d-oeuvre-perpignan\/","title":{"rendered":"Exposition \u00e0 Perpignan (mars-mai 2026) : D\u00e9couvrez un chef-d&rsquo;\u0153uvre monumental restaur\u00e9"},"content":{"rendered":"<p>Du 24 mars au 31 mai 2026, Perpignan accueille une exposition exceptionnelle : \u00ab La Red\u00e9couverte d\u2019un Chef-d\u2019\u0152uvre Monumental \u00bb. Cet \u00e9v\u00e9nement unique se tiendra \u00e0 la cath\u00e9drale Saint-Jean-Baptiste, un joyau gothique situ\u00e9 au 21 Rue Mailly. Il met \u00e0 l&rsquo;honneur les volets magistraux du grand orgue de la cath\u00e9drale, des \u0153uvres extraordinaires qui viennent tout juste d\u2019\u00eatre restaur\u00e9es apr\u00e8s une op\u00e9ration de grande ampleur.<\/p>\n<p>Les amateurs d\u2019art et d\u2019histoire auront l\u2019occasion de plonger dans l\u2019univers fascinant de ces volets monumentaux, peints en 1504. Ces \u0153uvres, qui atteignent des dimensions saisissantes (12,6 m\u00e8tres de haut sur 4,3 m\u00e8tres de large, soit plus de 83 m\u00b2 chacun), comptent parmi les ensembles picturaux les plus impressionnants d\u2019Europe. Leur histoire, leur fonction liturgique originelle et la richesse de leur polychromie font d\u2019eux un tr\u00e9sor patrimonial inestimable.<\/p>\n<p>Initialement con\u00e7us pour \u00eatre d\u00e9ploy\u00e9s sur le buffet du grand orgue selon le calendrier liturgique, ces volets orchestrent un dialogue captivant entre musique, architecture et iconographie sacr\u00e9e. Leur face principale est orn\u00e9e de peintures \u00e0 la d\u00e9trempe pr\u00e9sentant une vibrante polychromie, tandis que leur revers r\u00e9v\u00e8le un travail m\u00e9ticuleux de grisaille. Au fil des si\u00e8cles, ces \u0153uvres ont vu leur usage et leur pr\u00e9sentation \u00e9voluer, jusqu\u2019\u00e0 \u00eatre rel\u00e9gu\u00e9es au XIXe si\u00e8cle sur les murs de la cath\u00e9drale, au-dessus de la porte \u00ab de Bethl\u00e9em \u00bb, rendant leur lecture et leur signification moins accessibles au grand public.<\/p>\n<p>Heureusement, depuis 2022, une restauration d\u2019envergure, supervis\u00e9e par la Direction r\u00e9gionale des affaires culturelles d\u2019Occitanie, a redonn\u00e9 vie \u00e0 ces \u0153uvres. Cette op\u00e9ration, m\u00ealant savoir-faire technique, expertise scientifique et respect patrimonial, a permis de r\u00e9v\u00e9ler des d\u00e9tails oubli\u00e9s et de ranimer la splendeur originale de ces immenses peintures. Les visiteurs auront ainsi la chance d&rsquo;admirer de pr\u00e8s leur majest\u00e9 restaur\u00e9e, mais aussi de comprendre les coulisses de ce travail passionnant, entre techniques artistiques et d\u00e9fis de conservation.<\/p>\n<p>Outre les \u0153uvres elles-m\u00eames, la cath\u00e9drale Saint-Jean-Baptiste ajoute une dimension immersive \u00e0 l\u2019\u00e9v\u00e9nement. Datant du XIVe si\u00e8cle, cet \u00e9difice gothique charg\u00e9 d&rsquo;histoire constitue un \u00e9crin id\u00e9al pour ces chefs-d&rsquo;\u0153uvre. L\u2019atmosph\u00e8re spirituelle et la beaut\u00e9 architecturale de ce lieu embl\u00e9matique de Perpignan rendent la visite encore plus m\u00e9morable.<\/p>\n<p>L\u2019entr\u00e9e de l\u2019exposition est fix\u00e9e \u00e0 8,00 \u20ac. Un tarif modique pour d\u00e9couvrir ces tr\u00e9sors artistiques red\u00e9couverts et plonger au c\u0153ur d&rsquo;une aventure patrimoniale sans pareille. Que vous soyez passionn\u00e9 d\u2019art, amateur de patrimoine ou tout simplement curieux, ne manquez pas cette opportunit\u00e9 exceptionnelle de red\u00e9couvrir un joyau unique de notre histoire europ\u00e9enne.<\/p>\n<p>N\u2019attendez plus pour r\u00e9server votre visite et laissez-vous subjuguer par la beaut\u00e9 intemporelle de ces chefs-d\u2019\u0153uvre !<\/p>\n<h3>Practical information<\/h3>\n<p>\ud83d\udcc5 QUAND ? Du 24 mars au 31 mai 2026<br \/>\ud83d\udccd O\u00d9 ? Cath\u00e9drale Saint-Jean-Baptiste, 21 Rue Mailly, Perpignan<br \/>\ud83d\udcb6 COMBIEN ? 8,00 \u20ac<\/p>","protected":false},"excerpt":{"rendered":"<p>D\u00e9couvrez l&rsquo;exposition d&rsquo;un chef-d&rsquo;\u0153uvre monumental restaur\u00e9 : les volets du grand orgue de la cath\u00e9drale Saint-Jean-Baptiste \u00e0 Perpignan, du 24 mars au 31 mai 2026.<\/p>","protected":false},"author":5,"featured_media":6675,"comment_status":"closed","ping_status":"open","sticky":false,"template":"","format":"standard","meta":{"_yoast_wpseo_focuskw":"Exposition chef-d'\u0153uvre monumental Perpignan","_yoast_wpseo_title":"La Red\u00e9couverte d\u2019un Chef-d\u2019\u0152uvre Monumental \u00e0 Perpignan","_yoast_wpseo_metadesc":"La Red\u00e9couverte d\u2019un Chef-d\u2019\u0152uvre Monumental \u00e0 Perpignan. D\u00e9couvrez des volets monumentaux restaur\u00e9s du XVIe si\u00e8cle dans les Pyr\u00e9n\u00e9es-Orientales. Une exposition unique \u00e0 la cath\u00e9drale Saint-Jean-Baptiste.","_yoast_wpseo_canonical":"","_yoast_wpseo_opengraph-title":"D\u00e9couvrez l'\u00e9motion : Perpignan expose un chef-d'\u0153uvre restaur\u00e9 du XVIe si\u00e8cle","_yoast_wpseo_opengraph-description":"Imaginez des volets monumentaux de 12 m\u00e8tres de haut, restaur\u00e9s \u00e0 leur gloire pass\u00e9e. \u00c0 Perpignan, vivez une exp\u00e9rience artistique unique au c\u0153ur d'une cath\u00e9drale gothique.","_yoast_wpseo_opengraph-image":"https:\/\/www.locansol.fr\/wp-content\/uploads\/2026\/04\/exposition-chef-d-oeuvre-perpignan.webp","_yoast_wpseo_opengraph-image-id":"","_yoast_wpseo_twitter-title":"Exposition unique \u00e0 Perpignan : chef-d'\u0153uvre restaur\u00e9 du XVIe si\u00e8cle","_yoast_wpseo_twitter-description":"Plongez dans l'histoire avec les volets monumentaux restaur\u00e9s de la cath\u00e9drale Saint-Jean-Baptiste \u00e0 Perpignan. Une exposition \u00e0 ne pas manquer !","_yoast_wpseo_twitter-image":"https:\/\/www.locansol.fr\/wp-content\/uploads\/2026\/04\/exposition-chef-d-oeuvre-perpignan.webp","_yoast_wpseo_twitter-image-id":"","yoast_primary_category":"Exposition","footnotes":""},"categories":[35],"tags":[66,76],"class_list":["post-6676","post","type-post","status-publish","format-standard","has-post-thumbnail","hentry","category-carnaval","tag-evenement-culturel","tag-pyrenees-orientales"],"yoast_head":"<!-- This site is optimized with the Yoast SEO Premium plugin v23.3 (Yoast SEO v26.9) - https:\/\/yoast.com\/product\/yoast-seo-premium-wordpress\/ -->\n<title>La Red\u00e9couverte d\u2019un Chef-d\u2019\u0152uvre Monumental \u00e0 Perpignan<\/title>\n<meta name=\"description\" content=\"La Red\u00e9couverte d\u2019un Chef-d\u2019\u0152uvre Monumental \u00e0 Perpignan. D\u00e9couvrez des volets monumentaux restaur\u00e9s du XVIe si\u00e8cle dans les Pyr\u00e9n\u00e9es-Orientales. Une exposition unique \u00e0 la cath\u00e9drale Saint-Jean-Baptiste.\" \/>\n<meta name=\"robots\" content=\"index, follow, max-snippet:-1, max-image-preview:large, max-video-preview:-1\" \/>\n<link rel=\"canonical\" href=\"https:\/\/www.locansol.fr\/en\/exposition-chef-d-oeuvre-perpignan\/\" \/>\n<meta property=\"og:locale\" content=\"en_GB\" \/>\n<meta property=\"og:type\" content=\"article\" \/>\n<meta property=\"og:title\" content=\"D\u00e9couvrez l&#039;\u00e9motion : Perpignan expose un chef-d&#039;\u0153uvre restaur\u00e9 du XVIe si\u00e8cle\" \/>\n<meta property=\"og:description\" content=\"Imaginez des volets monumentaux de 12 m\u00e8tres de haut, restaur\u00e9s \u00e0 leur gloire pass\u00e9e. \u00c0 Perpignan, vivez une exp\u00e9rience artistique unique au c\u0153ur d&#039;une cath\u00e9drale gothique.\" \/>\n<meta property=\"og:url\" content=\"https:\/\/www.locansol.fr\/en\/exposition-chef-d-oeuvre-perpignan\/\" \/>\n<meta property=\"og:site_name\" content=\"Locansol, louer un h\u00e9bergement dans les Pyr\u00e9n\u00e9es Orientales\" \/>\n<meta property=\"article:published_time\" content=\"2026-04-28T18:13:32+00:00\" \/>\n<meta property=\"article:modified_time\" content=\"2026-04-28T18:13:36+00:00\" \/>\n<meta property=\"og:image\" content=\"https:\/\/www.locansol.fr\/wp-content\/uploads\/2026\/04\/exposition-chef-d-oeuvre-perpignan.webp\" \/>\n<meta name=\"author\" content=\"H\u00e9bergements Locansol\" \/>\n<meta name=\"twitter:card\" content=\"summary_large_image\" \/>\n<meta name=\"twitter:title\" content=\"Exposition unique \u00e0 Perpignan : chef-d&#039;\u0153uvre restaur\u00e9 du XVIe si\u00e8cle\" \/>\n<meta name=\"twitter:description\" content=\"Plongez dans l&#039;histoire avec les volets monumentaux restaur\u00e9s de la cath\u00e9drale Saint-Jean-Baptiste \u00e0 Perpignan. Une exposition \u00e0 ne pas manquer !\" \/>\n<meta name=\"twitter:image\" content=\"https:\/\/www.locansol.fr\/wp-content\/uploads\/2026\/04\/exposition-chef-d-oeuvre-perpignan.webp\" \/>\n<meta name=\"twitter:label1\" content=\"Written by\" \/>\n\t<meta name=\"twitter:data1\" content=\"H\u00e9bergements Locansol\" \/>\n\t<meta name=\"twitter:label2\" content=\"Estimated reading time\" \/>\n\t<meta name=\"twitter:data2\" content=\"2 minutes\" \/>\n<script type=\"application\/ld+json\" class=\"yoast-schema-graph\">{\"@context\":\"https:\/\/schema.org\",\"@graph\":[{\"@type\":\"Article\",\"@id\":\"https:\/\/www.locansol.fr\/exposition-chef-d-oeuvre-perpignan\/#article\",\"isPartOf\":{\"@id\":\"https:\/\/www.locansol.fr\/exposition-chef-d-oeuvre-perpignan\/\"},\"author\":{\"name\":\"H\u00e9bergements Locansol\",\"@id\":\"https:\/\/www.locansol.fr\/#\/schema\/person\/0b08d440f1ac44674c6d498107de351d\"},\"headline\":\"Exposition \u00e0 Perpignan (mars-mai 2026) : D\u00e9couvrez un chef-d&rsquo;\u0153uvre monumental restaur\u00e9\",\"datePublished\":\"2026-04-28T18:13:32+00:00\",\"dateModified\":\"2026-04-28T18:13:36+00:00\",\"mainEntityOfPage\":{\"@id\":\"https:\/\/www.locansol.fr\/exposition-chef-d-oeuvre-perpignan\/\"},\"wordCount\":503,\"publisher\":{\"@id\":\"https:\/\/www.locansol.fr\/#organization\"},\"image\":{\"@id\":\"https:\/\/www.locansol.fr\/exposition-chef-d-oeuvre-perpignan\/#primaryimage\"},\"thumbnailUrl\":\"https:\/\/www.locansol.fr\/wp-content\/uploads\/2026\/04\/exposition-chef-d-oeuvre-perpignan.webp\",\"keywords\":[\"\u00c9v\u00e8nement culturel\",\"Pyr\u00e9n\u00e9es-Orientales\"],\"articleSection\":[\"Carnaval\"],\"inLanguage\":\"en-GB\"},{\"@type\":\"WebPage\",\"@id\":\"https:\/\/www.locansol.fr\/exposition-chef-d-oeuvre-perpignan\/\",\"url\":\"https:\/\/www.locansol.fr\/exposition-chef-d-oeuvre-perpignan\/\",\"name\":\"La Red\u00e9couverte d\u2019un Chef-d\u2019\u0152uvre Monumental \u00e0 Perpignan\",\"isPartOf\":{\"@id\":\"https:\/\/www.locansol.fr\/#website\"},\"primaryImageOfPage\":{\"@id\":\"https:\/\/www.locansol.fr\/exposition-chef-d-oeuvre-perpignan\/#primaryimage\"},\"image\":{\"@id\":\"https:\/\/www.locansol.fr\/exposition-chef-d-oeuvre-perpignan\/#primaryimage\"},\"thumbnailUrl\":\"https:\/\/www.locansol.fr\/wp-content\/uploads\/2026\/04\/exposition-chef-d-oeuvre-perpignan.webp\",\"datePublished\":\"2026-04-28T18:13:32+00:00\",\"dateModified\":\"2026-04-28T18:13:36+00:00\",\"description\":\"La Red\u00e9couverte d\u2019un Chef-d\u2019\u0152uvre Monumental \u00e0 Perpignan. D\u00e9couvrez des volets monumentaux restaur\u00e9s du XVIe si\u00e8cle dans les Pyr\u00e9n\u00e9es-Orientales. Une exposition unique \u00e0 la cath\u00e9drale Saint-Jean-Baptiste.\",\"breadcrumb\":{\"@id\":\"https:\/\/www.locansol.fr\/exposition-chef-d-oeuvre-perpignan\/#breadcrumb\"},\"inLanguage\":\"en-GB\",\"potentialAction\":[{\"@type\":\"ReadAction\",\"target\":[\"https:\/\/www.locansol.fr\/exposition-chef-d-oeuvre-perpignan\/\"]}]},{\"@type\":\"ImageObject\",\"inLanguage\":\"en-GB\",\"@id\":\"https:\/\/www.locansol.fr\/exposition-chef-d-oeuvre-perpignan\/#primaryimage\",\"url\":\"https:\/\/www.locansol.fr\/wp-content\/uploads\/2026\/04\/exposition-chef-d-oeuvre-perpignan.webp\",\"contentUrl\":\"https:\/\/www.locansol.fr\/wp-content\/uploads\/2026\/04\/exposition-chef-d-oeuvre-perpignan.webp\",\"width\":1024,\"height\":605,\"caption\":\"La Red\u00e9couverte d\u2019un Chef-d\u2019\u0152uvre Monumental \u00e0 Perpignan\"},{\"@type\":\"BreadcrumbList\",\"@id\":\"https:\/\/www.locansol.fr\/exposition-chef-d-oeuvre-perpignan\/#breadcrumb\",\"itemListElement\":[{\"@type\":\"ListItem\",\"position\":1,\"name\":\"Accueil\",\"item\":\"https:\/\/www.locansol.fr\/\"},{\"@type\":\"ListItem\",\"position\":2,\"name\":\"Exposition \u00e0 Perpignan (mars-mai 2026) : D\u00e9couvrez un chef-d&rsquo;\u0153uvre monumental restaur\u00e9\"}]},{\"@type\":\"WebSite\",\"@id\":\"https:\/\/www.locansol.fr\/#website\",\"url\":\"https:\/\/www.locansol.fr\/\",\"name\":\"Locansol, louer un h\u00e9bergement dans les Pyr\u00e9n\u00e9es-Orientales\",\"description\":\"Location Mobil-home Mer M\u00e9diterran\u00e9e &amp; Chalet de Montagne dans les Pyr\u00e9n\u00e9es Orientales (Occitanie, 66). Weekend, s\u00e9jour &amp; vacances en famille et entre amis.\",\"publisher\":{\"@id\":\"https:\/\/www.locansol.fr\/#organization\"},\"alternateName\":\"Louer un h\u00e9bergement dans les Pyr\u00e9n\u00e9es Orientales, chalet & mobil-home en Occitanie\",\"potentialAction\":[{\"@type\":\"SearchAction\",\"target\":{\"@type\":\"EntryPoint\",\"urlTemplate\":\"https:\/\/www.locansol.fr\/?s={search_term_string}\"},\"query-input\":{\"@type\":\"PropertyValueSpecification\",\"valueRequired\":true,\"valueName\":\"search_term_string\"}}],\"inLanguage\":\"en-GB\"},{\"@type\":\"Organization\",\"@id\":\"https:\/\/www.locansol.fr\/#organization\",\"name\":\"Location MobilHome & chalet dans les Pyr\u00e9n\u00e9es Orientales\",\"alternateName\":\"Louer un h\u00e9bergement dans les Pyr\u00e9n\u00e9es Orientales en Occitanie\",\"url\":\"https:\/\/www.locansol.fr\/\",\"logo\":{\"@type\":\"ImageObject\",\"inLanguage\":\"en-GB\",\"@id\":\"https:\/\/www.locansol.fr\/#\/schema\/logo\/image\/\",\"url\":\"https:\/\/www.locansol.fr\/wp-content\/uploads\/2024\/04\/AdobeStock_303324767-scaled.jpeg\",\"contentUrl\":\"https:\/\/www.locansol.fr\/wp-content\/uploads\/2024\/04\/AdobeStock_303324767-scaled.jpeg\",\"width\":2560,\"height\":1707,\"caption\":\"Location MobilHome & chalet dans les Pyr\u00e9n\u00e9es Orientales\"},\"image\":{\"@id\":\"https:\/\/www.locansol.fr\/#\/schema\/logo\/image\/\"}},{\"@type\":\"Person\",\"@id\":\"https:\/\/www.locansol.fr\/#\/schema\/person\/0b08d440f1ac44674c6d498107de351d\",\"name\":\"H\u00e9bergements Locansol\",\"image\":{\"@type\":\"ImageObject\",\"inLanguage\":\"en-GB\",\"@id\":\"https:\/\/www.locansol.fr\/#\/schema\/person\/image\/\",\"url\":\"https:\/\/secure.gravatar.com\/avatar\/444436b93284204f8116b6e0eb964cd3fcb811519c737232bde6dd5743c37ee5?s=96&d=mm&r=g\",\"contentUrl\":\"https:\/\/secure.gravatar.com\/avatar\/444436b93284204f8116b6e0eb964cd3fcb811519c737232bde6dd5743c37ee5?s=96&d=mm&r=g\",\"caption\":\"H\u00e9bergements Locansol\"},\"sameAs\":[\"https:\/\/www.locansol.fr\/\"],\"url\":\"https:\/\/www.locansol.fr\/en\/author\/locansol\/\"}]}<\/script>\n<!-- \/ Yoast SEO Premium plugin. -->","yoast_head_json":{"title":"La Red\u00e9couverte d\u2019un Chef-d\u2019\u0152uvre Monumental \u00e0 Perpignan","description":"La Red\u00e9couverte d\u2019un Chef-d\u2019\u0152uvre Monumental \u00e0 Perpignan. D\u00e9couvrez des volets monumentaux restaur\u00e9s du XVIe si\u00e8cle dans les Pyr\u00e9n\u00e9es-Orientales. Une exposition unique \u00e0 la cath\u00e9drale Saint-Jean-Baptiste.","robots":{"index":"index","follow":"follow","max-snippet":"max-snippet:-1","max-image-preview":"max-image-preview:large","max-video-preview":"max-video-preview:-1"},"canonical":"https:\/\/www.locansol.fr\/en\/exposition-chef-d-oeuvre-perpignan\/","og_locale":"en_GB","og_type":"article","og_title":"D\u00e9couvrez l'\u00e9motion : Perpignan expose un chef-d'\u0153uvre restaur\u00e9 du XVIe si\u00e8cle","og_description":"Imaginez des volets monumentaux de 12 m\u00e8tres de haut, restaur\u00e9s \u00e0 leur gloire pass\u00e9e. \u00c0 Perpignan, vivez une exp\u00e9rience artistique unique au c\u0153ur d'une cath\u00e9drale gothique.","og_url":"https:\/\/www.locansol.fr\/en\/exposition-chef-d-oeuvre-perpignan\/","og_site_name":"Locansol, louer un h\u00e9bergement dans les Pyr\u00e9n\u00e9es Orientales","article_published_time":"2026-04-28T18:13:32+00:00","article_modified_time":"2026-04-28T18:13:36+00:00","og_image":[{"url":"https:\/\/www.locansol.fr\/wp-content\/uploads\/2026\/04\/exposition-chef-d-oeuvre-perpignan.webp","type":"","width":"","height":""}],"author":"H\u00e9bergements Locansol","twitter_card":"summary_large_image","twitter_title":"Exposition unique \u00e0 Perpignan : chef-d'\u0153uvre restaur\u00e9 du XVIe si\u00e8cle","twitter_description":"Plongez dans l'histoire avec les volets monumentaux restaur\u00e9s de la cath\u00e9drale Saint-Jean-Baptiste \u00e0 Perpignan. Une exposition \u00e0 ne pas manquer !","twitter_image":"https:\/\/www.locansol.fr\/wp-content\/uploads\/2026\/04\/exposition-chef-d-oeuvre-perpignan.webp","twitter_misc":{"Written by":"H\u00e9bergements Locansol","Estimated reading time":"2 minutes"},"schema":{"@context":"https:\/\/schema.org","@graph":[{"@type":"Article","@id":"https:\/\/www.locansol.fr\/exposition-chef-d-oeuvre-perpignan\/#article","isPartOf":{"@id":"https:\/\/www.locansol.fr\/exposition-chef-d-oeuvre-perpignan\/"},"author":{"name":"H\u00e9bergements Locansol","@id":"https:\/\/www.locansol.fr\/#\/schema\/person\/0b08d440f1ac44674c6d498107de351d"},"headline":"Exposition \u00e0 Perpignan (mars-mai 2026) : D\u00e9couvrez un chef-d&rsquo;\u0153uvre monumental restaur\u00e9","datePublished":"2026-04-28T18:13:32+00:00","dateModified":"2026-04-28T18:13:36+00:00","mainEntityOfPage":{"@id":"https:\/\/www.locansol.fr\/exposition-chef-d-oeuvre-perpignan\/"},"wordCount":503,"publisher":{"@id":"https:\/\/www.locansol.fr\/#organization"},"image":{"@id":"https:\/\/www.locansol.fr\/exposition-chef-d-oeuvre-perpignan\/#primaryimage"},"thumbnailUrl":"https:\/\/www.locansol.fr\/wp-content\/uploads\/2026\/04\/exposition-chef-d-oeuvre-perpignan.webp","keywords":["\u00c9v\u00e8nement culturel","Pyr\u00e9n\u00e9es-Orientales"],"articleSection":["Carnaval"],"inLanguage":"en-GB"},{"@type":"WebPage","@id":"https:\/\/www.locansol.fr\/exposition-chef-d-oeuvre-perpignan\/","url":"https:\/\/www.locansol.fr\/exposition-chef-d-oeuvre-perpignan\/","name":"La Red\u00e9couverte d\u2019un Chef-d\u2019\u0152uvre Monumental \u00e0 Perpignan","isPartOf":{"@id":"https:\/\/www.locansol.fr\/#website"},"primaryImageOfPage":{"@id":"https:\/\/www.locansol.fr\/exposition-chef-d-oeuvre-perpignan\/#primaryimage"},"image":{"@id":"https:\/\/www.locansol.fr\/exposition-chef-d-oeuvre-perpignan\/#primaryimage"},"thumbnailUrl":"https:\/\/www.locansol.fr\/wp-content\/uploads\/2026\/04\/exposition-chef-d-oeuvre-perpignan.webp","datePublished":"2026-04-28T18:13:32+00:00","dateModified":"2026-04-28T18:13:36+00:00","description":"La Red\u00e9couverte d\u2019un Chef-d\u2019\u0152uvre Monumental \u00e0 Perpignan. D\u00e9couvrez des volets monumentaux restaur\u00e9s du XVIe si\u00e8cle dans les Pyr\u00e9n\u00e9es-Orientales. Une exposition unique \u00e0 la cath\u00e9drale Saint-Jean-Baptiste.","breadcrumb":{"@id":"https:\/\/www.locansol.fr\/exposition-chef-d-oeuvre-perpignan\/#breadcrumb"},"inLanguage":"en-GB","potentialAction":[{"@type":"ReadAction","target":["https:\/\/www.locansol.fr\/exposition-chef-d-oeuvre-perpignan\/"]}]},{"@type":"ImageObject","inLanguage":"en-GB","@id":"https:\/\/www.locansol.fr\/exposition-chef-d-oeuvre-perpignan\/#primaryimage","url":"https:\/\/www.locansol.fr\/wp-content\/uploads\/2026\/04\/exposition-chef-d-oeuvre-perpignan.webp","contentUrl":"https:\/\/www.locansol.fr\/wp-content\/uploads\/2026\/04\/exposition-chef-d-oeuvre-perpignan.webp","width":1024,"height":605,"caption":"La Red\u00e9couverte d\u2019un Chef-d\u2019\u0152uvre Monumental \u00e0 Perpignan"},{"@type":"BreadcrumbList","@id":"https:\/\/www.locansol.fr\/exposition-chef-d-oeuvre-perpignan\/#breadcrumb","itemListElement":[{"@type":"ListItem","position":1,"name":"Accueil","item":"https:\/\/www.locansol.fr\/"},{"@type":"ListItem","position":2,"name":"Exposition \u00e0 Perpignan (mars-mai 2026) : D\u00e9couvrez un chef-d&rsquo;\u0153uvre monumental restaur\u00e9"}]},{"@type":"WebSite","@id":"https:\/\/www.locansol.fr\/#website","url":"https:\/\/www.locansol.fr\/","name":"Locansol, louer un h\u00e9bergement dans les Pyr\u00e9n\u00e9es-Orientales","description":"Location Mobil-home Mer M\u00e9diterran\u00e9e &amp; Chalet de Montagne dans les Pyr\u00e9n\u00e9es Orientales (Occitanie, 66). Weekend, s\u00e9jour &amp; vacances en famille et entre amis.","publisher":{"@id":"https:\/\/www.locansol.fr\/#organization"},"alternateName":"Louer un h\u00e9bergement dans les Pyr\u00e9n\u00e9es Orientales, chalet & mobil-home en Occitanie","potentialAction":[{"@type":"SearchAction","target":{"@type":"EntryPoint","urlTemplate":"https:\/\/www.locansol.fr\/?s={search_term_string}"},"query-input":{"@type":"PropertyValueSpecification","valueRequired":true,"valueName":"search_term_string"}}],"inLanguage":"en-GB"},{"@type":"Organization","@id":"https:\/\/www.locansol.fr\/#organization","name":"Location MobilHome & chalet dans les Pyr\u00e9n\u00e9es Orientales","alternateName":"Louer un h\u00e9bergement dans les Pyr\u00e9n\u00e9es Orientales en Occitanie","url":"https:\/\/www.locansol.fr\/","logo":{"@type":"ImageObject","inLanguage":"en-GB","@id":"https:\/\/www.locansol.fr\/#\/schema\/logo\/image\/","url":"https:\/\/www.locansol.fr\/wp-content\/uploads\/2024\/04\/AdobeStock_303324767-scaled.jpeg","contentUrl":"https:\/\/www.locansol.fr\/wp-content\/uploads\/2024\/04\/AdobeStock_303324767-scaled.jpeg","width":2560,"height":1707,"caption":"Location MobilHome & chalet dans les Pyr\u00e9n\u00e9es Orientales"},"image":{"@id":"https:\/\/www.locansol.fr\/#\/schema\/logo\/image\/"}},{"@type":"Person","@id":"https:\/\/www.locansol.fr\/#\/schema\/person\/0b08d440f1ac44674c6d498107de351d","name":"H\u00e9bergements Locansol","image":{"@type":"ImageObject","inLanguage":"en-GB","@id":"https:\/\/www.locansol.fr\/#\/schema\/person\/image\/","url":"https:\/\/secure.gravatar.com\/avatar\/444436b93284204f8116b6e0eb964cd3fcb811519c737232bde6dd5743c37ee5?s=96&d=mm&r=g","contentUrl":"https:\/\/secure.gravatar.com\/avatar\/444436b93284204f8116b6e0eb964cd3fcb811519c737232bde6dd5743c37ee5?s=96&d=mm&r=g","caption":"H\u00e9bergements Locansol"},"sameAs":["https:\/\/www.locansol.fr\/"],"url":"https:\/\/www.locansol.fr\/en\/author\/locansol\/"}]}},"_links":{"self":[{"href":"https:\/\/www.locansol.fr\/en\/wp-json\/wp\/v2\/posts\/6676","targetHints":{"allow":["GET"]}}],"collection":[{"href":"https:\/\/www.locansol.fr\/en\/wp-json\/wp\/v2\/posts"}],"about":[{"href":"https:\/\/www.locansol.fr\/en\/wp-json\/wp\/v2\/types\/post"}],"author":[{"embeddable":true,"href":"https:\/\/www.locansol.fr\/en\/wp-json\/wp\/v2\/users\/5"}],"replies":[{"embeddable":true,"href":"https:\/\/www.locansol.fr\/en\/wp-json\/wp\/v2\/comments?post=6676"}],"version-history":[{"count":1,"href":"https:\/\/www.locansol.fr\/en\/wp-json\/wp\/v2\/posts\/6676\/revisions"}],"predecessor-version":[{"id":6677,"href":"https:\/\/www.locansol.fr\/en\/wp-json\/wp\/v2\/posts\/6676\/revisions\/6677"}],"wp:featuredmedia":[{"embeddable":true,"href":"https:\/\/www.locansol.fr\/en\/wp-json\/wp\/v2\/media\/6675"}],"wp:attachment":[{"href":"https:\/\/www.locansol.fr\/en\/wp-json\/wp\/v2\/media?parent=6676"}],"wp:term":[{"taxonomy":"category","embeddable":true,"href":"https:\/\/www.locansol.fr\/en\/wp-json\/wp\/v2\/categories?post=6676"},{"taxonomy":"post_tag","embeddable":true,"href":"https:\/\/www.locansol.fr\/en\/wp-json\/wp\/v2\/tags?post=6676"}],"curies":[{"name":"wp","href":"https:\/\/api.w.org\/{rel}","templated":true}]}}