{"id":6681,"date":"2026-04-28T20:21:28","date_gmt":"2026-04-28T18:21:28","guid":{"rendered":"https:\/\/www.locansol.fr\/exposition-artistique-sorede-etoiles\/"},"modified":"2026-04-28T20:21:32","modified_gmt":"2026-04-28T18:21:32","slug":"exposition-artistique-sorede-etoiles","status":"publish","type":"post","link":"https:\/\/www.locansol.fr\/en\/exposition-artistique-sorede-etoiles\/","title":{"rendered":"Exposition \u00ab Sous les \u00e9toiles \u00bb \u00e0 Sor\u00e8de (26 avril &#8211; 3 mai) : Un voyage artistique unique"},"content":{"rendered":"<p>D\u00e9couvrez l\u2019exposition artistique \u00ab Sous les \u00e9toiles \u00bb, qui prendra vie du 26 avril au 3 mai \u00e0 Sor\u00e8de, charmante commune nich\u00e9e au pied des montagnes des Alb\u00e8res. Cet \u00e9v\u00e9nement, organis\u00e9 au c\u0153ur du village sur la pittoresque rue de la Caserne, promet de ravir aussi bien les passionn\u00e9s d\u2019art que les simples curieux en qu\u00eate de nouvelles d\u00e9couvertes culturelles. Avec une entr\u00e9e libre et un accueil chaleureux, cette exposition s\u2019annonce comme un rendez-vous incontournable de la saison printani\u00e8re dans les Pyr\u00e9n\u00e9es-Orientales.<\/p>\n<p>Au programme, un dialogue captivant entre trois artistes talentueux : Florence Laforgue, Alexandre Charrett-Dykes et Daniel Subielos. Chacun, avec son univers et sa propre sensibilit\u00e9, apportera une touche unique \u00e0 cette manifestation artistique. Laissez-vous charmer par les sculptures \u00e9l\u00e9gantes et po\u00e9tiques de Florence Laforgue, dont les formes alanguies capturent l\u2019harmonie et la d\u00e9licatesse. Plongez dans les tableaux de Daniel Subielos, o\u00f9 des portraits \u00e9nigmatiques c\u00f4toient des abstractions acryliques inspir\u00e9es des \u0153uvres de Zao Wou-ki. Enfin, Alexandre Charrett-Dykes vous transportera au c\u0153ur des paysages saisissants des Pyr\u00e9n\u00e9es, avec ses toiles mettant en lumi\u00e8re le majestueux Canigou et les montagnes environnantes de Sor\u00e8de. Ces cr\u00e9ations ne manqueront pas d\u2019\u00e9veiller en vous une envie irr\u00e9sistible de partir \u00e0 l\u2019aventure sur les sentiers environnants.<\/p>\n<p>Ne manquez pas le vernissage pr\u00e9vu le dimanche 26 avril \u00e0 18h, un moment privil\u00e9gi\u00e9 pour \u00e9changer avec les artistes et d\u00e9couvrir leurs \u0153uvres sous un autre jour. Ce rendez-vous offrira une ambiance conviviale et une parfaite introduction \u00e0 cette exposition. Tout au long de la semaine, l\u2019exposition sera accessible tous les jours de 10h \u00e0 12h et de 16h \u00e0 19h, offrant une flexibilit\u00e9 id\u00e9ale pour int\u00e9grer cette visite culturelle dans votre emploi du temps.<\/p>\n<p>Situ\u00e9e dans un cadre pittoresque, l\u2019exposition \u00ab Sous les \u00e9toiles \u00bb est aussi une belle occasion de red\u00e9couvrir le charme de Sor\u00e8de et de ses environs. Apr\u00e8s avoir admir\u00e9 les \u0153uvres, pourquoi ne pas prolonger l\u2019exp\u00e9rience en explorant les paysages tant\u00f4t realis\u00e9s sur toile par Alexandre Charrett-Dykes ? Les montagnes alentours regorgent de sentiers enchanteurs, promesses de balades inspirantes.<\/p>\n<p>En r\u00e9sum\u00e9, \u00ab Sous les \u00e9toiles \u00bb est bien plus qu\u2019une simple exposition : c\u2019est une parenth\u00e8se artistique, un voyage sensoriel et une invitation \u00e0 l\u2019\u00e9vasion au c\u0153ur du magnifique territoire des Pyr\u00e9n\u00e9es-Orientales. N\u2019attendez plus pour plonger dans cet univers plein de cr\u00e9ativit\u00e9 et de belles d\u00e9couvertes.<\/p>\n<h3>Practical information<\/h3>\n<p>\ud83d\udcc5 QUAND ? Du 26 avril au 3 mai<br \/>\ud83d\udccd O\u00d9 ? Rue de la Caserne, Sor\u00e8de<br \/>\ud83d\udcb6 COMBIEN ? Gratuit<\/p>","protected":false},"excerpt":{"rendered":"<p>Du 26 avril au 3 mai, l\u2019exposition \u00ab Sous les \u00e9toiles \u00bb \u00e0 Sor\u00e8de c\u00e9l\u00e8bre peinture et sculpture dans un cadre enchanteur. Entr\u00e9e gratuite !<\/p>","protected":false},"author":5,"featured_media":6680,"comment_status":"closed","ping_status":"open","sticky":false,"template":"","format":"standard","meta":{"_yoast_wpseo_focuskw":"Exposition artistique Sor\u00e8de \u00e9toiles","_yoast_wpseo_title":"Exposition Sous les \u00e9toiles \u00e0 Sor\u00e8de - Art et nature","_yoast_wpseo_metadesc":"Exposition Sous les \u00e9toiles \u00e0 Sor\u00e8de. D\u00e9couvrez des \u0153uvres uniques de Florence Laforgue, Alexandre Charrett-Dykes et Daniel Subielos dans les Pyr\u00e9n\u00e9es-Orientales. Entr\u00e9e libre, ambiance conviviale.","_yoast_wpseo_canonical":"","_yoast_wpseo_opengraph-title":"\u00c9merveillement artistique : Exposition \u00e0 Sor\u00e8de sous les \u00e9toiles","_yoast_wpseo_opengraph-description":"Imaginez un voyage sensoriel au c\u0153ur de Sor\u00e8de, o\u00f9 l'art rencontre la nature. D\u00e9couvrez des \u0153uvres uniques et laissez-vous transporter par la magie des \u00e9toiles.","_yoast_wpseo_opengraph-image":"https:\/\/www.locansol.fr\/wp-content\/uploads\/2026\/04\/exposition-artistique-sorede-etoiles.webp","_yoast_wpseo_opengraph-image-id":"","_yoast_wpseo_twitter-title":"Exposition Sous les \u00e9toiles \u00e0 Sor\u00e8de : \u00e0 ne pas manquer !","_yoast_wpseo_twitter-description":"Plongez dans l'univers artistique de Sor\u00e8de avec l'exposition Sous les \u00e9toiles. Sculptures, tableaux et paysages des Pyr\u00e9n\u00e9es. Gratuit et ouvert \u00e0 tous !","_yoast_wpseo_twitter-image":"https:\/\/www.locansol.fr\/wp-content\/uploads\/2026\/04\/exposition-artistique-sorede-etoiles.webp","_yoast_wpseo_twitter-image-id":"","yoast_primary_category":"Exposition","footnotes":""},"categories":[35],"tags":[66,67,76],"class_list":["post-6681","post","type-post","status-publish","format-standard","has-post-thumbnail","hentry","category-carnaval","tag-evenement-culturel","tag-loisirs","tag-pyrenees-orientales"],"yoast_head":"<!-- This site is optimized with the Yoast SEO Premium plugin v23.3 (Yoast SEO v26.9) - https:\/\/yoast.com\/product\/yoast-seo-premium-wordpress\/ -->\n<title>Exposition Sous les \u00e9toiles \u00e0 Sor\u00e8de - Art et nature<\/title>\n<meta name=\"description\" content=\"Exposition Sous les \u00e9toiles \u00e0 Sor\u00e8de. D\u00e9couvrez des \u0153uvres uniques de Florence Laforgue, Alexandre Charrett-Dykes et Daniel Subielos dans les Pyr\u00e9n\u00e9es-Orientales. Entr\u00e9e libre, ambiance conviviale.\" \/>\n<meta name=\"robots\" content=\"index, follow, max-snippet:-1, max-image-preview:large, max-video-preview:-1\" \/>\n<link rel=\"canonical\" href=\"https:\/\/www.locansol.fr\/en\/exposition-artistique-sorede-etoiles\/\" \/>\n<meta property=\"og:locale\" content=\"en_GB\" \/>\n<meta property=\"og:type\" content=\"article\" \/>\n<meta property=\"og:title\" content=\"\u00c9merveillement artistique : Exposition \u00e0 Sor\u00e8de sous les \u00e9toiles\" \/>\n<meta property=\"og:description\" content=\"Imaginez un voyage sensoriel au c\u0153ur de Sor\u00e8de, o\u00f9 l&#039;art rencontre la nature. D\u00e9couvrez des \u0153uvres uniques et laissez-vous transporter par la magie des \u00e9toiles.\" \/>\n<meta property=\"og:url\" content=\"https:\/\/www.locansol.fr\/en\/exposition-artistique-sorede-etoiles\/\" \/>\n<meta property=\"og:site_name\" content=\"Locansol, louer un h\u00e9bergement dans les Pyr\u00e9n\u00e9es Orientales\" \/>\n<meta property=\"article:published_time\" content=\"2026-04-28T18:21:28+00:00\" \/>\n<meta property=\"article:modified_time\" content=\"2026-04-28T18:21:32+00:00\" \/>\n<meta property=\"og:image\" content=\"https:\/\/www.locansol.fr\/wp-content\/uploads\/2026\/04\/exposition-artistique-sorede-etoiles.webp\" \/>\n<meta name=\"author\" content=\"H\u00e9bergements Locansol\" \/>\n<meta name=\"twitter:card\" content=\"summary_large_image\" \/>\n<meta name=\"twitter:title\" content=\"Exposition Sous les \u00e9toiles \u00e0 Sor\u00e8de : \u00e0 ne pas manquer !\" \/>\n<meta name=\"twitter:description\" content=\"Plongez dans l&#039;univers artistique de Sor\u00e8de avec l&#039;exposition Sous les \u00e9toiles. Sculptures, tableaux et paysages des Pyr\u00e9n\u00e9es. Gratuit et ouvert \u00e0 tous !\" \/>\n<meta name=\"twitter:image\" content=\"https:\/\/www.locansol.fr\/wp-content\/uploads\/2026\/04\/exposition-artistique-sorede-etoiles.webp\" \/>\n<meta name=\"twitter:label1\" content=\"Written by\" \/>\n\t<meta name=\"twitter:data1\" content=\"H\u00e9bergements Locansol\" \/>\n\t<meta name=\"twitter:label2\" content=\"Estimated reading time\" \/>\n\t<meta name=\"twitter:data2\" content=\"2 minutes\" \/>\n<script type=\"application\/ld+json\" class=\"yoast-schema-graph\">{\"@context\":\"https:\/\/schema.org\",\"@graph\":[{\"@type\":\"Article\",\"@id\":\"https:\/\/www.locansol.fr\/exposition-artistique-sorede-etoiles\/#article\",\"isPartOf\":{\"@id\":\"https:\/\/www.locansol.fr\/exposition-artistique-sorede-etoiles\/\"},\"author\":{\"name\":\"H\u00e9bergements Locansol\",\"@id\":\"https:\/\/www.locansol.fr\/#\/schema\/person\/0b08d440f1ac44674c6d498107de351d\"},\"headline\":\"Exposition \u00ab Sous les \u00e9toiles \u00bb \u00e0 Sor\u00e8de (26 avril &#8211; 3 mai) : Un voyage artistique unique\",\"datePublished\":\"2026-04-28T18:21:28+00:00\",\"dateModified\":\"2026-04-28T18:21:32+00:00\",\"mainEntityOfPage\":{\"@id\":\"https:\/\/www.locansol.fr\/exposition-artistique-sorede-etoiles\/\"},\"wordCount\":450,\"publisher\":{\"@id\":\"https:\/\/www.locansol.fr\/#organization\"},\"image\":{\"@id\":\"https:\/\/www.locansol.fr\/exposition-artistique-sorede-etoiles\/#primaryimage\"},\"thumbnailUrl\":\"https:\/\/www.locansol.fr\/wp-content\/uploads\/2026\/04\/exposition-artistique-sorede-etoiles.webp\",\"keywords\":[\"\u00c9v\u00e8nement culturel\",\"Loisirs\",\"Pyr\u00e9n\u00e9es-Orientales\"],\"articleSection\":[\"Carnaval\"],\"inLanguage\":\"en-GB\"},{\"@type\":\"WebPage\",\"@id\":\"https:\/\/www.locansol.fr\/exposition-artistique-sorede-etoiles\/\",\"url\":\"https:\/\/www.locansol.fr\/exposition-artistique-sorede-etoiles\/\",\"name\":\"Exposition Sous les \u00e9toiles \u00e0 Sor\u00e8de - Art et nature\",\"isPartOf\":{\"@id\":\"https:\/\/www.locansol.fr\/#website\"},\"primaryImageOfPage\":{\"@id\":\"https:\/\/www.locansol.fr\/exposition-artistique-sorede-etoiles\/#primaryimage\"},\"image\":{\"@id\":\"https:\/\/www.locansol.fr\/exposition-artistique-sorede-etoiles\/#primaryimage\"},\"thumbnailUrl\":\"https:\/\/www.locansol.fr\/wp-content\/uploads\/2026\/04\/exposition-artistique-sorede-etoiles.webp\",\"datePublished\":\"2026-04-28T18:21:28+00:00\",\"dateModified\":\"2026-04-28T18:21:32+00:00\",\"description\":\"Exposition Sous les \u00e9toiles \u00e0 Sor\u00e8de. D\u00e9couvrez des \u0153uvres uniques de Florence Laforgue, Alexandre Charrett-Dykes et Daniel Subielos dans les Pyr\u00e9n\u00e9es-Orientales. Entr\u00e9e libre, ambiance conviviale.\",\"breadcrumb\":{\"@id\":\"https:\/\/www.locansol.fr\/exposition-artistique-sorede-etoiles\/#breadcrumb\"},\"inLanguage\":\"en-GB\",\"potentialAction\":[{\"@type\":\"ReadAction\",\"target\":[\"https:\/\/www.locansol.fr\/exposition-artistique-sorede-etoiles\/\"]}]},{\"@type\":\"ImageObject\",\"inLanguage\":\"en-GB\",\"@id\":\"https:\/\/www.locansol.fr\/exposition-artistique-sorede-etoiles\/#primaryimage\",\"url\":\"https:\/\/www.locansol.fr\/wp-content\/uploads\/2026\/04\/exposition-artistique-sorede-etoiles.webp\",\"contentUrl\":\"https:\/\/www.locansol.fr\/wp-content\/uploads\/2026\/04\/exposition-artistique-sorede-etoiles.webp\",\"width\":1280,\"height\":854,\"caption\":\"Exposition Sous les \u00e9toiles \u00e0 Sor\u00e8de - Art et nature\"},{\"@type\":\"BreadcrumbList\",\"@id\":\"https:\/\/www.locansol.fr\/exposition-artistique-sorede-etoiles\/#breadcrumb\",\"itemListElement\":[{\"@type\":\"ListItem\",\"position\":1,\"name\":\"Accueil\",\"item\":\"https:\/\/www.locansol.fr\/\"},{\"@type\":\"ListItem\",\"position\":2,\"name\":\"Exposition \u00ab Sous les \u00e9toiles \u00bb \u00e0 Sor\u00e8de (26 avril &#8211; 3 mai) : Un voyage artistique unique\"}]},{\"@type\":\"WebSite\",\"@id\":\"https:\/\/www.locansol.fr\/#website\",\"url\":\"https:\/\/www.locansol.fr\/\",\"name\":\"Locansol, louer un h\u00e9bergement dans les Pyr\u00e9n\u00e9es-Orientales\",\"description\":\"Location Mobil-home Mer M\u00e9diterran\u00e9e &amp; Chalet de Montagne dans les Pyr\u00e9n\u00e9es Orientales (Occitanie, 66). Weekend, s\u00e9jour &amp; vacances en famille et entre amis.\",\"publisher\":{\"@id\":\"https:\/\/www.locansol.fr\/#organization\"},\"alternateName\":\"Louer un h\u00e9bergement dans les Pyr\u00e9n\u00e9es Orientales, chalet & mobil-home en Occitanie\",\"potentialAction\":[{\"@type\":\"SearchAction\",\"target\":{\"@type\":\"EntryPoint\",\"urlTemplate\":\"https:\/\/www.locansol.fr\/?s={search_term_string}\"},\"query-input\":{\"@type\":\"PropertyValueSpecification\",\"valueRequired\":true,\"valueName\":\"search_term_string\"}}],\"inLanguage\":\"en-GB\"},{\"@type\":\"Organization\",\"@id\":\"https:\/\/www.locansol.fr\/#organization\",\"name\":\"Location MobilHome & chalet dans les Pyr\u00e9n\u00e9es Orientales\",\"alternateName\":\"Louer un h\u00e9bergement dans les Pyr\u00e9n\u00e9es Orientales en Occitanie\",\"url\":\"https:\/\/www.locansol.fr\/\",\"logo\":{\"@type\":\"ImageObject\",\"inLanguage\":\"en-GB\",\"@id\":\"https:\/\/www.locansol.fr\/#\/schema\/logo\/image\/\",\"url\":\"https:\/\/www.locansol.fr\/wp-content\/uploads\/2024\/04\/AdobeStock_303324767-scaled.jpeg\",\"contentUrl\":\"https:\/\/www.locansol.fr\/wp-content\/uploads\/2024\/04\/AdobeStock_303324767-scaled.jpeg\",\"width\":2560,\"height\":1707,\"caption\":\"Location MobilHome & chalet dans les Pyr\u00e9n\u00e9es Orientales\"},\"image\":{\"@id\":\"https:\/\/www.locansol.fr\/#\/schema\/logo\/image\/\"}},{\"@type\":\"Person\",\"@id\":\"https:\/\/www.locansol.fr\/#\/schema\/person\/0b08d440f1ac44674c6d498107de351d\",\"name\":\"H\u00e9bergements Locansol\",\"image\":{\"@type\":\"ImageObject\",\"inLanguage\":\"en-GB\",\"@id\":\"https:\/\/www.locansol.fr\/#\/schema\/person\/image\/\",\"url\":\"https:\/\/secure.gravatar.com\/avatar\/444436b93284204f8116b6e0eb964cd3fcb811519c737232bde6dd5743c37ee5?s=96&d=mm&r=g\",\"contentUrl\":\"https:\/\/secure.gravatar.com\/avatar\/444436b93284204f8116b6e0eb964cd3fcb811519c737232bde6dd5743c37ee5?s=96&d=mm&r=g\",\"caption\":\"H\u00e9bergements Locansol\"},\"sameAs\":[\"https:\/\/www.locansol.fr\/\"],\"url\":\"https:\/\/www.locansol.fr\/en\/author\/locansol\/\"}]}<\/script>\n<!-- \/ Yoast SEO Premium plugin. -->","yoast_head_json":{"title":"Exposition Sous les \u00e9toiles \u00e0 Sor\u00e8de - Art et nature","description":"Exposition Sous les \u00e9toiles \u00e0 Sor\u00e8de. D\u00e9couvrez des \u0153uvres uniques de Florence Laforgue, Alexandre Charrett-Dykes et Daniel Subielos dans les Pyr\u00e9n\u00e9es-Orientales. Entr\u00e9e libre, ambiance conviviale.","robots":{"index":"index","follow":"follow","max-snippet":"max-snippet:-1","max-image-preview":"max-image-preview:large","max-video-preview":"max-video-preview:-1"},"canonical":"https:\/\/www.locansol.fr\/en\/exposition-artistique-sorede-etoiles\/","og_locale":"en_GB","og_type":"article","og_title":"\u00c9merveillement artistique : Exposition \u00e0 Sor\u00e8de sous les \u00e9toiles","og_description":"Imaginez un voyage sensoriel au c\u0153ur de Sor\u00e8de, o\u00f9 l'art rencontre la nature. D\u00e9couvrez des \u0153uvres uniques et laissez-vous transporter par la magie des \u00e9toiles.","og_url":"https:\/\/www.locansol.fr\/en\/exposition-artistique-sorede-etoiles\/","og_site_name":"Locansol, louer un h\u00e9bergement dans les Pyr\u00e9n\u00e9es Orientales","article_published_time":"2026-04-28T18:21:28+00:00","article_modified_time":"2026-04-28T18:21:32+00:00","og_image":[{"url":"https:\/\/www.locansol.fr\/wp-content\/uploads\/2026\/04\/exposition-artistique-sorede-etoiles.webp","type":"","width":"","height":""}],"author":"H\u00e9bergements Locansol","twitter_card":"summary_large_image","twitter_title":"Exposition Sous les \u00e9toiles \u00e0 Sor\u00e8de : \u00e0 ne pas manquer !","twitter_description":"Plongez dans l'univers artistique de Sor\u00e8de avec l'exposition Sous les \u00e9toiles. Sculptures, tableaux et paysages des Pyr\u00e9n\u00e9es. Gratuit et ouvert \u00e0 tous !","twitter_image":"https:\/\/www.locansol.fr\/wp-content\/uploads\/2026\/04\/exposition-artistique-sorede-etoiles.webp","twitter_misc":{"Written by":"H\u00e9bergements Locansol","Estimated reading time":"2 minutes"},"schema":{"@context":"https:\/\/schema.org","@graph":[{"@type":"Article","@id":"https:\/\/www.locansol.fr\/exposition-artistique-sorede-etoiles\/#article","isPartOf":{"@id":"https:\/\/www.locansol.fr\/exposition-artistique-sorede-etoiles\/"},"author":{"name":"H\u00e9bergements Locansol","@id":"https:\/\/www.locansol.fr\/#\/schema\/person\/0b08d440f1ac44674c6d498107de351d"},"headline":"Exposition \u00ab Sous les \u00e9toiles \u00bb \u00e0 Sor\u00e8de (26 avril &#8211; 3 mai) : Un voyage artistique unique","datePublished":"2026-04-28T18:21:28+00:00","dateModified":"2026-04-28T18:21:32+00:00","mainEntityOfPage":{"@id":"https:\/\/www.locansol.fr\/exposition-artistique-sorede-etoiles\/"},"wordCount":450,"publisher":{"@id":"https:\/\/www.locansol.fr\/#organization"},"image":{"@id":"https:\/\/www.locansol.fr\/exposition-artistique-sorede-etoiles\/#primaryimage"},"thumbnailUrl":"https:\/\/www.locansol.fr\/wp-content\/uploads\/2026\/04\/exposition-artistique-sorede-etoiles.webp","keywords":["\u00c9v\u00e8nement culturel","Loisirs","Pyr\u00e9n\u00e9es-Orientales"],"articleSection":["Carnaval"],"inLanguage":"en-GB"},{"@type":"WebPage","@id":"https:\/\/www.locansol.fr\/exposition-artistique-sorede-etoiles\/","url":"https:\/\/www.locansol.fr\/exposition-artistique-sorede-etoiles\/","name":"Exposition Sous les \u00e9toiles \u00e0 Sor\u00e8de - Art et nature","isPartOf":{"@id":"https:\/\/www.locansol.fr\/#website"},"primaryImageOfPage":{"@id":"https:\/\/www.locansol.fr\/exposition-artistique-sorede-etoiles\/#primaryimage"},"image":{"@id":"https:\/\/www.locansol.fr\/exposition-artistique-sorede-etoiles\/#primaryimage"},"thumbnailUrl":"https:\/\/www.locansol.fr\/wp-content\/uploads\/2026\/04\/exposition-artistique-sorede-etoiles.webp","datePublished":"2026-04-28T18:21:28+00:00","dateModified":"2026-04-28T18:21:32+00:00","description":"Exposition Sous les \u00e9toiles \u00e0 Sor\u00e8de. D\u00e9couvrez des \u0153uvres uniques de Florence Laforgue, Alexandre Charrett-Dykes et Daniel Subielos dans les Pyr\u00e9n\u00e9es-Orientales. Entr\u00e9e libre, ambiance conviviale.","breadcrumb":{"@id":"https:\/\/www.locansol.fr\/exposition-artistique-sorede-etoiles\/#breadcrumb"},"inLanguage":"en-GB","potentialAction":[{"@type":"ReadAction","target":["https:\/\/www.locansol.fr\/exposition-artistique-sorede-etoiles\/"]}]},{"@type":"ImageObject","inLanguage":"en-GB","@id":"https:\/\/www.locansol.fr\/exposition-artistique-sorede-etoiles\/#primaryimage","url":"https:\/\/www.locansol.fr\/wp-content\/uploads\/2026\/04\/exposition-artistique-sorede-etoiles.webp","contentUrl":"https:\/\/www.locansol.fr\/wp-content\/uploads\/2026\/04\/exposition-artistique-sorede-etoiles.webp","width":1280,"height":854,"caption":"Exposition Sous les \u00e9toiles \u00e0 Sor\u00e8de - Art et nature"},{"@type":"BreadcrumbList","@id":"https:\/\/www.locansol.fr\/exposition-artistique-sorede-etoiles\/#breadcrumb","itemListElement":[{"@type":"ListItem","position":1,"name":"Accueil","item":"https:\/\/www.locansol.fr\/"},{"@type":"ListItem","position":2,"name":"Exposition \u00ab Sous les \u00e9toiles \u00bb \u00e0 Sor\u00e8de (26 avril &#8211; 3 mai) : Un voyage artistique unique"}]},{"@type":"WebSite","@id":"https:\/\/www.locansol.fr\/#website","url":"https:\/\/www.locansol.fr\/","name":"Locansol, louer un h\u00e9bergement dans les Pyr\u00e9n\u00e9es-Orientales","description":"Location Mobil-home Mer M\u00e9diterran\u00e9e &amp; Chalet de Montagne dans les Pyr\u00e9n\u00e9es Orientales (Occitanie, 66). Weekend, s\u00e9jour &amp; vacances en famille et entre amis.","publisher":{"@id":"https:\/\/www.locansol.fr\/#organization"},"alternateName":"Louer un h\u00e9bergement dans les Pyr\u00e9n\u00e9es Orientales, chalet & mobil-home en Occitanie","potentialAction":[{"@type":"SearchAction","target":{"@type":"EntryPoint","urlTemplate":"https:\/\/www.locansol.fr\/?s={search_term_string}"},"query-input":{"@type":"PropertyValueSpecification","valueRequired":true,"valueName":"search_term_string"}}],"inLanguage":"en-GB"},{"@type":"Organization","@id":"https:\/\/www.locansol.fr\/#organization","name":"Location MobilHome & chalet dans les Pyr\u00e9n\u00e9es Orientales","alternateName":"Louer un h\u00e9bergement dans les Pyr\u00e9n\u00e9es Orientales en Occitanie","url":"https:\/\/www.locansol.fr\/","logo":{"@type":"ImageObject","inLanguage":"en-GB","@id":"https:\/\/www.locansol.fr\/#\/schema\/logo\/image\/","url":"https:\/\/www.locansol.fr\/wp-content\/uploads\/2024\/04\/AdobeStock_303324767-scaled.jpeg","contentUrl":"https:\/\/www.locansol.fr\/wp-content\/uploads\/2024\/04\/AdobeStock_303324767-scaled.jpeg","width":2560,"height":1707,"caption":"Location MobilHome & chalet dans les Pyr\u00e9n\u00e9es Orientales"},"image":{"@id":"https:\/\/www.locansol.fr\/#\/schema\/logo\/image\/"}},{"@type":"Person","@id":"https:\/\/www.locansol.fr\/#\/schema\/person\/0b08d440f1ac44674c6d498107de351d","name":"H\u00e9bergements Locansol","image":{"@type":"ImageObject","inLanguage":"en-GB","@id":"https:\/\/www.locansol.fr\/#\/schema\/person\/image\/","url":"https:\/\/secure.gravatar.com\/avatar\/444436b93284204f8116b6e0eb964cd3fcb811519c737232bde6dd5743c37ee5?s=96&d=mm&r=g","contentUrl":"https:\/\/secure.gravatar.com\/avatar\/444436b93284204f8116b6e0eb964cd3fcb811519c737232bde6dd5743c37ee5?s=96&d=mm&r=g","caption":"H\u00e9bergements Locansol"},"sameAs":["https:\/\/www.locansol.fr\/"],"url":"https:\/\/www.locansol.fr\/en\/author\/locansol\/"}]}},"_links":{"self":[{"href":"https:\/\/www.locansol.fr\/en\/wp-json\/wp\/v2\/posts\/6681","targetHints":{"allow":["GET"]}}],"collection":[{"href":"https:\/\/www.locansol.fr\/en\/wp-json\/wp\/v2\/posts"}],"about":[{"href":"https:\/\/www.locansol.fr\/en\/wp-json\/wp\/v2\/types\/post"}],"author":[{"embeddable":true,"href":"https:\/\/www.locansol.fr\/en\/wp-json\/wp\/v2\/users\/5"}],"replies":[{"embeddable":true,"href":"https:\/\/www.locansol.fr\/en\/wp-json\/wp\/v2\/comments?post=6681"}],"version-history":[{"count":1,"href":"https:\/\/www.locansol.fr\/en\/wp-json\/wp\/v2\/posts\/6681\/revisions"}],"predecessor-version":[{"id":6682,"href":"https:\/\/www.locansol.fr\/en\/wp-json\/wp\/v2\/posts\/6681\/revisions\/6682"}],"wp:featuredmedia":[{"embeddable":true,"href":"https:\/\/www.locansol.fr\/en\/wp-json\/wp\/v2\/media\/6680"}],"wp:attachment":[{"href":"https:\/\/www.locansol.fr\/en\/wp-json\/wp\/v2\/media?parent=6681"}],"wp:term":[{"taxonomy":"category","embeddable":true,"href":"https:\/\/www.locansol.fr\/en\/wp-json\/wp\/v2\/categories?post=6681"},{"taxonomy":"post_tag","embeddable":true,"href":"https:\/\/www.locansol.fr\/en\/wp-json\/wp\/v2\/tags?post=6681"}],"curies":[{"name":"wp","href":"https:\/\/api.w.org\/{rel}","templated":true}]}}