{"id":6691,"date":"2026-04-29T00:03:32","date_gmt":"2026-04-28T22:03:32","guid":{"rendered":"https:\/\/www.locansol.fr\/exposition-artistes-palau-del-vidre\/"},"modified":"2026-04-29T00:03:35","modified_gmt":"2026-04-28T22:03:35","slug":"exposition-artistes-palau-del-vidre","status":"publish","type":"post","link":"https:\/\/www.locansol.fr\/en\/exposition-artistes-palau-del-vidre\/","title":{"rendered":"Exposition \u00e0 Palau-del-Vidre (24 avril &#8211; 17 mai) : Plongez dans l&rsquo;univers de deux artistes !"},"content":{"rendered":"<p>Du 24 avril au 17 mai 2026, la Galerie de la Place del Gall \u00e0 Palau-del-Vidre devient le th\u00e9\u00e2tre d\u2019une rencontre artistique exceptionnelle. Cette exposition, mettant en lumi\u00e8re les \u0153uvres de Jo Reed et David Newcomb, promet une immersion captivante dans des univers riches en couleurs et en textures. Un rendez-vous id\u00e9al pour les amateurs d\u2019art et les curieux souhaitant \u00e9largir leurs horizons culturels.<\/p>\n<p>### Quand l\u2019art raconte des histoires<br \/>Jo Reed et David Newcomb, deux artistes aux parcours singuliers, proposent une v\u00e9ritable c\u00e9l\u00e9bration visuelle et tactile \u00e0 travers leurs \u0153uvres. Jo Reed, originaire de Salisbury, Maryland, s&rsquo;est impr\u00e9gn\u00e9e de cultures vari\u00e9es en \u00e9tudiant successivement \u00e0 Washington D.C., La Nouvelle-Orl\u00e9ans, ainsi qu\u2019\u00e0 Paris, o\u00f9 elle a fr\u00e9quent\u00e9 La Sorbonne et l\u2019\u00c9cole du Louvre. Cette pluralit\u00e9 d\u2019influences se refl\u00e8te dans ses cr\u00e9ations vibrantes et d\u00e9taill\u00e9es. De son c\u00f4t\u00e9, David Newcomb explore les mati\u00e8res et les textures avec une ma\u00eetrise impressionnante, faisant de chacune de ses \u0153uvres une exp\u00e9rience sensorielle unique.<\/p>\n<p>### Un cadre enchanteur pour une exp\u00e9rience m\u00e9morable<br \/>La Galerie de la Place del Gall, situ\u00e9e au c\u0153ur de Palau-del-Vidre, offre un cadre intimiste id\u00e9al pour d\u00e9couvrir ces univers artistiques. L\u2019exposition est accessible gratuitement, permettant ainsi \u00e0 toute la famille de se laisser porter par la magie des \u0153uvres. La douceur printani\u00e8re de cette p\u00e9riode ajoute une touche particuli\u00e8re \u00e0 la visite, surtout si vous combinez la d\u00e9couverte de l\u2019exposition avec une balade dans le charmant village de Palau-del-Vidre.<\/p>\n<p>### Infos pratiques \u00e0 ne pas manquer<br \/>Les portes de l\u2019exposition sont ouvertes du mercredi au dimanche, de 15h \u00e0 18h, avec une pause hebdomadaire le jeudi. Un \u00e9v\u00e9nement sp\u00e9cial \u00e0 noter : le vernissage pr\u00e9vu le vendredi 24 avril \u00e0 19h. C\u2019est une occasion r\u00eav\u00e9e pour rencontrer Jo Reed et David Newcomb en personne, et \u00e9changer avec eux sur leur d\u00e9marche artistique. Ce moment convivial vous permettra de mieux comprendre leurs sources d\u2019inspiration et leurs techniques.<\/p>\n<p>### Une escapade culturelle pour tous<br \/>Que vous soyez amateur d\u2019art confirm\u00e9 ou simple explorateur culturel, cette exposition est con\u00e7ue pour vous. Sa gratuit\u00e9 rend l\u2019exp\u00e9rience accessible \u00e0 tous, renfor\u00e7ant son r\u00f4le de passerelle entre les artistes et le public. Ne manquez pas cette opportunit\u00e9 rare de d\u00e9couvrir deux univers artistiques aussi uniques que compl\u00e9mentaires.<\/p>\n<p>Rendez-vous \u00e0 Palau-del-Vidre pour vous laisser surprendre et \u00e9merveiller par la cr\u00e9ativit\u00e9 d\u00e9bordante de ces deux artistes !<\/p>\n<h3>Practical information<\/h3>\n<p>\ud83d\udcc5 QUAND ? Du 24 avril au 17 mai 2026 (mercredi \u00e0 dimanche, 15h-18h)<br \/>\ud83d\udccd O\u00d9 ? Galerie de la Place del Gall, Palau-del-Vidre<br \/>\ud83d\udcb6 COMBIEN ? Entr\u00e9e gratuite<\/p>","protected":false},"excerpt":{"rendered":"<p>D\u00e9couvrez l\u2019exposition gratuite r\u00e9unissant Jo Reed et David Newcomb \u00e0 la Galerie de Palau-del-Vidre, du 24 avril au 17 mai 2026.<\/p>","protected":false},"author":5,"featured_media":6690,"comment_status":"closed","ping_status":"open","sticky":false,"template":"","format":"standard","meta":{"_yoast_wpseo_focuskw":"Exposition artistes Palau-del-Vidre","_yoast_wpseo_title":"Exposition \u00e0 Palau-del-Vidre : D\u00e9couvrez deux artistes uniques","_yoast_wpseo_metadesc":"Exposition \u00e0 Palau-del-Vidre : Plongez dans l'univers de deux artistes uniques. Du 24 avril au 17 mai 2026, d\u00e9couvrez des \u0153uvres vibrantes et textures \u00e0 la Galerie de la Place del Gall. Pyr\u00e9n\u00e9es-Orientales.","_yoast_wpseo_canonical":"","_yoast_wpseo_opengraph-title":"D\u00e9couvrez une explosion de couleurs : Exposition \u00e0 Palau-del-Vidre \u2014 Rencontre avec deux artistes","_yoast_wpseo_opengraph-description":"Plongez dans un monde de couleurs et de textures \u00e0 Palau-del-Vidre. Rencontrez Jo Reed et David Newcomb lors de cette exposition unique et gratuite.","_yoast_wpseo_opengraph-image":"https:\/\/www.locansol.fr\/wp-content\/uploads\/2026\/04\/exposition-artistes-palau-del-vidre.webp","_yoast_wpseo_opengraph-image-id":"","_yoast_wpseo_twitter-title":"Exposition \u00e0 Palau-del-Vidre : Une explosion d'art et de couleurs","_yoast_wpseo_twitter-description":"D\u00e9couvrez l'univers captivant de Jo Reed et David Newcomb \u00e0 Palau-del-Vidre. Une exposition gratuite \u00e0 ne pas manquer !","_yoast_wpseo_twitter-image":"https:\/\/www.locansol.fr\/wp-content\/uploads\/2026\/04\/exposition-artistes-palau-del-vidre.webp","_yoast_wpseo_twitter-image-id":"","yoast_primary_category":"Exposition","footnotes":""},"categories":[35],"tags":[66,76],"class_list":["post-6691","post","type-post","status-publish","format-standard","has-post-thumbnail","hentry","category-carnaval","tag-evenement-culturel","tag-pyrenees-orientales"],"yoast_head":"<!-- This site is optimized with the Yoast SEO Premium plugin v23.3 (Yoast SEO v26.9) - https:\/\/yoast.com\/product\/yoast-seo-premium-wordpress\/ -->\n<title>Exposition \u00e0 Palau-del-Vidre : D\u00e9couvrez deux artistes uniques<\/title>\n<meta name=\"description\" content=\"Exposition \u00e0 Palau-del-Vidre : Plongez dans l&#039;univers de deux artistes uniques. Du 24 avril au 17 mai 2026, d\u00e9couvrez des \u0153uvres vibrantes et textures \u00e0 la Galerie de la Place del Gall. Pyr\u00e9n\u00e9es-Orientales.\" \/>\n<meta name=\"robots\" content=\"index, follow, max-snippet:-1, max-image-preview:large, max-video-preview:-1\" \/>\n<link rel=\"canonical\" href=\"https:\/\/www.locansol.fr\/en\/exposition-artistes-palau-del-vidre\/\" \/>\n<meta property=\"og:locale\" content=\"en_GB\" \/>\n<meta property=\"og:type\" content=\"article\" \/>\n<meta property=\"og:title\" content=\"D\u00e9couvrez une explosion de couleurs : Exposition \u00e0 Palau-del-Vidre \u2014 Rencontre avec deux artistes\" \/>\n<meta property=\"og:description\" content=\"Plongez dans un monde de couleurs et de textures \u00e0 Palau-del-Vidre. Rencontrez Jo Reed et David Newcomb lors de cette exposition unique et gratuite.\" \/>\n<meta property=\"og:url\" content=\"https:\/\/www.locansol.fr\/en\/exposition-artistes-palau-del-vidre\/\" \/>\n<meta property=\"og:site_name\" content=\"Locansol, louer un h\u00e9bergement dans les Pyr\u00e9n\u00e9es Orientales\" \/>\n<meta property=\"article:published_time\" content=\"2026-04-28T22:03:32+00:00\" \/>\n<meta property=\"article:modified_time\" content=\"2026-04-28T22:03:35+00:00\" \/>\n<meta property=\"og:image\" content=\"https:\/\/www.locansol.fr\/wp-content\/uploads\/2026\/04\/exposition-artistes-palau-del-vidre.webp\" \/>\n<meta name=\"author\" content=\"H\u00e9bergements Locansol\" \/>\n<meta name=\"twitter:card\" content=\"summary_large_image\" \/>\n<meta name=\"twitter:title\" content=\"Exposition \u00e0 Palau-del-Vidre : Une explosion d&#039;art et de couleurs\" \/>\n<meta name=\"twitter:description\" content=\"D\u00e9couvrez l&#039;univers captivant de Jo Reed et David Newcomb \u00e0 Palau-del-Vidre. Une exposition gratuite \u00e0 ne pas manquer !\" \/>\n<meta name=\"twitter:image\" content=\"https:\/\/www.locansol.fr\/wp-content\/uploads\/2026\/04\/exposition-artistes-palau-del-vidre.webp\" \/>\n<meta name=\"twitter:label1\" content=\"Written by\" \/>\n\t<meta name=\"twitter:data1\" content=\"H\u00e9bergements Locansol\" \/>\n\t<meta name=\"twitter:label2\" content=\"Estimated reading time\" \/>\n\t<meta name=\"twitter:data2\" content=\"2 minutes\" \/>\n<script type=\"application\/ld+json\" class=\"yoast-schema-graph\">{\"@context\":\"https:\/\/schema.org\",\"@graph\":[{\"@type\":\"Article\",\"@id\":\"https:\/\/www.locansol.fr\/exposition-artistes-palau-del-vidre\/#article\",\"isPartOf\":{\"@id\":\"https:\/\/www.locansol.fr\/exposition-artistes-palau-del-vidre\/\"},\"author\":{\"name\":\"H\u00e9bergements Locansol\",\"@id\":\"https:\/\/www.locansol.fr\/#\/schema\/person\/0b08d440f1ac44674c6d498107de351d\"},\"headline\":\"Exposition \u00e0 Palau-del-Vidre (24 avril &#8211; 17 mai) : Plongez dans l&rsquo;univers de deux artistes !\",\"datePublished\":\"2026-04-28T22:03:32+00:00\",\"dateModified\":\"2026-04-28T22:03:35+00:00\",\"mainEntityOfPage\":{\"@id\":\"https:\/\/www.locansol.fr\/exposition-artistes-palau-del-vidre\/\"},\"wordCount\":455,\"publisher\":{\"@id\":\"https:\/\/www.locansol.fr\/#organization\"},\"image\":{\"@id\":\"https:\/\/www.locansol.fr\/exposition-artistes-palau-del-vidre\/#primaryimage\"},\"thumbnailUrl\":\"https:\/\/www.locansol.fr\/wp-content\/uploads\/2026\/04\/exposition-artistes-palau-del-vidre.webp\",\"keywords\":[\"\u00c9v\u00e8nement culturel\",\"Pyr\u00e9n\u00e9es-Orientales\"],\"articleSection\":[\"Carnaval\"],\"inLanguage\":\"en-GB\"},{\"@type\":\"WebPage\",\"@id\":\"https:\/\/www.locansol.fr\/exposition-artistes-palau-del-vidre\/\",\"url\":\"https:\/\/www.locansol.fr\/exposition-artistes-palau-del-vidre\/\",\"name\":\"Exposition \u00e0 Palau-del-Vidre : D\u00e9couvrez deux artistes uniques\",\"isPartOf\":{\"@id\":\"https:\/\/www.locansol.fr\/#website\"},\"primaryImageOfPage\":{\"@id\":\"https:\/\/www.locansol.fr\/exposition-artistes-palau-del-vidre\/#primaryimage\"},\"image\":{\"@id\":\"https:\/\/www.locansol.fr\/exposition-artistes-palau-del-vidre\/#primaryimage\"},\"thumbnailUrl\":\"https:\/\/www.locansol.fr\/wp-content\/uploads\/2026\/04\/exposition-artistes-palau-del-vidre.webp\",\"datePublished\":\"2026-04-28T22:03:32+00:00\",\"dateModified\":\"2026-04-28T22:03:35+00:00\",\"description\":\"Exposition \u00e0 Palau-del-Vidre : Plongez dans l'univers de deux artistes uniques. Du 24 avril au 17 mai 2026, d\u00e9couvrez des \u0153uvres vibrantes et textures \u00e0 la Galerie de la Place del Gall. Pyr\u00e9n\u00e9es-Orientales.\",\"breadcrumb\":{\"@id\":\"https:\/\/www.locansol.fr\/exposition-artistes-palau-del-vidre\/#breadcrumb\"},\"inLanguage\":\"en-GB\",\"potentialAction\":[{\"@type\":\"ReadAction\",\"target\":[\"https:\/\/www.locansol.fr\/exposition-artistes-palau-del-vidre\/\"]}]},{\"@type\":\"ImageObject\",\"inLanguage\":\"en-GB\",\"@id\":\"https:\/\/www.locansol.fr\/exposition-artistes-palau-del-vidre\/#primaryimage\",\"url\":\"https:\/\/www.locansol.fr\/wp-content\/uploads\/2026\/04\/exposition-artistes-palau-del-vidre.webp\",\"contentUrl\":\"https:\/\/www.locansol.fr\/wp-content\/uploads\/2026\/04\/exposition-artistes-palau-del-vidre.webp\",\"width\":612,\"height\":358,\"caption\":\"Exposition \u00e0 Palau-del-Vidre : D\u00e9couvrez deux artistes uniques\"},{\"@type\":\"BreadcrumbList\",\"@id\":\"https:\/\/www.locansol.fr\/exposition-artistes-palau-del-vidre\/#breadcrumb\",\"itemListElement\":[{\"@type\":\"ListItem\",\"position\":1,\"name\":\"Accueil\",\"item\":\"https:\/\/www.locansol.fr\/\"},{\"@type\":\"ListItem\",\"position\":2,\"name\":\"Exposition \u00e0 Palau-del-Vidre (24 avril &#8211; 17 mai) : Plongez dans l&rsquo;univers de deux artistes !\"}]},{\"@type\":\"WebSite\",\"@id\":\"https:\/\/www.locansol.fr\/#website\",\"url\":\"https:\/\/www.locansol.fr\/\",\"name\":\"Locansol, louer un h\u00e9bergement dans les Pyr\u00e9n\u00e9es-Orientales\",\"description\":\"Location Mobil-home Mer M\u00e9diterran\u00e9e &amp; Chalet de Montagne dans les Pyr\u00e9n\u00e9es Orientales (Occitanie, 66). Weekend, s\u00e9jour &amp; vacances en famille et entre amis.\",\"publisher\":{\"@id\":\"https:\/\/www.locansol.fr\/#organization\"},\"alternateName\":\"Louer un h\u00e9bergement dans les Pyr\u00e9n\u00e9es Orientales, chalet & mobil-home en Occitanie\",\"potentialAction\":[{\"@type\":\"SearchAction\",\"target\":{\"@type\":\"EntryPoint\",\"urlTemplate\":\"https:\/\/www.locansol.fr\/?s={search_term_string}\"},\"query-input\":{\"@type\":\"PropertyValueSpecification\",\"valueRequired\":true,\"valueName\":\"search_term_string\"}}],\"inLanguage\":\"en-GB\"},{\"@type\":\"Organization\",\"@id\":\"https:\/\/www.locansol.fr\/#organization\",\"name\":\"Location MobilHome & chalet dans les Pyr\u00e9n\u00e9es Orientales\",\"alternateName\":\"Louer un h\u00e9bergement dans les Pyr\u00e9n\u00e9es Orientales en Occitanie\",\"url\":\"https:\/\/www.locansol.fr\/\",\"logo\":{\"@type\":\"ImageObject\",\"inLanguage\":\"en-GB\",\"@id\":\"https:\/\/www.locansol.fr\/#\/schema\/logo\/image\/\",\"url\":\"https:\/\/www.locansol.fr\/wp-content\/uploads\/2024\/04\/AdobeStock_303324767-scaled.jpeg\",\"contentUrl\":\"https:\/\/www.locansol.fr\/wp-content\/uploads\/2024\/04\/AdobeStock_303324767-scaled.jpeg\",\"width\":2560,\"height\":1707,\"caption\":\"Location MobilHome & chalet dans les Pyr\u00e9n\u00e9es Orientales\"},\"image\":{\"@id\":\"https:\/\/www.locansol.fr\/#\/schema\/logo\/image\/\"}},{\"@type\":\"Person\",\"@id\":\"https:\/\/www.locansol.fr\/#\/schema\/person\/0b08d440f1ac44674c6d498107de351d\",\"name\":\"H\u00e9bergements Locansol\",\"image\":{\"@type\":\"ImageObject\",\"inLanguage\":\"en-GB\",\"@id\":\"https:\/\/www.locansol.fr\/#\/schema\/person\/image\/\",\"url\":\"https:\/\/secure.gravatar.com\/avatar\/444436b93284204f8116b6e0eb964cd3fcb811519c737232bde6dd5743c37ee5?s=96&d=mm&r=g\",\"contentUrl\":\"https:\/\/secure.gravatar.com\/avatar\/444436b93284204f8116b6e0eb964cd3fcb811519c737232bde6dd5743c37ee5?s=96&d=mm&r=g\",\"caption\":\"H\u00e9bergements Locansol\"},\"sameAs\":[\"https:\/\/www.locansol.fr\/\"],\"url\":\"https:\/\/www.locansol.fr\/en\/author\/locansol\/\"}]}<\/script>\n<!-- \/ Yoast SEO Premium plugin. -->","yoast_head_json":{"title":"Exposition \u00e0 Palau-del-Vidre : D\u00e9couvrez deux artistes uniques","description":"Exposition \u00e0 Palau-del-Vidre : Plongez dans l'univers de deux artistes uniques. Du 24 avril au 17 mai 2026, d\u00e9couvrez des \u0153uvres vibrantes et textures \u00e0 la Galerie de la Place del Gall. Pyr\u00e9n\u00e9es-Orientales.","robots":{"index":"index","follow":"follow","max-snippet":"max-snippet:-1","max-image-preview":"max-image-preview:large","max-video-preview":"max-video-preview:-1"},"canonical":"https:\/\/www.locansol.fr\/en\/exposition-artistes-palau-del-vidre\/","og_locale":"en_GB","og_type":"article","og_title":"D\u00e9couvrez une explosion de couleurs : Exposition \u00e0 Palau-del-Vidre \u2014 Rencontre avec deux artistes","og_description":"Plongez dans un monde de couleurs et de textures \u00e0 Palau-del-Vidre. Rencontrez Jo Reed et David Newcomb lors de cette exposition unique et gratuite.","og_url":"https:\/\/www.locansol.fr\/en\/exposition-artistes-palau-del-vidre\/","og_site_name":"Locansol, louer un h\u00e9bergement dans les Pyr\u00e9n\u00e9es Orientales","article_published_time":"2026-04-28T22:03:32+00:00","article_modified_time":"2026-04-28T22:03:35+00:00","og_image":[{"url":"https:\/\/www.locansol.fr\/wp-content\/uploads\/2026\/04\/exposition-artistes-palau-del-vidre.webp","type":"","width":"","height":""}],"author":"H\u00e9bergements Locansol","twitter_card":"summary_large_image","twitter_title":"Exposition \u00e0 Palau-del-Vidre : Une explosion d'art et de couleurs","twitter_description":"D\u00e9couvrez l'univers captivant de Jo Reed et David Newcomb \u00e0 Palau-del-Vidre. Une exposition gratuite \u00e0 ne pas manquer !","twitter_image":"https:\/\/www.locansol.fr\/wp-content\/uploads\/2026\/04\/exposition-artistes-palau-del-vidre.webp","twitter_misc":{"Written by":"H\u00e9bergements Locansol","Estimated reading time":"2 minutes"},"schema":{"@context":"https:\/\/schema.org","@graph":[{"@type":"Article","@id":"https:\/\/www.locansol.fr\/exposition-artistes-palau-del-vidre\/#article","isPartOf":{"@id":"https:\/\/www.locansol.fr\/exposition-artistes-palau-del-vidre\/"},"author":{"name":"H\u00e9bergements Locansol","@id":"https:\/\/www.locansol.fr\/#\/schema\/person\/0b08d440f1ac44674c6d498107de351d"},"headline":"Exposition \u00e0 Palau-del-Vidre (24 avril &#8211; 17 mai) : Plongez dans l&rsquo;univers de deux artistes !","datePublished":"2026-04-28T22:03:32+00:00","dateModified":"2026-04-28T22:03:35+00:00","mainEntityOfPage":{"@id":"https:\/\/www.locansol.fr\/exposition-artistes-palau-del-vidre\/"},"wordCount":455,"publisher":{"@id":"https:\/\/www.locansol.fr\/#organization"},"image":{"@id":"https:\/\/www.locansol.fr\/exposition-artistes-palau-del-vidre\/#primaryimage"},"thumbnailUrl":"https:\/\/www.locansol.fr\/wp-content\/uploads\/2026\/04\/exposition-artistes-palau-del-vidre.webp","keywords":["\u00c9v\u00e8nement culturel","Pyr\u00e9n\u00e9es-Orientales"],"articleSection":["Carnaval"],"inLanguage":"en-GB"},{"@type":"WebPage","@id":"https:\/\/www.locansol.fr\/exposition-artistes-palau-del-vidre\/","url":"https:\/\/www.locansol.fr\/exposition-artistes-palau-del-vidre\/","name":"Exposition \u00e0 Palau-del-Vidre : D\u00e9couvrez deux artistes uniques","isPartOf":{"@id":"https:\/\/www.locansol.fr\/#website"},"primaryImageOfPage":{"@id":"https:\/\/www.locansol.fr\/exposition-artistes-palau-del-vidre\/#primaryimage"},"image":{"@id":"https:\/\/www.locansol.fr\/exposition-artistes-palau-del-vidre\/#primaryimage"},"thumbnailUrl":"https:\/\/www.locansol.fr\/wp-content\/uploads\/2026\/04\/exposition-artistes-palau-del-vidre.webp","datePublished":"2026-04-28T22:03:32+00:00","dateModified":"2026-04-28T22:03:35+00:00","description":"Exposition \u00e0 Palau-del-Vidre : Plongez dans l'univers de deux artistes uniques. Du 24 avril au 17 mai 2026, d\u00e9couvrez des \u0153uvres vibrantes et textures \u00e0 la Galerie de la Place del Gall. Pyr\u00e9n\u00e9es-Orientales.","breadcrumb":{"@id":"https:\/\/www.locansol.fr\/exposition-artistes-palau-del-vidre\/#breadcrumb"},"inLanguage":"en-GB","potentialAction":[{"@type":"ReadAction","target":["https:\/\/www.locansol.fr\/exposition-artistes-palau-del-vidre\/"]}]},{"@type":"ImageObject","inLanguage":"en-GB","@id":"https:\/\/www.locansol.fr\/exposition-artistes-palau-del-vidre\/#primaryimage","url":"https:\/\/www.locansol.fr\/wp-content\/uploads\/2026\/04\/exposition-artistes-palau-del-vidre.webp","contentUrl":"https:\/\/www.locansol.fr\/wp-content\/uploads\/2026\/04\/exposition-artistes-palau-del-vidre.webp","width":612,"height":358,"caption":"Exposition \u00e0 Palau-del-Vidre : D\u00e9couvrez deux artistes uniques"},{"@type":"BreadcrumbList","@id":"https:\/\/www.locansol.fr\/exposition-artistes-palau-del-vidre\/#breadcrumb","itemListElement":[{"@type":"ListItem","position":1,"name":"Accueil","item":"https:\/\/www.locansol.fr\/"},{"@type":"ListItem","position":2,"name":"Exposition \u00e0 Palau-del-Vidre (24 avril &#8211; 17 mai) : Plongez dans l&rsquo;univers de deux artistes !"}]},{"@type":"WebSite","@id":"https:\/\/www.locansol.fr\/#website","url":"https:\/\/www.locansol.fr\/","name":"Locansol, louer un h\u00e9bergement dans les Pyr\u00e9n\u00e9es-Orientales","description":"Location Mobil-home Mer M\u00e9diterran\u00e9e &amp; Chalet de Montagne dans les Pyr\u00e9n\u00e9es Orientales (Occitanie, 66). Weekend, s\u00e9jour &amp; vacances en famille et entre amis.","publisher":{"@id":"https:\/\/www.locansol.fr\/#organization"},"alternateName":"Louer un h\u00e9bergement dans les Pyr\u00e9n\u00e9es Orientales, chalet & mobil-home en Occitanie","potentialAction":[{"@type":"SearchAction","target":{"@type":"EntryPoint","urlTemplate":"https:\/\/www.locansol.fr\/?s={search_term_string}"},"query-input":{"@type":"PropertyValueSpecification","valueRequired":true,"valueName":"search_term_string"}}],"inLanguage":"en-GB"},{"@type":"Organization","@id":"https:\/\/www.locansol.fr\/#organization","name":"Location MobilHome & chalet dans les Pyr\u00e9n\u00e9es Orientales","alternateName":"Louer un h\u00e9bergement dans les Pyr\u00e9n\u00e9es Orientales en Occitanie","url":"https:\/\/www.locansol.fr\/","logo":{"@type":"ImageObject","inLanguage":"en-GB","@id":"https:\/\/www.locansol.fr\/#\/schema\/logo\/image\/","url":"https:\/\/www.locansol.fr\/wp-content\/uploads\/2024\/04\/AdobeStock_303324767-scaled.jpeg","contentUrl":"https:\/\/www.locansol.fr\/wp-content\/uploads\/2024\/04\/AdobeStock_303324767-scaled.jpeg","width":2560,"height":1707,"caption":"Location MobilHome & chalet dans les Pyr\u00e9n\u00e9es Orientales"},"image":{"@id":"https:\/\/www.locansol.fr\/#\/schema\/logo\/image\/"}},{"@type":"Person","@id":"https:\/\/www.locansol.fr\/#\/schema\/person\/0b08d440f1ac44674c6d498107de351d","name":"H\u00e9bergements Locansol","image":{"@type":"ImageObject","inLanguage":"en-GB","@id":"https:\/\/www.locansol.fr\/#\/schema\/person\/image\/","url":"https:\/\/secure.gravatar.com\/avatar\/444436b93284204f8116b6e0eb964cd3fcb811519c737232bde6dd5743c37ee5?s=96&d=mm&r=g","contentUrl":"https:\/\/secure.gravatar.com\/avatar\/444436b93284204f8116b6e0eb964cd3fcb811519c737232bde6dd5743c37ee5?s=96&d=mm&r=g","caption":"H\u00e9bergements Locansol"},"sameAs":["https:\/\/www.locansol.fr\/"],"url":"https:\/\/www.locansol.fr\/en\/author\/locansol\/"}]}},"_links":{"self":[{"href":"https:\/\/www.locansol.fr\/en\/wp-json\/wp\/v2\/posts\/6691","targetHints":{"allow":["GET"]}}],"collection":[{"href":"https:\/\/www.locansol.fr\/en\/wp-json\/wp\/v2\/posts"}],"about":[{"href":"https:\/\/www.locansol.fr\/en\/wp-json\/wp\/v2\/types\/post"}],"author":[{"embeddable":true,"href":"https:\/\/www.locansol.fr\/en\/wp-json\/wp\/v2\/users\/5"}],"replies":[{"embeddable":true,"href":"https:\/\/www.locansol.fr\/en\/wp-json\/wp\/v2\/comments?post=6691"}],"version-history":[{"count":1,"href":"https:\/\/www.locansol.fr\/en\/wp-json\/wp\/v2\/posts\/6691\/revisions"}],"predecessor-version":[{"id":6692,"href":"https:\/\/www.locansol.fr\/en\/wp-json\/wp\/v2\/posts\/6691\/revisions\/6692"}],"wp:featuredmedia":[{"embeddable":true,"href":"https:\/\/www.locansol.fr\/en\/wp-json\/wp\/v2\/media\/6690"}],"wp:attachment":[{"href":"https:\/\/www.locansol.fr\/en\/wp-json\/wp\/v2\/media?parent=6691"}],"wp:term":[{"taxonomy":"category","embeddable":true,"href":"https:\/\/www.locansol.fr\/en\/wp-json\/wp\/v2\/categories?post=6691"},{"taxonomy":"post_tag","embeddable":true,"href":"https:\/\/www.locansol.fr\/en\/wp-json\/wp\/v2\/tags?post=6691"}],"curies":[{"name":"wp","href":"https:\/\/api.w.org\/{rel}","templated":true}]}}