{"id":6696,"date":"2026-04-29T08:09:34","date_gmt":"2026-04-29T06:09:34","guid":{"rendered":"https:\/\/www.locansol.fr\/exposition-volets-orgue-medieval\/"},"modified":"2026-04-29T08:09:38","modified_gmt":"2026-04-29T06:09:38","slug":"exposition-volets-orgue-medieval","status":"publish","type":"post","link":"https:\/\/www.locansol.fr\/en\/exposition-volets-orgue-medieval\/","title":{"rendered":"Perpignan &#8211; Mars \u00e0 Mai 2023 : D\u00e9couvrez un joyau m\u00e9di\u00e9val au Mus\u00e9e Rigaud"},"content":{"rendered":"<p>Le Mus\u00e9e d&rsquo;Art Hyacinthe Rigaud, situ\u00e9 en plein c\u0153ur de Perpignan, accueille une exposition exceptionnelle du 24 mars au 31 mai 2023 : \u00ab La Red\u00e9couverte d&rsquo;un Chef-d&rsquo;\u0152uvre Monumental \u00bb. Cet \u00e9v\u00e9nement est une occasion unique de plonger au c\u0153ur du patrimoine artistique et religieux de la r\u00e9gion \u00e0 travers la pr\u00e9sentation des volets monumentaux du grand orgue de la cath\u00e9drale Saint-Jean-Baptiste.<\/p>\n<p>### Un tr\u00e9sor patrimonial unique<br \/>Ces volets, d\u2019une hauteur impressionnante de 12,6 m\u00e8tres sur 4,3 m\u00e8tres de large, ont \u00e9t\u00e9 peints en 1504 et restent \u00e0 ce jour l\u2019un des plus spectaculaires ensembles picturaux de leur cat\u00e9gorie en Europe. Ils viennent tout juste d\u2019\u00eatre restaur\u00e9s \u00e0 la suite d\u2019un chantier minutieux men\u00e9 par la Direction r\u00e9gionale des affaires culturelles d\u2019Occitanie, d\u00e9but\u00e9 en 2022. Ce travail de restauration a non seulement redonn\u00e9 vie \u00e0 ces chefs-d\u2019\u0153uvre, mais il a \u00e9galement permis de valoriser leur riche polychromie et leurs magnifiques d\u00e9tails en grisaille, des techniques anciennes caract\u00e9risant l\u2019art religieux du XVe si\u00e8cle.<\/p>\n<p>### Une immersion artistique et historique<br \/>L\u2019exposition met en lumi\u00e8re \u00e0 la fois la beaut\u00e9 de ces \u0153uvres et leur usage liturgique original, tout en sensibilisant le public \u00e0 la n\u00e9cessaire pr\u00e9servation du patrimoine culturel. En parcourant cette exposition, les visiteurs d\u00e9couvriront toute l\u2019importance historique et artistique de ces panneaux, qui faisaient partie int\u00e9grante des c\u00e9r\u00e9monies religieuses. Chaque d\u00e9tail, chaque couche de peinture raconte une histoire, un fragment d\u2019une \u00e9poque o\u00f9 l\u2019art et la foi se m\u00ealaient \u00e9troitement dans les \u00e9difices religieux.<\/p>\n<p>### Infos pratiques<br \/>Pour profiter de ce rendez-vous culturel d&rsquo;exception, rendez-vous au Mus\u00e9e d\u2019Art Hyacinthe Rigaud, situ\u00e9 au 21 Rue Mailly \u00e0 Perpignan. L&rsquo;exposition est ouverte \u00e0 tous pour un tarif de 8 \u20ac. Que vous soyez amateur d\u2019art, passionn\u00e9 d\u2019histoire ou simplement curieux de d\u00e9couvrir un pan du riche patrimoine de Perpignan, cette exposition est une visite \u00e0 ne pas manquer.<\/p>\n<p>### Une exp\u00e9rience culturelle \u00e0 ne pas rater<br \/>En r\u00e9v\u00e9lant ce tr\u00e9sor du pass\u00e9, le Mus\u00e9e Rigaud invite le public \u00e0 une exploration fascinante du patrimoine local et de l\u2019art religieux \u00e0 travers les si\u00e8cles. Profitez de cette parenth\u00e8se culturelle pour vous immerger dans l\u2019histoire de Perpignan et vivre un v\u00e9ritable retour dans le temps.<\/p>\n<p>\u00c0 vos agendas : ne tardez pas \u00e0 d\u00e9couvrir ces volets monumentaux et leur splendeur retrouv\u00e9e. Cette exposition temporaire est une porte ouverte sur l\u2019histoire et l\u2019art de la r\u00e9gion. Un rendez-vous immanquable pour toute personne en qu\u00eate d\u2019\u00e9merveillement et de d\u00e9couvertes.<\/p>\n<h3>Practical information<\/h3>\n<p>\ud83d\udcc5 QUAND ? Du 24 mars au 31 mai 2023<br \/>\ud83d\udccd O\u00d9 ? Mus\u00e9e d\u2019Art Hyacinthe Rigaud, 21 Rue Mailly, Perpignan<br \/>\ud83d\udcb6 COMBIEN ? 8,00 \u20ac<\/p>","protected":false},"excerpt":{"rendered":"<p>Plongez dans l&rsquo;art religieux du XVe si\u00e8cle avec l&rsquo;exposition des volets du grand orgue restaur\u00e9 de la cath\u00e9drale de Perpignan, au Mus\u00e9e Rigaud.<\/p>","protected":false},"author":5,"featured_media":6695,"comment_status":"closed","ping_status":"open","sticky":false,"template":"","format":"standard","meta":{"_yoast_wpseo_focuskw":"exposition volets orgue m\u00e9di\u00e9val","_yoast_wpseo_title":"La Red\u00e9couverte d'un Chef-d'\u0152uvre Monumental Perpignan","_yoast_wpseo_metadesc":"La Red\u00e9couverte d'un Chef-d'\u0152uvre Monumental Perpignan : explorez une exposition unique de volets d'orgue du XVIe si\u00e8cle au Mus\u00e9e Rigaud. Une plong\u00e9e dans l'art et l'histoire des Pyr\u00e9n\u00e9es-Orientales.","_yoast_wpseo_canonical":"","_yoast_wpseo_opengraph-title":"D\u00e9couvrez un tr\u00e9sor m\u00e9di\u00e9val \u00e0 Perpignan \u2014 des volets d'orgue monumentaux","_yoast_wpseo_opengraph-description":"Plongez dans l'histoire avec les volets monumentaux de l'orgue de la cath\u00e9drale Saint-Jean-Baptiste, restaur\u00e9s et expos\u00e9s au Mus\u00e9e Rigaud \u00e0 Perpignan. Une exp\u00e9rience culturelle inoubliable.","_yoast_wpseo_opengraph-image":"https:\/\/www.locansol.fr\/wp-content\/uploads\/2026\/04\/exposition-volets-orgue-medieval.webp","_yoast_wpseo_opengraph-image-id":"","_yoast_wpseo_twitter-title":"D\u00e9couvrez un joyau m\u00e9di\u00e9val \u00e0 Perpignan","_yoast_wpseo_twitter-description":"Explorez l'exposition unique des volets d'orgue monumentaux du XVIe si\u00e8cle au Mus\u00e9e Rigaud \u00e0 Perpignan. Une plong\u00e9e fascinante dans l'art et l'histoire.","_yoast_wpseo_twitter-image":"https:\/\/www.locansol.fr\/wp-content\/uploads\/2026\/04\/exposition-volets-orgue-medieval.webp","_yoast_wpseo_twitter-image-id":"","yoast_primary_category":"Exposition","footnotes":""},"categories":[35],"tags":[66,76],"class_list":["post-6696","post","type-post","status-publish","format-standard","has-post-thumbnail","hentry","category-carnaval","tag-evenement-culturel","tag-pyrenees-orientales"],"yoast_head":"<!-- This site is optimized with the Yoast SEO Premium plugin v23.3 (Yoast SEO v26.9) - https:\/\/yoast.com\/product\/yoast-seo-premium-wordpress\/ -->\n<title>La Red\u00e9couverte d&#039;un Chef-d&#039;\u0152uvre Monumental Perpignan<\/title>\n<meta name=\"description\" content=\"La Red\u00e9couverte d&#039;un Chef-d&#039;\u0152uvre Monumental Perpignan : explorez une exposition unique de volets d&#039;orgue du XVIe si\u00e8cle au Mus\u00e9e Rigaud. Une plong\u00e9e dans l&#039;art et l&#039;histoire des Pyr\u00e9n\u00e9es-Orientales.\" \/>\n<meta name=\"robots\" content=\"index, follow, max-snippet:-1, max-image-preview:large, max-video-preview:-1\" \/>\n<link rel=\"canonical\" href=\"https:\/\/www.locansol.fr\/en\/exposition-volets-orgue-medieval\/\" \/>\n<meta property=\"og:locale\" content=\"en_GB\" \/>\n<meta property=\"og:type\" content=\"article\" \/>\n<meta property=\"og:title\" content=\"D\u00e9couvrez un tr\u00e9sor m\u00e9di\u00e9val \u00e0 Perpignan \u2014 des volets d&#039;orgue monumentaux\" \/>\n<meta property=\"og:description\" content=\"Plongez dans l&#039;histoire avec les volets monumentaux de l&#039;orgue de la cath\u00e9drale Saint-Jean-Baptiste, restaur\u00e9s et expos\u00e9s au Mus\u00e9e Rigaud \u00e0 Perpignan. Une exp\u00e9rience culturelle inoubliable.\" \/>\n<meta property=\"og:url\" content=\"https:\/\/www.locansol.fr\/en\/exposition-volets-orgue-medieval\/\" \/>\n<meta property=\"og:site_name\" content=\"Locansol, louer un h\u00e9bergement dans les Pyr\u00e9n\u00e9es Orientales\" \/>\n<meta property=\"article:published_time\" content=\"2026-04-29T06:09:34+00:00\" \/>\n<meta property=\"article:modified_time\" content=\"2026-04-29T06:09:38+00:00\" \/>\n<meta property=\"og:image\" content=\"https:\/\/www.locansol.fr\/wp-content\/uploads\/2026\/04\/exposition-volets-orgue-medieval.webp\" \/>\n<meta name=\"author\" content=\"H\u00e9bergements Locansol\" \/>\n<meta name=\"twitter:card\" content=\"summary_large_image\" \/>\n<meta name=\"twitter:title\" content=\"D\u00e9couvrez un joyau m\u00e9di\u00e9val \u00e0 Perpignan\" \/>\n<meta name=\"twitter:description\" content=\"Explorez l&#039;exposition unique des volets d&#039;orgue monumentaux du XVIe si\u00e8cle au Mus\u00e9e Rigaud \u00e0 Perpignan. Une plong\u00e9e fascinante dans l&#039;art et l&#039;histoire.\" \/>\n<meta name=\"twitter:image\" content=\"https:\/\/www.locansol.fr\/wp-content\/uploads\/2026\/04\/exposition-volets-orgue-medieval.webp\" \/>\n<meta name=\"twitter:label1\" content=\"Written by\" \/>\n\t<meta name=\"twitter:data1\" content=\"H\u00e9bergements Locansol\" \/>\n\t<meta name=\"twitter:label2\" content=\"Estimated reading time\" \/>\n\t<meta name=\"twitter:data2\" content=\"2 minutes\" \/>\n<script type=\"application\/ld+json\" class=\"yoast-schema-graph\">{\"@context\":\"https:\/\/schema.org\",\"@graph\":[{\"@type\":\"Article\",\"@id\":\"https:\/\/www.locansol.fr\/exposition-volets-orgue-medieval\/#article\",\"isPartOf\":{\"@id\":\"https:\/\/www.locansol.fr\/exposition-volets-orgue-medieval\/\"},\"author\":{\"name\":\"H\u00e9bergements Locansol\",\"@id\":\"https:\/\/www.locansol.fr\/#\/schema\/person\/0b08d440f1ac44674c6d498107de351d\"},\"headline\":\"Perpignan &#8211; Mars \u00e0 Mai 2023 : D\u00e9couvrez un joyau m\u00e9di\u00e9val au Mus\u00e9e Rigaud\",\"datePublished\":\"2026-04-29T06:09:34+00:00\",\"dateModified\":\"2026-04-29T06:09:38+00:00\",\"mainEntityOfPage\":{\"@id\":\"https:\/\/www.locansol.fr\/exposition-volets-orgue-medieval\/\"},\"wordCount\":466,\"publisher\":{\"@id\":\"https:\/\/www.locansol.fr\/#organization\"},\"image\":{\"@id\":\"https:\/\/www.locansol.fr\/exposition-volets-orgue-medieval\/#primaryimage\"},\"thumbnailUrl\":\"https:\/\/www.locansol.fr\/wp-content\/uploads\/2026\/04\/exposition-volets-orgue-medieval.webp\",\"keywords\":[\"\u00c9v\u00e8nement culturel\",\"Pyr\u00e9n\u00e9es-Orientales\"],\"articleSection\":[\"Carnaval\"],\"inLanguage\":\"en-GB\"},{\"@type\":\"WebPage\",\"@id\":\"https:\/\/www.locansol.fr\/exposition-volets-orgue-medieval\/\",\"url\":\"https:\/\/www.locansol.fr\/exposition-volets-orgue-medieval\/\",\"name\":\"La Red\u00e9couverte d'un Chef-d'\u0152uvre Monumental Perpignan\",\"isPartOf\":{\"@id\":\"https:\/\/www.locansol.fr\/#website\"},\"primaryImageOfPage\":{\"@id\":\"https:\/\/www.locansol.fr\/exposition-volets-orgue-medieval\/#primaryimage\"},\"image\":{\"@id\":\"https:\/\/www.locansol.fr\/exposition-volets-orgue-medieval\/#primaryimage\"},\"thumbnailUrl\":\"https:\/\/www.locansol.fr\/wp-content\/uploads\/2026\/04\/exposition-volets-orgue-medieval.webp\",\"datePublished\":\"2026-04-29T06:09:34+00:00\",\"dateModified\":\"2026-04-29T06:09:38+00:00\",\"description\":\"La Red\u00e9couverte d'un Chef-d'\u0152uvre Monumental Perpignan : explorez une exposition unique de volets d'orgue du XVIe si\u00e8cle au Mus\u00e9e Rigaud. Une plong\u00e9e dans l'art et l'histoire des Pyr\u00e9n\u00e9es-Orientales.\",\"breadcrumb\":{\"@id\":\"https:\/\/www.locansol.fr\/exposition-volets-orgue-medieval\/#breadcrumb\"},\"inLanguage\":\"en-GB\",\"potentialAction\":[{\"@type\":\"ReadAction\",\"target\":[\"https:\/\/www.locansol.fr\/exposition-volets-orgue-medieval\/\"]}]},{\"@type\":\"ImageObject\",\"inLanguage\":\"en-GB\",\"@id\":\"https:\/\/www.locansol.fr\/exposition-volets-orgue-medieval\/#primaryimage\",\"url\":\"https:\/\/www.locansol.fr\/wp-content\/uploads\/2026\/04\/exposition-volets-orgue-medieval.webp\",\"contentUrl\":\"https:\/\/www.locansol.fr\/wp-content\/uploads\/2026\/04\/exposition-volets-orgue-medieval.webp\",\"width\":1024,\"height\":605,\"caption\":\"La Red\u00e9couverte d'un Chef-d'\u0152uvre Monumental Perpignan\"},{\"@type\":\"BreadcrumbList\",\"@id\":\"https:\/\/www.locansol.fr\/exposition-volets-orgue-medieval\/#breadcrumb\",\"itemListElement\":[{\"@type\":\"ListItem\",\"position\":1,\"name\":\"Accueil\",\"item\":\"https:\/\/www.locansol.fr\/\"},{\"@type\":\"ListItem\",\"position\":2,\"name\":\"Perpignan &#8211; Mars \u00e0 Mai 2023 : D\u00e9couvrez un joyau m\u00e9di\u00e9val au Mus\u00e9e Rigaud\"}]},{\"@type\":\"WebSite\",\"@id\":\"https:\/\/www.locansol.fr\/#website\",\"url\":\"https:\/\/www.locansol.fr\/\",\"name\":\"Locansol, louer un h\u00e9bergement dans les Pyr\u00e9n\u00e9es-Orientales\",\"description\":\"Location Mobil-home Mer M\u00e9diterran\u00e9e &amp; Chalet de Montagne dans les Pyr\u00e9n\u00e9es Orientales (Occitanie, 66). Weekend, s\u00e9jour &amp; vacances en famille et entre amis.\",\"publisher\":{\"@id\":\"https:\/\/www.locansol.fr\/#organization\"},\"alternateName\":\"Louer un h\u00e9bergement dans les Pyr\u00e9n\u00e9es Orientales, chalet & mobil-home en Occitanie\",\"potentialAction\":[{\"@type\":\"SearchAction\",\"target\":{\"@type\":\"EntryPoint\",\"urlTemplate\":\"https:\/\/www.locansol.fr\/?s={search_term_string}\"},\"query-input\":{\"@type\":\"PropertyValueSpecification\",\"valueRequired\":true,\"valueName\":\"search_term_string\"}}],\"inLanguage\":\"en-GB\"},{\"@type\":\"Organization\",\"@id\":\"https:\/\/www.locansol.fr\/#organization\",\"name\":\"Location MobilHome & chalet dans les Pyr\u00e9n\u00e9es Orientales\",\"alternateName\":\"Louer un h\u00e9bergement dans les Pyr\u00e9n\u00e9es Orientales en Occitanie\",\"url\":\"https:\/\/www.locansol.fr\/\",\"logo\":{\"@type\":\"ImageObject\",\"inLanguage\":\"en-GB\",\"@id\":\"https:\/\/www.locansol.fr\/#\/schema\/logo\/image\/\",\"url\":\"https:\/\/www.locansol.fr\/wp-content\/uploads\/2024\/04\/AdobeStock_303324767-scaled.jpeg\",\"contentUrl\":\"https:\/\/www.locansol.fr\/wp-content\/uploads\/2024\/04\/AdobeStock_303324767-scaled.jpeg\",\"width\":2560,\"height\":1707,\"caption\":\"Location MobilHome & chalet dans les Pyr\u00e9n\u00e9es Orientales\"},\"image\":{\"@id\":\"https:\/\/www.locansol.fr\/#\/schema\/logo\/image\/\"}},{\"@type\":\"Person\",\"@id\":\"https:\/\/www.locansol.fr\/#\/schema\/person\/0b08d440f1ac44674c6d498107de351d\",\"name\":\"H\u00e9bergements Locansol\",\"image\":{\"@type\":\"ImageObject\",\"inLanguage\":\"en-GB\",\"@id\":\"https:\/\/www.locansol.fr\/#\/schema\/person\/image\/\",\"url\":\"https:\/\/secure.gravatar.com\/avatar\/444436b93284204f8116b6e0eb964cd3fcb811519c737232bde6dd5743c37ee5?s=96&d=mm&r=g\",\"contentUrl\":\"https:\/\/secure.gravatar.com\/avatar\/444436b93284204f8116b6e0eb964cd3fcb811519c737232bde6dd5743c37ee5?s=96&d=mm&r=g\",\"caption\":\"H\u00e9bergements Locansol\"},\"sameAs\":[\"https:\/\/www.locansol.fr\/\"],\"url\":\"https:\/\/www.locansol.fr\/en\/author\/locansol\/\"}]}<\/script>\n<!-- \/ Yoast SEO Premium plugin. -->","yoast_head_json":{"title":"La Red\u00e9couverte d'un Chef-d'\u0152uvre Monumental Perpignan","description":"La Red\u00e9couverte d'un Chef-d'\u0152uvre Monumental Perpignan : explorez une exposition unique de volets d'orgue du XVIe si\u00e8cle au Mus\u00e9e Rigaud. Une plong\u00e9e dans l'art et l'histoire des Pyr\u00e9n\u00e9es-Orientales.","robots":{"index":"index","follow":"follow","max-snippet":"max-snippet:-1","max-image-preview":"max-image-preview:large","max-video-preview":"max-video-preview:-1"},"canonical":"https:\/\/www.locansol.fr\/en\/exposition-volets-orgue-medieval\/","og_locale":"en_GB","og_type":"article","og_title":"D\u00e9couvrez un tr\u00e9sor m\u00e9di\u00e9val \u00e0 Perpignan \u2014 des volets d'orgue monumentaux","og_description":"Plongez dans l'histoire avec les volets monumentaux de l'orgue de la cath\u00e9drale Saint-Jean-Baptiste, restaur\u00e9s et expos\u00e9s au Mus\u00e9e Rigaud \u00e0 Perpignan. Une exp\u00e9rience culturelle inoubliable.","og_url":"https:\/\/www.locansol.fr\/en\/exposition-volets-orgue-medieval\/","og_site_name":"Locansol, louer un h\u00e9bergement dans les Pyr\u00e9n\u00e9es Orientales","article_published_time":"2026-04-29T06:09:34+00:00","article_modified_time":"2026-04-29T06:09:38+00:00","og_image":[{"url":"https:\/\/www.locansol.fr\/wp-content\/uploads\/2026\/04\/exposition-volets-orgue-medieval.webp","type":"","width":"","height":""}],"author":"H\u00e9bergements Locansol","twitter_card":"summary_large_image","twitter_title":"D\u00e9couvrez un joyau m\u00e9di\u00e9val \u00e0 Perpignan","twitter_description":"Explorez l'exposition unique des volets d'orgue monumentaux du XVIe si\u00e8cle au Mus\u00e9e Rigaud \u00e0 Perpignan. Une plong\u00e9e fascinante dans l'art et l'histoire.","twitter_image":"https:\/\/www.locansol.fr\/wp-content\/uploads\/2026\/04\/exposition-volets-orgue-medieval.webp","twitter_misc":{"Written by":"H\u00e9bergements Locansol","Estimated reading time":"2 minutes"},"schema":{"@context":"https:\/\/schema.org","@graph":[{"@type":"Article","@id":"https:\/\/www.locansol.fr\/exposition-volets-orgue-medieval\/#article","isPartOf":{"@id":"https:\/\/www.locansol.fr\/exposition-volets-orgue-medieval\/"},"author":{"name":"H\u00e9bergements Locansol","@id":"https:\/\/www.locansol.fr\/#\/schema\/person\/0b08d440f1ac44674c6d498107de351d"},"headline":"Perpignan &#8211; Mars \u00e0 Mai 2023 : D\u00e9couvrez un joyau m\u00e9di\u00e9val au Mus\u00e9e Rigaud","datePublished":"2026-04-29T06:09:34+00:00","dateModified":"2026-04-29T06:09:38+00:00","mainEntityOfPage":{"@id":"https:\/\/www.locansol.fr\/exposition-volets-orgue-medieval\/"},"wordCount":466,"publisher":{"@id":"https:\/\/www.locansol.fr\/#organization"},"image":{"@id":"https:\/\/www.locansol.fr\/exposition-volets-orgue-medieval\/#primaryimage"},"thumbnailUrl":"https:\/\/www.locansol.fr\/wp-content\/uploads\/2026\/04\/exposition-volets-orgue-medieval.webp","keywords":["\u00c9v\u00e8nement culturel","Pyr\u00e9n\u00e9es-Orientales"],"articleSection":["Carnaval"],"inLanguage":"en-GB"},{"@type":"WebPage","@id":"https:\/\/www.locansol.fr\/exposition-volets-orgue-medieval\/","url":"https:\/\/www.locansol.fr\/exposition-volets-orgue-medieval\/","name":"La Red\u00e9couverte d'un Chef-d'\u0152uvre Monumental Perpignan","isPartOf":{"@id":"https:\/\/www.locansol.fr\/#website"},"primaryImageOfPage":{"@id":"https:\/\/www.locansol.fr\/exposition-volets-orgue-medieval\/#primaryimage"},"image":{"@id":"https:\/\/www.locansol.fr\/exposition-volets-orgue-medieval\/#primaryimage"},"thumbnailUrl":"https:\/\/www.locansol.fr\/wp-content\/uploads\/2026\/04\/exposition-volets-orgue-medieval.webp","datePublished":"2026-04-29T06:09:34+00:00","dateModified":"2026-04-29T06:09:38+00:00","description":"La Red\u00e9couverte d'un Chef-d'\u0152uvre Monumental Perpignan : explorez une exposition unique de volets d'orgue du XVIe si\u00e8cle au Mus\u00e9e Rigaud. Une plong\u00e9e dans l'art et l'histoire des Pyr\u00e9n\u00e9es-Orientales.","breadcrumb":{"@id":"https:\/\/www.locansol.fr\/exposition-volets-orgue-medieval\/#breadcrumb"},"inLanguage":"en-GB","potentialAction":[{"@type":"ReadAction","target":["https:\/\/www.locansol.fr\/exposition-volets-orgue-medieval\/"]}]},{"@type":"ImageObject","inLanguage":"en-GB","@id":"https:\/\/www.locansol.fr\/exposition-volets-orgue-medieval\/#primaryimage","url":"https:\/\/www.locansol.fr\/wp-content\/uploads\/2026\/04\/exposition-volets-orgue-medieval.webp","contentUrl":"https:\/\/www.locansol.fr\/wp-content\/uploads\/2026\/04\/exposition-volets-orgue-medieval.webp","width":1024,"height":605,"caption":"La Red\u00e9couverte d'un Chef-d'\u0152uvre Monumental Perpignan"},{"@type":"BreadcrumbList","@id":"https:\/\/www.locansol.fr\/exposition-volets-orgue-medieval\/#breadcrumb","itemListElement":[{"@type":"ListItem","position":1,"name":"Accueil","item":"https:\/\/www.locansol.fr\/"},{"@type":"ListItem","position":2,"name":"Perpignan &#8211; Mars \u00e0 Mai 2023 : D\u00e9couvrez un joyau m\u00e9di\u00e9val au Mus\u00e9e Rigaud"}]},{"@type":"WebSite","@id":"https:\/\/www.locansol.fr\/#website","url":"https:\/\/www.locansol.fr\/","name":"Locansol, louer un h\u00e9bergement dans les Pyr\u00e9n\u00e9es-Orientales","description":"Location Mobil-home Mer M\u00e9diterran\u00e9e &amp; Chalet de Montagne dans les Pyr\u00e9n\u00e9es Orientales (Occitanie, 66). Weekend, s\u00e9jour &amp; vacances en famille et entre amis.","publisher":{"@id":"https:\/\/www.locansol.fr\/#organization"},"alternateName":"Louer un h\u00e9bergement dans les Pyr\u00e9n\u00e9es Orientales, chalet & mobil-home en Occitanie","potentialAction":[{"@type":"SearchAction","target":{"@type":"EntryPoint","urlTemplate":"https:\/\/www.locansol.fr\/?s={search_term_string}"},"query-input":{"@type":"PropertyValueSpecification","valueRequired":true,"valueName":"search_term_string"}}],"inLanguage":"en-GB"},{"@type":"Organization","@id":"https:\/\/www.locansol.fr\/#organization","name":"Location MobilHome & chalet dans les Pyr\u00e9n\u00e9es Orientales","alternateName":"Louer un h\u00e9bergement dans les Pyr\u00e9n\u00e9es Orientales en Occitanie","url":"https:\/\/www.locansol.fr\/","logo":{"@type":"ImageObject","inLanguage":"en-GB","@id":"https:\/\/www.locansol.fr\/#\/schema\/logo\/image\/","url":"https:\/\/www.locansol.fr\/wp-content\/uploads\/2024\/04\/AdobeStock_303324767-scaled.jpeg","contentUrl":"https:\/\/www.locansol.fr\/wp-content\/uploads\/2024\/04\/AdobeStock_303324767-scaled.jpeg","width":2560,"height":1707,"caption":"Location MobilHome & chalet dans les Pyr\u00e9n\u00e9es Orientales"},"image":{"@id":"https:\/\/www.locansol.fr\/#\/schema\/logo\/image\/"}},{"@type":"Person","@id":"https:\/\/www.locansol.fr\/#\/schema\/person\/0b08d440f1ac44674c6d498107de351d","name":"H\u00e9bergements Locansol","image":{"@type":"ImageObject","inLanguage":"en-GB","@id":"https:\/\/www.locansol.fr\/#\/schema\/person\/image\/","url":"https:\/\/secure.gravatar.com\/avatar\/444436b93284204f8116b6e0eb964cd3fcb811519c737232bde6dd5743c37ee5?s=96&d=mm&r=g","contentUrl":"https:\/\/secure.gravatar.com\/avatar\/444436b93284204f8116b6e0eb964cd3fcb811519c737232bde6dd5743c37ee5?s=96&d=mm&r=g","caption":"H\u00e9bergements Locansol"},"sameAs":["https:\/\/www.locansol.fr\/"],"url":"https:\/\/www.locansol.fr\/en\/author\/locansol\/"}]}},"_links":{"self":[{"href":"https:\/\/www.locansol.fr\/en\/wp-json\/wp\/v2\/posts\/6696","targetHints":{"allow":["GET"]}}],"collection":[{"href":"https:\/\/www.locansol.fr\/en\/wp-json\/wp\/v2\/posts"}],"about":[{"href":"https:\/\/www.locansol.fr\/en\/wp-json\/wp\/v2\/types\/post"}],"author":[{"embeddable":true,"href":"https:\/\/www.locansol.fr\/en\/wp-json\/wp\/v2\/users\/5"}],"replies":[{"embeddable":true,"href":"https:\/\/www.locansol.fr\/en\/wp-json\/wp\/v2\/comments?post=6696"}],"version-history":[{"count":1,"href":"https:\/\/www.locansol.fr\/en\/wp-json\/wp\/v2\/posts\/6696\/revisions"}],"predecessor-version":[{"id":6697,"href":"https:\/\/www.locansol.fr\/en\/wp-json\/wp\/v2\/posts\/6696\/revisions\/6697"}],"wp:featuredmedia":[{"embeddable":true,"href":"https:\/\/www.locansol.fr\/en\/wp-json\/wp\/v2\/media\/6695"}],"wp:attachment":[{"href":"https:\/\/www.locansol.fr\/en\/wp-json\/wp\/v2\/media?parent=6696"}],"wp:term":[{"taxonomy":"category","embeddable":true,"href":"https:\/\/www.locansol.fr\/en\/wp-json\/wp\/v2\/categories?post=6696"},{"taxonomy":"post_tag","embeddable":true,"href":"https:\/\/www.locansol.fr\/en\/wp-json\/wp\/v2\/tags?post=6696"}],"curies":[{"name":"wp","href":"https:\/\/api.w.org\/{rel}","templated":true}]}}