{"id":2804,"global_id":"www.locansol.fr\/es?id=2804","global_id_lineage":["www.locansol.fr\/es?id=2804"],"author":"5","status":"publish","date":"2026-02-13 02:13:38","date_utc":"2026-02-13 01:13:38","modified":"2026-02-13 02:13:38","modified_utc":"2026-02-13 01:13:38","url":"https:\/\/www.locansol.fr\/es\/evenement\/exposition-de-peintures-de-philippe-llech\/","rest_url":"https:\/\/www.locansol.fr\/es\/wp-json\/tribe\/events\/v1\/events\/2804","title":"EXPOSITION DE PEINTURES DE PHILIPPE LLECH","description":"<p>L&rsquo;exposition de peintures de Philippe Llech se tient \u00e0 Prades, du 3 au 27 f\u00e9vrier 2026, \u00e0 l&rsquo;Espace Martin Viv\u00e8s, situ\u00e9 81 bis rue du Palais de Justice. Cette manifestation culturelle est accessible gratuitement au public. L&rsquo;artiste, autodidacte originaire de Perpignan et install\u00e9 \u00e0 Catllar, pr\u00e9sente une \u0153uvre marqu\u00e9e par un trait spontan\u00e9 et une d\u00e9marche expressive. Ses tableaux, souvent associ\u00e9s \u00e0 l&rsquo;abstraction symbolique et \u00e0 l&rsquo;expressionnisme, \u00e9voquent des univers oniriques et introspectifs, o\u00f9 chaque d\u00e9tail invite \u00e0 une r\u00e9flexion personnelle. L&rsquo;ouverture de l&rsquo;exposition est pr\u00e9vue du mardi au samedi, de 9h30 \u00e0 12h00 et de 14h30 \u00e0 17h30. Un vernissage est organis\u00e9 le samedi 7 f\u00e9vrier \u00e0 11h, moment privil\u00e9gi\u00e9 pour d\u00e9couvrir l&rsquo;ensemble des \u0153uvres en pr\u00e9sence de l&rsquo;artiste. L&rsquo;Espace Martin Viv\u00e8s, install\u00e9 dans une ancienne prison du XIXe si\u00e8cle r\u00e9cemment restaur\u00e9e, accueille cette exposition temporaire dans un cadre patrimonial au c\u0153ur du centre-ville. Cette rencontre artistique offre une occasion de d\u00e9couvrir un regard sensible et po\u00e9tique sur le paysage et la m\u00e9moire, \u00e0 travers les \u0153uvres de Philippe Llech.<\/p>\n<p><\/p>\n<h3>R\u00e9servez votre h\u00e9bergement dans les Pyr\u00e9n\u00e9es-Orientales :<\/h3>\n<p><b>Chalet Locansol \u00e0 Estavar<\/b><br \/>Trajet le plus court : 17 km<br \/>Trajet le plus rapide : 19 min<\/p>\n<p><b>Mobil-home Locansol \u00e0 Argel\u00e8s-sur-Mer<\/b><br \/>Trajet le plus court : 108 km<br \/>Trajet le plus rapide : 1 h 41 min<\/p>","excerpt":"","slug":"exposition-de-peintures-de-philippe-llech","image":{"url":"https:\/\/www.locansol.fr\/wp-content\/uploads\/2026\/02\/exposition-peintures-Philippe-Llech.webp","id":2800,"extension":"webp","width":462,"height":650,"filesize":51934,"sizes":{"medium":{"width":213,"height":300,"mime-type":"image\/webp","filesize":20960,"url":"https:\/\/www.locansol.fr\/wp-content\/uploads\/2026\/02\/exposition-peintures-Philippe-Llech-213x300.webp"},"thumbnail":{"width":150,"height":150,"mime-type":"image\/webp","filesize":8782,"url":"https:\/\/www.locansol.fr\/wp-content\/uploads\/2026\/02\/exposition-peintures-Philippe-Llech-150x150.webp"},"trp-custom-language-flag":{"width":9,"height":12,"mime-type":"image\/webp","filesize":134,"url":"https:\/\/www.locansol.fr\/wp-content\/uploads\/2026\/02\/exposition-peintures-Philippe-Llech-9x12.webp"}}},"all_day":true,"start_date":"2026-02-03 00:00:00","start_date_details":{"year":"2026","month":"02","day":"03","hour":"00","minutes":"00","seconds":"00"},"end_date":"2026-02-27 23:59:59","end_date_details":{"year":"2026","month":"02","day":"27","hour":"23","minutes":"59","seconds":"59"},"utc_start_date":"2026-02-02 23:00:00","utc_start_date_details":{"year":"2026","month":"02","day":"02","hour":"23","minutes":"00","seconds":"00"},"utc_end_date":"2026-02-27 22:59:59","utc_end_date_details":{"year":"2026","month":"02","day":"27","hour":"22","minutes":"59","seconds":"59"},"timezone":"Europe\/Paris","timezone_abbr":"CET","cost":"","cost_details":{"currency_symbol":"","currency_code":"","currency_position":"","values":[]},"website":"https:\/\/www.locansol.fr\/es\/evenement\/exposition-de-peintures-de-philippe-llech\/","show_map":false,"show_map_link":false,"hide_from_listings":false,"sticky":false,"featured":false,"categories":[{"name":"\u00c9v\u00e8nement Culturel","slug":"evenement-culturel","term_group":0,"term_taxonomy_id":138,"taxonomy":"tribe_events_cat","description":"","parent":0,"count":494,"filter":"raw","id":138,"urls":{"self":"https:\/\/www.locansol.fr\/es\/wp-json\/tribe\/events\/v1\/categories\/138","collection":"https:\/\/www.locansol.fr\/es\/wp-json\/tribe\/events\/v1\/categories"}},{"name":"Exposition","slug":"exposition","term_group":0,"term_taxonomy_id":90,"taxonomy":"tribe_events_cat","description":"","parent":0,"count":169,"filter":"raw","id":90,"urls":{"self":"https:\/\/www.locansol.fr\/es\/wp-json\/tribe\/events\/v1\/categories\/90","collection":"https:\/\/www.locansol.fr\/es\/wp-json\/tribe\/events\/v1\/categories"}}],"tags":[{"name":"\u00c9v\u00e8nement culturel","slug":"evenement-culturel","term_group":0,"term_taxonomy_id":66,"taxonomy":"post_tag","description":"","parent":0,"count":1042,"filter":"raw","id":66,"urls":{"self":"https:\/\/www.locansol.fr\/es\/wp-json\/tribe\/events\/v1\/tags\/66","collection":"https:\/\/www.locansol.fr\/es\/wp-json\/tribe\/events\/v1\/tags"}},{"name":"Pyr\u00e9n\u00e9es-Orientales","slug":"pyrenees-orientales","term_group":0,"term_taxonomy_id":76,"taxonomy":"post_tag","description":"","parent":0,"count":1417,"filter":"raw","id":76,"urls":{"self":"https:\/\/www.locansol.fr\/es\/wp-json\/tribe\/events\/v1\/tags\/76","collection":"https:\/\/www.locansol.fr\/es\/wp-json\/tribe\/events\/v1\/tags"}}],"venue":{"id":2803,"author":"5","status":"publish","date":"2026-02-13 02:13:36","date_utc":"2026-02-13 01:13:36","modified":"2026-02-13 02:13:36","modified_utc":"2026-02-13 01:13:36","url":"https:\/\/www.locansol.fr\/es\/local\/81-bis-rue-du-palais-de-justice-prades\/","venue":"81 Bis rue du Palais de justice, Prades","slug":"81-bis-rue-du-palais-de-justice-prades","address":"81 Bis rue du Palais de justice","city":"Chalet du Ticou","country":"France","zip":"66400","json_ld":{"@type":"Place","name":"81 Bis rue du Palais de justice, Prades","description":"","url":"https:\/\/www.locansol.fr\/es\/local\/81-bis-rue-du-palais-de-justice-prades\/","address":{"@type":"PostalAddress","streetAddress":"81 Bis rue du Palais de justice","addressLocality":"Chalet du Ticou","postalCode":"66400","addressCountry":"France"},"telephone":"","sameAs":""},"show_map":true,"show_map_link":true,"global_id":"www.locansol.fr\/es?id=2803","global_id_lineage":["www.locansol.fr\/es?id=2803"]},"organizer":[],"custom_fields":[],"json_ld":{"@context":"http:\/\/schema.org","@type":"Event","name":"EXPOSITION DE PEINTURES DE PHILIPPE LLECH","description":"&lt;p&gt;L\\'exposition de peintures de Philippe Llech se tient \u00e0 Prades, du 3 au 27 f\u00e9vrier 2026, \u00e0 l\\'Espace Martin Viv\u00e8s, situ\u00e9 81 bis rue du Palais de Justice. Cette manifestation [&hellip;]&lt;\/p&gt;\\n","image":"https:\/\/www.locansol.fr\/wp-content\/uploads\/2026\/02\/exposition-peintures-Philippe-Llech.webp","url":"https:\/\/www.locansol.fr\/es\/evenement\/exposition-de-peintures-de-philippe-llech\/","eventAttendanceMode":"https:\/\/schema.org\/OfflineEventAttendanceMode","eventStatus":"https:\/\/schema.org\/EventScheduled","startDate":"2026-02-03T00:00:00+01:00","endDate":"2026-02-27T23:59:59+01:00","location":{"@type":"Place","name":"81 Bis rue du Palais de justice, Prades","description":"","url":"https:\/\/www.locansol.fr\/es\/local\/81-bis-rue-du-palais-de-justice-prades\/","address":{"@type":"PostalAddress","streetAddress":"81 Bis rue du Palais de justice","addressLocality":"Chalet du Ticou","postalCode":"66400","addressCountry":"France"},"telephone":"","sameAs":""},"performer":"Organization"},"is_virtual":false,"virtual_url":null,"virtual_video_source":""}