{"id":3603,"global_id":"www.locansol.fr\/es?id=3603","global_id_lineage":["www.locansol.fr\/es?id=3603"],"author":"5","status":"publish","date":"2026-02-18 08:04:10","date_utc":"2026-02-18 07:04:10","modified":"2026-02-18 08:04:18","modified_utc":"2026-02-18 07:04:18","url":"https:\/\/www.locansol.fr\/es\/evenement\/les-balades-du-conflent-visite-commentee-de-villefranche-de-conflent\/","rest_url":"https:\/\/www.locansol.fr\/es\/wp-json\/tribe\/events\/v1\/events\/3603","title":"LES BALADES DU CONFLENT \u00ab VISITE COMMENT\u00c9E DE VILLEFRANCHE-DE-CONFLENT \u00bb","description":"<p>Le mercredi 18 f\u00e9vrier \u00e0 14 h, la Ville de Villefranche-de-Conflent propose une visite comment\u00e9e de son centre historique, au c\u0153ur des Pyr\u00e9n\u00e9es-Orientales. Cette balade, d&rsquo;une dur\u00e9e maximale de deux heures, invite \u00e0 d\u00e9couvrir la richesse patrimoniale de la cit\u00e9 m\u00e9di\u00e9vale, inscrite au patrimoine mondial de l&rsquo;UNESCO depuis 2008. Le parcours s&rsquo;articule autour des ruelles \u00e9troites et pav\u00e9es, des remparts anciens et de l&rsquo;\u00e9glise romane Saint-Jacques, t\u00e9moignages d&rsquo;une histoire ancienne et complexe. Fond\u00e9e en 1092 par le comte de Cerdagne, la ville a \u00e9t\u00e9 transform\u00e9e au XVIIe si\u00e8cle par l&rsquo;ing\u00e9nieur militaire Vauban, dont les travaux ont renforc\u00e9 les d\u00e9fenses et fa\u00e7onn\u00e9 l&rsquo;identit\u00e9 architecturale du site. La visite, anim\u00e9e par une guide, associe anecdotes historiques, r\u00e9cits locaux et \u00e9l\u00e9ments d&rsquo;architecture militaire. Elle se d\u00e9roule devant l&rsquo;entr\u00e9e des remparts, et n\u00e9cessite une r\u00e9servation pr\u00e9alable. Ouverte \u00e0 tous les publics, elle s&rsquo;inscrit dans la programmation \u00ab Les Balades du Conflent \u00bb, propos\u00e9e par le tourisme local. Le tarif s&rsquo;\u00e9l\u00e8ve \u00e0 8 \u20ac pour les personnes adultes. Cette sortie permet de mieux comprendre l&rsquo;\u00e9volution d&rsquo;une cit\u00e9 fortifi\u00e9e, entre d\u00e9fense, g\u00e9ographie et m\u00e9moire collective, tout en profitant d&rsquo;une immersion sensorielle dans un lieu aux allures de village m\u00e9di\u00e9val pr\u00e9serv\u00e9.<\/p>\n<p><\/p>\n<h3>R\u00e9servez votre h\u00e9bergement dans les Pyr\u00e9n\u00e9es-Orientales :<\/h3>\n<p><b><a href='https:\/\/www.locansol.fr\/location-mobilhome-mediterranee\/'>Mobil-home Locansol \u00e0 Argel\u00e8s-sur-Mer<\/a><\/b><br \/>Trajet le plus court : 61 km<br \/>Trajet le plus rapide : 1 h 0 min<\/p>\n<p><b><a href='https:\/\/www.locansol.fr\/location-chalet-cerdagne\/'>Chalet Locansol \u00e0 Estavar<\/a><\/b><br \/>Trajet le plus court : 65 km<br \/>Trajet le plus rapide : 1 h 14 min<\/p>","excerpt":"","slug":"les-balades-du-conflent-visite-commentee-de-villefranche-de-conflent","image":{"url":"https:\/\/www.locansol.fr\/wp-content\/uploads\/2026\/02\/visite-guidee-patrimoine-villefranche.webp","id":3599,"extension":"webp","width":800,"height":533,"filesize":131158,"sizes":{"medium":{"width":300,"height":200,"mime-type":"image\/webp","filesize":26210,"url":"https:\/\/www.locansol.fr\/wp-content\/uploads\/2026\/02\/visite-guidee-patrimoine-villefranche-300x200.webp"},"thumbnail":{"width":150,"height":150,"mime-type":"image\/webp","filesize":10618,"url":"https:\/\/www.locansol.fr\/wp-content\/uploads\/2026\/02\/visite-guidee-patrimoine-villefranche-150x150.webp"},"medium_large":{"width":768,"height":512,"mime-type":"image\/webp","filesize":138498,"url":"https:\/\/www.locansol.fr\/wp-content\/uploads\/2026\/02\/visite-guidee-patrimoine-villefranche-768x512.webp"},"trp-custom-language-flag":{"width":18,"height":12,"mime-type":"image\/webp","filesize":260,"url":"https:\/\/www.locansol.fr\/wp-content\/uploads\/2026\/02\/visite-guidee-patrimoine-villefranche-18x12.webp"}}},"all_day":true,"start_date":"2026-02-18 00:00:00","start_date_details":{"year":"2026","month":"02","day":"18","hour":"00","minutes":"00","seconds":"00"},"end_date":"2026-02-18 23:59:59","end_date_details":{"year":"2026","month":"02","day":"18","hour":"23","minutes":"59","seconds":"59"},"utc_start_date":"2026-02-17 23:00:00","utc_start_date_details":{"year":"2026","month":"02","day":"17","hour":"23","minutes":"00","seconds":"00"},"utc_end_date":"2026-02-18 22:59:59","utc_end_date_details":{"year":"2026","month":"02","day":"18","hour":"22","minutes":"59","seconds":"59"},"timezone":"Europe\/Paris","timezone_abbr":"CET","cost":"8\u20ac","cost_details":{"currency_symbol":"","currency_code":"","currency_position":"","values":["8"]},"website":"https:\/\/www.locansol.fr\/es\/evenement\/les-balades-du-conflent-visite-commentee-de-villefranche-de-conflent\/","show_map":true,"show_map_link":false,"hide_from_listings":false,"sticky":false,"featured":false,"categories":[{"name":"\u00c9v\u00e8nement Culturel","slug":"evenement-culturel","term_group":0,"term_taxonomy_id":138,"taxonomy":"tribe_events_cat","description":"","parent":0,"count":499,"filter":"raw","id":138,"urls":{"self":"https:\/\/www.locansol.fr\/es\/wp-json\/tribe\/events\/v1\/categories\/138","collection":"https:\/\/www.locansol.fr\/es\/wp-json\/tribe\/events\/v1\/categories"}},{"name":"Histoire","slug":"histoire","term_group":0,"term_taxonomy_id":157,"taxonomy":"tribe_events_cat","description":"","parent":0,"count":132,"filter":"raw","id":157,"urls":{"self":"https:\/\/www.locansol.fr\/es\/wp-json\/tribe\/events\/v1\/categories\/157","collection":"https:\/\/www.locansol.fr\/es\/wp-json\/tribe\/events\/v1\/categories"}},{"name":"Pyr\u00e9n\u00e9es-Orientales","slug":"pyrenees-orientales","term_group":0,"term_taxonomy_id":169,"taxonomy":"tribe_events_cat","description":"","parent":0,"count":607,"filter":"raw","id":169,"urls":{"self":"https:\/\/www.locansol.fr\/es\/wp-json\/tribe\/events\/v1\/categories\/169","collection":"https:\/\/www.locansol.fr\/es\/wp-json\/tribe\/events\/v1\/categories"}},{"name":"Visite guid\u00e9e","slug":"visite-guidee","term_group":0,"term_taxonomy_id":105,"taxonomy":"tribe_events_cat","description":"","parent":0,"count":161,"filter":"raw","id":105,"urls":{"self":"https:\/\/www.locansol.fr\/es\/wp-json\/tribe\/events\/v1\/categories\/105","collection":"https:\/\/www.locansol.fr\/es\/wp-json\/tribe\/events\/v1\/categories"}}],"tags":[{"name":"\u00c9v\u00e8nement culturel","slug":"evenement-culturel","term_group":0,"term_taxonomy_id":66,"taxonomy":"post_tag","description":"","parent":0,"count":1054,"filter":"raw","id":66,"urls":{"self":"https:\/\/www.locansol.fr\/es\/wp-json\/tribe\/events\/v1\/tags\/66","collection":"https:\/\/www.locansol.fr\/es\/wp-json\/tribe\/events\/v1\/tags"}},{"name":"Pyr\u00e9n\u00e9es-Orientales","slug":"pyrenees-orientales","term_group":0,"term_taxonomy_id":76,"taxonomy":"post_tag","description":"","parent":0,"count":1431,"filter":"raw","id":76,"urls":{"self":"https:\/\/www.locansol.fr\/es\/wp-json\/tribe\/events\/v1\/tags\/76","collection":"https:\/\/www.locansol.fr\/es\/wp-json\/tribe\/events\/v1\/tags"}}],"venue":{"id":3602,"author":"5","status":"publish","date":"2026-02-18 08:04:03","date_utc":"2026-02-18 07:04:03","modified":"2026-02-18 08:04:03","modified_utc":"2026-02-18 07:04:03","url":"https:\/\/www.locansol.fr\/es\/local\/villefranche-de-conflent\/","venue":"Villefranche-de-Conflent","slug":"villefranche-de-conflent","address":"Villefranche-de-Conflent","city":"Pyr\u00e9n\u00e9es-Orientales","country":"France","json_ld":{"@type":"Place","name":"Villefranche-de-Conflent","description":"","url":"https:\/\/www.locansol.fr\/es\/local\/villefranche-de-conflent\/","address":{"@type":"PostalAddress","streetAddress":"Villefranche-de-Conflent","addressLocality":"Pyr\u00e9n\u00e9es-Orientales","addressCountry":"France"},"telephone":"","sameAs":""},"show_map":true,"show_map_link":true,"global_id":"www.locansol.fr\/es?id=3602","global_id_lineage":["www.locansol.fr\/es?id=3602"]},"organizer":[],"custom_fields":[],"json_ld":{"@context":"http:\/\/schema.org","@type":"Event","name":"LES BALADES DU CONFLENT \u00ab VISITE COMMENT\u00c9E DE VILLEFRANCHE-DE-CONFLENT \u00bb","description":"&lt;p&gt;Le mercredi 18 f\u00e9vrier \u00e0 14 h, la Ville de Villefranche-de-Conflent propose une visite comment\u00e9e de son centre historique, au c\u0153ur des Pyr\u00e9n\u00e9es-Orientales. Cette balade, d\\'une dur\u00e9e maximale de deux [&hellip;]&lt;\/p&gt;\\n","image":"https:\/\/www.locansol.fr\/wp-content\/uploads\/2026\/02\/visite-guidee-patrimoine-villefranche.webp","url":"https:\/\/www.locansol.fr\/es\/evenement\/les-balades-du-conflent-visite-commentee-de-villefranche-de-conflent\/","eventAttendanceMode":"https:\/\/schema.org\/OfflineEventAttendanceMode","eventStatus":"https:\/\/schema.org\/EventScheduled","startDate":"2026-02-18T00:00:00+01:00","endDate":"2026-02-18T23:59:59+01:00","location":{"@type":"Place","name":"Villefranche-de-Conflent","description":"","url":"https:\/\/www.locansol.fr\/es\/local\/villefranche-de-conflent\/","address":{"@type":"PostalAddress","streetAddress":"Villefranche-de-Conflent","addressLocality":"Pyr\u00e9n\u00e9es-Orientales","addressCountry":"France"},"telephone":"","sameAs":""},"offers":{"@type":"Offer","price":"8","priceCurrency":"EUR","url":"https:\/\/www.locansol.fr\/es\/evenement\/les-balades-du-conflent-visite-commentee-de-villefranche-de-conflent\/","category":"primary","availability":"inStock","validFrom":"1970-01-01T00:00:00+00:00"},"performer":"Organization"},"is_virtual":false,"virtual_url":null,"virtual_video_source":""}