{"id":3844,"global_id":"www.locansol.fr\/es?id=3844","global_id_lineage":["www.locansol.fr\/es?id=3844"],"author":"5","status":"publish","date":"2026-02-21 18:13:51","date_utc":"2026-02-21 17:13:51","modified":"2026-02-21 18:13:53","modified_utc":"2026-02-21 17:13:53","url":"https:\/\/www.locansol.fr\/es\/evenement\/carnaval-osseja\/","rest_url":"https:\/\/www.locansol.fr\/es\/wp-json\/tribe\/events\/v1\/events\/3844","title":"CARNAVAL &#8211; OSS\u00c9JA","description":"<p>Le carnaval d&rsquo;Oss\u00e9ja est un \u00e9v\u00e9nement festif et color\u00e9 qui se d\u00e9roule chaque ann\u00e9e dans le village d&rsquo;Oss\u00e9ja, situ\u00e9 dans les Pyr\u00e9n\u00e9es-Orientales. Cette ann\u00e9e, le carnaval aura lieu le samedi 21 f\u00e9vrier \u00e0 partir de 14h et sera plac\u00e9 sous le th\u00e8me de Mario Bros.  Le programme du carnaval d\u00e9butera \u00e0 14h avec une grande parade dans les rues du village. Les participants, petits et grands, sont invit\u00e9s \u00e0 se d\u00e9guiser selon le th\u00e8me de Mario Bros pour ajouter encore plus de couleur et de fun \u00e0 l&rsquo;\u00e9v\u00e9nement. La parade sera anim\u00e9e par des chars d\u00e9cor\u00e9s et des fanfares, cr\u00e9ant une ambiance joyeuse et festive.  Apr\u00e8s la parade, un go\u00fbter sera offert \u00e0 tous les participants. Ce sera l&rsquo;occasion de se restaurer et de partager un moment convivial en famille ou entre amis. Pour cl\u00f4turer cette journ\u00e9e en beaut\u00e9, un spectacle de magie sera pr\u00e9sent\u00e9 au foyer municipal. Les enfants pourront d\u00e9couvrir des tours de magie \u00e9poustouflants qui les plongeront dans un univers f\u00e9erique.  Le carnaval d&rsquo;Oss\u00e9ja est une excellente opportunit\u00e9 de passer un moment agr\u00e9able en famille. C&rsquo;est l&rsquo;occasion id\u00e9ale pour les enfants de s&rsquo;amuser, de se d\u00e9guiser et de participer \u00e0 des activit\u00e9s ludiques. Les adultes pourront \u00e9galement profiter de l&rsquo;ambiance festive et des animations propos\u00e9es. Ne manquez pas cet \u00e9v\u00e9nement incontournable qui promet des moments inoubliables pour tous !  Entr\u00e9e gratuite<\/p>\n<p><\/p>\n<h3>R\u00e9servez votre h\u00e9bergement dans les Pyr\u00e9n\u00e9es-Orientales :<\/h3>\n<p><b><a href='https:\/\/www.locansol.fr\/location-mobilhome-mediterranee\/'>Mobil-home Locansol \u00e0 Argel\u00e8s-sur-Mer<\/a><\/b><br \/>Trajet le plus court : 61 km<br \/>Trajet le plus rapide : 1 h 0 min<\/p>\n<p><b><a href='https:\/\/www.locansol.fr\/location-chalet-cerdagne\/'>Chalet Locansol \u00e0 Estavar<\/a><\/b><br \/>Trajet le plus court : 65 km<br \/>Trajet le plus rapide : 1 h 14 min<\/p>","excerpt":"","slug":"carnaval-osseja","image":{"url":"https:\/\/www.locansol.fr\/wp-content\/uploads\/2026\/02\/carnaval-osseja-pyrenees-orientales.webp","id":3840,"extension":"webp","width":1357,"height":1920,"filesize":148840,"sizes":{"medium":{"width":212,"height":300,"mime-type":"image\/webp","filesize":19594,"url":"https:\/\/www.locansol.fr\/wp-content\/uploads\/2026\/02\/carnaval-osseja-pyrenees-orientales-212x300.webp"},"large":{"width":724,"height":1024,"mime-type":"image\/webp","filesize":95718,"url":"https:\/\/www.locansol.fr\/wp-content\/uploads\/2026\/02\/carnaval-osseja-pyrenees-orientales-724x1024.webp"},"thumbnail":{"width":150,"height":150,"mime-type":"image\/webp","filesize":8856,"url":"https:\/\/www.locansol.fr\/wp-content\/uploads\/2026\/02\/carnaval-osseja-pyrenees-orientales-150x150.webp"},"medium_large":{"width":768,"height":1087,"mime-type":"image\/webp","filesize":102672,"url":"https:\/\/www.locansol.fr\/wp-content\/uploads\/2026\/02\/carnaval-osseja-pyrenees-orientales-768x1087.webp"},"1536x1536":{"width":1086,"height":1536,"mime-type":"image\/webp","filesize":149378,"url":"https:\/\/www.locansol.fr\/wp-content\/uploads\/2026\/02\/carnaval-osseja-pyrenees-orientales-1086x1536.webp"},"trp-custom-language-flag":{"width":8,"height":12,"mime-type":"image\/webp","filesize":158,"url":"https:\/\/www.locansol.fr\/wp-content\/uploads\/2026\/02\/carnaval-osseja-pyrenees-orientales-8x12.webp"}}},"all_day":true,"start_date":"2026-02-21 00:00:00","start_date_details":{"year":"2026","month":"02","day":"21","hour":"00","minutes":"00","seconds":"00"},"end_date":"2026-02-21 23:59:59","end_date_details":{"year":"2026","month":"02","day":"21","hour":"23","minutes":"59","seconds":"59"},"utc_start_date":"2026-02-20 23:00:00","utc_start_date_details":{"year":"2026","month":"02","day":"20","hour":"23","minutes":"00","seconds":"00"},"utc_end_date":"2026-02-21 22:59:59","utc_end_date_details":{"year":"2026","month":"02","day":"21","hour":"22","minutes":"59","seconds":"59"},"timezone":"Europe\/Paris","timezone_abbr":"CET","cost":"","cost_details":{"currency_symbol":"","currency_code":"","currency_position":"","values":[]},"website":"https:\/\/www.locansol.fr\/es\/evenement\/carnaval-osseja\/","show_map":true,"show_map_link":false,"hide_from_listings":false,"sticky":false,"featured":false,"categories":[{"name":"Carnaval","slug":"carnaval","term_group":0,"term_taxonomy_id":84,"taxonomy":"tribe_events_cat","description":"","parent":0,"count":16,"filter":"raw","id":84,"urls":{"self":"https:\/\/www.locansol.fr\/es\/wp-json\/tribe\/events\/v1\/categories\/84","collection":"https:\/\/www.locansol.fr\/es\/wp-json\/tribe\/events\/v1\/categories"}},{"name":"Pour enfant","slug":"pour-enfant","term_group":0,"term_taxonomy_id":161,"taxonomy":"tribe_events_cat","description":"","parent":0,"count":128,"filter":"raw","id":161,"urls":{"self":"https:\/\/www.locansol.fr\/es\/wp-json\/tribe\/events\/v1\/categories\/161","collection":"https:\/\/www.locansol.fr\/es\/wp-json\/tribe\/events\/v1\/categories"}},{"name":"Pyr\u00e9n\u00e9es-Orientales","slug":"pyrenees-orientales","term_group":0,"term_taxonomy_id":169,"taxonomy":"tribe_events_cat","description":"","parent":0,"count":568,"filter":"raw","id":169,"urls":{"self":"https:\/\/www.locansol.fr\/es\/wp-json\/tribe\/events\/v1\/categories\/169","collection":"https:\/\/www.locansol.fr\/es\/wp-json\/tribe\/events\/v1\/categories"}},{"name":"Spectacle","slug":"spectacle","term_group":0,"term_taxonomy_id":102,"taxonomy":"tribe_events_cat","description":"","parent":0,"count":73,"filter":"raw","id":102,"urls":{"self":"https:\/\/www.locansol.fr\/es\/wp-json\/tribe\/events\/v1\/categories\/102","collection":"https:\/\/www.locansol.fr\/es\/wp-json\/tribe\/events\/v1\/categories"}},{"name":"Traditions et folklore","slug":"traditions-et-folklore","term_group":0,"term_taxonomy_id":145,"taxonomy":"tribe_events_cat","description":"","parent":0,"count":26,"filter":"raw","id":145,"urls":{"self":"https:\/\/www.locansol.fr\/es\/wp-json\/tribe\/events\/v1\/categories\/145","collection":"https:\/\/www.locansol.fr\/es\/wp-json\/tribe\/events\/v1\/categories"}}],"tags":[{"name":"Pyr\u00e9n\u00e9es-Orientales","slug":"pyrenees-orientales","term_group":0,"term_taxonomy_id":76,"taxonomy":"post_tag","description":"","parent":0,"count":1348,"filter":"raw","id":76,"urls":{"self":"https:\/\/www.locansol.fr\/es\/wp-json\/tribe\/events\/v1\/tags\/76","collection":"https:\/\/www.locansol.fr\/es\/wp-json\/tribe\/events\/v1\/tags"}},{"name":"Traditions et folklore","slug":"traditions-et-folklore","term_group":0,"term_taxonomy_id":75,"taxonomy":"post_tag","description":"","parent":0,"count":54,"filter":"raw","id":75,"urls":{"self":"https:\/\/www.locansol.fr\/es\/wp-json\/tribe\/events\/v1\/tags\/75","collection":"https:\/\/www.locansol.fr\/es\/wp-json\/tribe\/events\/v1\/tags"}}],"venue":{"id":3843,"author":"5","status":"publish","date":"2026-02-21 18:13:48","date_utc":"2026-02-21 17:13:48","modified":"2026-02-21 18:13:48","modified_utc":"2026-02-21 17:13:48","url":"https:\/\/www.locansol.fr\/es\/local\/osseja\/","venue":"Oss\u00e9ja","slug":"osseja","address":"Oss\u00e9ja","city":"Pyr\u00e9n\u00e9es-Orientales","country":"France","json_ld":{"@type":"Place","name":"Oss\u00e9ja","description":"","url":"https:\/\/www.locansol.fr\/es\/local\/osseja\/","address":{"@type":"PostalAddress","streetAddress":"Oss\u00e9ja","addressLocality":"Pyr\u00e9n\u00e9es-Orientales","addressCountry":"France"},"telephone":"","sameAs":""},"show_map":true,"show_map_link":true,"global_id":"www.locansol.fr\/es?id=3843","global_id_lineage":["www.locansol.fr\/es?id=3843"]},"organizer":[],"custom_fields":[],"json_ld":{"@context":"http:\/\/schema.org","@type":"Event","name":"CARNAVAL &#8211; OSS\u00c9JA","description":"&lt;p&gt;Le carnaval d\\'Oss\u00e9ja est un \u00e9v\u00e9nement festif et color\u00e9 qui se d\u00e9roule chaque ann\u00e9e dans le village d\\'Oss\u00e9ja, situ\u00e9 dans les Pyr\u00e9n\u00e9es-Orientales. Cette ann\u00e9e, le carnaval aura lieu le samedi [&hellip;]&lt;\/p&gt;\\n","image":"https:\/\/www.locansol.fr\/wp-content\/uploads\/2026\/02\/carnaval-osseja-pyrenees-orientales.webp","url":"https:\/\/www.locansol.fr\/es\/evenement\/carnaval-osseja\/","eventAttendanceMode":"https:\/\/schema.org\/OfflineEventAttendanceMode","eventStatus":"https:\/\/schema.org\/EventScheduled","startDate":"2026-02-21T00:00:00+01:00","endDate":"2026-02-21T23:59:59+01:00","location":{"@type":"Place","name":"Oss\u00e9ja","description":"","url":"https:\/\/www.locansol.fr\/es\/local\/osseja\/","address":{"@type":"PostalAddress","streetAddress":"Oss\u00e9ja","addressLocality":"Pyr\u00e9n\u00e9es-Orientales","addressCountry":"France"},"telephone":"","sameAs":""},"performer":"Organization"},"is_virtual":false,"virtual_url":null,"virtual_video_source":""}