{"id":6439,"global_id":"www.locansol.fr\/es?id=6439","global_id_lineage":["www.locansol.fr\/es?id=6439"],"author":"5","status":"publish","date":"2026-04-23 22:24:56","date_utc":"2026-04-23 20:24:56","modified":"2026-04-23 22:24:58","modified_utc":"2026-04-23 20:24:58","url":"https:\/\/www.locansol.fr\/es\/evenement\/journees-nationales-tourisme-handicap-chateau-royal-de-collioure\/","rest_url":"https:\/\/www.locansol.fr\/es\/wp-json\/tribe\/events\/v1\/events\/6439","title":"JOURN\u00c9ES NATIONALES TOURISME &amp; HANDICAP &#8211; CH\u00c2TEAU ROYAL DE COLLIOURE","description":"<p>Le Ch\u00e2teau Royal de Collioure est un ensemble fortifi\u00e9 situ\u00e9 sur la commune de Collioure, dans le d\u00e9partement des Pyr\u00e9n\u00e9es-Orientales. Le ch\u00e2teau proprement dit est m\u00e9di\u00e9val. La premi\u00e8re mention que nous poss\u00e9dons date du d\u00e9but du XIIIe si\u00e8cle. Il fut \u00e9rig\u00e9 sur l&#8217;emplacement d&rsquo;un village fortifi\u00e9 au VIIe si\u00e8cle.  Le site du ch\u00e2teau a \u00e9t\u00e9 occup\u00e9 d\u00e8s l\u2019Antiquit\u00e9 par les Grecs, Carthaginois, Romains, Wisigoths et Omeyyades. Le ch\u00e2teau a \u00e9t\u00e9 la r\u00e9sidence des seigneurs du Roussillon, puis des rois d&rsquo;Aragon et de Mallorca, et a \u00e9t\u00e9 embelli et fortifi\u00e9 au cours des si\u00e8cles. Il a \u00e9t\u00e9 class\u00e9 Monument historique en 1922.  Le ch\u00e2teau est plong\u00e9 dans la mer et id\u00e9alement situ\u00e9 dans le centre-ville, offrant une vue splendide sur la mer M\u00e9diterran\u00e9e. Il incarne magnifiquement l&rsquo;histoire et l&rsquo;architecture de la r\u00e9gion. Le ch\u00e2teau propose des tarifs, horaires et expositions tout au long de l&rsquo;ann\u00e9e, participant \u00e0 des \u00e9v\u00e9nements comme la Nuit des Mus\u00e9es et les Journ\u00e9es Europ\u00e9ennes du Patrimoine.  Le ch\u00e2teau est ferm\u00e9 certains jours sp\u00e9cifiques comme le 15 et 16 ao\u00fbt, et est marqu\u00e9 pour le tourisme handicap, notamment pour les handicaps auditifs et mentaux. La derni\u00e8re entr\u00e9e est 45 minutes avant la fermeture. Le ch\u00e2teau offre de magnifiques points de vue sur le port, le village, les coteaux de vignes et la M\u00e9diterran\u00e9e.  En conclusion, le Ch\u00e2teau Royal de Collioure est un lieu riche en histoire et en beaut\u00e9, offrant une exp\u00e9rience culturelle et visuelle unique aux visiteurs.<\/p>\n<p><\/p>\n<h3>R\u00e9servez votre h\u00e9bergement dans les Pyr\u00e9n\u00e9es-Orientales :<\/h3>\n<p><b><a href='https:\/\/www.locansol.fr\/location-mobilhome-mediterranee\/'>Mobil-home Locansol \u00e0 Argel\u00e8s-sur-Mer<\/a><\/b><br \/>Trajet le plus court : 8 km<br \/>Trajet le plus rapide : 14 min<\/p>\n<p><b><a href='https:\/\/www.locansol.fr\/location-chalet-cerdagne\/'>Chalet Locansol \u00e0 Estavar<\/a><\/b><br \/>Trajet le plus court : 125 km<br \/>Trajet le plus rapide : 1 h 56 min<\/p>","excerpt":"","slug":"journees-nationales-tourisme-handicap-chateau-royal-de-collioure","image":{"url":"https:\/\/www.locansol.fr\/wp-content\/uploads\/2026\/04\/chateau-royal-collioure-mediterranee.webp","id":6436,"extension":"webp","width":1241,"height":1755,"filesize":88336,"sizes":{"medium":{"width":212,"height":300,"mime-type":"image\/webp","filesize":15764,"url":"https:\/\/www.locansol.fr\/wp-content\/uploads\/2026\/04\/chateau-royal-collioure-mediterranee-212x300.webp"},"large":{"width":724,"height":1024,"mime-type":"image\/webp","filesize":67712,"url":"https:\/\/www.locansol.fr\/wp-content\/uploads\/2026\/04\/chateau-royal-collioure-mediterranee-724x1024.webp"},"thumbnail":{"width":150,"height":150,"mime-type":"image\/webp","filesize":7664,"url":"https:\/\/www.locansol.fr\/wp-content\/uploads\/2026\/04\/chateau-royal-collioure-mediterranee-150x150.webp"},"medium_large":{"width":768,"height":1086,"mime-type":"image\/webp","filesize":72616,"url":"https:\/\/www.locansol.fr\/wp-content\/uploads\/2026\/04\/chateau-royal-collioure-mediterranee-768x1086.webp"},"1536x1536":{"width":1086,"height":1536,"mime-type":"image\/webp","filesize":104370,"url":"https:\/\/www.locansol.fr\/wp-content\/uploads\/2026\/04\/chateau-royal-collioure-mediterranee-1086x1536.webp"},"trp-custom-language-flag":{"width":8,"height":12,"mime-type":"image\/webp","filesize":164,"url":"https:\/\/www.locansol.fr\/wp-content\/uploads\/2026\/04\/chateau-royal-collioure-mediterranee-8x12.webp"}}},"all_day":true,"start_date":"2026-08-16 00:00:00","start_date_details":{"year":"2026","month":"08","day":"16","hour":"00","minutes":"00","seconds":"00"},"end_date":"2026-08-16 23:59:59","end_date_details":{"year":"2026","month":"08","day":"16","hour":"23","minutes":"59","seconds":"59"},"utc_start_date":"2026-08-15 22:00:00","utc_start_date_details":{"year":"2026","month":"08","day":"15","hour":"22","minutes":"00","seconds":"00"},"utc_end_date":"2026-08-16 21:59:59","utc_end_date_details":{"year":"2026","month":"08","day":"16","hour":"21","minutes":"59","seconds":"59"},"timezone":"Europe\/Paris","timezone_abbr":"CEST","cost":"9\u20ac \u2013 26\u20ac","cost_details":{"currency_symbol":"","currency_code":"","currency_position":"","values":["9","26"]},"website":"https:\/\/www.locansol.fr\/es\/evenement\/journees-nationales-tourisme-handicap-chateau-royal-de-collioure\/","show_map":true,"show_map_link":false,"hide_from_listings":false,"sticky":false,"featured":false,"categories":[{"name":"\u00c9v\u00e8nement Culturel","slug":"evenement-culturel","term_group":0,"term_taxonomy_id":138,"taxonomy":"tribe_events_cat","description":"","parent":0,"count":499,"filter":"raw","id":138,"urls":{"self":"https:\/\/www.locansol.fr\/es\/wp-json\/tribe\/events\/v1\/categories\/138","collection":"https:\/\/www.locansol.fr\/es\/wp-json\/tribe\/events\/v1\/categories"}},{"name":"Pyr\u00e9n\u00e9es-Orientales","slug":"pyrenees-orientales","term_group":0,"term_taxonomy_id":169,"taxonomy":"tribe_events_cat","description":"","parent":0,"count":607,"filter":"raw","id":169,"urls":{"self":"https:\/\/www.locansol.fr\/es\/wp-json\/tribe\/events\/v1\/categories\/169","collection":"https:\/\/www.locansol.fr\/es\/wp-json\/tribe\/events\/v1\/categories"}},{"name":"Solidarit\u00e9","slug":"solidarite","term_group":0,"term_taxonomy_id":134,"taxonomy":"tribe_events_cat","description":"","parent":0,"count":6,"filter":"raw","id":134,"urls":{"self":"https:\/\/www.locansol.fr\/es\/wp-json\/tribe\/events\/v1\/categories\/134","collection":"https:\/\/www.locansol.fr\/es\/wp-json\/tribe\/events\/v1\/categories"}}],"tags":[{"name":"\u00c9v\u00e8nement culturel","slug":"evenement-culturel","term_group":0,"term_taxonomy_id":66,"taxonomy":"post_tag","description":"","parent":0,"count":1054,"filter":"raw","id":66,"urls":{"self":"https:\/\/www.locansol.fr\/es\/wp-json\/tribe\/events\/v1\/tags\/66","collection":"https:\/\/www.locansol.fr\/es\/wp-json\/tribe\/events\/v1\/tags"}},{"name":"Pyr\u00e9n\u00e9es-Orientales","slug":"pyrenees-orientales","term_group":0,"term_taxonomy_id":76,"taxonomy":"post_tag","description":"","parent":0,"count":1431,"filter":"raw","id":76,"urls":{"self":"https:\/\/www.locansol.fr\/es\/wp-json\/tribe\/events\/v1\/tags\/76","collection":"https:\/\/www.locansol.fr\/es\/wp-json\/tribe\/events\/v1\/tags"}},{"name":"Solidarit\u00e9","slug":"solidarite","term_group":0,"term_taxonomy_id":72,"taxonomy":"post_tag","description":"","parent":0,"count":12,"filter":"raw","id":72,"urls":{"self":"https:\/\/www.locansol.fr\/es\/wp-json\/tribe\/events\/v1\/tags\/72","collection":"https:\/\/www.locansol.fr\/es\/wp-json\/tribe\/events\/v1\/tags"}}],"venue":{"id":3281,"author":"5","status":"publish","date":"2026-02-15 12:57:59","date_utc":"2026-02-15 11:57:59","modified":"2026-02-15 12:57:59","modified_utc":"2026-02-15 11:57:59","url":"https:\/\/www.locansol.fr\/es\/local\/quai-de-lamiraute-collioure\/","venue":"Quai de l&rsquo;Amiraut\u00e9, Collioure","slug":"quai-de-lamiraute-collioure","address":"Quai de l'Amiraut\u00e9","city":"Collioure","country":"France","zip":"66190","json_ld":{"@type":"Place","name":"Quai de l&rsquo;Amiraut\u00e9, Collioure","description":"","url":"https:\/\/www.locansol.fr\/es\/local\/quai-de-lamiraute-collioure\/","address":{"@type":"PostalAddress","streetAddress":"Quai de l&#039;Amiraut\u00e9","addressLocality":"Collioure","postalCode":"66190","addressCountry":"France"},"telephone":"","sameAs":""},"show_map":true,"show_map_link":true,"global_id":"www.locansol.fr\/es?id=3281","global_id_lineage":["www.locansol.fr\/es?id=3281"]},"organizer":[],"custom_fields":[],"json_ld":{"@context":"http:\/\/schema.org","@type":"Event","name":"JOURN\u00c9ES NATIONALES TOURISME &amp; HANDICAP &#8211; CH\u00c2TEAU ROYAL DE COLLIOURE","description":"&lt;p&gt;Le Ch\u00e2teau Royal de Collioure est un ensemble fortifi\u00e9 situ\u00e9 sur la commune de Collioure, dans le d\u00e9partement des Pyr\u00e9n\u00e9es-Orientales. Le ch\u00e2teau proprement dit est m\u00e9di\u00e9val. La premi\u00e8re mention que [&hellip;]&lt;\/p&gt;\\n","image":"https:\/\/www.locansol.fr\/wp-content\/uploads\/2026\/04\/chateau-royal-collioure-mediterranee.webp","url":"https:\/\/www.locansol.fr\/es\/evenement\/journees-nationales-tourisme-handicap-chateau-royal-de-collioure\/","eventAttendanceMode":"https:\/\/schema.org\/OfflineEventAttendanceMode","eventStatus":"https:\/\/schema.org\/EventScheduled","startDate":"2026-08-16T00:00:00+02:00","endDate":"2026-08-16T23:59:59+02:00","location":{"@type":"Place","name":"Quai de l&rsquo;Amiraut\u00e9, Collioure","description":"","url":"https:\/\/www.locansol.fr\/es\/local\/quai-de-lamiraute-collioure\/","address":{"@type":"PostalAddress","streetAddress":"Quai de l&#039;Amiraut\u00e9","addressLocality":"Collioure","postalCode":"66190","addressCountry":"France"},"telephone":"","sameAs":""},"offers":{"@type":"Offer","price":"9 \u2013 26","priceCurrency":"EUR","url":"https:\/\/www.locansol.fr\/es\/evenement\/journees-nationales-tourisme-handicap-chateau-royal-de-collioure\/","category":"primary","availability":"inStock","validFrom":"1970-01-01T00:00:00+00:00"},"performer":"Organization"},"is_virtual":false,"virtual_url":null,"virtual_video_source":""}