{"id":6473,"global_id":"www.locansol.fr\/es?id=6473","global_id_lineage":["www.locansol.fr\/es?id=6473"],"author":"5","status":"publish","date":"2026-04-24 16:20:16","date_utc":"2026-04-24 14:20:16","modified":"2026-04-24 16:20:17","modified_utc":"2026-04-24 14:20:17","url":"https:\/\/www.locansol.fr\/es\/evenement\/exposition-elles\/","rest_url":"https:\/\/www.locansol.fr\/es\/wp-json\/tribe\/events\/v1\/events\/6473","title":"EXPOSITION &lsquo;ELLES&rsquo;","description":"<p>L\u2019exposition \u00ab Elles \u00bb \u00e0 Fourques, du 24 au 30 avril, met en lumi\u00e8re les femmes \u00e0 travers une conf\u00e9rence et une exposition. Le 24 avril \u00e0 18h, l\u2019\u00c9glise de Fourques accueille une conf\u00e9rence sur les femmes peintres impressionnistes par Alexandre Charrett-Dykes. \u00c0 19h30, le vernissage de l\u2019exposition \u00ab Elles \u00bb se tiendra aux Arts Buissonniers, 12 avenue du Roussillon, pr\u00e9sentant les peintures de Mireille Laffitte, les sculptures de Floriane Ouliac, et une bande sonore sur les droits des femmes par Myriam Benayoun. L\u2019entr\u00e9e est libre. Pour plus d\u2019informations, contactez le 07.68.51.76.87.<\/p>\n<p><\/p>\n<h3>R\u00e9servez votre h\u00e9bergement dans les Pyr\u00e9n\u00e9es-Orientales :<\/h3>\n<p><b><a href='https:\/\/www.locansol.fr\/location-mobilhome-mediterranee\/'>Mobil-home Locansol \u00e0 Argel\u00e8s-sur-Mer<\/a><\/b><br \/>Trajet le plus court : 27 km<br \/>Trajet le plus rapide : 33 min<\/p>\n<p><b><a href='https:\/\/www.locansol.fr\/location-chalet-cerdagne\/'>Chalet Locansol \u00e0 Estavar<\/a><\/b><br \/>Trajet le plus court : 91 km<br \/>Trajet le plus rapide : 1 h 35 min<\/p>","excerpt":"","slug":"exposition-elles","image":{"url":"https:\/\/www.locansol.fr\/wp-content\/uploads\/2026\/04\/exposition-art-feminin-fourques.webp","id":6469,"extension":"webp","width":1050,"height":1485,"filesize":81636,"sizes":{"medium":{"width":212,"height":300,"mime-type":"image\/webp","filesize":9806,"url":"https:\/\/www.locansol.fr\/wp-content\/uploads\/2026\/04\/exposition-art-feminin-fourques-212x300.webp"},"large":{"width":724,"height":1024,"mime-type":"image\/webp","filesize":59282,"url":"https:\/\/www.locansol.fr\/wp-content\/uploads\/2026\/04\/exposition-art-feminin-fourques-724x1024.webp"},"thumbnail":{"width":150,"height":150,"mime-type":"image\/webp","filesize":3682,"url":"https:\/\/www.locansol.fr\/wp-content\/uploads\/2026\/04\/exposition-art-feminin-fourques-150x150.webp"},"medium_large":{"width":768,"height":1086,"mime-type":"image\/webp","filesize":63946,"url":"https:\/\/www.locansol.fr\/wp-content\/uploads\/2026\/04\/exposition-art-feminin-fourques-768x1086.webp"},"trp-custom-language-flag":{"width":8,"height":12,"mime-type":"image\/webp","filesize":130,"url":"https:\/\/www.locansol.fr\/wp-content\/uploads\/2026\/04\/exposition-art-feminin-fourques-8x12.webp"}}},"all_day":true,"start_date":"2026-04-30 00:00:00","start_date_details":{"year":"2026","month":"04","day":"30","hour":"00","minutes":"00","seconds":"00"},"end_date":"2026-04-30 23:59:59","end_date_details":{"year":"2026","month":"04","day":"30","hour":"23","minutes":"59","seconds":"59"},"utc_start_date":"2026-04-29 22:00:00","utc_start_date_details":{"year":"2026","month":"04","day":"29","hour":"22","minutes":"00","seconds":"00"},"utc_end_date":"2026-04-30 21:59:59","utc_end_date_details":{"year":"2026","month":"04","day":"30","hour":"21","minutes":"59","seconds":"59"},"timezone":"Europe\/Paris","timezone_abbr":"CEST","cost":"","cost_details":{"currency_symbol":"","currency_code":"","currency_position":"","values":[]},"website":"https:\/\/www.locansol.fr\/es\/evenement\/exposition-elles\/","show_map":true,"show_map_link":false,"hide_from_listings":false,"sticky":false,"featured":false,"categories":[{"name":"D\u00e9bat \/ Conf\u00e9rence","slug":"debat-conference","term_group":0,"term_taxonomy_id":87,"taxonomy":"tribe_events_cat","description":"","parent":0,"count":110,"filter":"raw","id":87,"urls":{"self":"https:\/\/www.locansol.fr\/es\/wp-json\/tribe\/events\/v1\/categories\/87","collection":"https:\/\/www.locansol.fr\/es\/wp-json\/tribe\/events\/v1\/categories"}},{"name":"\u00c9v\u00e8nement Culturel","slug":"evenement-culturel","term_group":0,"term_taxonomy_id":138,"taxonomy":"tribe_events_cat","description":"","parent":0,"count":501,"filter":"raw","id":138,"urls":{"self":"https:\/\/www.locansol.fr\/es\/wp-json\/tribe\/events\/v1\/categories\/138","collection":"https:\/\/www.locansol.fr\/es\/wp-json\/tribe\/events\/v1\/categories"}},{"name":"Exposition","slug":"exposition","term_group":0,"term_taxonomy_id":90,"taxonomy":"tribe_events_cat","description":"","parent":0,"count":175,"filter":"raw","id":90,"urls":{"self":"https:\/\/www.locansol.fr\/es\/wp-json\/tribe\/events\/v1\/categories\/90","collection":"https:\/\/www.locansol.fr\/es\/wp-json\/tribe\/events\/v1\/categories"}},{"name":"Pyr\u00e9n\u00e9es-Orientales","slug":"pyrenees-orientales","term_group":0,"term_taxonomy_id":169,"taxonomy":"tribe_events_cat","description":"","parent":0,"count":609,"filter":"raw","id":169,"urls":{"self":"https:\/\/www.locansol.fr\/es\/wp-json\/tribe\/events\/v1\/categories\/169","collection":"https:\/\/www.locansol.fr\/es\/wp-json\/tribe\/events\/v1\/categories"}}],"tags":[{"name":"\u00c9v\u00e8nement culturel","slug":"evenement-culturel","term_group":0,"term_taxonomy_id":66,"taxonomy":"post_tag","description":"","parent":0,"count":1058,"filter":"raw","id":66,"urls":{"self":"https:\/\/www.locansol.fr\/es\/wp-json\/tribe\/events\/v1\/tags\/66","collection":"https:\/\/www.locansol.fr\/es\/wp-json\/tribe\/events\/v1\/tags"}},{"name":"Pyr\u00e9n\u00e9es-Orientales","slug":"pyrenees-orientales","term_group":0,"term_taxonomy_id":76,"taxonomy":"post_tag","description":"","parent":0,"count":1435,"filter":"raw","id":76,"urls":{"self":"https:\/\/www.locansol.fr\/es\/wp-json\/tribe\/events\/v1\/tags\/76","collection":"https:\/\/www.locansol.fr\/es\/wp-json\/tribe\/events\/v1\/tags"}}],"venue":{"id":6472,"author":"5","status":"publish","date":"2026-04-24 16:20:14","date_utc":"2026-04-24 14:20:14","modified":"2026-04-24 16:20:14","modified_utc":"2026-04-24 14:20:14","url":"https:\/\/www.locansol.fr\/es\/local\/12-avenue-du-roussillon-fourques\/","venue":"12 AVENUE DU ROUSSILLON, Fourques","slug":"12-avenue-du-roussillon-fourques","address":"12 AVENUE DU ROUSSILLON","city":"Fourques","country":"France","zip":"66300","json_ld":{"@type":"Place","name":"12 AVENUE DU ROUSSILLON, Fourques","description":"","url":"https:\/\/www.locansol.fr\/es\/local\/12-avenue-du-roussillon-fourques\/","address":{"@type":"PostalAddress","streetAddress":"12 AVENUE DU ROUSSILLON","addressLocality":"Fourques","postalCode":"66300","addressCountry":"France"},"telephone":"","sameAs":""},"show_map":true,"show_map_link":true,"global_id":"www.locansol.fr\/es?id=6472","global_id_lineage":["www.locansol.fr\/es?id=6472"]},"organizer":[],"custom_fields":[],"json_ld":{"@context":"http:\/\/schema.org","@type":"Event","name":"EXPOSITION &lsquo;ELLES&rsquo;","description":"&lt;p&gt;L\u2019exposition \u00ab Elles \u00bb \u00e0 Fourques, du 24 au 30 avril, met en lumi\u00e8re les femmes \u00e0 travers une conf\u00e9rence et une exposition. Le 24 avril \u00e0 18h, l\u2019\u00c9glise de [&hellip;]&lt;\/p&gt;\\n","image":"https:\/\/www.locansol.fr\/wp-content\/uploads\/2026\/04\/exposition-art-feminin-fourques.webp","url":"https:\/\/www.locansol.fr\/es\/evenement\/exposition-elles\/","eventAttendanceMode":"https:\/\/schema.org\/OfflineEventAttendanceMode","eventStatus":"https:\/\/schema.org\/EventScheduled","startDate":"2026-04-30T00:00:00+02:00","endDate":"2026-04-30T23:59:59+02:00","location":{"@type":"Place","name":"12 AVENUE DU ROUSSILLON, Fourques","description":"","url":"https:\/\/www.locansol.fr\/es\/local\/12-avenue-du-roussillon-fourques\/","address":{"@type":"PostalAddress","streetAddress":"12 AVENUE DU ROUSSILLON","addressLocality":"Fourques","postalCode":"66300","addressCountry":"France"},"telephone":"","sameAs":""},"performer":"Organization"},"is_virtual":false,"virtual_url":null,"virtual_video_source":""}