{"id":6501,"global_id":"www.locansol.fr\/es?id=6501","global_id_lineage":["www.locansol.fr\/es?id=6501"],"author":"5","status":"publish","date":"2026-04-25 08:09:38","date_utc":"2026-04-25 06:09:38","modified":"2026-04-25 08:09:40","modified_utc":"2026-04-25 06:09:40","url":"https:\/\/www.locansol.fr\/es\/evenement\/la-redecouverte-dun-chef-doeuvre-monumental-les-volets-du-grand-orgue-de-la-cathedrale-de-perpignan-30\/","rest_url":"https:\/\/www.locansol.fr\/es\/wp-json\/tribe\/events\/v1\/events\/6501","title":"\u00ab LA RED\u00c9COUVERTE D\u2019UN CHEF D\u2019\u0152UVRE MONUMENTAL \u00bb : LES VOLETS DU GRAND ORGUE DE LA CATH\u00c9DRALE DE PERPIGNAN","description":"<p>Introduction :<br \/>Du 24 mars au 31 mai, la cath\u00e9drale Saint-Jean-Baptiste de Perpignan accueille un \u00e9v\u00e9nement exceptionnel : \u00ab La red\u00e9couverte d\u2019un chef d\u2019\u0153uvre monumental : les volets du grand orgue \u00bb. Situ\u00e9e au 21 Rue Mailly, cette exposition met en lumi\u00e8re un tr\u00e9sor patrimonial restaur\u00e9.<\/p>\n<p>D\u00e9veloppement :<br \/>Les volets du grand orgue, peints en 1504, sont parmi les ensembles picturaux les plus spectaculaires d\u2019Europe. Mesurant 12,6 m\u00e8tres de haut sur 4,3 m\u00e8tres de large, ces \u0153uvres monumentales couvrent plus de 83 m\u00b2 chacune. Initialement int\u00e9gr\u00e9s au buffet de l\u2019orgue, ils \u00e9taient d\u00e9ploy\u00e9s selon le calendrier liturgique, cr\u00e9ant un dialogue entre musique, architecture et image sacr\u00e9e. Peints \u00e0 la d\u00e9trempe sur toile, ils pr\u00e9sentent une riche polychromie sur leur face principale et une grisaille soign\u00e9e sur leur revers. Au XIXe si\u00e8cle, les volets ont \u00e9t\u00e9 d\u00e9mont\u00e9s et fix\u00e9s au-dessus de la porte de Bethl\u00e9em, o\u00f9 leur importance a \u00e9t\u00e9 progressivement oubli\u00e9e.<\/p>\n<p>Depuis 2022, un vaste chantier de restauration, men\u00e9 par la Direction r\u00e9gionale des affaires culturelles d\u2019Occitanie, a redonn\u00e9 vie \u00e0 ces \u0153uvres. Ce projet technique, patrimonial et scientifique a permis de mieux comprendre leur histoire et leur mise en \u0153uvre.<\/p>\n<p>Raisons de s\u2019y rendre :<br \/>Cette exposition offre une occasion unique de red\u00e9couvrir un chef-d\u2019\u0153uvre monumental. La restauration minutieuse r\u00e9v\u00e8le la beaut\u00e9 et la richesse de ces peintures, offrant une exp\u00e9rience visuelle et spirituelle exceptionnelle. C\u2019est une opportunit\u00e9 rare de plonger dans l\u2019histoire artistique et liturgique de la cath\u00e9drale.<\/p>\n<p>Tarif : 8,00 \u20ac<\/p>\n<p>Conclusion :<br \/>Ne manquez pas cette exposition exceptionnelle qui c\u00e9l\u00e8bre la red\u00e9couverte d\u2019un tr\u00e9sor patrimonial unique en son genre. Les volets du grand orgue de la cath\u00e9drale Saint-Jean-Baptiste de Perpignan, restaur\u00e9s avec soin, vous invitent \u00e0 un voyage dans le temps et l\u2019art sacr\u00e9.<\/p>\n<p><\/p>\n<h3>R\u00e9servez votre h\u00e9bergement dans les Pyr\u00e9n\u00e9es-Orientales :<\/h3>\n<p><b><a href='https:\/\/www.locansol.fr\/location-mobilhome-mediterranee\/'>Mobil-home Locansol \u00e0 Argel\u00e8s-sur-Mer<\/a><\/b><br \/>Trajet le plus court : 26 km<br \/>Trajet le plus rapide : 31 min<\/p>\n<p><b><a href='https:\/\/www.locansol.fr\/location-chalet-cerdagne\/'>Chalet Locansol \u00e0 Estavar<\/a><\/b><br \/>Trajet le plus court : 104 km<br \/>Trajet le plus rapide : 1 h 40 min<\/p>","excerpt":"","slug":"la-redecouverte-dun-chef-doeuvre-monumental-les-volets-du-grand-orgue-de-la-cathedrale-de-perpignan-30","image":{"url":"https:\/\/www.locansol.fr\/wp-content\/uploads\/2026\/04\/exposition-volets-orgue-perpignan-8.webp","id":6498,"extension":"webp","width":1024,"height":605,"filesize":45248,"sizes":{"medium":{"width":300,"height":177,"mime-type":"image\/webp","filesize":10958,"url":"https:\/\/www.locansol.fr\/wp-content\/uploads\/2026\/04\/exposition-volets-orgue-perpignan-8-300x177.webp"},"thumbnail":{"width":150,"height":150,"mime-type":"image\/webp","filesize":4736,"url":"https:\/\/www.locansol.fr\/wp-content\/uploads\/2026\/04\/exposition-volets-orgue-perpignan-8-150x150.webp"},"medium_large":{"width":768,"height":454,"mime-type":"image\/webp","filesize":37162,"url":"https:\/\/www.locansol.fr\/wp-content\/uploads\/2026\/04\/exposition-volets-orgue-perpignan-8-768x454.webp"},"trp-custom-language-flag":{"width":18,"height":12,"mime-type":"image\/webp","filesize":178,"url":"https:\/\/www.locansol.fr\/wp-content\/uploads\/2026\/04\/exposition-volets-orgue-perpignan-8-18x12.webp"}}},"all_day":true,"start_date":"2026-03-24 00:00:00","start_date_details":{"year":"2026","month":"03","day":"24","hour":"00","minutes":"00","seconds":"00"},"end_date":"2026-05-31 23:59:59","end_date_details":{"year":"2026","month":"05","day":"31","hour":"23","minutes":"59","seconds":"59"},"utc_start_date":"2026-03-23 23:00:00","utc_start_date_details":{"year":"2026","month":"03","day":"23","hour":"23","minutes":"00","seconds":"00"},"utc_end_date":"2026-05-31 21:59:59","utc_end_date_details":{"year":"2026","month":"05","day":"31","hour":"21","minutes":"59","seconds":"59"},"timezone":"Europe\/Paris","timezone_abbr":"CET","cost":"8\u20ac","cost_details":{"currency_symbol":"","currency_code":"","currency_position":"","values":["8"]},"website":"https:\/\/www.locansol.fr\/es\/evenement\/la-redecouverte-dun-chef-doeuvre-monumental-les-volets-du-grand-orgue-de-la-cathedrale-de-perpignan-30\/","show_map":true,"show_map_link":false,"hide_from_listings":false,"sticky":false,"featured":false,"categories":[{"name":"\u00c9v\u00e8nement Culturel","slug":"evenement-culturel","term_group":0,"term_taxonomy_id":138,"taxonomy":"tribe_events_cat","description":"","parent":0,"count":473,"filter":"raw","id":138,"urls":{"self":"https:\/\/www.locansol.fr\/es\/wp-json\/tribe\/events\/v1\/categories\/138","collection":"https:\/\/www.locansol.fr\/es\/wp-json\/tribe\/events\/v1\/categories"}},{"name":"Exposition","slug":"exposition","term_group":0,"term_taxonomy_id":90,"taxonomy":"tribe_events_cat","description":"","parent":0,"count":154,"filter":"raw","id":90,"urls":{"self":"https:\/\/www.locansol.fr\/es\/wp-json\/tribe\/events\/v1\/categories\/90","collection":"https:\/\/www.locansol.fr\/es\/wp-json\/tribe\/events\/v1\/categories"}},{"name":"Peinture","slug":"peinture","term_group":0,"term_taxonomy_id":160,"taxonomy":"tribe_events_cat","description":"","parent":0,"count":97,"filter":"raw","id":160,"urls":{"self":"https:\/\/www.locansol.fr\/es\/wp-json\/tribe\/events\/v1\/categories\/160","collection":"https:\/\/www.locansol.fr\/es\/wp-json\/tribe\/events\/v1\/categories"}},{"name":"Pyr\u00e9n\u00e9es-Orientales","slug":"pyrenees-orientales","term_group":0,"term_taxonomy_id":169,"taxonomy":"tribe_events_cat","description":"","parent":0,"count":576,"filter":"raw","id":169,"urls":{"self":"https:\/\/www.locansol.fr\/es\/wp-json\/tribe\/events\/v1\/categories\/169","collection":"https:\/\/www.locansol.fr\/es\/wp-json\/tribe\/events\/v1\/categories"}}],"tags":[{"name":"\u00c9v\u00e8nement culturel","slug":"evenement-culturel","term_group":0,"term_taxonomy_id":66,"taxonomy":"post_tag","description":"","parent":0,"count":999,"filter":"raw","id":66,"urls":{"self":"https:\/\/www.locansol.fr\/es\/wp-json\/tribe\/events\/v1\/tags\/66","collection":"https:\/\/www.locansol.fr\/es\/wp-json\/tribe\/events\/v1\/tags"}},{"name":"Pyr\u00e9n\u00e9es-Orientales","slug":"pyrenees-orientales","term_group":0,"term_taxonomy_id":76,"taxonomy":"post_tag","description":"","parent":0,"count":1366,"filter":"raw","id":76,"urls":{"self":"https:\/\/www.locansol.fr\/es\/wp-json\/tribe\/events\/v1\/tags\/76","collection":"https:\/\/www.locansol.fr\/es\/wp-json\/tribe\/events\/v1\/tags"}}],"venue":{"id":3026,"author":"5","status":"publish","date":"2026-02-14 13:49:45","date_utc":"2026-02-14 12:49:45","modified":"2026-02-14 13:49:45","modified_utc":"2026-02-14 12:49:45","url":"https:\/\/www.locansol.fr\/es\/local\/21-rue-mailly-perpignan\/","venue":"21 Rue Mailly, Perpignan","slug":"21-rue-mailly-perpignan","address":"21 Rue Mailly","country":"France","zip":"66410","json_ld":{"@type":"Place","name":"21 Rue Mailly, Perpignan","description":"","url":"https:\/\/www.locansol.fr\/es\/local\/21-rue-mailly-perpignan\/","address":{"@type":"PostalAddress","streetAddress":"21 Rue Mailly","postalCode":"66410","addressCountry":"France"},"telephone":"","sameAs":""},"show_map":true,"show_map_link":true,"global_id":"www.locansol.fr\/es?id=3026","global_id_lineage":["www.locansol.fr\/es?id=3026"]},"organizer":[],"custom_fields":[],"json_ld":{"@context":"http:\/\/schema.org","@type":"Event","name":"\u00ab LA RED\u00c9COUVERTE D\u2019UN CHEF D\u2019\u0152UVRE MONUMENTAL \u00bb : LES VOLETS DU GRAND ORGUE DE LA CATH\u00c9DRALE DE PERPIGNAN","description":"&lt;p&gt;Introduction :Du 24 mars au 31 mai, la cath\u00e9drale Saint-Jean-Baptiste de Perpignan accueille un \u00e9v\u00e9nement exceptionnel : \u00ab La red\u00e9couverte d\u2019un chef d\u2019\u0153uvre monumental : les volets du grand orgue [&hellip;]&lt;\/p&gt;\\n","image":"https:\/\/www.locansol.fr\/wp-content\/uploads\/2026\/04\/exposition-volets-orgue-perpignan-8.webp","url":"https:\/\/www.locansol.fr\/es\/evenement\/la-redecouverte-dun-chef-doeuvre-monumental-les-volets-du-grand-orgue-de-la-cathedrale-de-perpignan-30\/","eventAttendanceMode":"https:\/\/schema.org\/OfflineEventAttendanceMode","eventStatus":"https:\/\/schema.org\/EventScheduled","startDate":"2026-03-24T00:00:00+01:00","endDate":"2026-05-31T23:59:59+02:00","location":{"@type":"Place","name":"21 Rue Mailly, Perpignan","description":"","url":"https:\/\/www.locansol.fr\/es\/local\/21-rue-mailly-perpignan\/","address":{"@type":"PostalAddress","streetAddress":"21 Rue Mailly","postalCode":"66410","addressCountry":"France"},"telephone":"","sameAs":""},"offers":{"@type":"Offer","price":"8","priceCurrency":"EUR","url":"https:\/\/www.locansol.fr\/es\/evenement\/la-redecouverte-dun-chef-doeuvre-monumental-les-volets-du-grand-orgue-de-la-cathedrale-de-perpignan-30\/","category":"primary","availability":"inStock","validFrom":"1970-01-01T00:00:00+00:00"},"performer":"Organization"},"is_virtual":false,"virtual_url":null,"virtual_video_source":""}