{"id":6724,"global_id":"www.locansol.fr\/es?id=6724","global_id_lineage":["www.locansol.fr\/es?id=6724"],"author":"5","status":"publish","date":"2026-04-29 18:13:46","date_utc":"2026-04-29 16:13:46","modified":"2026-04-29 18:13:48","modified_utc":"2026-04-29 16:13:48","url":"https:\/\/www.locansol.fr\/es\/evenement\/la-redecouverte-dun-chef-doeuvre-monumental-les-volets-du-grand-orgue-de-la-cathedrale-de-perpignan-51\/","rest_url":"https:\/\/www.locansol.fr\/es\/wp-json\/tribe\/events\/v1\/events\/6724","title":"\u00ab LA RED\u00c9COUVERTE D\u2019UN CHEF D\u2019\u0152UVRE MONUMENTAL \u00bb : LES VOLETS DU GRAND ORGUE DE LA CATH\u00c9DRALE DE PERPIGNAN","description":"<p>L&rsquo;exposition \u00ab La Red\u00e9couverte d\u2019un Chef-d\u2019\u0152uvre Monumental \u00bb \u00e0 Perpignan met en lumi\u00e8re les volets du grand orgue de la cath\u00e9drale Saint-Jean-Baptiste. Du 24 mars au 31 mai 2026, le Mus\u00e9e Hyacinthe Rigaud accueille cette pr\u00e9sentation exceptionnelle, fruit d&rsquo;un vaste chantier de restauration initi\u00e9 en 2022 par la Direction r\u00e9gionale des affaires culturelles d&rsquo;Occitanie.  Les volets, peints en 1504, sont des \u0153uvres monumentales mesurant 12,6 m\u00e8tres de haut sur 4,3 m\u00e8tres de large, soit plus de 83 m\u00b2 chacun. Initialement fix\u00e9s sur le buffet de l&rsquo;orgue, ils s&rsquo;ouvraient et se fermaient au rythme du calendrier liturgique, cr\u00e9ant un dialogue entre musique, architecture et image sacr\u00e9e. Peints \u00e0 la d\u00e9trempe sur toile, ils pr\u00e9sentent une riche polychromie sur leur face principale et une grisaille soign\u00e9e sur leur revers.  L&rsquo;exposition offre une opportunit\u00e9 rare de red\u00e9couvrir ces \u0153uvres, longtemps rest\u00e9es inaccessibles au public. Apr\u00e8s avoir \u00e9t\u00e9 d\u00e9mont\u00e9s et d\u00e9plac\u00e9s au XIXe si\u00e8cle, les volets avaient perdu de leur visibilit\u00e9 et de leur importance. La restauration leur a redonn\u00e9 leur \u00e9clat, permettant d&rsquo;appr\u00e9cier leur qualit\u00e9 artistique et leur valeur spirituelle.  L&rsquo;exposition est une invitation \u00e0 plonger dans l&rsquo;histoire et la beaut\u00e9 de ces chefs-d\u2019\u0153uvre. Les visiteurs pourront admirer les d\u00e9tails des peintures et comprendre leur importance dans le patrimoine culturel et religieux de Perpignan. L&rsquo;ambiance de l&rsquo;exposition, \u00e0 la fois solennelle et \u00e9ducative, promet une exp\u00e9rience culturelle enrichissante.  Ne manquez pas cette occasion unique de d\u00e9couvrir un tr\u00e9sor artistique et historique exceptionnel. Les volets du grand orgue de la cath\u00e9drale Saint-Jean-Baptiste de Perpignan sont un t\u00e9moignage pr\u00e9cieux de l&rsquo;art et de la spiritualit\u00e9 du d\u00e9but du XVIe si\u00e8cle.  Pour plus d&rsquo;informations, consultez le site du Mus\u00e9e Hyacinthe Rigaud ou contactez l&rsquo;office de tourisme de Perpignan.<\/p>\n<p><\/p>\n<h3>R\u00e9servez votre h\u00e9bergement dans les Pyr\u00e9n\u00e9es-Orientales :<\/h3>\n<p><b><a href='https:\/\/www.locansol.fr\/location-mobilhome-mediterranee\/'>Mobil-home Locansol \u00e0 Argel\u00e8s-sur-Mer<\/a><\/b><br \/>Trajet le plus court : 26 km<br \/>Trajet le plus rapide : 31 min<\/p>\n<p><b><a href='https:\/\/www.locansol.fr\/location-chalet-cerdagne\/'>Chalet Locansol \u00e0 Estavar<\/a><\/b><br \/>Trajet le plus court : 104 km<br \/>Trajet le plus rapide : 1 h 40 min<\/p>","excerpt":"","slug":"la-redecouverte-dun-chef-doeuvre-monumental-les-volets-du-grand-orgue-de-la-cathedrale-de-perpignan-51","image":{"url":"https:\/\/www.locansol.fr\/wp-content\/uploads\/2026\/04\/exposition-volets-orgue-perpignan-14.webp","id":6721,"extension":"webp","width":1024,"height":605,"filesize":45248,"sizes":{"medium":{"width":300,"height":177,"mime-type":"image\/webp","filesize":10958,"url":"https:\/\/www.locansol.fr\/wp-content\/uploads\/2026\/04\/exposition-volets-orgue-perpignan-14-300x177.webp"},"thumbnail":{"width":150,"height":150,"mime-type":"image\/webp","filesize":4736,"url":"https:\/\/www.locansol.fr\/wp-content\/uploads\/2026\/04\/exposition-volets-orgue-perpignan-14-150x150.webp"},"medium_large":{"width":768,"height":454,"mime-type":"image\/webp","filesize":37162,"url":"https:\/\/www.locansol.fr\/wp-content\/uploads\/2026\/04\/exposition-volets-orgue-perpignan-14-768x454.webp"},"trp-custom-language-flag":{"width":18,"height":12,"mime-type":"image\/webp","filesize":178,"url":"https:\/\/www.locansol.fr\/wp-content\/uploads\/2026\/04\/exposition-volets-orgue-perpignan-14-18x12.webp"}}},"all_day":true,"start_date":"2026-03-24 00:00:00","start_date_details":{"year":"2026","month":"03","day":"24","hour":"00","minutes":"00","seconds":"00"},"end_date":"2026-05-31 23:59:59","end_date_details":{"year":"2026","month":"05","day":"31","hour":"23","minutes":"59","seconds":"59"},"utc_start_date":"2026-03-23 23:00:00","utc_start_date_details":{"year":"2026","month":"03","day":"23","hour":"23","minutes":"00","seconds":"00"},"utc_end_date":"2026-05-31 21:59:59","utc_end_date_details":{"year":"2026","month":"05","day":"31","hour":"21","minutes":"59","seconds":"59"},"timezone":"Europe\/Paris","timezone_abbr":"CET","cost":"8\u20ac","cost_details":{"currency_symbol":"","currency_code":"","currency_position":"","values":["8"]},"website":"https:\/\/www.locansol.fr\/es\/evenement\/la-redecouverte-dun-chef-doeuvre-monumental-les-volets-du-grand-orgue-de-la-cathedrale-de-perpignan-51\/","show_map":true,"show_map_link":false,"hide_from_listings":false,"sticky":false,"featured":false,"categories":[{"name":"\u00c9v\u00e8nement Culturel","slug":"evenement-culturel","term_group":0,"term_taxonomy_id":138,"taxonomy":"tribe_events_cat","description":"","parent":0,"count":501,"filter":"raw","id":138,"urls":{"self":"https:\/\/www.locansol.fr\/es\/wp-json\/tribe\/events\/v1\/categories\/138","collection":"https:\/\/www.locansol.fr\/es\/wp-json\/tribe\/events\/v1\/categories"}},{"name":"Exposition","slug":"exposition","term_group":0,"term_taxonomy_id":90,"taxonomy":"tribe_events_cat","description":"","parent":0,"count":175,"filter":"raw","id":90,"urls":{"self":"https:\/\/www.locansol.fr\/es\/wp-json\/tribe\/events\/v1\/categories\/90","collection":"https:\/\/www.locansol.fr\/es\/wp-json\/tribe\/events\/v1\/categories"}},{"name":"Peinture","slug":"peinture","term_group":0,"term_taxonomy_id":160,"taxonomy":"tribe_events_cat","description":"","parent":0,"count":113,"filter":"raw","id":160,"urls":{"self":"https:\/\/www.locansol.fr\/es\/wp-json\/tribe\/events\/v1\/categories\/160","collection":"https:\/\/www.locansol.fr\/es\/wp-json\/tribe\/events\/v1\/categories"}},{"name":"Pyr\u00e9n\u00e9es-Orientales","slug":"pyrenees-orientales","term_group":0,"term_taxonomy_id":169,"taxonomy":"tribe_events_cat","description":"","parent":0,"count":609,"filter":"raw","id":169,"urls":{"self":"https:\/\/www.locansol.fr\/es\/wp-json\/tribe\/events\/v1\/categories\/169","collection":"https:\/\/www.locansol.fr\/es\/wp-json\/tribe\/events\/v1\/categories"}}],"tags":[{"name":"\u00c9v\u00e8nement culturel","slug":"evenement-culturel","term_group":0,"term_taxonomy_id":66,"taxonomy":"post_tag","description":"","parent":0,"count":1058,"filter":"raw","id":66,"urls":{"self":"https:\/\/www.locansol.fr\/es\/wp-json\/tribe\/events\/v1\/tags\/66","collection":"https:\/\/www.locansol.fr\/es\/wp-json\/tribe\/events\/v1\/tags"}},{"name":"Pyr\u00e9n\u00e9es-Orientales","slug":"pyrenees-orientales","term_group":0,"term_taxonomy_id":76,"taxonomy":"post_tag","description":"","parent":0,"count":1435,"filter":"raw","id":76,"urls":{"self":"https:\/\/www.locansol.fr\/es\/wp-json\/tribe\/events\/v1\/tags\/76","collection":"https:\/\/www.locansol.fr\/es\/wp-json\/tribe\/events\/v1\/tags"}}],"venue":{"id":3026,"author":"5","status":"publish","date":"2026-02-14 13:49:45","date_utc":"2026-02-14 12:49:45","modified":"2026-02-14 13:49:45","modified_utc":"2026-02-14 12:49:45","url":"https:\/\/www.locansol.fr\/es\/local\/21-rue-mailly-perpignan\/","venue":"21 Rue Mailly, Perpignan","slug":"21-rue-mailly-perpignan","address":"21 Rue Mailly","country":"France","zip":"66410","json_ld":{"@type":"Place","name":"21 Rue Mailly, Perpignan","description":"","url":"https:\/\/www.locansol.fr\/es\/local\/21-rue-mailly-perpignan\/","address":{"@type":"PostalAddress","streetAddress":"21 Rue Mailly","postalCode":"66410","addressCountry":"France"},"telephone":"","sameAs":""},"show_map":true,"show_map_link":true,"global_id":"www.locansol.fr\/es?id=3026","global_id_lineage":["www.locansol.fr\/es?id=3026"]},"organizer":[],"custom_fields":[],"json_ld":{"@context":"http:\/\/schema.org","@type":"Event","name":"\u00ab LA RED\u00c9COUVERTE D\u2019UN CHEF D\u2019\u0152UVRE MONUMENTAL \u00bb : LES VOLETS DU GRAND ORGUE DE LA CATH\u00c9DRALE DE PERPIGNAN","description":"&lt;p&gt;L\\'exposition \u00ab La Red\u00e9couverte d\u2019un Chef-d\u2019\u0152uvre Monumental \u00bb \u00e0 Perpignan met en lumi\u00e8re les volets du grand orgue de la cath\u00e9drale Saint-Jean-Baptiste. Du 24 mars au 31 mai 2026, le [&hellip;]&lt;\/p&gt;\\n","image":"https:\/\/www.locansol.fr\/wp-content\/uploads\/2026\/04\/exposition-volets-orgue-perpignan-14.webp","url":"https:\/\/www.locansol.fr\/es\/evenement\/la-redecouverte-dun-chef-doeuvre-monumental-les-volets-du-grand-orgue-de-la-cathedrale-de-perpignan-51\/","eventAttendanceMode":"https:\/\/schema.org\/OfflineEventAttendanceMode","eventStatus":"https:\/\/schema.org\/EventScheduled","startDate":"2026-03-24T00:00:00+01:00","endDate":"2026-05-31T23:59:59+02:00","location":{"@type":"Place","name":"21 Rue Mailly, Perpignan","description":"","url":"https:\/\/www.locansol.fr\/es\/local\/21-rue-mailly-perpignan\/","address":{"@type":"PostalAddress","streetAddress":"21 Rue Mailly","postalCode":"66410","addressCountry":"France"},"telephone":"","sameAs":""},"offers":{"@type":"Offer","price":"8","priceCurrency":"EUR","url":"https:\/\/www.locansol.fr\/es\/evenement\/la-redecouverte-dun-chef-doeuvre-monumental-les-volets-du-grand-orgue-de-la-cathedrale-de-perpignan-51\/","category":"primary","availability":"inStock","validFrom":"1970-01-01T00:00:00+00:00"},"performer":"Organization"},"is_virtual":false,"virtual_url":null,"virtual_video_source":""}