{"id":3135,"date":"2026-02-14T16:16:02","date_gmt":"2026-02-14T15:16:02","guid":{"rendered":"https:\/\/www.locansol.fr\/exposition-art-contemporain-sculpture\/"},"modified":"2026-02-14T16:16:05","modified_gmt":"2026-02-14T15:16:05","slug":"exposition-art-contemporain-sculpture","status":"publish","type":"post","link":"https:\/\/www.locansol.fr\/es\/exposition-art-contemporain-sculpture\/","title":{"rendered":"Exposition \u00e0 Canet-en-Roussillon (janvier-mars 2025) : Les Toutemps et L\u00e9a Ducos s\u2019exposent"},"content":{"rendered":"<p>Du 22 janvier au 8 mars 2025, la charmante ville de Canet-en-Roussillon devient un carrefour artistique avec l\u2019exposition collective \u00ab Les Toutemps et L\u00e9a Ducos \u00bb. Dans le cadre unique de la Galerie des Hospices, situ\u00e9e au 12 avenue de Perpignan, cette rencontre offre une plong\u00e9e dans deux univers distincts mais compl\u00e9mentaires.<\/p>\n<p>La premi\u00e8re partie de l\u2019exposition met \u00e0 l\u2019honneur l\u2019Atelier Les Toutemps, compos\u00e9 de Beno\u00eet Szczurek et Bernadette Chaix. Tous deux explorent des m\u00e9diums vari\u00e9s tels que la sculpture sur pierre, le textile, la c\u00e9ramique, et m\u00eame la toile num\u00e9rique. Ces artistes, habitu\u00e9s des sc\u00e8nes artistiques renomm\u00e9es d\u2019Arcas \u00e0 Perpignan ou Fragment \u00e0 Toulouse, pr\u00e9sentent ici leurs installations graphiques uniques qui marient cr\u00e9ativit\u00e9 et engagement. Leurs \u0153uvres questionnent les liens entre formes, mati\u00e8res et espace, dans une approche r\u00e9solument contemporaine et esth\u00e9tique.<\/p>\n<p>En parall\u00e8le, vous d\u00e9couvrirez l\u2019univers de L\u00e9a Ducos, une artiste n\u00e9e \u00e0 Perpignan et form\u00e9e dans des institutions prestigieuses comme l\u2019\u00c9cole Sup\u00e9rieure d\u2019Art et Design de Saint-\u00c9tienne ou encore la Facultad de Belas Artes \u00e0 Porto. Ses cr\u00e9ations, issues de mat\u00e9riaux r\u00e9cup\u00e9r\u00e9s tels que bois ou objets d\u2019encombrants, t\u00e9moignent d\u2019une po\u00e9sie \u00e9tonnante qui allie sensibilit\u00e9 et r\u00e9flexion. Ses \u0153uvres ont \u00e9t\u00e9 d\u00e9j\u00e0 \u00e9t\u00e9 salu\u00e9es en France et \u00e0 l\u2019international, notamment \u00e0 Stuttgart au cours d\u2019une r\u00e9sidence en partenariat avec l\u2019Institut fran\u00e7ais. Ici, \u00e0 Canet-en-Roussillon, ses compositions mat\u00e9rielles dialoguent harmonieusement avec celles de l\u2019Atelier Les Toutemps, promettant une exp\u00e9rience immersive unique.<\/p>\n<p>L\u2019exposition est ouverte tous les jours de 15h \u00e0 18h. Avec une entr\u00e9e gratuite, aucune excuse ne tient pour manquer cet incontournable rendez-vous culturel ! Entre promenade artistique et d\u00e9couverte des talents locaux et r\u00e9gionaux, la Galerie des Hospices offre un cadre accueillant et chaleureux pour les amateurs d\u2019art comme pour les simples curieux. Cette alliance entre sculptures narratives et assemblages po\u00e9tiques est une invitation \u00e0 la contemplation et au voyage int\u00e9rieur.<\/p>\n<p>N\u2019attendez plus et laissez-vous emporter par la richesse artistique que propose cette exposition accessible \u00e0 tous. Rendez-vous \u00e0 Canet-en-Roussillon pour une pause culturelle hors du commun.<\/p>\n<h3>Informaci\u00f3n pr\u00e1ctica<\/h3>\n<p>\ud83d\udcc5 QUAND ? Du 22 janvier au 8 mars 2025<br \/>\ud83d\udccd O\u00d9 ? Galerie des Hospices, Avenue de Perpignan, Canet-en-Roussillon<br \/>\ud83d\udcb6 COMBIEN ? Entr\u00e9e gratuite<\/p>","protected":false},"excerpt":{"rendered":"<p>Plongez dans l&rsquo;art avec l&rsquo;exposition \u00ab Les Toutemps et L\u00e9a Ducos \u00bb \u00e0 Canet-en-Roussillon. Du 22 janvier au 8 mars, d\u00e9couvrez des \u0153uvres captivantes entre sculptures graphiques et assemblages po\u00e9tiques.<\/p>","protected":false},"author":5,"featured_media":3134,"comment_status":"closed","ping_status":"open","sticky":false,"template":"","format":"standard","meta":{"_yoast_wpseo_focuskw":"exposition art contemporain sculpture Pyr\u00e9n\u00e9es-Orientales","_yoast_wpseo_title":"Exposition Les Toutemps et L\u00e9a Ducos \u00e0 Canet-en-Roussillon","_yoast_wpseo_metadesc":"Exposition Les Toutemps et L\u00e9a Ducos \u00e0 Canet-en-Roussillon dans les Pyr\u00e9n\u00e9es-Orientales : du 22 janvier au 8 mars 2025 dans la Galerie des Hospices. Sculpture, textile, c\u00e9ramique et objets r\u00e9cup\u00e9r\u00e9s. Entr\u00e9e gratuite.","_yoast_wpseo_canonical":"","_yoast_wpseo_opengraph-title":"\u00c9vasion artistique : Les Toutemps et L\u00e9a Ducos \u2014 Sculptures et assemblages po\u00e9tiques","_yoast_wpseo_opengraph-description":"Plongez dans un univers artistique unique avec les cr\u00e9ations de Les Toutemps et L\u00e9a Ducos. D\u00e9couvrez sculptures narratives et installations po\u00e9tiques dans un cadre accueillant. Une exp\u00e9rience culturelle gratuite \u00e0 ne pas manquer.","_yoast_wpseo_opengraph-image":"https:\/\/www.locansol.fr\/wp-content\/uploads\/2026\/02\/exposition-art-contemporain-sculpture.webp","_yoast_wpseo_opengraph-image-id":"3134","_yoast_wpseo_twitter-title":"Art & po\u00e9sie : Exposition Les Toutemps + L\u00e9a Ducos \u00e0 Canet","_yoast_wpseo_twitter-description":"Du 22 janvier au 8 mars \u00e0 Canet-en-Roussillon : rencontrez le talent des artistes Les Toutemps et L\u00e9a Ducos. Sculpture, textile, c\u00e9ramique, objets recycl\u00e9s. Entr\u00e9e gratuite !","_yoast_wpseo_twitter-image":"https:\/\/www.locansol.fr\/wp-content\/uploads\/2026\/02\/exposition-art-contemporain-sculpture.webp","_yoast_wpseo_twitter-image-id":"3134","yoast_primary_category":"Exposition","footnotes":""},"categories":[29,35],"tags":[66,76],"class_list":["post-3135","post","type-post","status-publish","format-standard","has-post-thumbnail","hentry","category-agenda-pyrenees-orientales","category-carnaval","tag-evenement-culturel","tag-pyrenees-orientales"],"yoast_head":"<!-- This site is optimized with the Yoast SEO Premium plugin v23.3 (Yoast SEO v26.9) - https:\/\/yoast.com\/product\/yoast-seo-premium-wordpress\/ -->\n<title>Exposition Les Toutemps et L\u00e9a Ducos \u00e0 Canet-en-Roussillon<\/title>\n<meta name=\"description\" content=\"Exposition Les Toutemps et L\u00e9a Ducos \u00e0 Canet-en-Roussillon dans les Pyr\u00e9n\u00e9es-Orientales : du 22 janvier au 8 mars 2025 dans la Galerie des Hospices. Sculpture, textile, c\u00e9ramique et objets r\u00e9cup\u00e9r\u00e9s. Entr\u00e9e gratuite.\" \/>\n<meta name=\"robots\" content=\"index, follow, max-snippet:-1, max-image-preview:large, max-video-preview:-1\" \/>\n<link rel=\"canonical\" href=\"https:\/\/www.locansol.fr\/es\/exposition-art-contemporain-sculpture\/\" \/>\n<meta property=\"og:locale\" content=\"es_ES\" \/>\n<meta property=\"og:type\" content=\"article\" \/>\n<meta property=\"og:title\" content=\"\u00c9vasion artistique : Les Toutemps et L\u00e9a Ducos \u2014 Sculptures et assemblages po\u00e9tiques\" \/>\n<meta property=\"og:description\" content=\"Plongez dans un univers artistique unique avec les cr\u00e9ations de Les Toutemps et L\u00e9a Ducos. D\u00e9couvrez sculptures narratives et installations po\u00e9tiques dans un cadre accueillant. Une exp\u00e9rience culturelle gratuite \u00e0 ne pas manquer.\" \/>\n<meta property=\"og:url\" content=\"https:\/\/www.locansol.fr\/es\/exposition-art-contemporain-sculpture\/\" \/>\n<meta property=\"og:site_name\" content=\"Locansol, louer un h\u00e9bergement dans les Pyr\u00e9n\u00e9es Orientales\" \/>\n<meta property=\"article:published_time\" content=\"2026-02-14T15:16:02+00:00\" \/>\n<meta property=\"article:modified_time\" content=\"2026-02-14T15:16:05+00:00\" \/>\n<meta property=\"og:image\" content=\"https:\/\/www.locansol.fr\/wp-content\/uploads\/2026\/02\/exposition-art-contemporain-sculpture.webp\" \/>\n\t<meta property=\"og:image:width\" content=\"1250\" \/>\n\t<meta property=\"og:image:height\" content=\"760\" \/>\n\t<meta property=\"og:image:type\" content=\"image\/webp\" \/>\n<meta name=\"author\" content=\"H\u00e9bergements Locansol\" \/>\n<meta name=\"twitter:card\" content=\"summary_large_image\" \/>\n<meta name=\"twitter:title\" content=\"Art &amp; po\u00e9sie : Exposition Les Toutemps + L\u00e9a Ducos \u00e0 Canet\" \/>\n<meta name=\"twitter:description\" content=\"Du 22 janvier au 8 mars \u00e0 Canet-en-Roussillon : rencontrez le talent des artistes Les Toutemps et L\u00e9a Ducos. Sculpture, textile, c\u00e9ramique, objets recycl\u00e9s. Entr\u00e9e gratuite !\" \/>\n<meta name=\"twitter:image\" content=\"https:\/\/www.locansol.fr\/wp-content\/uploads\/2026\/02\/exposition-art-contemporain-sculpture.webp\" \/>\n<meta name=\"twitter:label1\" content=\"Escrito por\" \/>\n\t<meta name=\"twitter:data1\" content=\"H\u00e9bergements Locansol\" \/>\n\t<meta name=\"twitter:label2\" content=\"Tiempo de lectura\" \/>\n\t<meta name=\"twitter:data2\" content=\"2 minutos\" \/>\n<script type=\"application\/ld+json\" class=\"yoast-schema-graph\">{\"@context\":\"https:\/\/schema.org\",\"@graph\":[{\"@type\":\"Article\",\"@id\":\"https:\/\/www.locansol.fr\/exposition-art-contemporain-sculpture\/#article\",\"isPartOf\":{\"@id\":\"https:\/\/www.locansol.fr\/exposition-art-contemporain-sculpture\/\"},\"author\":{\"name\":\"H\u00e9bergements Locansol\",\"@id\":\"https:\/\/www.locansol.fr\/#\/schema\/person\/0b08d440f1ac44674c6d498107de351d\"},\"headline\":\"Exposition \u00e0 Canet-en-Roussillon (janvier-mars 2025) : Les Toutemps et L\u00e9a Ducos s\u2019exposent\",\"datePublished\":\"2026-02-14T15:16:02+00:00\",\"dateModified\":\"2026-02-14T15:16:05+00:00\",\"mainEntityOfPage\":{\"@id\":\"https:\/\/www.locansol.fr\/exposition-art-contemporain-sculpture\/\"},\"wordCount\":404,\"publisher\":{\"@id\":\"https:\/\/www.locansol.fr\/#organization\"},\"image\":{\"@id\":\"https:\/\/www.locansol.fr\/exposition-art-contemporain-sculpture\/#primaryimage\"},\"thumbnailUrl\":\"https:\/\/www.locansol.fr\/wp-content\/uploads\/2026\/02\/exposition-art-contemporain-sculpture.webp\",\"keywords\":[\"\u00c9v\u00e8nement culturel\",\"Pyr\u00e9n\u00e9es-Orientales\"],\"articleSection\":[\"Agenda\",\"Carnaval\"],\"inLanguage\":\"es\"},{\"@type\":\"WebPage\",\"@id\":\"https:\/\/www.locansol.fr\/exposition-art-contemporain-sculpture\/\",\"url\":\"https:\/\/www.locansol.fr\/exposition-art-contemporain-sculpture\/\",\"name\":\"Exposition Les Toutemps et L\u00e9a Ducos \u00e0 Canet-en-Roussillon\",\"isPartOf\":{\"@id\":\"https:\/\/www.locansol.fr\/#website\"},\"primaryImageOfPage\":{\"@id\":\"https:\/\/www.locansol.fr\/exposition-art-contemporain-sculpture\/#primaryimage\"},\"image\":{\"@id\":\"https:\/\/www.locansol.fr\/exposition-art-contemporain-sculpture\/#primaryimage\"},\"thumbnailUrl\":\"https:\/\/www.locansol.fr\/wp-content\/uploads\/2026\/02\/exposition-art-contemporain-sculpture.webp\",\"datePublished\":\"2026-02-14T15:16:02+00:00\",\"dateModified\":\"2026-02-14T15:16:05+00:00\",\"description\":\"Exposition Les Toutemps et L\u00e9a Ducos \u00e0 Canet-en-Roussillon dans les Pyr\u00e9n\u00e9es-Orientales : du 22 janvier au 8 mars 2025 dans la Galerie des Hospices. Sculpture, textile, c\u00e9ramique et objets r\u00e9cup\u00e9r\u00e9s. Entr\u00e9e gratuite.\",\"breadcrumb\":{\"@id\":\"https:\/\/www.locansol.fr\/exposition-art-contemporain-sculpture\/#breadcrumb\"},\"inLanguage\":\"es\",\"potentialAction\":[{\"@type\":\"ReadAction\",\"target\":[\"https:\/\/www.locansol.fr\/exposition-art-contemporain-sculpture\/\"]}]},{\"@type\":\"ImageObject\",\"inLanguage\":\"es\",\"@id\":\"https:\/\/www.locansol.fr\/exposition-art-contemporain-sculpture\/#primaryimage\",\"url\":\"https:\/\/www.locansol.fr\/wp-content\/uploads\/2026\/02\/exposition-art-contemporain-sculpture.webp\",\"contentUrl\":\"https:\/\/www.locansol.fr\/wp-content\/uploads\/2026\/02\/exposition-art-contemporain-sculpture.webp\",\"width\":1250,\"height\":760,\"caption\":\"Du 22 janvier au 8 mars 2025, la Galerie des Hospices \u00e0 Canet-en-Roussillon accueille une exposition collective intitul\u00e9e \u00ab Les Toutemps et L\u00e9a Ducos \u00bb. Cette manifestation r\u00e9unie deux artistes aux pratiques distinctes mais compl\u00e9mentaires. Beno\u00eet Szczurek et Bernadette Chaix, connus sous le nom d\u2019Atelier Les Toutemps, se sont initi\u00e9s respectivement \u00e0 la sculpture sur pierre et \u00e0 la cr\u00e9ation textile, avec une forte attache au dessin. Au fil des ann\u00e9es, leur travail s\u2019est \u00e9largi \u00e0 des m\u00e9diums vari\u00e9s : pierre, textile, c\u00e9ramique, et toile num\u00e9rique. Leurs \u0153uvres, souvent pr\u00e9sent\u00e9es sous forme d\u2019installations graphiques, ont \u00e9t\u00e9 expos\u00e9es dans des lieux comme Arcas \u00e0 Perpignan, Fragment \u00e0 Toulouse, ou encore La Nef \u00e0 Montpellier. Parall\u00e8lement, L\u00e9a Ducos, n\u00e9e \u00e0 Perpignan en 1989, est dipl\u00f4m\u00e9e en art mention Espaces de l\u2019\u00c9cole Sup\u00e9rieure d\u2019Art et Design de Saint-\u00c9tienne et de la Facultad de Belas Artes de l\u2019Universidade do Porto, au Portugal. En 2020, elle a obtenu une bourse de recherche et une r\u00e9sidence internationale \u00e0 Stuttgart, en Allemagne, en partenariat avec l\u2019Institut fran\u00e7ais et la Kunststiftung Baden-W\u00fcrttemberg. Son travail s\u2019inscrit dans une d\u00e9marche po\u00e9tique d\u2019assemblage, utilisant des chutes de bois de menuiseries et d\u2019encombrants pour cr\u00e9er des \u0153uvres \u00e0 la fois sensibles et r\u00e9fl\u00e9chies. Ses cr\u00e9ations ont \u00e9t\u00e9 pr\u00e9sent\u00e9es \u00e0 Paris (Bastille Design Center, galerie du Crous, 91, Artist Run Space), \u00e0 Saint-\u00c9tienne, Avignon, et \u00e0 l\u2019\u00e9tranger, notamment \u00e0 Stuttgart. L\u2019exposition \u00e0 Canet-en-Roussillon offre une rencontre entre deux univers : celui des installations narratives d\u2019Atelier Les Toutemps et celui des assemblages mat\u00e9riels de L\u00e9a Ducos. L\u2019entr\u00e9e est libre. L\u2019exposition est ouverte tous les jours, de 15h \u00e0 18h. Le lieu, situ\u00e9 au 12 Avenue de Perpignan, propose un cadre chaleureux propice \u00e0 une immersion dans des univers artistiques riches et sensibles.\"},{\"@type\":\"BreadcrumbList\",\"@id\":\"https:\/\/www.locansol.fr\/exposition-art-contemporain-sculpture\/#breadcrumb\",\"itemListElement\":[{\"@type\":\"ListItem\",\"position\":1,\"name\":\"Accueil\",\"item\":\"https:\/\/www.locansol.fr\/\"},{\"@type\":\"ListItem\",\"position\":2,\"name\":\"Exposition \u00e0 Canet-en-Roussillon (janvier-mars 2025) : Les Toutemps et L\u00e9a Ducos s\u2019exposent\"}]},{\"@type\":\"WebSite\",\"@id\":\"https:\/\/www.locansol.fr\/#website\",\"url\":\"https:\/\/www.locansol.fr\/\",\"name\":\"Locansol, louer un h\u00e9bergement dans les Pyr\u00e9n\u00e9es-Orientales\",\"description\":\"Location Mobil-home Mer M\u00e9diterran\u00e9e &amp; Chalet de Montagne dans les Pyr\u00e9n\u00e9es Orientales (Occitanie, 66). Weekend, s\u00e9jour &amp; vacances en famille et entre amis.\",\"publisher\":{\"@id\":\"https:\/\/www.locansol.fr\/#organization\"},\"alternateName\":\"Louer un h\u00e9bergement dans les Pyr\u00e9n\u00e9es Orientales, chalet & mobil-home en Occitanie\",\"potentialAction\":[{\"@type\":\"SearchAction\",\"target\":{\"@type\":\"EntryPoint\",\"urlTemplate\":\"https:\/\/www.locansol.fr\/?s={search_term_string}\"},\"query-input\":{\"@type\":\"PropertyValueSpecification\",\"valueRequired\":true,\"valueName\":\"search_term_string\"}}],\"inLanguage\":\"es\"},{\"@type\":\"Organization\",\"@id\":\"https:\/\/www.locansol.fr\/#organization\",\"name\":\"Location MobilHome & chalet dans les Pyr\u00e9n\u00e9es Orientales\",\"alternateName\":\"Louer un h\u00e9bergement dans les Pyr\u00e9n\u00e9es Orientales en Occitanie\",\"url\":\"https:\/\/www.locansol.fr\/\",\"logo\":{\"@type\":\"ImageObject\",\"inLanguage\":\"es\",\"@id\":\"https:\/\/www.locansol.fr\/#\/schema\/logo\/image\/\",\"url\":\"https:\/\/www.locansol.fr\/wp-content\/uploads\/2024\/04\/AdobeStock_303324767-scaled.jpeg\",\"contentUrl\":\"https:\/\/www.locansol.fr\/wp-content\/uploads\/2024\/04\/AdobeStock_303324767-scaled.jpeg\",\"width\":2560,\"height\":1707,\"caption\":\"Location MobilHome & chalet dans les Pyr\u00e9n\u00e9es Orientales\"},\"image\":{\"@id\":\"https:\/\/www.locansol.fr\/#\/schema\/logo\/image\/\"}},{\"@type\":\"Person\",\"@id\":\"https:\/\/www.locansol.fr\/#\/schema\/person\/0b08d440f1ac44674c6d498107de351d\",\"name\":\"H\u00e9bergements Locansol\",\"image\":{\"@type\":\"ImageObject\",\"inLanguage\":\"es\",\"@id\":\"https:\/\/www.locansol.fr\/#\/schema\/person\/image\/\",\"url\":\"https:\/\/secure.gravatar.com\/avatar\/444436b93284204f8116b6e0eb964cd3fcb811519c737232bde6dd5743c37ee5?s=96&d=mm&r=g\",\"contentUrl\":\"https:\/\/secure.gravatar.com\/avatar\/444436b93284204f8116b6e0eb964cd3fcb811519c737232bde6dd5743c37ee5?s=96&d=mm&r=g\",\"caption\":\"H\u00e9bergements Locansol\"},\"sameAs\":[\"https:\/\/www.locansol.fr\/\"],\"url\":\"https:\/\/www.locansol.fr\/es\/author\/locansol\/\"}]}<\/script>\n<!-- \/ Yoast SEO Premium plugin. -->","yoast_head_json":{"title":"Exposition Les Toutemps et L\u00e9a Ducos \u00e0 Canet-en-Roussillon","description":"Exposition Les Toutemps et L\u00e9a Ducos \u00e0 Canet-en-Roussillon dans les Pyr\u00e9n\u00e9es-Orientales : du 22 janvier au 8 mars 2025 dans la Galerie des Hospices. Sculpture, textile, c\u00e9ramique et objets r\u00e9cup\u00e9r\u00e9s. Entr\u00e9e gratuite.","robots":{"index":"index","follow":"follow","max-snippet":"max-snippet:-1","max-image-preview":"max-image-preview:large","max-video-preview":"max-video-preview:-1"},"canonical":"https:\/\/www.locansol.fr\/es\/exposition-art-contemporain-sculpture\/","og_locale":"es_ES","og_type":"article","og_title":"\u00c9vasion artistique : Les Toutemps et L\u00e9a Ducos \u2014 Sculptures et assemblages po\u00e9tiques","og_description":"Plongez dans un univers artistique unique avec les cr\u00e9ations de Les Toutemps et L\u00e9a Ducos. D\u00e9couvrez sculptures narratives et installations po\u00e9tiques dans un cadre accueillant. Une exp\u00e9rience culturelle gratuite \u00e0 ne pas manquer.","og_url":"https:\/\/www.locansol.fr\/es\/exposition-art-contemporain-sculpture\/","og_site_name":"Locansol, louer un h\u00e9bergement dans les Pyr\u00e9n\u00e9es Orientales","article_published_time":"2026-02-14T15:16:02+00:00","article_modified_time":"2026-02-14T15:16:05+00:00","og_image":[{"width":1250,"height":760,"url":"https:\/\/www.locansol.fr\/wp-content\/uploads\/2026\/02\/exposition-art-contemporain-sculpture.webp","type":"image\/webp"}],"author":"H\u00e9bergements Locansol","twitter_card":"summary_large_image","twitter_title":"Art & po\u00e9sie : Exposition Les Toutemps + L\u00e9a Ducos \u00e0 Canet","twitter_description":"Du 22 janvier au 8 mars \u00e0 Canet-en-Roussillon : rencontrez le talent des artistes Les Toutemps et L\u00e9a Ducos. Sculpture, textile, c\u00e9ramique, objets recycl\u00e9s. Entr\u00e9e gratuite !","twitter_image":"https:\/\/www.locansol.fr\/wp-content\/uploads\/2026\/02\/exposition-art-contemporain-sculpture.webp","twitter_misc":{"Escrito por":"H\u00e9bergements Locansol","Tiempo de lectura":"2 minutos"},"schema":{"@context":"https:\/\/schema.org","@graph":[{"@type":"Article","@id":"https:\/\/www.locansol.fr\/exposition-art-contemporain-sculpture\/#article","isPartOf":{"@id":"https:\/\/www.locansol.fr\/exposition-art-contemporain-sculpture\/"},"author":{"name":"H\u00e9bergements Locansol","@id":"https:\/\/www.locansol.fr\/#\/schema\/person\/0b08d440f1ac44674c6d498107de351d"},"headline":"Exposition \u00e0 Canet-en-Roussillon (janvier-mars 2025) : Les Toutemps et L\u00e9a Ducos s\u2019exposent","datePublished":"2026-02-14T15:16:02+00:00","dateModified":"2026-02-14T15:16:05+00:00","mainEntityOfPage":{"@id":"https:\/\/www.locansol.fr\/exposition-art-contemporain-sculpture\/"},"wordCount":404,"publisher":{"@id":"https:\/\/www.locansol.fr\/#organization"},"image":{"@id":"https:\/\/www.locansol.fr\/exposition-art-contemporain-sculpture\/#primaryimage"},"thumbnailUrl":"https:\/\/www.locansol.fr\/wp-content\/uploads\/2026\/02\/exposition-art-contemporain-sculpture.webp","keywords":["\u00c9v\u00e8nement culturel","Pyr\u00e9n\u00e9es-Orientales"],"articleSection":["Agenda","Carnaval"],"inLanguage":"es"},{"@type":"WebPage","@id":"https:\/\/www.locansol.fr\/exposition-art-contemporain-sculpture\/","url":"https:\/\/www.locansol.fr\/exposition-art-contemporain-sculpture\/","name":"Exposition Les Toutemps et L\u00e9a Ducos \u00e0 Canet-en-Roussillon","isPartOf":{"@id":"https:\/\/www.locansol.fr\/#website"},"primaryImageOfPage":{"@id":"https:\/\/www.locansol.fr\/exposition-art-contemporain-sculpture\/#primaryimage"},"image":{"@id":"https:\/\/www.locansol.fr\/exposition-art-contemporain-sculpture\/#primaryimage"},"thumbnailUrl":"https:\/\/www.locansol.fr\/wp-content\/uploads\/2026\/02\/exposition-art-contemporain-sculpture.webp","datePublished":"2026-02-14T15:16:02+00:00","dateModified":"2026-02-14T15:16:05+00:00","description":"Exposition Les Toutemps et L\u00e9a Ducos \u00e0 Canet-en-Roussillon dans les Pyr\u00e9n\u00e9es-Orientales : du 22 janvier au 8 mars 2025 dans la Galerie des Hospices. Sculpture, textile, c\u00e9ramique et objets r\u00e9cup\u00e9r\u00e9s. Entr\u00e9e gratuite.","breadcrumb":{"@id":"https:\/\/www.locansol.fr\/exposition-art-contemporain-sculpture\/#breadcrumb"},"inLanguage":"es","potentialAction":[{"@type":"ReadAction","target":["https:\/\/www.locansol.fr\/exposition-art-contemporain-sculpture\/"]}]},{"@type":"ImageObject","inLanguage":"es","@id":"https:\/\/www.locansol.fr\/exposition-art-contemporain-sculpture\/#primaryimage","url":"https:\/\/www.locansol.fr\/wp-content\/uploads\/2026\/02\/exposition-art-contemporain-sculpture.webp","contentUrl":"https:\/\/www.locansol.fr\/wp-content\/uploads\/2026\/02\/exposition-art-contemporain-sculpture.webp","width":1250,"height":760,"caption":"Du 22 janvier au 8 mars 2025, la Galerie des Hospices \u00e0 Canet-en-Roussillon accueille une exposition collective intitul\u00e9e \u00ab Les Toutemps et L\u00e9a Ducos \u00bb. Cette manifestation r\u00e9unie deux artistes aux pratiques distinctes mais compl\u00e9mentaires. Beno\u00eet Szczurek et Bernadette Chaix, connus sous le nom d\u2019Atelier Les Toutemps, se sont initi\u00e9s respectivement \u00e0 la sculpture sur pierre et \u00e0 la cr\u00e9ation textile, avec une forte attache au dessin. Au fil des ann\u00e9es, leur travail s\u2019est \u00e9largi \u00e0 des m\u00e9diums vari\u00e9s : pierre, textile, c\u00e9ramique, et toile num\u00e9rique. Leurs \u0153uvres, souvent pr\u00e9sent\u00e9es sous forme d\u2019installations graphiques, ont \u00e9t\u00e9 expos\u00e9es dans des lieux comme Arcas \u00e0 Perpignan, Fragment \u00e0 Toulouse, ou encore La Nef \u00e0 Montpellier. Parall\u00e8lement, L\u00e9a Ducos, n\u00e9e \u00e0 Perpignan en 1989, est dipl\u00f4m\u00e9e en art mention Espaces de l\u2019\u00c9cole Sup\u00e9rieure d\u2019Art et Design de Saint-\u00c9tienne et de la Facultad de Belas Artes de l\u2019Universidade do Porto, au Portugal. En 2020, elle a obtenu une bourse de recherche et une r\u00e9sidence internationale \u00e0 Stuttgart, en Allemagne, en partenariat avec l\u2019Institut fran\u00e7ais et la Kunststiftung Baden-W\u00fcrttemberg. Son travail s\u2019inscrit dans une d\u00e9marche po\u00e9tique d\u2019assemblage, utilisant des chutes de bois de menuiseries et d\u2019encombrants pour cr\u00e9er des \u0153uvres \u00e0 la fois sensibles et r\u00e9fl\u00e9chies. Ses cr\u00e9ations ont \u00e9t\u00e9 pr\u00e9sent\u00e9es \u00e0 Paris (Bastille Design Center, galerie du Crous, 91, Artist Run Space), \u00e0 Saint-\u00c9tienne, Avignon, et \u00e0 l\u2019\u00e9tranger, notamment \u00e0 Stuttgart. L\u2019exposition \u00e0 Canet-en-Roussillon offre une rencontre entre deux univers : celui des installations narratives d\u2019Atelier Les Toutemps et celui des assemblages mat\u00e9riels de L\u00e9a Ducos. L\u2019entr\u00e9e est libre. L\u2019exposition est ouverte tous les jours, de 15h \u00e0 18h. Le lieu, situ\u00e9 au 12 Avenue de Perpignan, propose un cadre chaleureux propice \u00e0 une immersion dans des univers artistiques riches et sensibles."},{"@type":"BreadcrumbList","@id":"https:\/\/www.locansol.fr\/exposition-art-contemporain-sculpture\/#breadcrumb","itemListElement":[{"@type":"ListItem","position":1,"name":"Accueil","item":"https:\/\/www.locansol.fr\/"},{"@type":"ListItem","position":2,"name":"Exposition \u00e0 Canet-en-Roussillon (janvier-mars 2025) : Les Toutemps et L\u00e9a Ducos s\u2019exposent"}]},{"@type":"WebSite","@id":"https:\/\/www.locansol.fr\/#website","url":"https:\/\/www.locansol.fr\/","name":"Locansol, louer un h\u00e9bergement dans les Pyr\u00e9n\u00e9es-Orientales","description":"Location Mobil-home Mer M\u00e9diterran\u00e9e &amp; Chalet de Montagne dans les Pyr\u00e9n\u00e9es Orientales (Occitanie, 66). Weekend, s\u00e9jour &amp; vacances en famille et entre amis.","publisher":{"@id":"https:\/\/www.locansol.fr\/#organization"},"alternateName":"Louer un h\u00e9bergement dans les Pyr\u00e9n\u00e9es Orientales, chalet & mobil-home en Occitanie","potentialAction":[{"@type":"SearchAction","target":{"@type":"EntryPoint","urlTemplate":"https:\/\/www.locansol.fr\/?s={search_term_string}"},"query-input":{"@type":"PropertyValueSpecification","valueRequired":true,"valueName":"search_term_string"}}],"inLanguage":"es"},{"@type":"Organization","@id":"https:\/\/www.locansol.fr\/#organization","name":"Location MobilHome & chalet dans les Pyr\u00e9n\u00e9es Orientales","alternateName":"Louer un h\u00e9bergement dans les Pyr\u00e9n\u00e9es Orientales en Occitanie","url":"https:\/\/www.locansol.fr\/","logo":{"@type":"ImageObject","inLanguage":"es","@id":"https:\/\/www.locansol.fr\/#\/schema\/logo\/image\/","url":"https:\/\/www.locansol.fr\/wp-content\/uploads\/2024\/04\/AdobeStock_303324767-scaled.jpeg","contentUrl":"https:\/\/www.locansol.fr\/wp-content\/uploads\/2024\/04\/AdobeStock_303324767-scaled.jpeg","width":2560,"height":1707,"caption":"Location MobilHome & chalet dans les Pyr\u00e9n\u00e9es Orientales"},"image":{"@id":"https:\/\/www.locansol.fr\/#\/schema\/logo\/image\/"}},{"@type":"Person","@id":"https:\/\/www.locansol.fr\/#\/schema\/person\/0b08d440f1ac44674c6d498107de351d","name":"H\u00e9bergements Locansol","image":{"@type":"ImageObject","inLanguage":"es","@id":"https:\/\/www.locansol.fr\/#\/schema\/person\/image\/","url":"https:\/\/secure.gravatar.com\/avatar\/444436b93284204f8116b6e0eb964cd3fcb811519c737232bde6dd5743c37ee5?s=96&d=mm&r=g","contentUrl":"https:\/\/secure.gravatar.com\/avatar\/444436b93284204f8116b6e0eb964cd3fcb811519c737232bde6dd5743c37ee5?s=96&d=mm&r=g","caption":"H\u00e9bergements Locansol"},"sameAs":["https:\/\/www.locansol.fr\/"],"url":"https:\/\/www.locansol.fr\/es\/author\/locansol\/"}]}},"_links":{"self":[{"href":"https:\/\/www.locansol.fr\/es\/wp-json\/wp\/v2\/posts\/3135","targetHints":{"allow":["GET"]}}],"collection":[{"href":"https:\/\/www.locansol.fr\/es\/wp-json\/wp\/v2\/posts"}],"about":[{"href":"https:\/\/www.locansol.fr\/es\/wp-json\/wp\/v2\/types\/post"}],"author":[{"embeddable":true,"href":"https:\/\/www.locansol.fr\/es\/wp-json\/wp\/v2\/users\/5"}],"replies":[{"embeddable":true,"href":"https:\/\/www.locansol.fr\/es\/wp-json\/wp\/v2\/comments?post=3135"}],"version-history":[{"count":1,"href":"https:\/\/www.locansol.fr\/es\/wp-json\/wp\/v2\/posts\/3135\/revisions"}],"predecessor-version":[{"id":3136,"href":"https:\/\/www.locansol.fr\/es\/wp-json\/wp\/v2\/posts\/3135\/revisions\/3136"}],"wp:featuredmedia":[{"embeddable":true,"href":"https:\/\/www.locansol.fr\/es\/wp-json\/wp\/v2\/media\/3134"}],"wp:attachment":[{"href":"https:\/\/www.locansol.fr\/es\/wp-json\/wp\/v2\/media?parent=3135"}],"wp:term":[{"taxonomy":"category","embeddable":true,"href":"https:\/\/www.locansol.fr\/es\/wp-json\/wp\/v2\/categories?post=3135"},{"taxonomy":"post_tag","embeddable":true,"href":"https:\/\/www.locansol.fr\/es\/wp-json\/wp\/v2\/tags?post=3135"}],"curies":[{"name":"wp","href":"https:\/\/api.w.org\/{rel}","templated":true}]}}