{"id":3770,"date":"2026-02-21T10:02:51","date_gmt":"2026-02-21T09:02:51","guid":{"rendered":"https:\/\/www.locansol.fr\/carnaval-estagel-couleurs-fete\/"},"modified":"2026-02-21T10:02:56","modified_gmt":"2026-02-21T09:02:56","slug":"carnaval-estagel-couleurs-fete","status":"publish","type":"post","link":"https:\/\/www.locansol.fr\/es\/carnaval-estagel-couleurs-fete\/","title":{"rendered":"Carnaval d&rsquo;Estagel 21 f\u00e9vrier : Une explosion de couleurs et de f\u00eate !"},"content":{"rendered":"<p>Le samedi 21 f\u00e9vrier \u00e0 14h00, Estagel, charmante commune des Pyr\u00e9n\u00e9es-Orientales, vibrera au rythme de son carnaval annuel. Organis\u00e9 par la municipalit\u00e9, cet \u00e9v\u00e9nement festif et familial promet un apr\u00e8s-midi inoubliable sous le th\u00e8me enchanteur du \u00ab Monde des Couleurs \u00bb.<\/p>\n<p>Le top d\u00e9part sera donn\u00e9 devant la salle Arago, situ\u00e9e au 6 Avenue Docteur Jean-Louis Torreilles. Enfilez vos plus beaux costumes aux teintes \u00e9clatantes : le grand d\u00e9fil\u00e9 est ouvert \u00e0 tous, petits et grands. L\u00e2chez prise et laissez parler votre imagination en vous m\u00ealant \u00e0 la parade haute en couleurs, symbole de diversit\u00e9 et de c\u00e9l\u00e9bration. Une occasion unique de vivre un moment complice en famille ou entre amis, au c\u0153ur d&rsquo;une ambiance joyeuse et conviviale.<\/p>\n<p>D\u00e8s 15h30, la f\u00eate prendra un autre tournant avec une boom anim\u00e9e par le talentueux DJ IGSA. Petits danseurs en herbe et amateurs de rythmes entra\u00eenants y trouveront leur compte. Pr\u00e9parez-vous \u00e0 une avalanche de confettis, des spectacles vari\u00e9s et un go\u00fbter offert par la municipalit\u00e9 pour r\u00e9galer tous les participants. Cette deuxi\u00e8me partie de l&rsquo;apr\u00e8s-midi sera plac\u00e9e sous le signe de l&rsquo;\u00e9nergie et de la bonne humeur, une occasion parfaite pour prolonger les retrouvailles autour d&rsquo;un moment de partage et de festivit\u00e9s.<\/p>\n<p>Avec une entr\u00e9e enti\u00e8rement gratuite, le carnaval d&rsquo;Estagel se distingue comme un \u00e9v\u00e9nement ouvert \u00e0 tous, sans barri\u00e8re pour profiter de cette journ\u00e9e exceptionnelle. C&rsquo;est une v\u00e9ritable c\u00e9l\u00e9bration de la joie de vivre, o\u00f9 traditions locales, cr\u00e9ativit\u00e9 et convivialit\u00e9 se m\u00ealent harmonieusement.<\/p>\n<p>Vous \u00eates amateur de d\u00e9fil\u00e9s costum\u00e9s ou vous cherchez \u00e0 plonger dans une ambiance pleine de couleurs et de musique ? Ne manquez pas ce rendez-vous incontournable \u00e0 Estagel et embarquez pour une journ\u00e9e riche en \u00e9motions et \u00e9clats de rires.<\/p>\n<h3>Informaci\u00f3n pr\u00e1ctica<\/h3>\n<p>\ud83d\udcc5 QUAND ? Samedi 21 f\u00e9vrier \u00e0 14:00<br \/>\ud83d\udccd O\u00d9 ? 6 Avenue Docteur Jean-Louis Torreilles, Estagel<br \/>\ud83d\udcb6 COMBIEN ? Entr\u00e9e gratuite<\/p>","protected":false},"excerpt":{"rendered":"<p>Le carnaval de couleurs d\u2019Estagel vous invite le 21 f\u00e9vrier \u00e0 14h \u00e0 un d\u00e9fil\u00e9 festif, une boom et des animations pour petits et grands. Entr\u00e9e gratuite !<\/p>","protected":false},"author":5,"featured_media":3769,"comment_status":"closed","ping_status":"open","sticky":false,"template":"","format":"standard","meta":{"_yoast_wpseo_focuskw":"carnaval Estagel couleurs f\u00eate","_yoast_wpseo_title":"Carnaval d'Estagel Estagel : f\u00eate et couleurs !","_yoast_wpseo_metadesc":"Carnaval d'Estagel Estagel : un apr\u00e8s-midi festif et familial sous le th\u00e8me des couleurs. D\u00e9fil\u00e9, musique et go\u00fbter offert. Pyr\u00e9n\u00e9es-Orientales.","_yoast_wpseo_canonical":"","_yoast_wpseo_opengraph-title":"Explosion de couleurs : Carnaval d'Estagel \u2014 F\u00eate familiale inoubliable !","_yoast_wpseo_opengraph-description":"Plongez dans un monde de couleurs et de joie au Carnaval d'Estagel. D\u00e9fil\u00e9, musique et confettis pour une journ\u00e9e magique.","_yoast_wpseo_opengraph-image":"https:\/\/www.locansol.fr\/wp-content\/uploads\/2026\/02\/carnaval-estagel-couleurs-fete.webp","_yoast_wpseo_opengraph-image-id":"","_yoast_wpseo_twitter-title":"Carnaval d'Estagel : une explosion de couleurs et de f\u00eate !","_yoast_wpseo_twitter-description":"Rejoignez le Carnaval d'Estagel pour un apr\u00e8s-midi festif, des d\u00e9fil\u00e9s color\u00e9s et une ambiance joyeuse. Entr\u00e9e gratuite !","_yoast_wpseo_twitter-image":"https:\/\/www.locansol.fr\/wp-content\/uploads\/2026\/02\/carnaval-estagel-couleurs-fete.webp","_yoast_wpseo_twitter-image-id":"","yoast_primary_category":"Carnaval","footnotes":""},"categories":[42],"tags":[67,76,75],"class_list":["post-3770","post","type-post","status-publish","format-standard","has-post-thumbnail","hentry","category-excursion","tag-loisirs","tag-pyrenees-orientales","tag-traditions-et-folklore"],"yoast_head":"<!-- This site is optimized with the Yoast SEO Premium plugin v23.3 (Yoast SEO v26.9) - https:\/\/yoast.com\/product\/yoast-seo-premium-wordpress\/ -->\n<title>Carnaval d&#039;Estagel Estagel : f\u00eate et couleurs !<\/title>\n<meta name=\"description\" content=\"Carnaval d&#039;Estagel Estagel : un apr\u00e8s-midi festif et familial sous le th\u00e8me des couleurs. D\u00e9fil\u00e9, musique et go\u00fbter offert. Pyr\u00e9n\u00e9es-Orientales.\" \/>\n<meta name=\"robots\" content=\"index, follow, max-snippet:-1, max-image-preview:large, max-video-preview:-1\" \/>\n<link rel=\"canonical\" href=\"https:\/\/www.locansol.fr\/es\/carnaval-estagel-couleurs-fete\/\" \/>\n<meta property=\"og:locale\" content=\"es_ES\" \/>\n<meta property=\"og:type\" content=\"article\" \/>\n<meta property=\"og:title\" content=\"Explosion de couleurs : Carnaval d&#039;Estagel \u2014 F\u00eate familiale inoubliable !\" \/>\n<meta property=\"og:description\" content=\"Plongez dans un monde de couleurs et de joie au Carnaval d&#039;Estagel. D\u00e9fil\u00e9, musique et confettis pour une journ\u00e9e magique.\" \/>\n<meta property=\"og:url\" content=\"https:\/\/www.locansol.fr\/es\/carnaval-estagel-couleurs-fete\/\" \/>\n<meta property=\"og:site_name\" content=\"Locansol, louer un h\u00e9bergement dans les Pyr\u00e9n\u00e9es Orientales\" \/>\n<meta property=\"article:published_time\" content=\"2026-02-21T09:02:51+00:00\" \/>\n<meta property=\"article:modified_time\" content=\"2026-02-21T09:02:56+00:00\" \/>\n<meta property=\"og:image\" content=\"https:\/\/www.locansol.fr\/wp-content\/uploads\/2026\/02\/carnaval-estagel-couleurs-fete.webp\" \/>\n<meta name=\"author\" content=\"H\u00e9bergements Locansol\" \/>\n<meta name=\"twitter:card\" content=\"summary_large_image\" \/>\n<meta name=\"twitter:title\" content=\"Carnaval d&#039;Estagel : une explosion de couleurs et de f\u00eate !\" \/>\n<meta name=\"twitter:description\" content=\"Rejoignez le Carnaval d&#039;Estagel pour un apr\u00e8s-midi festif, des d\u00e9fil\u00e9s color\u00e9s et une ambiance joyeuse. Entr\u00e9e gratuite !\" \/>\n<meta name=\"twitter:image\" content=\"https:\/\/www.locansol.fr\/wp-content\/uploads\/2026\/02\/carnaval-estagel-couleurs-fete.webp\" \/>\n<meta name=\"twitter:label1\" content=\"Escrito por\" \/>\n\t<meta name=\"twitter:data1\" content=\"H\u00e9bergements Locansol\" \/>\n\t<meta name=\"twitter:label2\" content=\"Tiempo de lectura\" \/>\n\t<meta name=\"twitter:data2\" content=\"2 minutos\" \/>\n<script type=\"application\/ld+json\" class=\"yoast-schema-graph\">{\"@context\":\"https:\/\/schema.org\",\"@graph\":[{\"@type\":\"Article\",\"@id\":\"https:\/\/www.locansol.fr\/carnaval-estagel-couleurs-fete\/#article\",\"isPartOf\":{\"@id\":\"https:\/\/www.locansol.fr\/carnaval-estagel-couleurs-fete\/\"},\"author\":{\"name\":\"H\u00e9bergements Locansol\",\"@id\":\"https:\/\/www.locansol.fr\/#\/schema\/person\/0b08d440f1ac44674c6d498107de351d\"},\"headline\":\"Carnaval d&rsquo;Estagel 21 f\u00e9vrier : Une explosion de couleurs et de f\u00eate !\",\"datePublished\":\"2026-02-21T09:02:51+00:00\",\"dateModified\":\"2026-02-21T09:02:56+00:00\",\"mainEntityOfPage\":{\"@id\":\"https:\/\/www.locansol.fr\/carnaval-estagel-couleurs-fete\/\"},\"wordCount\":346,\"publisher\":{\"@id\":\"https:\/\/www.locansol.fr\/#organization\"},\"image\":{\"@id\":\"https:\/\/www.locansol.fr\/carnaval-estagel-couleurs-fete\/#primaryimage\"},\"thumbnailUrl\":\"https:\/\/www.locansol.fr\/wp-content\/uploads\/2026\/02\/carnaval-estagel-couleurs-fete.webp\",\"keywords\":[\"Loisirs\",\"Pyr\u00e9n\u00e9es-Orientales\",\"Traditions et folklore\"],\"articleSection\":[\"Excursion\"],\"inLanguage\":\"es\"},{\"@type\":\"WebPage\",\"@id\":\"https:\/\/www.locansol.fr\/carnaval-estagel-couleurs-fete\/\",\"url\":\"https:\/\/www.locansol.fr\/carnaval-estagel-couleurs-fete\/\",\"name\":\"Carnaval d'Estagel Estagel : f\u00eate et couleurs !\",\"isPartOf\":{\"@id\":\"https:\/\/www.locansol.fr\/#website\"},\"primaryImageOfPage\":{\"@id\":\"https:\/\/www.locansol.fr\/carnaval-estagel-couleurs-fete\/#primaryimage\"},\"image\":{\"@id\":\"https:\/\/www.locansol.fr\/carnaval-estagel-couleurs-fete\/#primaryimage\"},\"thumbnailUrl\":\"https:\/\/www.locansol.fr\/wp-content\/uploads\/2026\/02\/carnaval-estagel-couleurs-fete.webp\",\"datePublished\":\"2026-02-21T09:02:51+00:00\",\"dateModified\":\"2026-02-21T09:02:56+00:00\",\"description\":\"Carnaval d'Estagel Estagel : un apr\u00e8s-midi festif et familial sous le th\u00e8me des couleurs. D\u00e9fil\u00e9, musique et go\u00fbter offert. Pyr\u00e9n\u00e9es-Orientales.\",\"breadcrumb\":{\"@id\":\"https:\/\/www.locansol.fr\/carnaval-estagel-couleurs-fete\/#breadcrumb\"},\"inLanguage\":\"es\",\"potentialAction\":[{\"@type\":\"ReadAction\",\"target\":[\"https:\/\/www.locansol.fr\/carnaval-estagel-couleurs-fete\/\"]}]},{\"@type\":\"ImageObject\",\"inLanguage\":\"es\",\"@id\":\"https:\/\/www.locansol.fr\/carnaval-estagel-couleurs-fete\/#primaryimage\",\"url\":\"https:\/\/www.locansol.fr\/wp-content\/uploads\/2026\/02\/carnaval-estagel-couleurs-fete.webp\",\"contentUrl\":\"https:\/\/www.locansol.fr\/wp-content\/uploads\/2026\/02\/carnaval-estagel-couleurs-fete.webp\",\"width\":1357,\"height\":1920,\"caption\":\"Carnaval d'Estagel Estagel : f\u00eate et couleurs !\"},{\"@type\":\"BreadcrumbList\",\"@id\":\"https:\/\/www.locansol.fr\/carnaval-estagel-couleurs-fete\/#breadcrumb\",\"itemListElement\":[{\"@type\":\"ListItem\",\"position\":1,\"name\":\"Accueil\",\"item\":\"https:\/\/www.locansol.fr\/\"},{\"@type\":\"ListItem\",\"position\":2,\"name\":\"Carnaval d&rsquo;Estagel 21 f\u00e9vrier : Une explosion de couleurs et de f\u00eate !\"}]},{\"@type\":\"WebSite\",\"@id\":\"https:\/\/www.locansol.fr\/#website\",\"url\":\"https:\/\/www.locansol.fr\/\",\"name\":\"Locansol, louer un h\u00e9bergement dans les Pyr\u00e9n\u00e9es-Orientales\",\"description\":\"Location Mobil-home Mer M\u00e9diterran\u00e9e &amp; Chalet de Montagne dans les Pyr\u00e9n\u00e9es Orientales (Occitanie, 66). Weekend, s\u00e9jour &amp; vacances en famille et entre amis.\",\"publisher\":{\"@id\":\"https:\/\/www.locansol.fr\/#organization\"},\"alternateName\":\"Louer un h\u00e9bergement dans les Pyr\u00e9n\u00e9es Orientales, chalet & mobil-home en Occitanie\",\"potentialAction\":[{\"@type\":\"SearchAction\",\"target\":{\"@type\":\"EntryPoint\",\"urlTemplate\":\"https:\/\/www.locansol.fr\/?s={search_term_string}\"},\"query-input\":{\"@type\":\"PropertyValueSpecification\",\"valueRequired\":true,\"valueName\":\"search_term_string\"}}],\"inLanguage\":\"es\"},{\"@type\":\"Organization\",\"@id\":\"https:\/\/www.locansol.fr\/#organization\",\"name\":\"Location MobilHome & chalet dans les Pyr\u00e9n\u00e9es Orientales\",\"alternateName\":\"Louer un h\u00e9bergement dans les Pyr\u00e9n\u00e9es Orientales en Occitanie\",\"url\":\"https:\/\/www.locansol.fr\/\",\"logo\":{\"@type\":\"ImageObject\",\"inLanguage\":\"es\",\"@id\":\"https:\/\/www.locansol.fr\/#\/schema\/logo\/image\/\",\"url\":\"https:\/\/www.locansol.fr\/wp-content\/uploads\/2024\/04\/AdobeStock_303324767-scaled.jpeg\",\"contentUrl\":\"https:\/\/www.locansol.fr\/wp-content\/uploads\/2024\/04\/AdobeStock_303324767-scaled.jpeg\",\"width\":2560,\"height\":1707,\"caption\":\"Location MobilHome & chalet dans les Pyr\u00e9n\u00e9es Orientales\"},\"image\":{\"@id\":\"https:\/\/www.locansol.fr\/#\/schema\/logo\/image\/\"}},{\"@type\":\"Person\",\"@id\":\"https:\/\/www.locansol.fr\/#\/schema\/person\/0b08d440f1ac44674c6d498107de351d\",\"name\":\"H\u00e9bergements Locansol\",\"image\":{\"@type\":\"ImageObject\",\"inLanguage\":\"es\",\"@id\":\"https:\/\/www.locansol.fr\/#\/schema\/person\/image\/\",\"url\":\"https:\/\/secure.gravatar.com\/avatar\/444436b93284204f8116b6e0eb964cd3fcb811519c737232bde6dd5743c37ee5?s=96&d=mm&r=g\",\"contentUrl\":\"https:\/\/secure.gravatar.com\/avatar\/444436b93284204f8116b6e0eb964cd3fcb811519c737232bde6dd5743c37ee5?s=96&d=mm&r=g\",\"caption\":\"H\u00e9bergements Locansol\"},\"sameAs\":[\"https:\/\/www.locansol.fr\/\"],\"url\":\"https:\/\/www.locansol.fr\/es\/author\/locansol\/\"}]}<\/script>\n<!-- \/ Yoast SEO Premium plugin. -->","yoast_head_json":{"title":"Carnaval d'Estagel Estagel : f\u00eate et couleurs !","description":"Carnaval d'Estagel Estagel : un apr\u00e8s-midi festif et familial sous le th\u00e8me des couleurs. D\u00e9fil\u00e9, musique et go\u00fbter offert. Pyr\u00e9n\u00e9es-Orientales.","robots":{"index":"index","follow":"follow","max-snippet":"max-snippet:-1","max-image-preview":"max-image-preview:large","max-video-preview":"max-video-preview:-1"},"canonical":"https:\/\/www.locansol.fr\/es\/carnaval-estagel-couleurs-fete\/","og_locale":"es_ES","og_type":"article","og_title":"Explosion de couleurs : Carnaval d'Estagel \u2014 F\u00eate familiale inoubliable !","og_description":"Plongez dans un monde de couleurs et de joie au Carnaval d'Estagel. D\u00e9fil\u00e9, musique et confettis pour une journ\u00e9e magique.","og_url":"https:\/\/www.locansol.fr\/es\/carnaval-estagel-couleurs-fete\/","og_site_name":"Locansol, louer un h\u00e9bergement dans les Pyr\u00e9n\u00e9es Orientales","article_published_time":"2026-02-21T09:02:51+00:00","article_modified_time":"2026-02-21T09:02:56+00:00","og_image":[{"url":"https:\/\/www.locansol.fr\/wp-content\/uploads\/2026\/02\/carnaval-estagel-couleurs-fete.webp","type":"","width":"","height":""}],"author":"H\u00e9bergements Locansol","twitter_card":"summary_large_image","twitter_title":"Carnaval d'Estagel : une explosion de couleurs et de f\u00eate !","twitter_description":"Rejoignez le Carnaval d'Estagel pour un apr\u00e8s-midi festif, des d\u00e9fil\u00e9s color\u00e9s et une ambiance joyeuse. Entr\u00e9e gratuite !","twitter_image":"https:\/\/www.locansol.fr\/wp-content\/uploads\/2026\/02\/carnaval-estagel-couleurs-fete.webp","twitter_misc":{"Escrito por":"H\u00e9bergements Locansol","Tiempo de lectura":"2 minutos"},"schema":{"@context":"https:\/\/schema.org","@graph":[{"@type":"Article","@id":"https:\/\/www.locansol.fr\/carnaval-estagel-couleurs-fete\/#article","isPartOf":{"@id":"https:\/\/www.locansol.fr\/carnaval-estagel-couleurs-fete\/"},"author":{"name":"H\u00e9bergements Locansol","@id":"https:\/\/www.locansol.fr\/#\/schema\/person\/0b08d440f1ac44674c6d498107de351d"},"headline":"Carnaval d&rsquo;Estagel 21 f\u00e9vrier : Une explosion de couleurs et de f\u00eate !","datePublished":"2026-02-21T09:02:51+00:00","dateModified":"2026-02-21T09:02:56+00:00","mainEntityOfPage":{"@id":"https:\/\/www.locansol.fr\/carnaval-estagel-couleurs-fete\/"},"wordCount":346,"publisher":{"@id":"https:\/\/www.locansol.fr\/#organization"},"image":{"@id":"https:\/\/www.locansol.fr\/carnaval-estagel-couleurs-fete\/#primaryimage"},"thumbnailUrl":"https:\/\/www.locansol.fr\/wp-content\/uploads\/2026\/02\/carnaval-estagel-couleurs-fete.webp","keywords":["Loisirs","Pyr\u00e9n\u00e9es-Orientales","Traditions et folklore"],"articleSection":["Excursion"],"inLanguage":"es"},{"@type":"WebPage","@id":"https:\/\/www.locansol.fr\/carnaval-estagel-couleurs-fete\/","url":"https:\/\/www.locansol.fr\/carnaval-estagel-couleurs-fete\/","name":"Carnaval d'Estagel Estagel : f\u00eate et couleurs !","isPartOf":{"@id":"https:\/\/www.locansol.fr\/#website"},"primaryImageOfPage":{"@id":"https:\/\/www.locansol.fr\/carnaval-estagel-couleurs-fete\/#primaryimage"},"image":{"@id":"https:\/\/www.locansol.fr\/carnaval-estagel-couleurs-fete\/#primaryimage"},"thumbnailUrl":"https:\/\/www.locansol.fr\/wp-content\/uploads\/2026\/02\/carnaval-estagel-couleurs-fete.webp","datePublished":"2026-02-21T09:02:51+00:00","dateModified":"2026-02-21T09:02:56+00:00","description":"Carnaval d'Estagel Estagel : un apr\u00e8s-midi festif et familial sous le th\u00e8me des couleurs. D\u00e9fil\u00e9, musique et go\u00fbter offert. Pyr\u00e9n\u00e9es-Orientales.","breadcrumb":{"@id":"https:\/\/www.locansol.fr\/carnaval-estagel-couleurs-fete\/#breadcrumb"},"inLanguage":"es","potentialAction":[{"@type":"ReadAction","target":["https:\/\/www.locansol.fr\/carnaval-estagel-couleurs-fete\/"]}]},{"@type":"ImageObject","inLanguage":"es","@id":"https:\/\/www.locansol.fr\/carnaval-estagel-couleurs-fete\/#primaryimage","url":"https:\/\/www.locansol.fr\/wp-content\/uploads\/2026\/02\/carnaval-estagel-couleurs-fete.webp","contentUrl":"https:\/\/www.locansol.fr\/wp-content\/uploads\/2026\/02\/carnaval-estagel-couleurs-fete.webp","width":1357,"height":1920,"caption":"Carnaval d'Estagel Estagel : f\u00eate et couleurs !"},{"@type":"BreadcrumbList","@id":"https:\/\/www.locansol.fr\/carnaval-estagel-couleurs-fete\/#breadcrumb","itemListElement":[{"@type":"ListItem","position":1,"name":"Accueil","item":"https:\/\/www.locansol.fr\/"},{"@type":"ListItem","position":2,"name":"Carnaval d&rsquo;Estagel 21 f\u00e9vrier : Une explosion de couleurs et de f\u00eate !"}]},{"@type":"WebSite","@id":"https:\/\/www.locansol.fr\/#website","url":"https:\/\/www.locansol.fr\/","name":"Locansol, louer un h\u00e9bergement dans les Pyr\u00e9n\u00e9es-Orientales","description":"Location Mobil-home Mer M\u00e9diterran\u00e9e &amp; Chalet de Montagne dans les Pyr\u00e9n\u00e9es Orientales (Occitanie, 66). Weekend, s\u00e9jour &amp; vacances en famille et entre amis.","publisher":{"@id":"https:\/\/www.locansol.fr\/#organization"},"alternateName":"Louer un h\u00e9bergement dans les Pyr\u00e9n\u00e9es Orientales, chalet & mobil-home en Occitanie","potentialAction":[{"@type":"SearchAction","target":{"@type":"EntryPoint","urlTemplate":"https:\/\/www.locansol.fr\/?s={search_term_string}"},"query-input":{"@type":"PropertyValueSpecification","valueRequired":true,"valueName":"search_term_string"}}],"inLanguage":"es"},{"@type":"Organization","@id":"https:\/\/www.locansol.fr\/#organization","name":"Location MobilHome & chalet dans les Pyr\u00e9n\u00e9es Orientales","alternateName":"Louer un h\u00e9bergement dans les Pyr\u00e9n\u00e9es Orientales en Occitanie","url":"https:\/\/www.locansol.fr\/","logo":{"@type":"ImageObject","inLanguage":"es","@id":"https:\/\/www.locansol.fr\/#\/schema\/logo\/image\/","url":"https:\/\/www.locansol.fr\/wp-content\/uploads\/2024\/04\/AdobeStock_303324767-scaled.jpeg","contentUrl":"https:\/\/www.locansol.fr\/wp-content\/uploads\/2024\/04\/AdobeStock_303324767-scaled.jpeg","width":2560,"height":1707,"caption":"Location MobilHome & chalet dans les Pyr\u00e9n\u00e9es Orientales"},"image":{"@id":"https:\/\/www.locansol.fr\/#\/schema\/logo\/image\/"}},{"@type":"Person","@id":"https:\/\/www.locansol.fr\/#\/schema\/person\/0b08d440f1ac44674c6d498107de351d","name":"H\u00e9bergements Locansol","image":{"@type":"ImageObject","inLanguage":"es","@id":"https:\/\/www.locansol.fr\/#\/schema\/person\/image\/","url":"https:\/\/secure.gravatar.com\/avatar\/444436b93284204f8116b6e0eb964cd3fcb811519c737232bde6dd5743c37ee5?s=96&d=mm&r=g","contentUrl":"https:\/\/secure.gravatar.com\/avatar\/444436b93284204f8116b6e0eb964cd3fcb811519c737232bde6dd5743c37ee5?s=96&d=mm&r=g","caption":"H\u00e9bergements Locansol"},"sameAs":["https:\/\/www.locansol.fr\/"],"url":"https:\/\/www.locansol.fr\/es\/author\/locansol\/"}]}},"_links":{"self":[{"href":"https:\/\/www.locansol.fr\/es\/wp-json\/wp\/v2\/posts\/3770","targetHints":{"allow":["GET"]}}],"collection":[{"href":"https:\/\/www.locansol.fr\/es\/wp-json\/wp\/v2\/posts"}],"about":[{"href":"https:\/\/www.locansol.fr\/es\/wp-json\/wp\/v2\/types\/post"}],"author":[{"embeddable":true,"href":"https:\/\/www.locansol.fr\/es\/wp-json\/wp\/v2\/users\/5"}],"replies":[{"embeddable":true,"href":"https:\/\/www.locansol.fr\/es\/wp-json\/wp\/v2\/comments?post=3770"}],"version-history":[{"count":1,"href":"https:\/\/www.locansol.fr\/es\/wp-json\/wp\/v2\/posts\/3770\/revisions"}],"predecessor-version":[{"id":3771,"href":"https:\/\/www.locansol.fr\/es\/wp-json\/wp\/v2\/posts\/3770\/revisions\/3771"}],"wp:featuredmedia":[{"embeddable":true,"href":"https:\/\/www.locansol.fr\/es\/wp-json\/wp\/v2\/media\/3769"}],"wp:attachment":[{"href":"https:\/\/www.locansol.fr\/es\/wp-json\/wp\/v2\/media?parent=3770"}],"wp:term":[{"taxonomy":"category","embeddable":true,"href":"https:\/\/www.locansol.fr\/es\/wp-json\/wp\/v2\/categories?post=3770"},{"taxonomy":"post_tag","embeddable":true,"href":"https:\/\/www.locansol.fr\/es\/wp-json\/wp\/v2\/tags?post=3770"}],"curies":[{"name":"wp","href":"https:\/\/api.w.org\/{rel}","templated":true}]}}