{"id":3806,"date":"2026-02-21T12:21:27","date_gmt":"2026-02-21T11:21:27","guid":{"rendered":"https:\/\/www.locansol.fr\/carnaval-famille-elne-pyrenees\/"},"modified":"2026-02-21T12:21:31","modified_gmt":"2026-02-21T11:21:31","slug":"carnaval-famille-elne-pyrenees","status":"publish","type":"post","link":"https:\/\/www.locansol.fr\/es\/carnaval-famille-elne-pyrenees\/","title":{"rendered":"Ne manquez pas le Carnaval d&rsquo;Elne le 21 f\u00e9vrier : animations pour toute la famille !"},"content":{"rendered":"<p>Chaque ann\u00e9e, la joyeuse commune d\u2019Elne, situ\u00e9e dans les Pyr\u00e9n\u00e9es-Orientales, accueille enfants et parents pour c\u00e9l\u00e9brer le Carnaval, un \u00e9v\u00e9nement festif embl\u00e9matique et convivial. Ce samedi 21 f\u00e9vrier, d\u00e8s 14h30, la Place de la R\u00e9publique sera le th\u00e9\u00e2tre d\u2019une journ\u00e9e haute en couleurs, enti\u00e8rement d\u00e9di\u00e9e \u00e0 la f\u00eate et au plaisir en famille.<\/p>\n<p>Ce rendez-vous incontournable se distingue par son ambiance chaleureuse et dynamique. Les petits comme les grands sont invit\u00e9s \u00e0 se joindre \u00e0 un programme riche et vari\u00e9 qui saura ravir tous les participants. Parmi les animations, un d\u00e9fil\u00e9 festif traversera les rues de la ville, men\u00e9e par des danseuses et des mascottes qui feront danser petits et grands au rythme de la musique d\u2019un DJ. Des ateliers de maquillage permettront aux enfants de se m\u00e9tamorphoser en animaux color\u00e9s, super-h\u00e9ros ou princesses au gr\u00e9 de leurs envies.<\/p>\n<p>Pour encore plus de moments de rires et de plaisir, des jeux gonflables seront disponibles, o\u00f9 les plus jeunes pourront se d\u00e9fouler en toute s\u00e9curit\u00e9. La place s\u2019emplira de confettis, apportant une touche color\u00e9e et festive qui enveloppera tout le monde dans la magie du carnaval. Et pour combler les petits estomacs gourmands apr\u00e8s tant d\u2019activit\u00e9s, un go\u00fbter sera offert \u00e0 tous les participants.<\/p>\n<p>L\u2019organisation a aussi pens\u00e9 \u00e0 tout en cas de caprices m\u00e9t\u00e9orologiques : si la pluie s&rsquo;invite, les festivit\u00e9s se tiendront dans la salle des f\u00eates de la commune, garantissant que la f\u00eate continue dans la bonne humeur. Cet \u00e9v\u00e9nement, gratuit et ouvert \u00e0 tous, est \u00e9galement une belle opportunit\u00e9 pour d\u00e9couvrir ou red\u00e9couvrir Elne et ses environs, tout en partageant un moment m\u00e9morable.<\/p>\n<p>Ne manquez pas cette chance de participer \u00e0 une f\u00eate populaire o\u00f9 joie, rires et bonne humeur sont \u00e0 l\u2019honneur. Le Carnaval d\u2019Elne promet des souvenirs inoubliables pour les enfants et leurs familles. Alors, sortez vos plus beaux costumes et rejoignez les festivit\u00e9s pour vivre une journ\u00e9e inoubliable au c\u0153ur de l\u2019effervescence elnoise.<\/p>\n<h3>Informaci\u00f3n pr\u00e1ctica<\/h3>\n<p>\ud83d\udcc5 QUAND ? Samedi 21 f\u00e9vrier \u00e0 14:30<br \/>\ud83d\udccd O\u00d9 ? Place de la R\u00e9publique, Elne<br \/>\ud83d\udcb6 COMBIEN ? Entr\u00e9e gratuite<\/p>","protected":false},"excerpt":{"rendered":"<p>Rejoignez le Carnaval d&rsquo;Elne le 21 f\u00e9vrier \u00e0 14h30 pour une journ\u00e9e festive et familiale avec d\u00e9fil\u00e9s, jeux, maquillage et go\u00fbter sur la Place de la R\u00e9publique.<\/p>","protected":false},"author":5,"featured_media":3805,"comment_status":"closed","ping_status":"open","sticky":false,"template":"","format":"standard","meta":{"_yoast_wpseo_focuskw":"Carnaval familial Elne Pyr\u00e9n\u00e9es","_yoast_wpseo_title":"Carnaval d'Elne : animations familiales \u00e0 ne pas manquer","_yoast_wpseo_metadesc":"Carnaval d'Elne : une journ\u00e9e festive pour toute la famille avec d\u00e9fil\u00e9, ateliers et jeux. D\u00e9couvrez cette c\u00e9l\u00e9bration color\u00e9e dans les Pyr\u00e9n\u00e9es-Orientales.","_yoast_wpseo_canonical":"","_yoast_wpseo_opengraph-title":"Joie et couleurs : Carnaval d'Elne \u2014 une f\u00eate familiale inoubliable","_yoast_wpseo_opengraph-description":"Imaginez des rues remplies de confettis, de rires et de musique. Le Carnaval d'Elne promet une journ\u00e9e magique pour toute la famille avec d\u00e9fil\u00e9s, ateliers et jeux.","_yoast_wpseo_opengraph-image":"https:\/\/www.locansol.fr\/wp-content\/uploads\/2026\/02\/carnaval-famille-elne-pyrenees.webp","_yoast_wpseo_opengraph-image-id":"","_yoast_wpseo_twitter-title":"Carnaval d'Elne : une explosion de joie pour toute la famille !","_yoast_wpseo_twitter-description":"Rejoignez le Carnaval d'Elne pour une journ\u00e9e de rires, de couleurs et de magie en famille. D\u00e9fil\u00e9s, ateliers et jeux gratuits pour tous !","_yoast_wpseo_twitter-image":"https:\/\/www.locansol.fr\/wp-content\/uploads\/2026\/02\/carnaval-famille-elne-pyrenees.webp","_yoast_wpseo_twitter-image-id":"","yoast_primary_category":"Carnaval","footnotes":""},"categories":[42],"tags":[67,76],"class_list":["post-3806","post","type-post","status-publish","format-standard","has-post-thumbnail","hentry","category-excursion","tag-loisirs","tag-pyrenees-orientales"],"yoast_head":"<!-- This site is optimized with the Yoast SEO Premium plugin v23.3 (Yoast SEO v26.9) - https:\/\/yoast.com\/product\/yoast-seo-premium-wordpress\/ -->\n<title>Carnaval d&#039;Elne : animations familiales \u00e0 ne pas manquer<\/title>\n<meta name=\"description\" content=\"Carnaval d&#039;Elne : une journ\u00e9e festive pour toute la famille avec d\u00e9fil\u00e9, ateliers et jeux. D\u00e9couvrez cette c\u00e9l\u00e9bration color\u00e9e dans les Pyr\u00e9n\u00e9es-Orientales.\" \/>\n<meta name=\"robots\" content=\"index, follow, max-snippet:-1, max-image-preview:large, max-video-preview:-1\" \/>\n<link rel=\"canonical\" href=\"https:\/\/www.locansol.fr\/es\/carnaval-famille-elne-pyrenees\/\" \/>\n<meta property=\"og:locale\" content=\"es_ES\" \/>\n<meta property=\"og:type\" content=\"article\" \/>\n<meta property=\"og:title\" content=\"Joie et couleurs : Carnaval d&#039;Elne \u2014 une f\u00eate familiale inoubliable\" \/>\n<meta property=\"og:description\" content=\"Imaginez des rues remplies de confettis, de rires et de musique. Le Carnaval d&#039;Elne promet une journ\u00e9e magique pour toute la famille avec d\u00e9fil\u00e9s, ateliers et jeux.\" \/>\n<meta property=\"og:url\" content=\"https:\/\/www.locansol.fr\/es\/carnaval-famille-elne-pyrenees\/\" \/>\n<meta property=\"og:site_name\" content=\"Locansol, louer un h\u00e9bergement dans les Pyr\u00e9n\u00e9es Orientales\" \/>\n<meta property=\"article:published_time\" content=\"2026-02-21T11:21:27+00:00\" \/>\n<meta property=\"article:modified_time\" content=\"2026-02-21T11:21:31+00:00\" \/>\n<meta property=\"og:image\" content=\"https:\/\/www.locansol.fr\/wp-content\/uploads\/2026\/02\/carnaval-famille-elne-pyrenees.webp\" \/>\n<meta name=\"author\" content=\"H\u00e9bergements Locansol\" \/>\n<meta name=\"twitter:card\" content=\"summary_large_image\" \/>\n<meta name=\"twitter:title\" content=\"Carnaval d&#039;Elne : une explosion de joie pour toute la famille !\" \/>\n<meta name=\"twitter:description\" content=\"Rejoignez le Carnaval d&#039;Elne pour une journ\u00e9e de rires, de couleurs et de magie en famille. D\u00e9fil\u00e9s, ateliers et jeux gratuits pour tous !\" \/>\n<meta name=\"twitter:image\" content=\"https:\/\/www.locansol.fr\/wp-content\/uploads\/2026\/02\/carnaval-famille-elne-pyrenees.webp\" \/>\n<meta name=\"twitter:label1\" content=\"Escrito por\" \/>\n\t<meta name=\"twitter:data1\" content=\"H\u00e9bergements Locansol\" \/>\n\t<meta name=\"twitter:label2\" content=\"Tiempo de lectura\" \/>\n\t<meta name=\"twitter:data2\" content=\"2 minutos\" \/>\n<script type=\"application\/ld+json\" class=\"yoast-schema-graph\">{\"@context\":\"https:\/\/schema.org\",\"@graph\":[{\"@type\":\"Article\",\"@id\":\"https:\/\/www.locansol.fr\/carnaval-famille-elne-pyrenees\/#article\",\"isPartOf\":{\"@id\":\"https:\/\/www.locansol.fr\/carnaval-famille-elne-pyrenees\/\"},\"author\":{\"name\":\"H\u00e9bergements Locansol\",\"@id\":\"https:\/\/www.locansol.fr\/#\/schema\/person\/0b08d440f1ac44674c6d498107de351d\"},\"headline\":\"Ne manquez pas le Carnaval d&rsquo;Elne le 21 f\u00e9vrier : animations pour toute la famille !\",\"datePublished\":\"2026-02-21T11:21:27+00:00\",\"dateModified\":\"2026-02-21T11:21:31+00:00\",\"mainEntityOfPage\":{\"@id\":\"https:\/\/www.locansol.fr\/carnaval-famille-elne-pyrenees\/\"},\"wordCount\":393,\"publisher\":{\"@id\":\"https:\/\/www.locansol.fr\/#organization\"},\"image\":{\"@id\":\"https:\/\/www.locansol.fr\/carnaval-famille-elne-pyrenees\/#primaryimage\"},\"thumbnailUrl\":\"https:\/\/www.locansol.fr\/wp-content\/uploads\/2026\/02\/carnaval-famille-elne-pyrenees.webp\",\"keywords\":[\"Loisirs\",\"Pyr\u00e9n\u00e9es-Orientales\"],\"articleSection\":[\"Excursion\"],\"inLanguage\":\"es\"},{\"@type\":\"WebPage\",\"@id\":\"https:\/\/www.locansol.fr\/carnaval-famille-elne-pyrenees\/\",\"url\":\"https:\/\/www.locansol.fr\/carnaval-famille-elne-pyrenees\/\",\"name\":\"Carnaval d'Elne : animations familiales \u00e0 ne pas manquer\",\"isPartOf\":{\"@id\":\"https:\/\/www.locansol.fr\/#website\"},\"primaryImageOfPage\":{\"@id\":\"https:\/\/www.locansol.fr\/carnaval-famille-elne-pyrenees\/#primaryimage\"},\"image\":{\"@id\":\"https:\/\/www.locansol.fr\/carnaval-famille-elne-pyrenees\/#primaryimage\"},\"thumbnailUrl\":\"https:\/\/www.locansol.fr\/wp-content\/uploads\/2026\/02\/carnaval-famille-elne-pyrenees.webp\",\"datePublished\":\"2026-02-21T11:21:27+00:00\",\"dateModified\":\"2026-02-21T11:21:31+00:00\",\"description\":\"Carnaval d'Elne : une journ\u00e9e festive pour toute la famille avec d\u00e9fil\u00e9, ateliers et jeux. D\u00e9couvrez cette c\u00e9l\u00e9bration color\u00e9e dans les Pyr\u00e9n\u00e9es-Orientales.\",\"breadcrumb\":{\"@id\":\"https:\/\/www.locansol.fr\/carnaval-famille-elne-pyrenees\/#breadcrumb\"},\"inLanguage\":\"es\",\"potentialAction\":[{\"@type\":\"ReadAction\",\"target\":[\"https:\/\/www.locansol.fr\/carnaval-famille-elne-pyrenees\/\"]}]},{\"@type\":\"ImageObject\",\"inLanguage\":\"es\",\"@id\":\"https:\/\/www.locansol.fr\/carnaval-famille-elne-pyrenees\/#primaryimage\",\"url\":\"https:\/\/www.locansol.fr\/wp-content\/uploads\/2026\/02\/carnaval-famille-elne-pyrenees.webp\",\"contentUrl\":\"https:\/\/www.locansol.fr\/wp-content\/uploads\/2026\/02\/carnaval-famille-elne-pyrenees.webp\",\"width\":936,\"height\":616,\"caption\":\"Carnaval d'Elne : animations familiales \u00e0 ne pas manquer\"},{\"@type\":\"BreadcrumbList\",\"@id\":\"https:\/\/www.locansol.fr\/carnaval-famille-elne-pyrenees\/#breadcrumb\",\"itemListElement\":[{\"@type\":\"ListItem\",\"position\":1,\"name\":\"Accueil\",\"item\":\"https:\/\/www.locansol.fr\/\"},{\"@type\":\"ListItem\",\"position\":2,\"name\":\"Ne manquez pas le Carnaval d&rsquo;Elne le 21 f\u00e9vrier : animations pour toute la famille !\"}]},{\"@type\":\"WebSite\",\"@id\":\"https:\/\/www.locansol.fr\/#website\",\"url\":\"https:\/\/www.locansol.fr\/\",\"name\":\"Locansol, louer un h\u00e9bergement dans les Pyr\u00e9n\u00e9es-Orientales\",\"description\":\"Location Mobil-home Mer M\u00e9diterran\u00e9e &amp; Chalet de Montagne dans les Pyr\u00e9n\u00e9es Orientales (Occitanie, 66). Weekend, s\u00e9jour &amp; vacances en famille et entre amis.\",\"publisher\":{\"@id\":\"https:\/\/www.locansol.fr\/#organization\"},\"alternateName\":\"Louer un h\u00e9bergement dans les Pyr\u00e9n\u00e9es Orientales, chalet & mobil-home en Occitanie\",\"potentialAction\":[{\"@type\":\"SearchAction\",\"target\":{\"@type\":\"EntryPoint\",\"urlTemplate\":\"https:\/\/www.locansol.fr\/?s={search_term_string}\"},\"query-input\":{\"@type\":\"PropertyValueSpecification\",\"valueRequired\":true,\"valueName\":\"search_term_string\"}}],\"inLanguage\":\"es\"},{\"@type\":\"Organization\",\"@id\":\"https:\/\/www.locansol.fr\/#organization\",\"name\":\"Location MobilHome & chalet dans les Pyr\u00e9n\u00e9es Orientales\",\"alternateName\":\"Louer un h\u00e9bergement dans les Pyr\u00e9n\u00e9es Orientales en Occitanie\",\"url\":\"https:\/\/www.locansol.fr\/\",\"logo\":{\"@type\":\"ImageObject\",\"inLanguage\":\"es\",\"@id\":\"https:\/\/www.locansol.fr\/#\/schema\/logo\/image\/\",\"url\":\"https:\/\/www.locansol.fr\/wp-content\/uploads\/2024\/04\/AdobeStock_303324767-scaled.jpeg\",\"contentUrl\":\"https:\/\/www.locansol.fr\/wp-content\/uploads\/2024\/04\/AdobeStock_303324767-scaled.jpeg\",\"width\":2560,\"height\":1707,\"caption\":\"Location MobilHome & chalet dans les Pyr\u00e9n\u00e9es Orientales\"},\"image\":{\"@id\":\"https:\/\/www.locansol.fr\/#\/schema\/logo\/image\/\"}},{\"@type\":\"Person\",\"@id\":\"https:\/\/www.locansol.fr\/#\/schema\/person\/0b08d440f1ac44674c6d498107de351d\",\"name\":\"H\u00e9bergements Locansol\",\"image\":{\"@type\":\"ImageObject\",\"inLanguage\":\"es\",\"@id\":\"https:\/\/www.locansol.fr\/#\/schema\/person\/image\/\",\"url\":\"https:\/\/secure.gravatar.com\/avatar\/444436b93284204f8116b6e0eb964cd3fcb811519c737232bde6dd5743c37ee5?s=96&d=mm&r=g\",\"contentUrl\":\"https:\/\/secure.gravatar.com\/avatar\/444436b93284204f8116b6e0eb964cd3fcb811519c737232bde6dd5743c37ee5?s=96&d=mm&r=g\",\"caption\":\"H\u00e9bergements Locansol\"},\"sameAs\":[\"https:\/\/www.locansol.fr\/\"],\"url\":\"https:\/\/www.locansol.fr\/es\/author\/locansol\/\"}]}<\/script>\n<!-- \/ Yoast SEO Premium plugin. -->","yoast_head_json":{"title":"Carnaval d'Elne : animations familiales \u00e0 ne pas manquer","description":"Carnaval d'Elne : une journ\u00e9e festive pour toute la famille avec d\u00e9fil\u00e9, ateliers et jeux. D\u00e9couvrez cette c\u00e9l\u00e9bration color\u00e9e dans les Pyr\u00e9n\u00e9es-Orientales.","robots":{"index":"index","follow":"follow","max-snippet":"max-snippet:-1","max-image-preview":"max-image-preview:large","max-video-preview":"max-video-preview:-1"},"canonical":"https:\/\/www.locansol.fr\/es\/carnaval-famille-elne-pyrenees\/","og_locale":"es_ES","og_type":"article","og_title":"Joie et couleurs : Carnaval d'Elne \u2014 une f\u00eate familiale inoubliable","og_description":"Imaginez des rues remplies de confettis, de rires et de musique. Le Carnaval d'Elne promet une journ\u00e9e magique pour toute la famille avec d\u00e9fil\u00e9s, ateliers et jeux.","og_url":"https:\/\/www.locansol.fr\/es\/carnaval-famille-elne-pyrenees\/","og_site_name":"Locansol, louer un h\u00e9bergement dans les Pyr\u00e9n\u00e9es Orientales","article_published_time":"2026-02-21T11:21:27+00:00","article_modified_time":"2026-02-21T11:21:31+00:00","og_image":[{"url":"https:\/\/www.locansol.fr\/wp-content\/uploads\/2026\/02\/carnaval-famille-elne-pyrenees.webp","type":"","width":"","height":""}],"author":"H\u00e9bergements Locansol","twitter_card":"summary_large_image","twitter_title":"Carnaval d'Elne : une explosion de joie pour toute la famille !","twitter_description":"Rejoignez le Carnaval d'Elne pour une journ\u00e9e de rires, de couleurs et de magie en famille. D\u00e9fil\u00e9s, ateliers et jeux gratuits pour tous !","twitter_image":"https:\/\/www.locansol.fr\/wp-content\/uploads\/2026\/02\/carnaval-famille-elne-pyrenees.webp","twitter_misc":{"Escrito por":"H\u00e9bergements Locansol","Tiempo de lectura":"2 minutos"},"schema":{"@context":"https:\/\/schema.org","@graph":[{"@type":"Article","@id":"https:\/\/www.locansol.fr\/carnaval-famille-elne-pyrenees\/#article","isPartOf":{"@id":"https:\/\/www.locansol.fr\/carnaval-famille-elne-pyrenees\/"},"author":{"name":"H\u00e9bergements Locansol","@id":"https:\/\/www.locansol.fr\/#\/schema\/person\/0b08d440f1ac44674c6d498107de351d"},"headline":"Ne manquez pas le Carnaval d&rsquo;Elne le 21 f\u00e9vrier : animations pour toute la famille !","datePublished":"2026-02-21T11:21:27+00:00","dateModified":"2026-02-21T11:21:31+00:00","mainEntityOfPage":{"@id":"https:\/\/www.locansol.fr\/carnaval-famille-elne-pyrenees\/"},"wordCount":393,"publisher":{"@id":"https:\/\/www.locansol.fr\/#organization"},"image":{"@id":"https:\/\/www.locansol.fr\/carnaval-famille-elne-pyrenees\/#primaryimage"},"thumbnailUrl":"https:\/\/www.locansol.fr\/wp-content\/uploads\/2026\/02\/carnaval-famille-elne-pyrenees.webp","keywords":["Loisirs","Pyr\u00e9n\u00e9es-Orientales"],"articleSection":["Excursion"],"inLanguage":"es"},{"@type":"WebPage","@id":"https:\/\/www.locansol.fr\/carnaval-famille-elne-pyrenees\/","url":"https:\/\/www.locansol.fr\/carnaval-famille-elne-pyrenees\/","name":"Carnaval d'Elne : animations familiales \u00e0 ne pas manquer","isPartOf":{"@id":"https:\/\/www.locansol.fr\/#website"},"primaryImageOfPage":{"@id":"https:\/\/www.locansol.fr\/carnaval-famille-elne-pyrenees\/#primaryimage"},"image":{"@id":"https:\/\/www.locansol.fr\/carnaval-famille-elne-pyrenees\/#primaryimage"},"thumbnailUrl":"https:\/\/www.locansol.fr\/wp-content\/uploads\/2026\/02\/carnaval-famille-elne-pyrenees.webp","datePublished":"2026-02-21T11:21:27+00:00","dateModified":"2026-02-21T11:21:31+00:00","description":"Carnaval d'Elne : une journ\u00e9e festive pour toute la famille avec d\u00e9fil\u00e9, ateliers et jeux. D\u00e9couvrez cette c\u00e9l\u00e9bration color\u00e9e dans les Pyr\u00e9n\u00e9es-Orientales.","breadcrumb":{"@id":"https:\/\/www.locansol.fr\/carnaval-famille-elne-pyrenees\/#breadcrumb"},"inLanguage":"es","potentialAction":[{"@type":"ReadAction","target":["https:\/\/www.locansol.fr\/carnaval-famille-elne-pyrenees\/"]}]},{"@type":"ImageObject","inLanguage":"es","@id":"https:\/\/www.locansol.fr\/carnaval-famille-elne-pyrenees\/#primaryimage","url":"https:\/\/www.locansol.fr\/wp-content\/uploads\/2026\/02\/carnaval-famille-elne-pyrenees.webp","contentUrl":"https:\/\/www.locansol.fr\/wp-content\/uploads\/2026\/02\/carnaval-famille-elne-pyrenees.webp","width":936,"height":616,"caption":"Carnaval d'Elne : animations familiales \u00e0 ne pas manquer"},{"@type":"BreadcrumbList","@id":"https:\/\/www.locansol.fr\/carnaval-famille-elne-pyrenees\/#breadcrumb","itemListElement":[{"@type":"ListItem","position":1,"name":"Accueil","item":"https:\/\/www.locansol.fr\/"},{"@type":"ListItem","position":2,"name":"Ne manquez pas le Carnaval d&rsquo;Elne le 21 f\u00e9vrier : animations pour toute la famille !"}]},{"@type":"WebSite","@id":"https:\/\/www.locansol.fr\/#website","url":"https:\/\/www.locansol.fr\/","name":"Locansol, louer un h\u00e9bergement dans les Pyr\u00e9n\u00e9es-Orientales","description":"Location Mobil-home Mer M\u00e9diterran\u00e9e &amp; Chalet de Montagne dans les Pyr\u00e9n\u00e9es Orientales (Occitanie, 66). Weekend, s\u00e9jour &amp; vacances en famille et entre amis.","publisher":{"@id":"https:\/\/www.locansol.fr\/#organization"},"alternateName":"Louer un h\u00e9bergement dans les Pyr\u00e9n\u00e9es Orientales, chalet & mobil-home en Occitanie","potentialAction":[{"@type":"SearchAction","target":{"@type":"EntryPoint","urlTemplate":"https:\/\/www.locansol.fr\/?s={search_term_string}"},"query-input":{"@type":"PropertyValueSpecification","valueRequired":true,"valueName":"search_term_string"}}],"inLanguage":"es"},{"@type":"Organization","@id":"https:\/\/www.locansol.fr\/#organization","name":"Location MobilHome & chalet dans les Pyr\u00e9n\u00e9es Orientales","alternateName":"Louer un h\u00e9bergement dans les Pyr\u00e9n\u00e9es Orientales en Occitanie","url":"https:\/\/www.locansol.fr\/","logo":{"@type":"ImageObject","inLanguage":"es","@id":"https:\/\/www.locansol.fr\/#\/schema\/logo\/image\/","url":"https:\/\/www.locansol.fr\/wp-content\/uploads\/2024\/04\/AdobeStock_303324767-scaled.jpeg","contentUrl":"https:\/\/www.locansol.fr\/wp-content\/uploads\/2024\/04\/AdobeStock_303324767-scaled.jpeg","width":2560,"height":1707,"caption":"Location MobilHome & chalet dans les Pyr\u00e9n\u00e9es Orientales"},"image":{"@id":"https:\/\/www.locansol.fr\/#\/schema\/logo\/image\/"}},{"@type":"Person","@id":"https:\/\/www.locansol.fr\/#\/schema\/person\/0b08d440f1ac44674c6d498107de351d","name":"H\u00e9bergements Locansol","image":{"@type":"ImageObject","inLanguage":"es","@id":"https:\/\/www.locansol.fr\/#\/schema\/person\/image\/","url":"https:\/\/secure.gravatar.com\/avatar\/444436b93284204f8116b6e0eb964cd3fcb811519c737232bde6dd5743c37ee5?s=96&d=mm&r=g","contentUrl":"https:\/\/secure.gravatar.com\/avatar\/444436b93284204f8116b6e0eb964cd3fcb811519c737232bde6dd5743c37ee5?s=96&d=mm&r=g","caption":"H\u00e9bergements Locansol"},"sameAs":["https:\/\/www.locansol.fr\/"],"url":"https:\/\/www.locansol.fr\/es\/author\/locansol\/"}]}},"_links":{"self":[{"href":"https:\/\/www.locansol.fr\/es\/wp-json\/wp\/v2\/posts\/3806","targetHints":{"allow":["GET"]}}],"collection":[{"href":"https:\/\/www.locansol.fr\/es\/wp-json\/wp\/v2\/posts"}],"about":[{"href":"https:\/\/www.locansol.fr\/es\/wp-json\/wp\/v2\/types\/post"}],"author":[{"embeddable":true,"href":"https:\/\/www.locansol.fr\/es\/wp-json\/wp\/v2\/users\/5"}],"replies":[{"embeddable":true,"href":"https:\/\/www.locansol.fr\/es\/wp-json\/wp\/v2\/comments?post=3806"}],"version-history":[{"count":1,"href":"https:\/\/www.locansol.fr\/es\/wp-json\/wp\/v2\/posts\/3806\/revisions"}],"predecessor-version":[{"id":3807,"href":"https:\/\/www.locansol.fr\/es\/wp-json\/wp\/v2\/posts\/3806\/revisions\/3807"}],"wp:featuredmedia":[{"embeddable":true,"href":"https:\/\/www.locansol.fr\/es\/wp-json\/wp\/v2\/media\/3805"}],"wp:attachment":[{"href":"https:\/\/www.locansol.fr\/es\/wp-json\/wp\/v2\/media?parent=3806"}],"wp:term":[{"taxonomy":"category","embeddable":true,"href":"https:\/\/www.locansol.fr\/es\/wp-json\/wp\/v2\/categories?post=3806"},{"taxonomy":"post_tag","embeddable":true,"href":"https:\/\/www.locansol.fr\/es\/wp-json\/wp\/v2\/tags?post=3806"}],"curies":[{"name":"wp","href":"https:\/\/api.w.org\/{rel}","templated":true}]}}