{"id":3927,"date":"2026-02-23T12:14:01","date_gmt":"2026-02-23T11:14:01","guid":{"rendered":"https:\/\/www.locansol.fr\/vacances-hiver-musee-tautavel-4\/"},"modified":"2026-02-23T12:14:07","modified_gmt":"2026-02-23T11:14:07","slug":"vacances-hiver-musee-tautavel-4","status":"publish","type":"post","link":"https:\/\/www.locansol.fr\/es\/vacances-hiver-musee-tautavel-4\/","title":{"rendered":"Tautavel : des vacances d&rsquo;hiver au mus\u00e9e de la Pr\u00e9histoire du 21 f\u00e9vrier au 6 mars"},"content":{"rendered":"<p>Les vacances d&rsquo;hiver s&rsquo;annoncent enrichissantes et pleines de d\u00e9couvertes pour petits et grands au Mus\u00e9e de Pr\u00e9histoire de Tautavel. Du 21 f\u00e9vrier au 6 mars, ce site embl\u00e9matique, nich\u00e9 au c\u0153ur des Pyr\u00e9n\u00e9es-Orientales, vous invite \u00e0 plonger dans l&rsquo;univers fascinant de nos anc\u00eatres tout en profitant d&rsquo;activit\u00e9s vari\u00e9es qui s\u00e9duiront toute la famille.<\/p>\n<p>Dans un cadre unique m\u00ealant histoire, arch\u00e9ologie et sciences, le mus\u00e9e a concoct\u00e9 un programme sur mesure pour \u00e9veiller la curiosit\u00e9 des visiteurs. Cette p\u00e9riode hivernale est id\u00e9ale pour explorer les multiples facettes de l&rsquo;histoire humaine et du patrimoine local. Que vous soyez amateur d&rsquo;histoire, passionn\u00e9 de sciences ou simple curieux, ces journ\u00e9es promettent de susciter \u00e9merveillement et apprentissage.<\/p>\n<p>Parmi les attractions propos\u00e9es, assistez \u00e0 des conf\u00e9rences captivantes et participez \u00e0 des d\u00e9bats interactifs sur des th\u00e8mes li\u00e9s \u00e0 la Pr\u00e9histoire, ses d\u00e9couvertes et son impact sur notre pr\u00e9sent. Les enfants ne sont pas en reste : des ateliers p\u00e9dagogiques leur permettront de s&rsquo;initier aux techniques pr\u00e9historiques comme la chasse, la peinture ou la poterie. De plus, des visites guid\u00e9es seront organis\u00e9es pour vous faire d\u00e9couvrir les tr\u00e9sors inestimables et les myst\u00e8res enfouis dans les collections du mus\u00e9e. Profitez \u00e9galement d&rsquo;activit\u00e9s autour de la g\u00e9ologie, un v\u00e9ritable voyage dans le temps au c\u0153ur des paysages et des ressources de la r\u00e9gion.<\/p>\n<p>Pour les familles, c\u2019est une occasion parfaite de partager des moments de complicit\u00e9 et d\u2019\u00e9veiller l\u2019esprit des plus petits, tout en d\u00e9couvrant les richesses culturelles locales. La mission \u00e9ducative du mus\u00e9e de Tautavel est mise \u00e0 l\u2019honneur pendant cette p\u00e9riode et s\u2019av\u00e8re un excellent moyen de rendre l\u2019histoire vivante et accessible \u00e0 tous.<\/p>\n<p>C\u00f4t\u00e9 pratique, le Mus\u00e9e de Pr\u00e9histoire se situe avenue L\u00e9on Jean Gr\u00e9gory \u00e0 Tautavel, en plein c\u0153ur d\u2019un cadre naturel magnifique. L\u2019entr\u00e9e est au tarif unique de 8 euros par adulte, offrant un acc\u00e8s \u00e0 l\u2019ensemble du programme. Les enfants et jeunes accompagnants devraient trouver une multitude d\u2019activit\u00e9s adapt\u00e9es \u00e0 leur \u00e2ge et leurs centres d\u2019int\u00e9r\u00eat. Une sortie \u00e0 mettre sans h\u00e9siter dans votre agenda des vacances scolaires !<\/p>\n<p>Pr\u00e9parez vos baskets pour explorer, votre curiosit\u00e9 pour apprendre, et votre \u00e2me d\u2019aventurier pour voyager dans le temps. Ces vacances d&rsquo;hiver au mus\u00e9e de Tautavel vous promettent un cocktail d\u2019\u00e9vasion, de culture et de plaisir qui ne laissera aucun membre de la famille indiff\u00e9rent.<\/p>\n<h3>Informaci\u00f3n pr\u00e1ctica<\/h3>\n<p>\ud83d\udcc5 QUAND ? 21 f\u00e9vrier > 6 mars<br \/>\ud83d\udccd O\u00d9 ? Avenue L\u00e9on Jean Gr\u00e9gory, Tautavel<br \/>\ud83d\udcb6 COMBIEN ? Plein tarif : 8,00 \u20ac<\/p>","protected":false},"excerpt":{"rendered":"<p>Explorez la Pr\u00e9histoire lors des vacances d&rsquo;hiver au mus\u00e9e de Tautavel avec des conf\u00e9rences, ateliers et visites guid\u00e9es, dans un cadre unique au c\u0153ur des Pyr\u00e9n\u00e9es-Orientales.<\/p>","protected":false},"author":5,"featured_media":3926,"comment_status":"closed","ping_status":"open","sticky":false,"template":"","format":"standard","meta":{"_yoast_wpseo_focuskw":"vacances hiver mus\u00e9e Tautavel","_yoast_wpseo_title":"Vacances d'hiver au mus\u00e9e de Tautavel : d\u00e9couvertes en famille","_yoast_wpseo_metadesc":"vacances d'hiver au mus\u00e9e de la Pr\u00e9histoire Tautavel. D\u00e9couvrez des activit\u00e9s pour toute la famille dans les Pyr\u00e9n\u00e9es-Orientales. Conf\u00e9rences, ateliers et visites guid\u00e9es.","_yoast_wpseo_canonical":"","_yoast_wpseo_opengraph-title":"D\u00e9couvrez l'histoire vivante : vacances d'hiver \u00e0 Tautavel \u2014 activit\u00e9s familiales et ateliers pr\u00e9historiques","_yoast_wpseo_opengraph-description":"Plongez dans l'univers fascinant de la Pr\u00e9histoire \u00e0 Tautavel. Des ateliers pour enfants, des conf\u00e9rences captivantes et des visites guid\u00e9es vous attendent pour des vacances inoubliables.","_yoast_wpseo_opengraph-image":"https:\/\/www.locansol.fr\/wp-content\/uploads\/2026\/02\/vacances-hiver-musee-tautavel-3.webp","_yoast_wpseo_opengraph-image-id":"","_yoast_wpseo_twitter-title":"Vacances d'hiver \u00e0 Tautavel : d\u00e9couvrez la Pr\u00e9histoire en famille","_yoast_wpseo_twitter-description":"Explorez la Pr\u00e9histoire en famille \u00e0 Tautavel. Ateliers, conf\u00e9rences et visites guid\u00e9es pour des vacances enrichissantes et amusantes.","_yoast_wpseo_twitter-image":"https:\/\/www.locansol.fr\/wp-content\/uploads\/2026\/02\/vacances-hiver-musee-tautavel-3.webp","_yoast_wpseo_twitter-image-id":"","yoast_primary_category":"Spectacle","footnotes":""},"categories":[61],"tags":[67,69,76],"class_list":["post-3927","post","type-post","status-publish","format-standard","has-post-thumbnail","hentry","category-spectacle","tag-loisirs","tag-musique","tag-pyrenees-orientales"],"yoast_head":"<!-- This site is optimized with the Yoast SEO Premium plugin v23.3 (Yoast SEO v26.9) - https:\/\/yoast.com\/product\/yoast-seo-premium-wordpress\/ -->\n<title>Vacances d&#039;hiver au mus\u00e9e de Tautavel : d\u00e9couvertes en famille<\/title>\n<meta name=\"description\" content=\"vacances d&#039;hiver au mus\u00e9e de la Pr\u00e9histoire Tautavel. D\u00e9couvrez des activit\u00e9s pour toute la famille dans les Pyr\u00e9n\u00e9es-Orientales. Conf\u00e9rences, ateliers et visites guid\u00e9es.\" \/>\n<meta name=\"robots\" content=\"index, follow, max-snippet:-1, max-image-preview:large, max-video-preview:-1\" \/>\n<link rel=\"canonical\" href=\"https:\/\/www.locansol.fr\/es\/vacances-hiver-musee-tautavel-4\/\" \/>\n<meta property=\"og:locale\" content=\"es_ES\" \/>\n<meta property=\"og:type\" content=\"article\" \/>\n<meta property=\"og:title\" content=\"D\u00e9couvrez l&#039;histoire vivante : vacances d&#039;hiver \u00e0 Tautavel \u2014 activit\u00e9s familiales et ateliers pr\u00e9historiques\" \/>\n<meta property=\"og:description\" content=\"Plongez dans l&#039;univers fascinant de la Pr\u00e9histoire \u00e0 Tautavel. Des ateliers pour enfants, des conf\u00e9rences captivantes et des visites guid\u00e9es vous attendent pour des vacances inoubliables.\" \/>\n<meta property=\"og:url\" content=\"https:\/\/www.locansol.fr\/es\/vacances-hiver-musee-tautavel-4\/\" \/>\n<meta property=\"og:site_name\" content=\"Locansol, louer un h\u00e9bergement dans les Pyr\u00e9n\u00e9es Orientales\" \/>\n<meta property=\"article:published_time\" content=\"2026-02-23T11:14:01+00:00\" \/>\n<meta property=\"article:modified_time\" content=\"2026-02-23T11:14:07+00:00\" \/>\n<meta property=\"og:image\" content=\"https:\/\/www.locansol.fr\/wp-content\/uploads\/2026\/02\/vacances-hiver-musee-tautavel-3.webp\" \/>\n<meta name=\"author\" content=\"H\u00e9bergements Locansol\" \/>\n<meta name=\"twitter:card\" content=\"summary_large_image\" \/>\n<meta name=\"twitter:title\" content=\"Vacances d&#039;hiver \u00e0 Tautavel : d\u00e9couvrez la Pr\u00e9histoire en famille\" \/>\n<meta name=\"twitter:description\" content=\"Explorez la Pr\u00e9histoire en famille \u00e0 Tautavel. Ateliers, conf\u00e9rences et visites guid\u00e9es pour des vacances enrichissantes et amusantes.\" \/>\n<meta name=\"twitter:image\" content=\"https:\/\/www.locansol.fr\/wp-content\/uploads\/2026\/02\/vacances-hiver-musee-tautavel-3.webp\" \/>\n<meta name=\"twitter:label1\" content=\"Escrito por\" \/>\n\t<meta name=\"twitter:data1\" content=\"H\u00e9bergements Locansol\" \/>\n\t<meta name=\"twitter:label2\" content=\"Tiempo de lectura\" \/>\n\t<meta name=\"twitter:data2\" content=\"2 minutos\" \/>\n<script type=\"application\/ld+json\" class=\"yoast-schema-graph\">{\"@context\":\"https:\/\/schema.org\",\"@graph\":[{\"@type\":\"Article\",\"@id\":\"https:\/\/www.locansol.fr\/vacances-hiver-musee-tautavel-4\/#article\",\"isPartOf\":{\"@id\":\"https:\/\/www.locansol.fr\/vacances-hiver-musee-tautavel-4\/\"},\"author\":{\"name\":\"H\u00e9bergements Locansol\",\"@id\":\"https:\/\/www.locansol.fr\/#\/schema\/person\/0b08d440f1ac44674c6d498107de351d\"},\"headline\":\"Tautavel : des vacances d&rsquo;hiver au mus\u00e9e de la Pr\u00e9histoire du 21 f\u00e9vrier au 6 mars\",\"datePublished\":\"2026-02-23T11:14:01+00:00\",\"dateModified\":\"2026-02-23T11:14:07+00:00\",\"mainEntityOfPage\":{\"@id\":\"https:\/\/www.locansol.fr\/vacances-hiver-musee-tautavel-4\/\"},\"wordCount\":480,\"publisher\":{\"@id\":\"https:\/\/www.locansol.fr\/#organization\"},\"image\":{\"@id\":\"https:\/\/www.locansol.fr\/vacances-hiver-musee-tautavel-4\/#primaryimage\"},\"thumbnailUrl\":\"https:\/\/www.locansol.fr\/wp-content\/uploads\/2026\/02\/vacances-hiver-musee-tautavel-3.webp\",\"keywords\":[\"Loisirs\",\"Musique\",\"Pyr\u00e9n\u00e9es-Orientales\"],\"articleSection\":[\"Spectacle\"],\"inLanguage\":\"es\"},{\"@type\":\"WebPage\",\"@id\":\"https:\/\/www.locansol.fr\/vacances-hiver-musee-tautavel-4\/\",\"url\":\"https:\/\/www.locansol.fr\/vacances-hiver-musee-tautavel-4\/\",\"name\":\"Vacances d'hiver au mus\u00e9e de Tautavel : d\u00e9couvertes en famille\",\"isPartOf\":{\"@id\":\"https:\/\/www.locansol.fr\/#website\"},\"primaryImageOfPage\":{\"@id\":\"https:\/\/www.locansol.fr\/vacances-hiver-musee-tautavel-4\/#primaryimage\"},\"image\":{\"@id\":\"https:\/\/www.locansol.fr\/vacances-hiver-musee-tautavel-4\/#primaryimage\"},\"thumbnailUrl\":\"https:\/\/www.locansol.fr\/wp-content\/uploads\/2026\/02\/vacances-hiver-musee-tautavel-3.webp\",\"datePublished\":\"2026-02-23T11:14:01+00:00\",\"dateModified\":\"2026-02-23T11:14:07+00:00\",\"description\":\"vacances d'hiver au mus\u00e9e de la Pr\u00e9histoire Tautavel. D\u00e9couvrez des activit\u00e9s pour toute la famille dans les Pyr\u00e9n\u00e9es-Orientales. Conf\u00e9rences, ateliers et visites guid\u00e9es.\",\"breadcrumb\":{\"@id\":\"https:\/\/www.locansol.fr\/vacances-hiver-musee-tautavel-4\/#breadcrumb\"},\"inLanguage\":\"es\",\"potentialAction\":[{\"@type\":\"ReadAction\",\"target\":[\"https:\/\/www.locansol.fr\/vacances-hiver-musee-tautavel-4\/\"]}]},{\"@type\":\"ImageObject\",\"inLanguage\":\"es\",\"@id\":\"https:\/\/www.locansol.fr\/vacances-hiver-musee-tautavel-4\/#primaryimage\",\"url\":\"https:\/\/www.locansol.fr\/wp-content\/uploads\/2026\/02\/vacances-hiver-musee-tautavel-3.webp\",\"contentUrl\":\"https:\/\/www.locansol.fr\/wp-content\/uploads\/2026\/02\/vacances-hiver-musee-tautavel-3.webp\",\"width\":635,\"height\":476,\"caption\":\"Vacances d'hiver au mus\u00e9e de Tautavel : d\u00e9couvertes en famille\"},{\"@type\":\"BreadcrumbList\",\"@id\":\"https:\/\/www.locansol.fr\/vacances-hiver-musee-tautavel-4\/#breadcrumb\",\"itemListElement\":[{\"@type\":\"ListItem\",\"position\":1,\"name\":\"Accueil\",\"item\":\"https:\/\/www.locansol.fr\/\"},{\"@type\":\"ListItem\",\"position\":2,\"name\":\"Tautavel : des vacances d&rsquo;hiver au mus\u00e9e de la Pr\u00e9histoire du 21 f\u00e9vrier au 6 mars\"}]},{\"@type\":\"WebSite\",\"@id\":\"https:\/\/www.locansol.fr\/#website\",\"url\":\"https:\/\/www.locansol.fr\/\",\"name\":\"Locansol, louer un h\u00e9bergement dans les Pyr\u00e9n\u00e9es-Orientales\",\"description\":\"Location Mobil-home Mer M\u00e9diterran\u00e9e &amp; Chalet de Montagne dans les Pyr\u00e9n\u00e9es Orientales (Occitanie, 66). Weekend, s\u00e9jour &amp; vacances en famille et entre amis.\",\"publisher\":{\"@id\":\"https:\/\/www.locansol.fr\/#organization\"},\"alternateName\":\"Louer un h\u00e9bergement dans les Pyr\u00e9n\u00e9es Orientales, chalet & mobil-home en Occitanie\",\"potentialAction\":[{\"@type\":\"SearchAction\",\"target\":{\"@type\":\"EntryPoint\",\"urlTemplate\":\"https:\/\/www.locansol.fr\/?s={search_term_string}\"},\"query-input\":{\"@type\":\"PropertyValueSpecification\",\"valueRequired\":true,\"valueName\":\"search_term_string\"}}],\"inLanguage\":\"es\"},{\"@type\":\"Organization\",\"@id\":\"https:\/\/www.locansol.fr\/#organization\",\"name\":\"Location MobilHome & chalet dans les Pyr\u00e9n\u00e9es Orientales\",\"alternateName\":\"Louer un h\u00e9bergement dans les Pyr\u00e9n\u00e9es Orientales en Occitanie\",\"url\":\"https:\/\/www.locansol.fr\/\",\"logo\":{\"@type\":\"ImageObject\",\"inLanguage\":\"es\",\"@id\":\"https:\/\/www.locansol.fr\/#\/schema\/logo\/image\/\",\"url\":\"https:\/\/www.locansol.fr\/wp-content\/uploads\/2024\/04\/AdobeStock_303324767-scaled.jpeg\",\"contentUrl\":\"https:\/\/www.locansol.fr\/wp-content\/uploads\/2024\/04\/AdobeStock_303324767-scaled.jpeg\",\"width\":2560,\"height\":1707,\"caption\":\"Location MobilHome & chalet dans les Pyr\u00e9n\u00e9es Orientales\"},\"image\":{\"@id\":\"https:\/\/www.locansol.fr\/#\/schema\/logo\/image\/\"}},{\"@type\":\"Person\",\"@id\":\"https:\/\/www.locansol.fr\/#\/schema\/person\/0b08d440f1ac44674c6d498107de351d\",\"name\":\"H\u00e9bergements Locansol\",\"image\":{\"@type\":\"ImageObject\",\"inLanguage\":\"es\",\"@id\":\"https:\/\/www.locansol.fr\/#\/schema\/person\/image\/\",\"url\":\"https:\/\/secure.gravatar.com\/avatar\/444436b93284204f8116b6e0eb964cd3fcb811519c737232bde6dd5743c37ee5?s=96&d=mm&r=g\",\"contentUrl\":\"https:\/\/secure.gravatar.com\/avatar\/444436b93284204f8116b6e0eb964cd3fcb811519c737232bde6dd5743c37ee5?s=96&d=mm&r=g\",\"caption\":\"H\u00e9bergements Locansol\"},\"sameAs\":[\"https:\/\/www.locansol.fr\/\"],\"url\":\"https:\/\/www.locansol.fr\/es\/author\/locansol\/\"}]}<\/script>\n<!-- \/ Yoast SEO Premium plugin. -->","yoast_head_json":{"title":"Vacances d'hiver au mus\u00e9e de Tautavel : d\u00e9couvertes en famille","description":"vacances d'hiver au mus\u00e9e de la Pr\u00e9histoire Tautavel. D\u00e9couvrez des activit\u00e9s pour toute la famille dans les Pyr\u00e9n\u00e9es-Orientales. Conf\u00e9rences, ateliers et visites guid\u00e9es.","robots":{"index":"index","follow":"follow","max-snippet":"max-snippet:-1","max-image-preview":"max-image-preview:large","max-video-preview":"max-video-preview:-1"},"canonical":"https:\/\/www.locansol.fr\/es\/vacances-hiver-musee-tautavel-4\/","og_locale":"es_ES","og_type":"article","og_title":"D\u00e9couvrez l'histoire vivante : vacances d'hiver \u00e0 Tautavel \u2014 activit\u00e9s familiales et ateliers pr\u00e9historiques","og_description":"Plongez dans l'univers fascinant de la Pr\u00e9histoire \u00e0 Tautavel. Des ateliers pour enfants, des conf\u00e9rences captivantes et des visites guid\u00e9es vous attendent pour des vacances inoubliables.","og_url":"https:\/\/www.locansol.fr\/es\/vacances-hiver-musee-tautavel-4\/","og_site_name":"Locansol, louer un h\u00e9bergement dans les Pyr\u00e9n\u00e9es Orientales","article_published_time":"2026-02-23T11:14:01+00:00","article_modified_time":"2026-02-23T11:14:07+00:00","og_image":[{"url":"https:\/\/www.locansol.fr\/wp-content\/uploads\/2026\/02\/vacances-hiver-musee-tautavel-3.webp","type":"","width":"","height":""}],"author":"H\u00e9bergements Locansol","twitter_card":"summary_large_image","twitter_title":"Vacances d'hiver \u00e0 Tautavel : d\u00e9couvrez la Pr\u00e9histoire en famille","twitter_description":"Explorez la Pr\u00e9histoire en famille \u00e0 Tautavel. Ateliers, conf\u00e9rences et visites guid\u00e9es pour des vacances enrichissantes et amusantes.","twitter_image":"https:\/\/www.locansol.fr\/wp-content\/uploads\/2026\/02\/vacances-hiver-musee-tautavel-3.webp","twitter_misc":{"Escrito por":"H\u00e9bergements Locansol","Tiempo de lectura":"2 minutos"},"schema":{"@context":"https:\/\/schema.org","@graph":[{"@type":"Article","@id":"https:\/\/www.locansol.fr\/vacances-hiver-musee-tautavel-4\/#article","isPartOf":{"@id":"https:\/\/www.locansol.fr\/vacances-hiver-musee-tautavel-4\/"},"author":{"name":"H\u00e9bergements Locansol","@id":"https:\/\/www.locansol.fr\/#\/schema\/person\/0b08d440f1ac44674c6d498107de351d"},"headline":"Tautavel : des vacances d&rsquo;hiver au mus\u00e9e de la Pr\u00e9histoire du 21 f\u00e9vrier au 6 mars","datePublished":"2026-02-23T11:14:01+00:00","dateModified":"2026-02-23T11:14:07+00:00","mainEntityOfPage":{"@id":"https:\/\/www.locansol.fr\/vacances-hiver-musee-tautavel-4\/"},"wordCount":480,"publisher":{"@id":"https:\/\/www.locansol.fr\/#organization"},"image":{"@id":"https:\/\/www.locansol.fr\/vacances-hiver-musee-tautavel-4\/#primaryimage"},"thumbnailUrl":"https:\/\/www.locansol.fr\/wp-content\/uploads\/2026\/02\/vacances-hiver-musee-tautavel-3.webp","keywords":["Loisirs","Musique","Pyr\u00e9n\u00e9es-Orientales"],"articleSection":["Spectacle"],"inLanguage":"es"},{"@type":"WebPage","@id":"https:\/\/www.locansol.fr\/vacances-hiver-musee-tautavel-4\/","url":"https:\/\/www.locansol.fr\/vacances-hiver-musee-tautavel-4\/","name":"Vacances d'hiver au mus\u00e9e de Tautavel : d\u00e9couvertes en famille","isPartOf":{"@id":"https:\/\/www.locansol.fr\/#website"},"primaryImageOfPage":{"@id":"https:\/\/www.locansol.fr\/vacances-hiver-musee-tautavel-4\/#primaryimage"},"image":{"@id":"https:\/\/www.locansol.fr\/vacances-hiver-musee-tautavel-4\/#primaryimage"},"thumbnailUrl":"https:\/\/www.locansol.fr\/wp-content\/uploads\/2026\/02\/vacances-hiver-musee-tautavel-3.webp","datePublished":"2026-02-23T11:14:01+00:00","dateModified":"2026-02-23T11:14:07+00:00","description":"vacances d'hiver au mus\u00e9e de la Pr\u00e9histoire Tautavel. D\u00e9couvrez des activit\u00e9s pour toute la famille dans les Pyr\u00e9n\u00e9es-Orientales. Conf\u00e9rences, ateliers et visites guid\u00e9es.","breadcrumb":{"@id":"https:\/\/www.locansol.fr\/vacances-hiver-musee-tautavel-4\/#breadcrumb"},"inLanguage":"es","potentialAction":[{"@type":"ReadAction","target":["https:\/\/www.locansol.fr\/vacances-hiver-musee-tautavel-4\/"]}]},{"@type":"ImageObject","inLanguage":"es","@id":"https:\/\/www.locansol.fr\/vacances-hiver-musee-tautavel-4\/#primaryimage","url":"https:\/\/www.locansol.fr\/wp-content\/uploads\/2026\/02\/vacances-hiver-musee-tautavel-3.webp","contentUrl":"https:\/\/www.locansol.fr\/wp-content\/uploads\/2026\/02\/vacances-hiver-musee-tautavel-3.webp","width":635,"height":476,"caption":"Vacances d'hiver au mus\u00e9e de Tautavel : d\u00e9couvertes en famille"},{"@type":"BreadcrumbList","@id":"https:\/\/www.locansol.fr\/vacances-hiver-musee-tautavel-4\/#breadcrumb","itemListElement":[{"@type":"ListItem","position":1,"name":"Accueil","item":"https:\/\/www.locansol.fr\/"},{"@type":"ListItem","position":2,"name":"Tautavel : des vacances d&rsquo;hiver au mus\u00e9e de la Pr\u00e9histoire du 21 f\u00e9vrier au 6 mars"}]},{"@type":"WebSite","@id":"https:\/\/www.locansol.fr\/#website","url":"https:\/\/www.locansol.fr\/","name":"Locansol, louer un h\u00e9bergement dans les Pyr\u00e9n\u00e9es-Orientales","description":"Location Mobil-home Mer M\u00e9diterran\u00e9e &amp; Chalet de Montagne dans les Pyr\u00e9n\u00e9es Orientales (Occitanie, 66). Weekend, s\u00e9jour &amp; vacances en famille et entre amis.","publisher":{"@id":"https:\/\/www.locansol.fr\/#organization"},"alternateName":"Louer un h\u00e9bergement dans les Pyr\u00e9n\u00e9es Orientales, chalet & mobil-home en Occitanie","potentialAction":[{"@type":"SearchAction","target":{"@type":"EntryPoint","urlTemplate":"https:\/\/www.locansol.fr\/?s={search_term_string}"},"query-input":{"@type":"PropertyValueSpecification","valueRequired":true,"valueName":"search_term_string"}}],"inLanguage":"es"},{"@type":"Organization","@id":"https:\/\/www.locansol.fr\/#organization","name":"Location MobilHome & chalet dans les Pyr\u00e9n\u00e9es Orientales","alternateName":"Louer un h\u00e9bergement dans les Pyr\u00e9n\u00e9es Orientales en Occitanie","url":"https:\/\/www.locansol.fr\/","logo":{"@type":"ImageObject","inLanguage":"es","@id":"https:\/\/www.locansol.fr\/#\/schema\/logo\/image\/","url":"https:\/\/www.locansol.fr\/wp-content\/uploads\/2024\/04\/AdobeStock_303324767-scaled.jpeg","contentUrl":"https:\/\/www.locansol.fr\/wp-content\/uploads\/2024\/04\/AdobeStock_303324767-scaled.jpeg","width":2560,"height":1707,"caption":"Location MobilHome & chalet dans les Pyr\u00e9n\u00e9es Orientales"},"image":{"@id":"https:\/\/www.locansol.fr\/#\/schema\/logo\/image\/"}},{"@type":"Person","@id":"https:\/\/www.locansol.fr\/#\/schema\/person\/0b08d440f1ac44674c6d498107de351d","name":"H\u00e9bergements Locansol","image":{"@type":"ImageObject","inLanguage":"es","@id":"https:\/\/www.locansol.fr\/#\/schema\/person\/image\/","url":"https:\/\/secure.gravatar.com\/avatar\/444436b93284204f8116b6e0eb964cd3fcb811519c737232bde6dd5743c37ee5?s=96&d=mm&r=g","contentUrl":"https:\/\/secure.gravatar.com\/avatar\/444436b93284204f8116b6e0eb964cd3fcb811519c737232bde6dd5743c37ee5?s=96&d=mm&r=g","caption":"H\u00e9bergements Locansol"},"sameAs":["https:\/\/www.locansol.fr\/"],"url":"https:\/\/www.locansol.fr\/es\/author\/locansol\/"}]}},"_links":{"self":[{"href":"https:\/\/www.locansol.fr\/es\/wp-json\/wp\/v2\/posts\/3927","targetHints":{"allow":["GET"]}}],"collection":[{"href":"https:\/\/www.locansol.fr\/es\/wp-json\/wp\/v2\/posts"}],"about":[{"href":"https:\/\/www.locansol.fr\/es\/wp-json\/wp\/v2\/types\/post"}],"author":[{"embeddable":true,"href":"https:\/\/www.locansol.fr\/es\/wp-json\/wp\/v2\/users\/5"}],"replies":[{"embeddable":true,"href":"https:\/\/www.locansol.fr\/es\/wp-json\/wp\/v2\/comments?post=3927"}],"version-history":[{"count":1,"href":"https:\/\/www.locansol.fr\/es\/wp-json\/wp\/v2\/posts\/3927\/revisions"}],"predecessor-version":[{"id":3928,"href":"https:\/\/www.locansol.fr\/es\/wp-json\/wp\/v2\/posts\/3927\/revisions\/3928"}],"wp:featuredmedia":[{"embeddable":true,"href":"https:\/\/www.locansol.fr\/es\/wp-json\/wp\/v2\/media\/3926"}],"wp:attachment":[{"href":"https:\/\/www.locansol.fr\/es\/wp-json\/wp\/v2\/media?parent=3927"}],"wp:term":[{"taxonomy":"category","embeddable":true,"href":"https:\/\/www.locansol.fr\/es\/wp-json\/wp\/v2\/categories?post=3927"},{"taxonomy":"post_tag","embeddable":true,"href":"https:\/\/www.locansol.fr\/es\/wp-json\/wp\/v2\/tags?post=3927"}],"curies":[{"name":"wp","href":"https:\/\/api.w.org\/{rel}","templated":true}]}}